{"id":112200,"date":"2024-08-27T23:42:56","date_gmt":"2024-08-27T23:42:56","guid":{"rendered":"https:\/\/quehacerpolitico.mx\/?p=112200"},"modified":"2024-08-27T23:42:59","modified_gmt":"2024-08-27T23:42:59","slug":"ken-salazar-responde-al-extranamiento-enviado-por-mexico-ante-la-postura-sobre-la-reforma-judicial","status":"publish","type":"post","link":"https:\/\/quehacerpolitico.mx\/?p=112200","title":{"rendered":"Ken Salazar responde al extra\u00f1amiento enviado por M\u00e9xico ante la postura sobre la reforma judicial"},"content":{"rendered":"\n<p>Por Redacci\u00f3n QP<\/p>\n\n\n\n<p>El embajador de EU public\u00f3 un comunicado tras lo dicho por el Presidente en la ma\u00f1anera de este martes<\/p>\n\n\n\n<p>Este martes, el embajador de Estados Unidos en M\u00e9xico,\u00a0Ken Salazar respondi\u00f3 al Presidente\u00a0Andres Manuel L\u00f3pez Obrador, luego de que este declar\u00f3 en la ma\u00f1anera de hoy que habr\u00e1 una &#8220;pausa&#8221; en la relaci\u00f3n con las embajadas de su pa\u00eds y la de Canad\u00e1, luego de que criticaran la reforma al Poder Judicial.<\/p>\n\n\n\n<p>&#8220;La relaci\u00f3n contin\u00faa, pero ojal\u00e1 y haya de parte de ellos una ratificaci\u00f3n de que van a ser respetuosos de la independencia de M\u00e9xico, de la soberan\u00eda de nuestro pa\u00eds, pero mientras no haya eso y sigan con esa pol\u00edtica, hay pausa&#8221;, advirti\u00f3 L\u00f3pez Obrador durante su tradicional conferencia matutina ante los medios.<\/p>\n\n\n\n<figure class=\"wp-block-embed is-type-rich is-provider-twitter wp-block-embed-twitter\"><div class=\"wp-block-embed__wrapper\">\n<blockquote class=\"twitter-tweet\" data-width=\"550\" data-dnt=\"true\"><p lang=\"es\" dir=\"ltr\">\ud83d\udea8 AMLO pone pausa a la relaci\u00f3n con las Embajadas de EU \ud83c\uddfa\ud83c\uddf8 y Canad\u00e1 \ud83c\udde8\ud83c\udde6 tras las cr\u00edticas a la <a href=\"https:\/\/twitter.com\/hashtag\/ReformaAlPoderJudicial?src=hash&amp;ref_src=twsrc%5Etfw\">#ReformaAlPoderJudicial<\/a> <a href=\"https:\/\/t.co\/OwngR9wFcR\">pic.twitter.com\/OwngR9wFcR<\/a><\/p>&mdash; Manuel Lopez San Martin (@MLopezSanMartin) <a href=\"https:\/\/twitter.com\/MLopezSanMartin\/status\/1828454908242092091?ref_src=twsrc%5Etfw\">August 27, 2024<\/a><\/blockquote><script async src=\"https:\/\/platform.twitter.com\/widgets.js\" charset=\"utf-8\"><\/script>\n<\/div><\/figure>\n\n\n\n<p>En sus redes sociales, Ken Salazar dijo que&nbsp;<mark><strong>&#8220;Siempre trabajamos con el m\u00e1ximo respeto a la soberan\u00eda de M\u00e9xico, tal y como lo expresamos en la nota diplom\u00e1tica que enviamos el pasado 23 de agosto&#8221;,<\/strong><\/mark>&nbsp;en referencia a que ese d\u00eda alert\u00f3 por riesgos a la democracia y la relaci\u00f3n comercial con Estados Unidos derivado de la elecci\u00f3n de jueces, adem\u00e1s de advertir de que la elecci\u00f3n popular facilitar\u00eda la intromisi\u00f3n de los c\u00e1rteles en la justicia.<\/p>\n\n\n\n<p>En el comunicado compartido por Salazar, se dice que &#8220;Con respecto a las preocupaciones de la Secretar\u00eda (SRE) de que los comentarios del Embajador podr\u00edan representar una interferencia en los asuntos internos de M\u00e9xico,\u00a0<strong>aprovechamos esta oportunidad para afirmar nuestro m\u00e1ximo respeto por la soberan\u00eda de M\u00e9xico. Al mismo tiempo, mientras trabajamos de manera conjunta como socios para hacer realidad la integraci\u00f3n econ\u00f3mica de Am\u00e9rica del Norte y abordar los desaf\u00edos de seguridad compartidos que afectan directamente a nuestros dos pueblos<\/strong>, es del inter\u00e9s de los\u00a0Estados Unidos identificar los acontecimientos que limitar\u00edan innecesariamente nuestra capacidad para alcanzar estos objetivos juntos&#8221;.<\/p>\n\n\n\n<figure class=\"wp-block-embed is-type-rich is-provider-twitter wp-block-embed-twitter\"><div class=\"wp-block-embed__wrapper\">\n<blockquote class=\"twitter-tweet\" data-width=\"550\" data-dnt=\"true\"><p lang=\"es\" dir=\"ltr\">Siempre trabajamos con el m\u00e1ximo respeto a la soberan\u00eda de M\u00e9xico, tal y como lo expresamos en la nota diplom\u00e1tica que enviamos el pasado 23 de agosto. <a href=\"https:\/\/t.co\/WqP4DDqHss\">pic.twitter.com\/WqP4DDqHss<\/a><\/p>&mdash; Embajador Ken Salazar (@USAmbMex) <a href=\"https:\/\/twitter.com\/USAmbMex\/status\/1828498736743600194?ref_src=twsrc%5Etfw\">August 27, 2024<\/a><\/blockquote><script async src=\"https:\/\/platform.twitter.com\/widgets.js\" charset=\"utf-8\"><\/script>\n<\/div><\/figure>\n\n\n\n<p>La embajada de EU respald\u00f3 los dichos de Ken Salazar al expresar que apoyan el &#8220;concepto de reforma judicial en M\u00e9xico, pero&nbsp;<mark><strong>nos preocupa mucho que la elecci\u00f3n popular de jueces no aborde la corrupci\u00f3n judicial ni fortalezca el Poder Judicial del Gobierno de M\u00e9xico&#8221;.<\/strong><\/mark><\/p>\n\n\n\n<p>Y al final, el comunicado expresa que EU desea continuar su colaboraci\u00f3n con nuestro pa\u00eds &#8220;como socios iguales y en el esp\u00edritu de amistad nuestros lazos de anta\u00f1o&#8221;.<\/p>\n","protected":false},"excerpt":{"rendered":"<p>Por Redacci\u00f3n QP El embajador de EU public\u00f3 un comunicado tras lo dicho por el&#8230;<\/p>\n","protected":false},"author":2,"featured_media":112201,"comment_status":"open","ping_status":"open","sticky":false,"template":"","format":"standard","meta":{"_monsterinsights_skip_tracking":false,"_monsterinsights_sitenote_active":false,"_monsterinsights_sitenote_note":"","_monsterinsights_sitenote_category":0,"footnotes":""},"categories":[2],"tags":[],"class_list":["post-112200","post","type-post","status-publish","format-standard","has-post-thumbnail","hentry","category-noticias"],"yoast_head":"<!-- This site is optimized with the Yoast SEO plugin v27.3 - https:\/\/yoast.com\/product\/yoast-seo-wordpress\/ -->\n<title>Ken Salazar responde al extra\u00f1amiento enviado por M\u00e9xico ante la postura sobre la reforma judicial -<\/title>\n<meta name=\"robots\" content=\"index, follow, max-snippet:-1, max-image-preview:large, max-video-preview:-1\" \/>\n<link rel=\"canonical\" href=\"https:\/\/quehacerpolitico.mx\/?p=112200\" \/>\n<meta property=\"og:locale\" content=\"es_MX\" \/>\n<meta property=\"og:type\" content=\"article\" \/>\n<meta property=\"og:title\" content=\"Ken Salazar responde al extra\u00f1amiento enviado por M\u00e9xico ante la postura sobre la reforma judicial -\" \/>\n<meta property=\"og:description\" content=\"Por Redacci\u00f3n QP El embajador de EU public\u00f3 un comunicado tras lo dicho por el...\" \/>\n<meta property=\"og:url\" content=\"https:\/\/quehacerpolitico.mx\/?p=112200\" \/>\n<meta property=\"article:published_time\" content=\"2024-08-27T23:42:56+00:00\" \/>\n<meta property=\"article:modified_time\" content=\"2024-08-27T23:42:59+00:00\" \/>\n<meta property=\"og:image\" content=\"https:\/\/quehacerpolitico.mx\/wp-content\/uploads\/2024\/08\/IMG_7756.jpeg\" \/>\n\t<meta property=\"og:image:width\" content=\"739\" \/>\n\t<meta property=\"og:image:height\" content=\"415\" \/>\n\t<meta property=\"og:image:type\" content=\"image\/jpeg\" \/>\n<meta name=\"author\" content=\"Redacci\u00f3n QP\" \/>\n<meta name=\"twitter:card\" content=\"summary_large_image\" \/>\n<meta name=\"twitter:label1\" content=\"Escrito por\" \/>\n\t<meta name=\"twitter:data1\" content=\"Redacci\u00f3n QP\" \/>\n\t<meta name=\"twitter:label2\" content=\"Tiempo de lectura\" \/>\n\t<meta name=\"twitter:data2\" content=\"2 minutos\" \/>\n<script type=\"application\/ld+json\" class=\"yoast-schema-graph\">{\"@context\":\"https:\\\/\\\/schema.org\",\"@graph\":[{\"@type\":\"Article\",\"@id\":\"https:\\\/\\\/quehacerpolitico.mx\\\/?p=112200#article\",\"isPartOf\":{\"@id\":\"https:\\\/\\\/quehacerpolitico.mx\\\/?p=112200\"},\"author\":{\"name\":\"Redacci\u00f3n QP\",\"@id\":\"https:\\\/\\\/quehacerpolitico.mx\\\/#\\\/schema\\\/person\\\/496d8ad2d1d3f8036101dca7ee39e585\"},\"headline\":\"Ken Salazar responde al extra\u00f1amiento enviado por M\u00e9xico ante la postura sobre la reforma judicial\",\"datePublished\":\"2024-08-27T23:42:56+00:00\",\"dateModified\":\"2024-08-27T23:42:59+00:00\",\"mainEntityOfPage\":{\"@id\":\"https:\\\/\\\/quehacerpolitico.mx\\\/?p=112200\"},\"wordCount\":468,\"commentCount\":0,\"image\":{\"@id\":\"https:\\\/\\\/quehacerpolitico.mx\\\/?p=112200#primaryimage\"},\"thumbnailUrl\":\"https:\\\/\\\/quehacerpolitico.mx\\\/wp-content\\\/uploads\\\/2024\\\/08\\\/IMG_7756.jpeg\",\"articleSection\":[\"Noticias\"],\"inLanguage\":\"es\",\"potentialAction\":[{\"@type\":\"CommentAction\",\"name\":\"Comment\",\"target\":[\"https:\\\/\\\/quehacerpolitico.mx\\\/?p=112200#respond\"]}]},{\"@type\":\"WebPage\",\"@id\":\"https:\\\/\\\/quehacerpolitico.mx\\\/?p=112200\",\"url\":\"https:\\\/\\\/quehacerpolitico.mx\\\/?p=112200\",\"name\":\"Ken Salazar responde al extra\u00f1amiento enviado por M\u00e9xico ante la postura sobre la reforma judicial -\",\"isPartOf\":{\"@id\":\"https:\\\/\\\/quehacerpolitico.mx\\\/#website\"},\"primaryImageOfPage\":{\"@id\":\"https:\\\/\\\/quehacerpolitico.mx\\\/?p=112200#primaryimage\"},\"image\":{\"@id\":\"https:\\\/\\\/quehacerpolitico.mx\\\/?p=112200#primaryimage\"},\"thumbnailUrl\":\"https:\\\/\\\/quehacerpolitico.mx\\\/wp-content\\\/uploads\\\/2024\\\/08\\\/IMG_7756.jpeg\",\"datePublished\":\"2024-08-27T23:42:56+00:00\",\"dateModified\":\"2024-08-27T23:42:59+00:00\",\"author\":{\"@id\":\"https:\\\/\\\/quehacerpolitico.mx\\\/#\\\/schema\\\/person\\\/496d8ad2d1d3f8036101dca7ee39e585\"},\"breadcrumb\":{\"@id\":\"https:\\\/\\\/quehacerpolitico.mx\\\/?p=112200#breadcrumb\"},\"inLanguage\":\"es\",\"potentialAction\":[{\"@type\":\"ReadAction\",\"target\":[\"https:\\\/\\\/quehacerpolitico.mx\\\/?p=112200\"]}]},{\"@type\":\"ImageObject\",\"inLanguage\":\"es\",\"@id\":\"https:\\\/\\\/quehacerpolitico.mx\\\/?p=112200#primaryimage\",\"url\":\"https:\\\/\\\/quehacerpolitico.mx\\\/wp-content\\\/uploads\\\/2024\\\/08\\\/IMG_7756.jpeg\",\"contentUrl\":\"https:\\\/\\\/quehacerpolitico.mx\\\/wp-content\\\/uploads\\\/2024\\\/08\\\/IMG_7756.jpeg\",\"width\":739,\"height\":415},{\"@type\":\"BreadcrumbList\",\"@id\":\"https:\\\/\\\/quehacerpolitico.mx\\\/?p=112200#breadcrumb\",\"itemListElement\":[{\"@type\":\"ListItem\",\"position\":1,\"name\":\"Inicio\",\"item\":\"https:\\\/\\\/quehacerpolitico.mx\\\/\"},{\"@type\":\"ListItem\",\"position\":2,\"name\":\"Ken Salazar responde al extra\u00f1amiento enviado por M\u00e9xico ante la postura sobre la reforma judicial\"}]},{\"@type\":\"WebSite\",\"@id\":\"https:\\\/\\\/quehacerpolitico.mx\\\/#website\",\"url\":\"https:\\\/\\\/quehacerpolitico.mx\\\/\",\"name\":\"\",\"description\":\"\",\"potentialAction\":[{\"@type\":\"SearchAction\",\"target\":{\"@type\":\"EntryPoint\",\"urlTemplate\":\"https:\\\/\\\/quehacerpolitico.mx\\\/?s={search_term_string}\"},\"query-input\":{\"@type\":\"PropertyValueSpecification\",\"valueRequired\":true,\"valueName\":\"search_term_string\"}}],\"inLanguage\":\"es\"},{\"@type\":\"Person\",\"@id\":\"https:\\\/\\\/quehacerpolitico.mx\\\/#\\\/schema\\\/person\\\/496d8ad2d1d3f8036101dca7ee39e585\",\"name\":\"Redacci\u00f3n QP\",\"image\":{\"@type\":\"ImageObject\",\"inLanguage\":\"es\",\"@id\":\"https:\\\/\\\/secure.gravatar.com\\\/avatar\\\/c7164ed6fdec453195284ad24a5ae5b6e1eed2b848477fa2a4787ba9adf39a41?s=96&d=mm&r=g\",\"url\":\"https:\\\/\\\/secure.gravatar.com\\\/avatar\\\/c7164ed6fdec453195284ad24a5ae5b6e1eed2b848477fa2a4787ba9adf39a41?s=96&d=mm&r=g\",\"contentUrl\":\"https:\\\/\\\/secure.gravatar.com\\\/avatar\\\/c7164ed6fdec453195284ad24a5ae5b6e1eed2b848477fa2a4787ba9adf39a41?s=96&d=mm&r=g\",\"caption\":\"Redacci\u00f3n QP\"},\"url\":\"https:\\\/\\\/quehacerpolitico.mx\\\/?author=2\"}]}<\/script>\n<!-- \/ Yoast SEO plugin. -->","yoast_head_json":{"title":"Ken Salazar responde al extra\u00f1amiento enviado por M\u00e9xico ante la postura sobre la reforma judicial -","robots":{"index":"index","follow":"follow","max-snippet":"max-snippet:-1","max-image-preview":"max-image-preview:large","max-video-preview":"max-video-preview:-1"},"canonical":"https:\/\/quehacerpolitico.mx\/?p=112200","og_locale":"es_MX","og_type":"article","og_title":"Ken Salazar responde al extra\u00f1amiento enviado por M\u00e9xico ante la postura sobre la reforma judicial -","og_description":"Por Redacci\u00f3n QP El embajador de EU public\u00f3 un comunicado tras lo dicho por el...","og_url":"https:\/\/quehacerpolitico.mx\/?p=112200","article_published_time":"2024-08-27T23:42:56+00:00","article_modified_time":"2024-08-27T23:42:59+00:00","og_image":[{"width":739,"height":415,"url":"https:\/\/quehacerpolitico.mx\/wp-content\/uploads\/2024\/08\/IMG_7756.jpeg","type":"image\/jpeg"}],"author":"Redacci\u00f3n QP","twitter_card":"summary_large_image","twitter_misc":{"Escrito por":"Redacci\u00f3n QP","Tiempo de lectura":"2 minutos"},"schema":{"@context":"https:\/\/schema.org","@graph":[{"@type":"Article","@id":"https:\/\/quehacerpolitico.mx\/?p=112200#article","isPartOf":{"@id":"https:\/\/quehacerpolitico.mx\/?p=112200"},"author":{"name":"Redacci\u00f3n QP","@id":"https:\/\/quehacerpolitico.mx\/#\/schema\/person\/496d8ad2d1d3f8036101dca7ee39e585"},"headline":"Ken Salazar responde al extra\u00f1amiento enviado por M\u00e9xico ante la postura sobre la reforma judicial","datePublished":"2024-08-27T23:42:56+00:00","dateModified":"2024-08-27T23:42:59+00:00","mainEntityOfPage":{"@id":"https:\/\/quehacerpolitico.mx\/?p=112200"},"wordCount":468,"commentCount":0,"image":{"@id":"https:\/\/quehacerpolitico.mx\/?p=112200#primaryimage"},"thumbnailUrl":"https:\/\/quehacerpolitico.mx\/wp-content\/uploads\/2024\/08\/IMG_7756.jpeg","articleSection":["Noticias"],"inLanguage":"es","potentialAction":[{"@type":"CommentAction","name":"Comment","target":["https:\/\/quehacerpolitico.mx\/?p=112200#respond"]}]},{"@type":"WebPage","@id":"https:\/\/quehacerpolitico.mx\/?p=112200","url":"https:\/\/quehacerpolitico.mx\/?p=112200","name":"Ken Salazar responde al extra\u00f1amiento enviado por M\u00e9xico ante la postura sobre la reforma judicial -","isPartOf":{"@id":"https:\/\/quehacerpolitico.mx\/#website"},"primaryImageOfPage":{"@id":"https:\/\/quehacerpolitico.mx\/?p=112200#primaryimage"},"image":{"@id":"https:\/\/quehacerpolitico.mx\/?p=112200#primaryimage"},"thumbnailUrl":"https:\/\/quehacerpolitico.mx\/wp-content\/uploads\/2024\/08\/IMG_7756.jpeg","datePublished":"2024-08-27T23:42:56+00:00","dateModified":"2024-08-27T23:42:59+00:00","author":{"@id":"https:\/\/quehacerpolitico.mx\/#\/schema\/person\/496d8ad2d1d3f8036101dca7ee39e585"},"breadcrumb":{"@id":"https:\/\/quehacerpolitico.mx\/?p=112200#breadcrumb"},"inLanguage":"es","potentialAction":[{"@type":"ReadAction","target":["https:\/\/quehacerpolitico.mx\/?p=112200"]}]},{"@type":"ImageObject","inLanguage":"es","@id":"https:\/\/quehacerpolitico.mx\/?p=112200#primaryimage","url":"https:\/\/quehacerpolitico.mx\/wp-content\/uploads\/2024\/08\/IMG_7756.jpeg","contentUrl":"https:\/\/quehacerpolitico.mx\/wp-content\/uploads\/2024\/08\/IMG_7756.jpeg","width":739,"height":415},{"@type":"BreadcrumbList","@id":"https:\/\/quehacerpolitico.mx\/?p=112200#breadcrumb","itemListElement":[{"@type":"ListItem","position":1,"name":"Inicio","item":"https:\/\/quehacerpolitico.mx\/"},{"@type":"ListItem","position":2,"name":"Ken Salazar responde al extra\u00f1amiento enviado por M\u00e9xico ante la postura sobre la reforma judicial"}]},{"@type":"WebSite","@id":"https:\/\/quehacerpolitico.mx\/#website","url":"https:\/\/quehacerpolitico.mx\/","name":"","description":"","potentialAction":[{"@type":"SearchAction","target":{"@type":"EntryPoint","urlTemplate":"https:\/\/quehacerpolitico.mx\/?s={search_term_string}"},"query-input":{"@type":"PropertyValueSpecification","valueRequired":true,"valueName":"search_term_string"}}],"inLanguage":"es"},{"@type":"Person","@id":"https:\/\/quehacerpolitico.mx\/#\/schema\/person\/496d8ad2d1d3f8036101dca7ee39e585","name":"Redacci\u00f3n QP","image":{"@type":"ImageObject","inLanguage":"es","@id":"https:\/\/secure.gravatar.com\/avatar\/c7164ed6fdec453195284ad24a5ae5b6e1eed2b848477fa2a4787ba9adf39a41?s=96&d=mm&r=g","url":"https:\/\/secure.gravatar.com\/avatar\/c7164ed6fdec453195284ad24a5ae5b6e1eed2b848477fa2a4787ba9adf39a41?s=96&d=mm&r=g","contentUrl":"https:\/\/secure.gravatar.com\/avatar\/c7164ed6fdec453195284ad24a5ae5b6e1eed2b848477fa2a4787ba9adf39a41?s=96&d=mm&r=g","caption":"Redacci\u00f3n QP"},"url":"https:\/\/quehacerpolitico.mx\/?author=2"}]}},"featured_image_urls":{"full":["https:\/\/quehacerpolitico.mx\/wp-content\/uploads\/2024\/08\/IMG_7756.jpeg",739,415,false],"thumbnail":["https:\/\/quehacerpolitico.mx\/wp-content\/uploads\/2024\/08\/IMG_7756-150x150.jpeg",150,150,true],"medium":["https:\/\/quehacerpolitico.mx\/wp-content\/uploads\/2024\/08\/IMG_7756-300x168.jpeg",300,168,true],"medium_large":["https:\/\/quehacerpolitico.mx\/wp-content\/uploads\/2024\/08\/IMG_7756.jpeg",640,359,false],"large":["https:\/\/quehacerpolitico.mx\/wp-content\/uploads\/2024\/08\/IMG_7756.jpeg",640,359,false],"1536x1536":["https:\/\/quehacerpolitico.mx\/wp-content\/uploads\/2024\/08\/IMG_7756.jpeg",739,415,false],"2048x2048":["https:\/\/quehacerpolitico.mx\/wp-content\/uploads\/2024\/08\/IMG_7756.jpeg",739,415,false],"covernews-featured":["https:\/\/quehacerpolitico.mx\/wp-content\/uploads\/2024\/08\/IMG_7756.jpeg",739,415,false],"covernews-medium":["https:\/\/quehacerpolitico.mx\/wp-content\/uploads\/2024\/08\/IMG_7756.jpeg",540,303,false]},"author_info":{"display_name":"Redacci\u00f3n QP","author_link":"https:\/\/quehacerpolitico.mx\/?author=2"},"category_info":"<a href=\"https:\/\/quehacerpolitico.mx\/?cat=2\" rel=\"category\">Noticias<\/a>","tag_info":"Noticias","comment_count":"0","_links":{"self":[{"href":"https:\/\/quehacerpolitico.mx\/index.php?rest_route=\/wp\/v2\/posts\/112200","targetHints":{"allow":["GET"]}}],"collection":[{"href":"https:\/\/quehacerpolitico.mx\/index.php?rest_route=\/wp\/v2\/posts"}],"about":[{"href":"https:\/\/quehacerpolitico.mx\/index.php?rest_route=\/wp\/v2\/types\/post"}],"author":[{"embeddable":true,"href":"https:\/\/quehacerpolitico.mx\/index.php?rest_route=\/wp\/v2\/users\/2"}],"replies":[{"embeddable":true,"href":"https:\/\/quehacerpolitico.mx\/index.php?rest_route=%2Fwp%2Fv2%2Fcomments&post=112200"}],"version-history":[{"count":1,"href":"https:\/\/quehacerpolitico.mx\/index.php?rest_route=\/wp\/v2\/posts\/112200\/revisions"}],"predecessor-version":[{"id":112202,"href":"https:\/\/quehacerpolitico.mx\/index.php?rest_route=\/wp\/v2\/posts\/112200\/revisions\/112202"}],"wp:featuredmedia":[{"embeddable":true,"href":"https:\/\/quehacerpolitico.mx\/index.php?rest_route=\/wp\/v2\/media\/112201"}],"wp:attachment":[{"href":"https:\/\/quehacerpolitico.mx\/index.php?rest_route=%2Fwp%2Fv2%2Fmedia&parent=112200"}],"wp:term":[{"taxonomy":"category","embeddable":true,"href":"https:\/\/quehacerpolitico.mx\/index.php?rest_route=%2Fwp%2Fv2%2Fcategories&post=112200"},{"taxonomy":"post_tag","embeddable":true,"href":"https:\/\/quehacerpolitico.mx\/index.php?rest_route=%2Fwp%2Fv2%2Ftags&post=112200"}],"curies":[{"name":"wp","href":"https:\/\/api.w.org\/{rel}","templated":true}]}}