{"id":112194,"date":"2024-08-27T01:48:12","date_gmt":"2024-08-27T01:48:12","guid":{"rendered":"https:\/\/quehacerpolitico.mx\/?p=112194"},"modified":"2024-08-27T01:48:15","modified_gmt":"2024-08-27T01:48:15","slug":"con-22-votos-a-favor-y-17-votos-en-contra-la-comision-de-puntos-constitucionales-aprobo-en-lo-general-a-la-reforma-judicial","status":"publish","type":"post","link":"https:\/\/quehacerpolitico.mx\/?p=112194","title":{"rendered":"Con 22 Votos a favor y 17 Votos en contra, la Comisi\u00f3n de Puntos Constitucionales aprob\u00f3 en lo general a la Reforma Judicial"},"content":{"rendered":"\n<p>Por Redacci\u00f3n QP<\/p>\n\n\n\n<p>Luego de m\u00e1s de siete horas de discusi\u00f3n, el dictamen fue aprobado en lo general con mayor\u00eda de votos y s\u00f3lo 17 en contra<\/p>\n\n\n\n<p>Con 22 votos a favor, 17 en contra y cero abstenciones,&nbsp;<strong>Morena<\/strong>&nbsp;y aliados aprobaron en lo general el dictamen de la reforma judicial en la Comisi\u00f3n de Puntos constitucionales.&nbsp;<\/p>\n\n\n\n<p>Con el aval del proyecto, luego de m\u00e1s de siete horas de discusi\u00f3n, el proyecto ser\u00e1 discutido en lo particular, en las que hasta el momento hay 33 reservas o propuestas de modificaci\u00f3n.<\/p>\n\n\n\n<figure class=\"wp-block-embed is-type-rich is-provider-twitter wp-block-embed-twitter\"><div class=\"wp-block-embed__wrapper\">\n<blockquote class=\"twitter-tweet\" data-width=\"550\" data-dnt=\"true\"><p lang=\"es\" dir=\"ltr\">\ud83d\udea8 Aprueban en lo general la <a href=\"https:\/\/twitter.com\/hashtag\/ReformaAlPoderJudicial?src=hash&amp;ref_src=twsrc%5Etfw\">#ReformaAlPoderJudicial<\/a> <br><br>La Comisi\u00f3n de Puntos Constitucionales vot\u00f3:<br><br>\u2705 22 votos a favor<br>\u274c 17 en contra <br><br>Inicia el debate de las reservas <a href=\"https:\/\/t.co\/2EKdIE6SMQ\">pic.twitter.com\/2EKdIE6SMQ<\/a><\/p>&mdash; Manuel Lopez San Martin (@MLopezSanMartin) <a href=\"https:\/\/twitter.com\/MLopezSanMartin\/status\/1828232632607342650?ref_src=twsrc%5Etfw\">August 27, 2024<\/a><\/blockquote><script async src=\"https:\/\/platform.twitter.com\/widgets.js\" charset=\"utf-8\"><\/script>\n<\/div><\/figure>\n\n\n\n<p>Con la aprobaci\u00f3n del&nbsp;<strong>dictamen<\/strong>, la llamada Cuarta Transformaci\u00f3n&nbsp;avanz\u00f3 en la intenci\u00f3n del presidente&nbsp;<strong>Andr\u00e9s Manuel L\u00f3pez Obrador<\/strong>&nbsp;para elegir por el voto popular a ministros, jueces y magistrados el primero de junio de 2025.<\/p>\n\n\n\n<p>De acuerdo a Mary Carmen Bernal, diputada secretaria de la Comisi\u00f3n de Puntos constitucionales, detall\u00f3 que el PRI present\u00f3 106 reservas; Morena presentar\u00e1 71 reservas; el PAN, 49; PVEM, 2; PT, 4; MC, 70 y Susana Prieto Terrazas, diputada sin partido, 28.&nbsp;<\/p>\n\n\n\n<p>En caso de ser aprobado en lo particular, el dictamen ser\u00e1 turnado a la presidencia de la<strong>C\u00e1mara de Diputados<\/strong>, para ponerlo a consideraci\u00f3n del pleno a partir del 1 de septiembre, es decir, el d\u00eda que inicia la siguiente legislatura.&nbsp;<\/p>\n\n\n\n<p>El s\u00e1bado pasado, Ricardo Monreal \u00c1vila, quien ser\u00e1 el nuevo coordinador de Morena de la C\u00e1mara de Diputados, abri\u00f3 la posibilidad de comenzar la discusi\u00f3n del dictamen de la reforma judicial luego de la instalaci\u00f3n de la Legislatura LXVI.<\/p>\n\n\n\n<p>Integrantes del&nbsp;<strong>Poder Judicial<\/strong>&nbsp;desde el lunes pasado comenzaron un paro de labores en rechazo de la reforma al Poder Judicial, posteriormente despu\u00e9s de someterlo a votaci\u00f3n se incorporaron jueces y magistrados.<\/p>\n\n\n\n<p>Desde la ma\u00f1ana de este lunes, trabajadores del sistema de justicia continuaron con las protestas a las afueras del C\u00e1mara de Diputados ante su discusi\u00f3n en comisiones.<\/p>\n","protected":false},"excerpt":{"rendered":"<p>Por Redacci\u00f3n QP Luego de m\u00e1s de siete horas de discusi\u00f3n, el dictamen fue aprobado&#8230;<\/p>\n","protected":false},"author":2,"featured_media":112195,"comment_status":"open","ping_status":"open","sticky":false,"template":"","format":"standard","meta":{"_monsterinsights_skip_tracking":false,"_monsterinsights_sitenote_active":false,"_monsterinsights_sitenote_note":"","_monsterinsights_sitenote_category":0,"footnotes":""},"categories":[2],"tags":[],"class_list":["post-112194","post","type-post","status-publish","format-standard","has-post-thumbnail","hentry","category-noticias"],"yoast_head":"<!-- This site is optimized with the Yoast SEO plugin v27.3 - https:\/\/yoast.com\/product\/yoast-seo-wordpress\/ -->\n<title>Con 22 Votos a favor y 17 Votos en contra, la Comisi\u00f3n de Puntos Constitucionales aprob\u00f3 en lo general a la Reforma Judicial -<\/title>\n<meta name=\"robots\" content=\"index, follow, max-snippet:-1, max-image-preview:large, max-video-preview:-1\" \/>\n<link rel=\"canonical\" href=\"https:\/\/quehacerpolitico.mx\/?p=112194\" \/>\n<meta property=\"og:locale\" content=\"es_MX\" \/>\n<meta property=\"og:type\" content=\"article\" \/>\n<meta property=\"og:title\" content=\"Con 22 Votos a favor y 17 Votos en contra, la Comisi\u00f3n de Puntos Constitucionales aprob\u00f3 en lo general a la Reforma Judicial -\" \/>\n<meta property=\"og:description\" content=\"Por Redacci\u00f3n QP Luego de m\u00e1s de siete horas de discusi\u00f3n, el dictamen fue aprobado...\" \/>\n<meta property=\"og:url\" content=\"https:\/\/quehacerpolitico.mx\/?p=112194\" \/>\n<meta property=\"article:published_time\" content=\"2024-08-27T01:48:12+00:00\" \/>\n<meta property=\"article:modified_time\" content=\"2024-08-27T01:48:15+00:00\" \/>\n<meta property=\"og:image\" content=\"https:\/\/quehacerpolitico.mx\/wp-content\/uploads\/2024\/08\/IMG_7748.jpeg\" \/>\n\t<meta property=\"og:image:width\" content=\"640\" \/>\n\t<meta property=\"og:image:height\" content=\"427\" \/>\n\t<meta property=\"og:image:type\" content=\"image\/jpeg\" \/>\n<meta name=\"author\" content=\"Redacci\u00f3n QP\" \/>\n<meta name=\"twitter:card\" content=\"summary_large_image\" \/>\n<meta name=\"twitter:label1\" content=\"Escrito por\" \/>\n\t<meta name=\"twitter:data1\" content=\"Redacci\u00f3n QP\" \/>\n\t<meta name=\"twitter:label2\" content=\"Tiempo de lectura\" \/>\n\t<meta name=\"twitter:data2\" content=\"2 minutos\" \/>\n<script type=\"application\/ld+json\" class=\"yoast-schema-graph\">{\"@context\":\"https:\\\/\\\/schema.org\",\"@graph\":[{\"@type\":\"Article\",\"@id\":\"https:\\\/\\\/quehacerpolitico.mx\\\/?p=112194#article\",\"isPartOf\":{\"@id\":\"https:\\\/\\\/quehacerpolitico.mx\\\/?p=112194\"},\"author\":{\"name\":\"Redacci\u00f3n QP\",\"@id\":\"https:\\\/\\\/quehacerpolitico.mx\\\/#\\\/schema\\\/person\\\/496d8ad2d1d3f8036101dca7ee39e585\"},\"headline\":\"Con 22 Votos a favor y 17 Votos en contra, la Comisi\u00f3n de Puntos Constitucionales aprob\u00f3 en lo general a la Reforma Judicial\",\"datePublished\":\"2024-08-27T01:48:12+00:00\",\"dateModified\":\"2024-08-27T01:48:15+00:00\",\"mainEntityOfPage\":{\"@id\":\"https:\\\/\\\/quehacerpolitico.mx\\\/?p=112194\"},\"wordCount\":364,\"commentCount\":0,\"image\":{\"@id\":\"https:\\\/\\\/quehacerpolitico.mx\\\/?p=112194#primaryimage\"},\"thumbnailUrl\":\"https:\\\/\\\/quehacerpolitico.mx\\\/wp-content\\\/uploads\\\/2024\\\/08\\\/IMG_7748.jpeg\",\"articleSection\":[\"Noticias\"],\"inLanguage\":\"es\",\"potentialAction\":[{\"@type\":\"CommentAction\",\"name\":\"Comment\",\"target\":[\"https:\\\/\\\/quehacerpolitico.mx\\\/?p=112194#respond\"]}]},{\"@type\":\"WebPage\",\"@id\":\"https:\\\/\\\/quehacerpolitico.mx\\\/?p=112194\",\"url\":\"https:\\\/\\\/quehacerpolitico.mx\\\/?p=112194\",\"name\":\"Con 22 Votos a favor y 17 Votos en contra, la Comisi\u00f3n de Puntos Constitucionales aprob\u00f3 en lo general a la Reforma Judicial -\",\"isPartOf\":{\"@id\":\"https:\\\/\\\/quehacerpolitico.mx\\\/#website\"},\"primaryImageOfPage\":{\"@id\":\"https:\\\/\\\/quehacerpolitico.mx\\\/?p=112194#primaryimage\"},\"image\":{\"@id\":\"https:\\\/\\\/quehacerpolitico.mx\\\/?p=112194#primaryimage\"},\"thumbnailUrl\":\"https:\\\/\\\/quehacerpolitico.mx\\\/wp-content\\\/uploads\\\/2024\\\/08\\\/IMG_7748.jpeg\",\"datePublished\":\"2024-08-27T01:48:12+00:00\",\"dateModified\":\"2024-08-27T01:48:15+00:00\",\"author\":{\"@id\":\"https:\\\/\\\/quehacerpolitico.mx\\\/#\\\/schema\\\/person\\\/496d8ad2d1d3f8036101dca7ee39e585\"},\"breadcrumb\":{\"@id\":\"https:\\\/\\\/quehacerpolitico.mx\\\/?p=112194#breadcrumb\"},\"inLanguage\":\"es\",\"potentialAction\":[{\"@type\":\"ReadAction\",\"target\":[\"https:\\\/\\\/quehacerpolitico.mx\\\/?p=112194\"]}]},{\"@type\":\"ImageObject\",\"inLanguage\":\"es\",\"@id\":\"https:\\\/\\\/quehacerpolitico.mx\\\/?p=112194#primaryimage\",\"url\":\"https:\\\/\\\/quehacerpolitico.mx\\\/wp-content\\\/uploads\\\/2024\\\/08\\\/IMG_7748.jpeg\",\"contentUrl\":\"https:\\\/\\\/quehacerpolitico.mx\\\/wp-content\\\/uploads\\\/2024\\\/08\\\/IMG_7748.jpeg\",\"width\":640,\"height\":427},{\"@type\":\"BreadcrumbList\",\"@id\":\"https:\\\/\\\/quehacerpolitico.mx\\\/?p=112194#breadcrumb\",\"itemListElement\":[{\"@type\":\"ListItem\",\"position\":1,\"name\":\"Inicio\",\"item\":\"https:\\\/\\\/quehacerpolitico.mx\\\/\"},{\"@type\":\"ListItem\",\"position\":2,\"name\":\"Con 22 Votos a favor y 17 Votos en contra, la Comisi\u00f3n de Puntos Constitucionales aprob\u00f3 en lo general a la Reforma Judicial\"}]},{\"@type\":\"WebSite\",\"@id\":\"https:\\\/\\\/quehacerpolitico.mx\\\/#website\",\"url\":\"https:\\\/\\\/quehacerpolitico.mx\\\/\",\"name\":\"\",\"description\":\"\",\"potentialAction\":[{\"@type\":\"SearchAction\",\"target\":{\"@type\":\"EntryPoint\",\"urlTemplate\":\"https:\\\/\\\/quehacerpolitico.mx\\\/?s={search_term_string}\"},\"query-input\":{\"@type\":\"PropertyValueSpecification\",\"valueRequired\":true,\"valueName\":\"search_term_string\"}}],\"inLanguage\":\"es\"},{\"@type\":\"Person\",\"@id\":\"https:\\\/\\\/quehacerpolitico.mx\\\/#\\\/schema\\\/person\\\/496d8ad2d1d3f8036101dca7ee39e585\",\"name\":\"Redacci\u00f3n QP\",\"image\":{\"@type\":\"ImageObject\",\"inLanguage\":\"es\",\"@id\":\"https:\\\/\\\/secure.gravatar.com\\\/avatar\\\/c7164ed6fdec453195284ad24a5ae5b6e1eed2b848477fa2a4787ba9adf39a41?s=96&d=mm&r=g\",\"url\":\"https:\\\/\\\/secure.gravatar.com\\\/avatar\\\/c7164ed6fdec453195284ad24a5ae5b6e1eed2b848477fa2a4787ba9adf39a41?s=96&d=mm&r=g\",\"contentUrl\":\"https:\\\/\\\/secure.gravatar.com\\\/avatar\\\/c7164ed6fdec453195284ad24a5ae5b6e1eed2b848477fa2a4787ba9adf39a41?s=96&d=mm&r=g\",\"caption\":\"Redacci\u00f3n QP\"},\"url\":\"https:\\\/\\\/quehacerpolitico.mx\\\/?author=2\"}]}<\/script>\n<!-- \/ Yoast SEO plugin. -->","yoast_head_json":{"title":"Con 22 Votos a favor y 17 Votos en contra, la Comisi\u00f3n de Puntos Constitucionales aprob\u00f3 en lo general a la Reforma Judicial -","robots":{"index":"index","follow":"follow","max-snippet":"max-snippet:-1","max-image-preview":"max-image-preview:large","max-video-preview":"max-video-preview:-1"},"canonical":"https:\/\/quehacerpolitico.mx\/?p=112194","og_locale":"es_MX","og_type":"article","og_title":"Con 22 Votos a favor y 17 Votos en contra, la Comisi\u00f3n de Puntos Constitucionales aprob\u00f3 en lo general a la Reforma Judicial -","og_description":"Por Redacci\u00f3n QP Luego de m\u00e1s de siete horas de discusi\u00f3n, el dictamen fue aprobado...","og_url":"https:\/\/quehacerpolitico.mx\/?p=112194","article_published_time":"2024-08-27T01:48:12+00:00","article_modified_time":"2024-08-27T01:48:15+00:00","og_image":[{"width":640,"height":427,"url":"https:\/\/quehacerpolitico.mx\/wp-content\/uploads\/2024\/08\/IMG_7748.jpeg","type":"image\/jpeg"}],"author":"Redacci\u00f3n QP","twitter_card":"summary_large_image","twitter_misc":{"Escrito por":"Redacci\u00f3n QP","Tiempo de lectura":"2 minutos"},"schema":{"@context":"https:\/\/schema.org","@graph":[{"@type":"Article","@id":"https:\/\/quehacerpolitico.mx\/?p=112194#article","isPartOf":{"@id":"https:\/\/quehacerpolitico.mx\/?p=112194"},"author":{"name":"Redacci\u00f3n QP","@id":"https:\/\/quehacerpolitico.mx\/#\/schema\/person\/496d8ad2d1d3f8036101dca7ee39e585"},"headline":"Con 22 Votos a favor y 17 Votos en contra, la Comisi\u00f3n de Puntos Constitucionales aprob\u00f3 en lo general a la Reforma Judicial","datePublished":"2024-08-27T01:48:12+00:00","dateModified":"2024-08-27T01:48:15+00:00","mainEntityOfPage":{"@id":"https:\/\/quehacerpolitico.mx\/?p=112194"},"wordCount":364,"commentCount":0,"image":{"@id":"https:\/\/quehacerpolitico.mx\/?p=112194#primaryimage"},"thumbnailUrl":"https:\/\/quehacerpolitico.mx\/wp-content\/uploads\/2024\/08\/IMG_7748.jpeg","articleSection":["Noticias"],"inLanguage":"es","potentialAction":[{"@type":"CommentAction","name":"Comment","target":["https:\/\/quehacerpolitico.mx\/?p=112194#respond"]}]},{"@type":"WebPage","@id":"https:\/\/quehacerpolitico.mx\/?p=112194","url":"https:\/\/quehacerpolitico.mx\/?p=112194","name":"Con 22 Votos a favor y 17 Votos en contra, la Comisi\u00f3n de Puntos Constitucionales aprob\u00f3 en lo general a la Reforma Judicial -","isPartOf":{"@id":"https:\/\/quehacerpolitico.mx\/#website"},"primaryImageOfPage":{"@id":"https:\/\/quehacerpolitico.mx\/?p=112194#primaryimage"},"image":{"@id":"https:\/\/quehacerpolitico.mx\/?p=112194#primaryimage"},"thumbnailUrl":"https:\/\/quehacerpolitico.mx\/wp-content\/uploads\/2024\/08\/IMG_7748.jpeg","datePublished":"2024-08-27T01:48:12+00:00","dateModified":"2024-08-27T01:48:15+00:00","author":{"@id":"https:\/\/quehacerpolitico.mx\/#\/schema\/person\/496d8ad2d1d3f8036101dca7ee39e585"},"breadcrumb":{"@id":"https:\/\/quehacerpolitico.mx\/?p=112194#breadcrumb"},"inLanguage":"es","potentialAction":[{"@type":"ReadAction","target":["https:\/\/quehacerpolitico.mx\/?p=112194"]}]},{"@type":"ImageObject","inLanguage":"es","@id":"https:\/\/quehacerpolitico.mx\/?p=112194#primaryimage","url":"https:\/\/quehacerpolitico.mx\/wp-content\/uploads\/2024\/08\/IMG_7748.jpeg","contentUrl":"https:\/\/quehacerpolitico.mx\/wp-content\/uploads\/2024\/08\/IMG_7748.jpeg","width":640,"height":427},{"@type":"BreadcrumbList","@id":"https:\/\/quehacerpolitico.mx\/?p=112194#breadcrumb","itemListElement":[{"@type":"ListItem","position":1,"name":"Inicio","item":"https:\/\/quehacerpolitico.mx\/"},{"@type":"ListItem","position":2,"name":"Con 22 Votos a favor y 17 Votos en contra, la Comisi\u00f3n de Puntos Constitucionales aprob\u00f3 en lo general a la Reforma Judicial"}]},{"@type":"WebSite","@id":"https:\/\/quehacerpolitico.mx\/#website","url":"https:\/\/quehacerpolitico.mx\/","name":"","description":"","potentialAction":[{"@type":"SearchAction","target":{"@type":"EntryPoint","urlTemplate":"https:\/\/quehacerpolitico.mx\/?s={search_term_string}"},"query-input":{"@type":"PropertyValueSpecification","valueRequired":true,"valueName":"search_term_string"}}],"inLanguage":"es"},{"@type":"Person","@id":"https:\/\/quehacerpolitico.mx\/#\/schema\/person\/496d8ad2d1d3f8036101dca7ee39e585","name":"Redacci\u00f3n QP","image":{"@type":"ImageObject","inLanguage":"es","@id":"https:\/\/secure.gravatar.com\/avatar\/c7164ed6fdec453195284ad24a5ae5b6e1eed2b848477fa2a4787ba9adf39a41?s=96&d=mm&r=g","url":"https:\/\/secure.gravatar.com\/avatar\/c7164ed6fdec453195284ad24a5ae5b6e1eed2b848477fa2a4787ba9adf39a41?s=96&d=mm&r=g","contentUrl":"https:\/\/secure.gravatar.com\/avatar\/c7164ed6fdec453195284ad24a5ae5b6e1eed2b848477fa2a4787ba9adf39a41?s=96&d=mm&r=g","caption":"Redacci\u00f3n QP"},"url":"https:\/\/quehacerpolitico.mx\/?author=2"}]}},"featured_image_urls":{"full":["https:\/\/quehacerpolitico.mx\/wp-content\/uploads\/2024\/08\/IMG_7748.jpeg",640,427,false],"thumbnail":["https:\/\/quehacerpolitico.mx\/wp-content\/uploads\/2024\/08\/IMG_7748-150x150.jpeg",150,150,true],"medium":["https:\/\/quehacerpolitico.mx\/wp-content\/uploads\/2024\/08\/IMG_7748-300x200.jpeg",300,200,true],"medium_large":["https:\/\/quehacerpolitico.mx\/wp-content\/uploads\/2024\/08\/IMG_7748.jpeg",640,427,false],"large":["https:\/\/quehacerpolitico.mx\/wp-content\/uploads\/2024\/08\/IMG_7748.jpeg",640,427,false],"1536x1536":["https:\/\/quehacerpolitico.mx\/wp-content\/uploads\/2024\/08\/IMG_7748.jpeg",640,427,false],"2048x2048":["https:\/\/quehacerpolitico.mx\/wp-content\/uploads\/2024\/08\/IMG_7748.jpeg",640,427,false],"covernews-featured":["https:\/\/quehacerpolitico.mx\/wp-content\/uploads\/2024\/08\/IMG_7748.jpeg",640,427,false],"covernews-medium":["https:\/\/quehacerpolitico.mx\/wp-content\/uploads\/2024\/08\/IMG_7748.jpeg",510,340,false]},"author_info":{"display_name":"Redacci\u00f3n QP","author_link":"https:\/\/quehacerpolitico.mx\/?author=2"},"category_info":"<a href=\"https:\/\/quehacerpolitico.mx\/?cat=2\" rel=\"category\">Noticias<\/a>","tag_info":"Noticias","comment_count":"0","_links":{"self":[{"href":"https:\/\/quehacerpolitico.mx\/index.php?rest_route=\/wp\/v2\/posts\/112194","targetHints":{"allow":["GET"]}}],"collection":[{"href":"https:\/\/quehacerpolitico.mx\/index.php?rest_route=\/wp\/v2\/posts"}],"about":[{"href":"https:\/\/quehacerpolitico.mx\/index.php?rest_route=\/wp\/v2\/types\/post"}],"author":[{"embeddable":true,"href":"https:\/\/quehacerpolitico.mx\/index.php?rest_route=\/wp\/v2\/users\/2"}],"replies":[{"embeddable":true,"href":"https:\/\/quehacerpolitico.mx\/index.php?rest_route=%2Fwp%2Fv2%2Fcomments&post=112194"}],"version-history":[{"count":1,"href":"https:\/\/quehacerpolitico.mx\/index.php?rest_route=\/wp\/v2\/posts\/112194\/revisions"}],"predecessor-version":[{"id":112196,"href":"https:\/\/quehacerpolitico.mx\/index.php?rest_route=\/wp\/v2\/posts\/112194\/revisions\/112196"}],"wp:featuredmedia":[{"embeddable":true,"href":"https:\/\/quehacerpolitico.mx\/index.php?rest_route=\/wp\/v2\/media\/112195"}],"wp:attachment":[{"href":"https:\/\/quehacerpolitico.mx\/index.php?rest_route=%2Fwp%2Fv2%2Fmedia&parent=112194"}],"wp:term":[{"taxonomy":"category","embeddable":true,"href":"https:\/\/quehacerpolitico.mx\/index.php?rest_route=%2Fwp%2Fv2%2Fcategories&post=112194"},{"taxonomy":"post_tag","embeddable":true,"href":"https:\/\/quehacerpolitico.mx\/index.php?rest_route=%2Fwp%2Fv2%2Ftags&post=112194"}],"curies":[{"name":"wp","href":"https:\/\/api.w.org\/{rel}","templated":true}]}}