{"id":112181,"date":"2024-08-27T00:16:47","date_gmt":"2024-08-27T00:16:47","guid":{"rendered":"https:\/\/quehacerpolitico.mx\/?p=112181"},"modified":"2024-08-27T00:16:50","modified_gmt":"2024-08-27T00:16:50","slug":"sheinbaum-nombra-a-victor-rodriguez-padilla-director-de-pemex-sucedera-a-octavio-romero-oropeza-en-el-cargo","status":"publish","type":"post","link":"https:\/\/quehacerpolitico.mx\/?p=112181","title":{"rendered":"Sheinbaum nombra a V\u00edctor Rodr\u00edguez Padilla director de Pemex suceder\u00e1 a\u00a0Octavio Romero Oropeza en el cargo"},"content":{"rendered":"\n<p>Por Redacci\u00f3n QP<\/p>\n\n\n\n<p>V\u00edctor Rodr\u00edguez Padilla suceder\u00e1 a\u00a0Octavio Romero Oropeza en el cargo<\/p>\n\n\n\n<p>Este lunes 26 de agosto, la presidenta electa\u00a0Claudia Sheinbaum design\u00f3 a\u00a0<strong>V\u00edctor Rodr\u00edguez Padilla<\/strong>\u00a0como pr\u00f3ximo director de Petr\u00f3leos Mexicanos (Pemex), uno de los nombramientos m\u00e1s esperados del nuevo sexenio.<\/p>\n\n\n\n<figure class=\"wp-block-embed is-type-rich is-provider-twitter wp-block-embed-twitter\"><div class=\"wp-block-embed__wrapper\">\n<blockquote class=\"twitter-tweet\" data-width=\"550\" data-dnt=\"true\"><p lang=\"es\" dir=\"ltr\">\ud83d\udd34<a href=\"https:\/\/twitter.com\/hashtag\/EnVivo?src=hash&amp;ref_src=twsrc%5Etfw\">#EnVivo<\/a> <a href=\"https:\/\/twitter.com\/hashtag\/QPMX?src=hash&amp;ref_src=twsrc%5Etfw\">#QPMX<\/a> <a href=\"https:\/\/twitter.com\/hashtag\/QuehacerPolitico?src=hash&amp;ref_src=twsrc%5Etfw\">#QuehacerPolitico<\/a> <a href=\"https:\/\/twitter.com\/hashtag\/InquiriendoLaNoticia?src=hash&amp;ref_src=twsrc%5Etfw\">#InquiriendoLaNoticia<\/a><br>Conferencia de prensa del Dra <a href=\"https:\/\/twitter.com\/Claudiashein?ref_src=twsrc%5Etfw\">@Claudiashein<\/a> presidenta electa de M\u00e9xico <a href=\"https:\/\/t.co\/qsYymglF5T\">https:\/\/t.co\/qsYymglF5T<\/a><\/p>&mdash; Quehacer Pol\u00edtico (@QueHacerPolitic) <a href=\"https:\/\/twitter.com\/QueHacerPolitic\/status\/1828120387475120578?ref_src=twsrc%5Etfw\">August 26, 2024<\/a><\/blockquote><script async src=\"https:\/\/platform.twitter.com\/widgets.js\" charset=\"utf-8\"><\/script>\n<\/div><\/figure>\n\n\n\n<p>El futuro director de una de las instituciones m\u00e1s pol\u00e9micas durante el actual sexenio,&nbsp;<mark><strong>suceder\u00e1 a&nbsp;Octavio Romero Oropeza.<\/strong><\/mark><\/p>\n\n\n\n<p>De hecho, durante el anuncio, Sheinbaum inform\u00f3 que&nbsp;<strong>Romero Oropeza permanecer\u00e1 en la instituci\u00f3n, pero no revel\u00f3 en qu\u00e9 puesto.<\/strong><\/p>\n\n\n\n<p>Seg\u00fan se explic\u00f3 durante el anuncio, Rodr\u00edguez Padilla es F\u00edsico y Maestro en Ingenier\u00eda Energ\u00e9tica por la UNAM, Doctor en Econom\u00eda de la Energ\u00eda por la Universidad de Grenoble, Francia.<\/p>\n\n\n\n<p>Cuenta con Posdoctorados en el Instituto de Econom\u00eda y Pol\u00edtica de la Energ\u00eda, Francia; y en el Instituto Nacional de la Investigaci\u00f3n Cient\u00edfica en Quebec, Canad\u00e1. Tambi\u00e9n fue profesor invitado en la Universidad &nbsp;de California en San Diego, en el Instituto de las Am\u00e9ricas en California, y en las Universidades en Bolivia y Colombia.<\/p>\n\n\n\n<p>Ha sido galardonado con el Premio Nacional de Investigaci\u00f3n Econ\u00f3mica Jes\u00fas Silva Herzog; c\u00e1tedras especiales Mariano Hern\u00e1ndez Barrenechea y Od\u00f3n de Buen; y la Medalla Gabino Barreda en la UNAM.<\/p>\n\n\n\n<p><mark><strong>A partir del gobierno de Claudia Sheinbaum, ser\u00e1 el director general de Pemex.<\/strong><\/mark><\/p>\n\n\n\n<p>&#8220;Tiene 42 a\u00f1os de experiencia en el sector energ\u00e9tico y, por supuesto, ha sido defensor de las empresas energ\u00e9ticas de la naci\u00f3n, de la soberan\u00eda energ\u00e9tica&#8221;, dijo&nbsp;Sheinbaum. Destac\u00f3 que &#8220;es experto en organizaci\u00f3n y regulaci\u00f3n de las industrias de la energ\u00eda, contratos, r\u00e9gimen fiscal, seguridad energ\u00e9tica, transici\u00f3n energ\u00e9tica, petr\u00f3leo, gas natural y electricidad&#8221;.<\/p>\n\n\n\n<p>Luego de admitir que&nbsp;el 88.8% del consumo energ\u00e9tico nacional a\u00fan es de combustibles f\u00f3siles, el pr\u00f3ximo director prometi\u00f3 que la petrolera va a hacer&nbsp;<strong>&#8220;un esfuerzo may\u00fasculo, grande, en desarrollar la fuente renovable de energ\u00eda&#8221;,<\/strong>&nbsp;con proyectos de energ\u00eda solar y e\u00f3lica, y el impulso de &#8220;materiales estrat\u00e9gicos&#8221;, como el litio.&nbsp;<strong>&#8220;Pemex va a estar presente, Pemex va a dar un cambio hacia la sostenibilidad, es nuestro compromiso en los pr\u00f3ximos seis a\u00f1os&#8221;,<\/strong>mencion\u00f3.<\/p>\n\n\n\n<p>Rodr\u00edguez Padilla reiter\u00f3 que permanecer\u00e1n pol\u00edticas como impulsar el sistema nacional de refinaci\u00f3n, limitar las importaciones de combustible para depender de la producci\u00f3n nacional y llegar a la autosuficiencia en petr\u00f3leo. &#8220;Nosotros necesitamos mantener la base de alimentaci\u00f3n de econom\u00eda en energ\u00eda y esa base va a seguir siendo petr\u00f3leo y gas, mientras hacemos la transici\u00f3n energ\u00e9tica, todo lo que venga de aumento de la demanda de energ\u00eda va a ser renovable&#8221;, justific\u00f3.<\/p>\n\n\n\n<p><em>*Con informaci\u00f3n de EFE<\/em><\/p>\n","protected":false},"excerpt":{"rendered":"<p>Por Redacci\u00f3n QP V\u00edctor Rodr\u00edguez Padilla suceder\u00e1 a\u00a0Octavio Romero Oropeza en el cargo Este lunes&#8230;<\/p>\n","protected":false},"author":2,"featured_media":112182,"comment_status":"open","ping_status":"open","sticky":false,"template":"","format":"standard","meta":{"_monsterinsights_skip_tracking":false,"_monsterinsights_sitenote_active":false,"_monsterinsights_sitenote_note":"","_monsterinsights_sitenote_category":0,"footnotes":""},"categories":[2],"tags":[],"class_list":["post-112181","post","type-post","status-publish","format-standard","has-post-thumbnail","hentry","category-noticias"],"yoast_head":"<!-- This site is optimized with the Yoast SEO plugin v27.3 - https:\/\/yoast.com\/product\/yoast-seo-wordpress\/ -->\n<title>Sheinbaum nombra a V\u00edctor Rodr\u00edguez Padilla director de Pemex suceder\u00e1 a\u00a0Octavio Romero Oropeza en el cargo -<\/title>\n<meta name=\"robots\" content=\"index, follow, max-snippet:-1, max-image-preview:large, max-video-preview:-1\" \/>\n<link rel=\"canonical\" href=\"https:\/\/quehacerpolitico.mx\/?p=112181\" \/>\n<meta property=\"og:locale\" content=\"es_MX\" \/>\n<meta property=\"og:type\" content=\"article\" \/>\n<meta property=\"og:title\" content=\"Sheinbaum nombra a V\u00edctor Rodr\u00edguez Padilla director de Pemex suceder\u00e1 a\u00a0Octavio Romero Oropeza en el cargo -\" \/>\n<meta property=\"og:description\" content=\"Por Redacci\u00f3n QP V\u00edctor Rodr\u00edguez Padilla suceder\u00e1 a\u00a0Octavio Romero Oropeza en el cargo Este lunes...\" \/>\n<meta property=\"og:url\" content=\"https:\/\/quehacerpolitico.mx\/?p=112181\" \/>\n<meta property=\"article:published_time\" content=\"2024-08-27T00:16:47+00:00\" \/>\n<meta property=\"article:modified_time\" content=\"2024-08-27T00:16:50+00:00\" \/>\n<meta property=\"og:image\" content=\"https:\/\/quehacerpolitico.mx\/wp-content\/uploads\/2024\/08\/IMG_7743.jpeg\" \/>\n\t<meta property=\"og:image:width\" content=\"2048\" \/>\n\t<meta property=\"og:image:height\" content=\"2048\" \/>\n\t<meta property=\"og:image:type\" content=\"image\/jpeg\" \/>\n<meta name=\"author\" content=\"Redacci\u00f3n QP\" \/>\n<meta name=\"twitter:card\" content=\"summary_large_image\" \/>\n<meta name=\"twitter:label1\" content=\"Escrito por\" \/>\n\t<meta name=\"twitter:data1\" content=\"Redacci\u00f3n QP\" \/>\n\t<meta name=\"twitter:label2\" content=\"Tiempo de lectura\" \/>\n\t<meta name=\"twitter:data2\" content=\"3 minutos\" \/>\n<script type=\"application\/ld+json\" class=\"yoast-schema-graph\">{\"@context\":\"https:\\\/\\\/schema.org\",\"@graph\":[{\"@type\":\"Article\",\"@id\":\"https:\\\/\\\/quehacerpolitico.mx\\\/?p=112181#article\",\"isPartOf\":{\"@id\":\"https:\\\/\\\/quehacerpolitico.mx\\\/?p=112181\"},\"author\":{\"name\":\"Redacci\u00f3n QP\",\"@id\":\"https:\\\/\\\/quehacerpolitico.mx\\\/#\\\/schema\\\/person\\\/496d8ad2d1d3f8036101dca7ee39e585\"},\"headline\":\"Sheinbaum nombra a V\u00edctor Rodr\u00edguez Padilla director de Pemex suceder\u00e1 a\u00a0Octavio Romero Oropeza en el cargo\",\"datePublished\":\"2024-08-27T00:16:47+00:00\",\"dateModified\":\"2024-08-27T00:16:50+00:00\",\"mainEntityOfPage\":{\"@id\":\"https:\\\/\\\/quehacerpolitico.mx\\\/?p=112181\"},\"wordCount\":523,\"commentCount\":0,\"image\":{\"@id\":\"https:\\\/\\\/quehacerpolitico.mx\\\/?p=112181#primaryimage\"},\"thumbnailUrl\":\"https:\\\/\\\/quehacerpolitico.mx\\\/wp-content\\\/uploads\\\/2024\\\/08\\\/IMG_7743.jpeg\",\"articleSection\":[\"Noticias\"],\"inLanguage\":\"es\",\"potentialAction\":[{\"@type\":\"CommentAction\",\"name\":\"Comment\",\"target\":[\"https:\\\/\\\/quehacerpolitico.mx\\\/?p=112181#respond\"]}]},{\"@type\":\"WebPage\",\"@id\":\"https:\\\/\\\/quehacerpolitico.mx\\\/?p=112181\",\"url\":\"https:\\\/\\\/quehacerpolitico.mx\\\/?p=112181\",\"name\":\"Sheinbaum nombra a V\u00edctor Rodr\u00edguez Padilla director de Pemex suceder\u00e1 a\u00a0Octavio Romero Oropeza en el cargo -\",\"isPartOf\":{\"@id\":\"https:\\\/\\\/quehacerpolitico.mx\\\/#website\"},\"primaryImageOfPage\":{\"@id\":\"https:\\\/\\\/quehacerpolitico.mx\\\/?p=112181#primaryimage\"},\"image\":{\"@id\":\"https:\\\/\\\/quehacerpolitico.mx\\\/?p=112181#primaryimage\"},\"thumbnailUrl\":\"https:\\\/\\\/quehacerpolitico.mx\\\/wp-content\\\/uploads\\\/2024\\\/08\\\/IMG_7743.jpeg\",\"datePublished\":\"2024-08-27T00:16:47+00:00\",\"dateModified\":\"2024-08-27T00:16:50+00:00\",\"author\":{\"@id\":\"https:\\\/\\\/quehacerpolitico.mx\\\/#\\\/schema\\\/person\\\/496d8ad2d1d3f8036101dca7ee39e585\"},\"breadcrumb\":{\"@id\":\"https:\\\/\\\/quehacerpolitico.mx\\\/?p=112181#breadcrumb\"},\"inLanguage\":\"es\",\"potentialAction\":[{\"@type\":\"ReadAction\",\"target\":[\"https:\\\/\\\/quehacerpolitico.mx\\\/?p=112181\"]}]},{\"@type\":\"ImageObject\",\"inLanguage\":\"es\",\"@id\":\"https:\\\/\\\/quehacerpolitico.mx\\\/?p=112181#primaryimage\",\"url\":\"https:\\\/\\\/quehacerpolitico.mx\\\/wp-content\\\/uploads\\\/2024\\\/08\\\/IMG_7743.jpeg\",\"contentUrl\":\"https:\\\/\\\/quehacerpolitico.mx\\\/wp-content\\\/uploads\\\/2024\\\/08\\\/IMG_7743.jpeg\",\"width\":2048,\"height\":2048},{\"@type\":\"BreadcrumbList\",\"@id\":\"https:\\\/\\\/quehacerpolitico.mx\\\/?p=112181#breadcrumb\",\"itemListElement\":[{\"@type\":\"ListItem\",\"position\":1,\"name\":\"Inicio\",\"item\":\"https:\\\/\\\/quehacerpolitico.mx\\\/\"},{\"@type\":\"ListItem\",\"position\":2,\"name\":\"Sheinbaum nombra a V\u00edctor Rodr\u00edguez Padilla director de Pemex suceder\u00e1 a\u00a0Octavio Romero Oropeza en el cargo\"}]},{\"@type\":\"WebSite\",\"@id\":\"https:\\\/\\\/quehacerpolitico.mx\\\/#website\",\"url\":\"https:\\\/\\\/quehacerpolitico.mx\\\/\",\"name\":\"\",\"description\":\"\",\"potentialAction\":[{\"@type\":\"SearchAction\",\"target\":{\"@type\":\"EntryPoint\",\"urlTemplate\":\"https:\\\/\\\/quehacerpolitico.mx\\\/?s={search_term_string}\"},\"query-input\":{\"@type\":\"PropertyValueSpecification\",\"valueRequired\":true,\"valueName\":\"search_term_string\"}}],\"inLanguage\":\"es\"},{\"@type\":\"Person\",\"@id\":\"https:\\\/\\\/quehacerpolitico.mx\\\/#\\\/schema\\\/person\\\/496d8ad2d1d3f8036101dca7ee39e585\",\"name\":\"Redacci\u00f3n QP\",\"image\":{\"@type\":\"ImageObject\",\"inLanguage\":\"es\",\"@id\":\"https:\\\/\\\/secure.gravatar.com\\\/avatar\\\/c7164ed6fdec453195284ad24a5ae5b6e1eed2b848477fa2a4787ba9adf39a41?s=96&d=mm&r=g\",\"url\":\"https:\\\/\\\/secure.gravatar.com\\\/avatar\\\/c7164ed6fdec453195284ad24a5ae5b6e1eed2b848477fa2a4787ba9adf39a41?s=96&d=mm&r=g\",\"contentUrl\":\"https:\\\/\\\/secure.gravatar.com\\\/avatar\\\/c7164ed6fdec453195284ad24a5ae5b6e1eed2b848477fa2a4787ba9adf39a41?s=96&d=mm&r=g\",\"caption\":\"Redacci\u00f3n QP\"},\"url\":\"https:\\\/\\\/quehacerpolitico.mx\\\/?author=2\"}]}<\/script>\n<!-- \/ Yoast SEO plugin. -->","yoast_head_json":{"title":"Sheinbaum nombra a V\u00edctor Rodr\u00edguez Padilla director de Pemex suceder\u00e1 a\u00a0Octavio Romero Oropeza en el cargo -","robots":{"index":"index","follow":"follow","max-snippet":"max-snippet:-1","max-image-preview":"max-image-preview:large","max-video-preview":"max-video-preview:-1"},"canonical":"https:\/\/quehacerpolitico.mx\/?p=112181","og_locale":"es_MX","og_type":"article","og_title":"Sheinbaum nombra a V\u00edctor Rodr\u00edguez Padilla director de Pemex suceder\u00e1 a\u00a0Octavio Romero Oropeza en el cargo -","og_description":"Por Redacci\u00f3n QP V\u00edctor Rodr\u00edguez Padilla suceder\u00e1 a\u00a0Octavio Romero Oropeza en el cargo Este lunes...","og_url":"https:\/\/quehacerpolitico.mx\/?p=112181","article_published_time":"2024-08-27T00:16:47+00:00","article_modified_time":"2024-08-27T00:16:50+00:00","og_image":[{"width":2048,"height":2048,"url":"https:\/\/quehacerpolitico.mx\/wp-content\/uploads\/2024\/08\/IMG_7743.jpeg","type":"image\/jpeg"}],"author":"Redacci\u00f3n QP","twitter_card":"summary_large_image","twitter_misc":{"Escrito por":"Redacci\u00f3n QP","Tiempo de lectura":"3 minutos"},"schema":{"@context":"https:\/\/schema.org","@graph":[{"@type":"Article","@id":"https:\/\/quehacerpolitico.mx\/?p=112181#article","isPartOf":{"@id":"https:\/\/quehacerpolitico.mx\/?p=112181"},"author":{"name":"Redacci\u00f3n QP","@id":"https:\/\/quehacerpolitico.mx\/#\/schema\/person\/496d8ad2d1d3f8036101dca7ee39e585"},"headline":"Sheinbaum nombra a V\u00edctor Rodr\u00edguez Padilla director de Pemex suceder\u00e1 a\u00a0Octavio Romero Oropeza en el cargo","datePublished":"2024-08-27T00:16:47+00:00","dateModified":"2024-08-27T00:16:50+00:00","mainEntityOfPage":{"@id":"https:\/\/quehacerpolitico.mx\/?p=112181"},"wordCount":523,"commentCount":0,"image":{"@id":"https:\/\/quehacerpolitico.mx\/?p=112181#primaryimage"},"thumbnailUrl":"https:\/\/quehacerpolitico.mx\/wp-content\/uploads\/2024\/08\/IMG_7743.jpeg","articleSection":["Noticias"],"inLanguage":"es","potentialAction":[{"@type":"CommentAction","name":"Comment","target":["https:\/\/quehacerpolitico.mx\/?p=112181#respond"]}]},{"@type":"WebPage","@id":"https:\/\/quehacerpolitico.mx\/?p=112181","url":"https:\/\/quehacerpolitico.mx\/?p=112181","name":"Sheinbaum nombra a V\u00edctor Rodr\u00edguez Padilla director de Pemex suceder\u00e1 a\u00a0Octavio Romero Oropeza en el cargo -","isPartOf":{"@id":"https:\/\/quehacerpolitico.mx\/#website"},"primaryImageOfPage":{"@id":"https:\/\/quehacerpolitico.mx\/?p=112181#primaryimage"},"image":{"@id":"https:\/\/quehacerpolitico.mx\/?p=112181#primaryimage"},"thumbnailUrl":"https:\/\/quehacerpolitico.mx\/wp-content\/uploads\/2024\/08\/IMG_7743.jpeg","datePublished":"2024-08-27T00:16:47+00:00","dateModified":"2024-08-27T00:16:50+00:00","author":{"@id":"https:\/\/quehacerpolitico.mx\/#\/schema\/person\/496d8ad2d1d3f8036101dca7ee39e585"},"breadcrumb":{"@id":"https:\/\/quehacerpolitico.mx\/?p=112181#breadcrumb"},"inLanguage":"es","potentialAction":[{"@type":"ReadAction","target":["https:\/\/quehacerpolitico.mx\/?p=112181"]}]},{"@type":"ImageObject","inLanguage":"es","@id":"https:\/\/quehacerpolitico.mx\/?p=112181#primaryimage","url":"https:\/\/quehacerpolitico.mx\/wp-content\/uploads\/2024\/08\/IMG_7743.jpeg","contentUrl":"https:\/\/quehacerpolitico.mx\/wp-content\/uploads\/2024\/08\/IMG_7743.jpeg","width":2048,"height":2048},{"@type":"BreadcrumbList","@id":"https:\/\/quehacerpolitico.mx\/?p=112181#breadcrumb","itemListElement":[{"@type":"ListItem","position":1,"name":"Inicio","item":"https:\/\/quehacerpolitico.mx\/"},{"@type":"ListItem","position":2,"name":"Sheinbaum nombra a V\u00edctor Rodr\u00edguez Padilla director de Pemex suceder\u00e1 a\u00a0Octavio Romero Oropeza en el cargo"}]},{"@type":"WebSite","@id":"https:\/\/quehacerpolitico.mx\/#website","url":"https:\/\/quehacerpolitico.mx\/","name":"","description":"","potentialAction":[{"@type":"SearchAction","target":{"@type":"EntryPoint","urlTemplate":"https:\/\/quehacerpolitico.mx\/?s={search_term_string}"},"query-input":{"@type":"PropertyValueSpecification","valueRequired":true,"valueName":"search_term_string"}}],"inLanguage":"es"},{"@type":"Person","@id":"https:\/\/quehacerpolitico.mx\/#\/schema\/person\/496d8ad2d1d3f8036101dca7ee39e585","name":"Redacci\u00f3n QP","image":{"@type":"ImageObject","inLanguage":"es","@id":"https:\/\/secure.gravatar.com\/avatar\/c7164ed6fdec453195284ad24a5ae5b6e1eed2b848477fa2a4787ba9adf39a41?s=96&d=mm&r=g","url":"https:\/\/secure.gravatar.com\/avatar\/c7164ed6fdec453195284ad24a5ae5b6e1eed2b848477fa2a4787ba9adf39a41?s=96&d=mm&r=g","contentUrl":"https:\/\/secure.gravatar.com\/avatar\/c7164ed6fdec453195284ad24a5ae5b6e1eed2b848477fa2a4787ba9adf39a41?s=96&d=mm&r=g","caption":"Redacci\u00f3n QP"},"url":"https:\/\/quehacerpolitico.mx\/?author=2"}]}},"featured_image_urls":{"full":["https:\/\/quehacerpolitico.mx\/wp-content\/uploads\/2024\/08\/IMG_7743.jpeg",2048,2048,false],"thumbnail":["https:\/\/quehacerpolitico.mx\/wp-content\/uploads\/2024\/08\/IMG_7743-150x150.jpeg",150,150,true],"medium":["https:\/\/quehacerpolitico.mx\/wp-content\/uploads\/2024\/08\/IMG_7743-300x300.jpeg",300,300,true],"medium_large":["https:\/\/quehacerpolitico.mx\/wp-content\/uploads\/2024\/08\/IMG_7743-768x768.jpeg",640,640,true],"large":["https:\/\/quehacerpolitico.mx\/wp-content\/uploads\/2024\/08\/IMG_7743-1024x1024.jpeg",640,640,true],"1536x1536":["https:\/\/quehacerpolitico.mx\/wp-content\/uploads\/2024\/08\/IMG_7743-1536x1536.jpeg",1536,1536,true],"2048x2048":["https:\/\/quehacerpolitico.mx\/wp-content\/uploads\/2024\/08\/IMG_7743.jpeg",2048,2048,false],"covernews-featured":["https:\/\/quehacerpolitico.mx\/wp-content\/uploads\/2024\/08\/IMG_7743.jpeg",1024,1024,false],"covernews-medium":["https:\/\/quehacerpolitico.mx\/wp-content\/uploads\/2024\/08\/IMG_7743.jpeg",340,340,false]},"author_info":{"display_name":"Redacci\u00f3n QP","author_link":"https:\/\/quehacerpolitico.mx\/?author=2"},"category_info":"<a href=\"https:\/\/quehacerpolitico.mx\/?cat=2\" rel=\"category\">Noticias<\/a>","tag_info":"Noticias","comment_count":"0","_links":{"self":[{"href":"https:\/\/quehacerpolitico.mx\/index.php?rest_route=\/wp\/v2\/posts\/112181","targetHints":{"allow":["GET"]}}],"collection":[{"href":"https:\/\/quehacerpolitico.mx\/index.php?rest_route=\/wp\/v2\/posts"}],"about":[{"href":"https:\/\/quehacerpolitico.mx\/index.php?rest_route=\/wp\/v2\/types\/post"}],"author":[{"embeddable":true,"href":"https:\/\/quehacerpolitico.mx\/index.php?rest_route=\/wp\/v2\/users\/2"}],"replies":[{"embeddable":true,"href":"https:\/\/quehacerpolitico.mx\/index.php?rest_route=%2Fwp%2Fv2%2Fcomments&post=112181"}],"version-history":[{"count":1,"href":"https:\/\/quehacerpolitico.mx\/index.php?rest_route=\/wp\/v2\/posts\/112181\/revisions"}],"predecessor-version":[{"id":112183,"href":"https:\/\/quehacerpolitico.mx\/index.php?rest_route=\/wp\/v2\/posts\/112181\/revisions\/112183"}],"wp:featuredmedia":[{"embeddable":true,"href":"https:\/\/quehacerpolitico.mx\/index.php?rest_route=\/wp\/v2\/media\/112182"}],"wp:attachment":[{"href":"https:\/\/quehacerpolitico.mx\/index.php?rest_route=%2Fwp%2Fv2%2Fmedia&parent=112181"}],"wp:term":[{"taxonomy":"category","embeddable":true,"href":"https:\/\/quehacerpolitico.mx\/index.php?rest_route=%2Fwp%2Fv2%2Fcategories&post=112181"},{"taxonomy":"post_tag","embeddable":true,"href":"https:\/\/quehacerpolitico.mx\/index.php?rest_route=%2Fwp%2Fv2%2Ftags&post=112181"}],"curies":[{"name":"wp","href":"https:\/\/api.w.org\/{rel}","templated":true}]}}