{"id":112170,"date":"2024-08-26T16:47:33","date_gmt":"2024-08-26T16:47:33","guid":{"rendered":"https:\/\/quehacerpolitico.mx\/?p=112170"},"modified":"2024-08-26T16:47:35","modified_gmt":"2024-08-26T16:47:35","slug":"archivo-de-salvador-novo-un-tesoro-por-descubrir","status":"publish","type":"post","link":"https:\/\/quehacerpolitico.mx\/?p=112170","title":{"rendered":"Archivo de Salvador Novo, un tesoro por descubrir"},"content":{"rendered":"\n<p>Por Redacci\u00f3n QP<\/p>\n\n\n\n<p>El\u00a0Centro de Estudios de Historia de M\u00e9xico Carso,\u00a0es el recinto que resguarda un extenso repertorio sobre la vida y obra del\u00a0escritor Salvador Novo<\/p>\n\n\n\n<p>En 1927, a los 21 a\u00f1os, la vida ya le comenzaba a sonre\u00edr al joven escritor Salvador Novo. No s\u00f3lo ya hab\u00eda publicado en M\u00e9xico, en 1925, su libro&nbsp;<strong>\u201cEnsayos\u201d<\/strong>, editado en los Talleres Gr\u00e1ficos de la Naci\u00f3n, que incluye dos grabados de Roberto Montenegro, tambi\u00e9n dirig\u00eda, junto con Xavier Villaurrutia, la revista&nbsp;<strong>\u201cUlises\u201d<\/strong>.<\/p>\n\n\n\n<p>Sin embargo,&nbsp;<strong>esa carrera literaria e intelectual luminosa que ese a\u00f1o lo llev\u00f3 a Estados Unidos, no le imped\u00eda mantener una intensa relaci\u00f3n, mediante correspondencia, con su madre, Amelia L\u00f3pez Espino<\/strong>, a quien en sus cartas llama siempre \u201cMamacita\u201d o \u201cMamacita linda\u201d y&nbsp;<strong>con quien mantuvo una comunicaci\u00f3n permanente y a quien le daba cuenta de sus aventuras, pero tambi\u00e9n, incluso, de las delicias gastron\u00f3micas que descubr\u00eda.<\/strong><\/p>\n\n\n\n<figure class=\"wp-block-image size-full\"><img loading=\"lazy\" decoding=\"async\" width=\"355\" height=\"223\" src=\"https:\/\/quehacerpolitico.mx\/wp-content\/uploads\/2024\/08\/image-58.jpeg\" alt=\"\" class=\"wp-image-112172\" srcset=\"https:\/\/quehacerpolitico.mx\/wp-content\/uploads\/2024\/08\/image-58.jpeg 355w, https:\/\/quehacerpolitico.mx\/wp-content\/uploads\/2024\/08\/image-58-300x188.jpeg 300w, https:\/\/quehacerpolitico.mx\/wp-content\/uploads\/2024\/08\/image-58-232x146.jpeg 232w, https:\/\/quehacerpolitico.mx\/wp-content\/uploads\/2024\/08\/image-58-50x31.jpeg 50w, https:\/\/quehacerpolitico.mx\/wp-content\/uploads\/2024\/08\/image-58-119x75.jpeg 119w\" sizes=\"auto, (max-width: 355px) 100vw, 355px\" \/><\/figure>\n\n\n\n<p>En una carta fechada el 8 de abril de 1927, Salvador Novo escribe: \u201cMamacita: Qui\u00e9n sabe cu\u00e1ndo le llegar\u00e1 esta carta, puesto que s\u00f3lo hay vapor cada ocho d\u00edas. Este escribir sin esperanza de contestaci\u00f3n es triste como un mon\u00f3logo, pero igualmente consolador; espero sin embargo encontrar carta suya en el consulado de San Francisco\u201d.<\/p>\n\n\n\n<p>Esta misiva es una de las casi 300 cartas, postales y notas del poeta, ensayista, cronista e historiador dirigidas a su madre, que resguarda el Centro de Estudios de Historia de M\u00e9xico&nbsp;Carso&nbsp;en el Fondo Salvador Novo.<\/p>\n\n\n\n<p>Entre los&nbsp;<strong>mil 130 documentos que contiene ese fondo, entre correspondencia, fotograf\u00edas, apuntes, postales, mecanuscritos y notas de su pu\u00f1o y letra<\/strong>, que est\u00e1n bajo custodia de ese rico Centro de Estudios, sobresalen las cartas a su madre, as\u00ed como tambi\u00e9n una carta de Xavier Villaurrutia a Salvador Novo fechada en 1936; adem\u00e1s de&nbsp;<strong>una serie de textos para la revista<\/strong><strong>\u201cHoy\u201d<\/strong>, bajo el t\u00edtulo<strong>&nbsp;\u201cCartas a un Amigo\u201d<\/strong>.<\/p>\n\n\n\n<figure class=\"wp-block-image size-full\"><img loading=\"lazy\" decoding=\"async\" width=\"706\" height=\"435\" src=\"https:\/\/quehacerpolitico.mx\/wp-content\/uploads\/2024\/08\/image-62.jpeg\" alt=\"\" class=\"wp-image-112176\" srcset=\"https:\/\/quehacerpolitico.mx\/wp-content\/uploads\/2024\/08\/image-62.jpeg 706w, https:\/\/quehacerpolitico.mx\/wp-content\/uploads\/2024\/08\/image-62-300x185.jpeg 300w, https:\/\/quehacerpolitico.mx\/wp-content\/uploads\/2024\/08\/image-62-237x146.jpeg 237w, https:\/\/quehacerpolitico.mx\/wp-content\/uploads\/2024\/08\/image-62-50x31.jpeg 50w, https:\/\/quehacerpolitico.mx\/wp-content\/uploads\/2024\/08\/image-62-122x75.jpeg 122w\" sizes=\"auto, (max-width: 706px) 100vw, 706px\" \/><\/figure>\n\n\n\n<p>Tambi\u00e9n una gran cantidad de materiales sobre informaci\u00f3n diversa de inter\u00e9s general y de actualidad de la \u00e9poca; textos de teatro, literatura, art\u00edculos, comentarios breves, remembranzas hist\u00f3ricas, an\u00e1lisis y escritos sobre personajes de la pol\u00edtica y la cultura; y ensayos, efem\u00e9rides, vivencias y experiencias personales, en las que tiene un lugar importante la Ciudad de M\u00e9xico.<\/p>\n\n\n\n<figure class=\"wp-block-image size-full\"><img loading=\"lazy\" decoding=\"async\" width=\"706\" height=\"435\" src=\"https:\/\/quehacerpolitico.mx\/wp-content\/uploads\/2024\/08\/image-59.jpeg\" alt=\"\" class=\"wp-image-112173\" srcset=\"https:\/\/quehacerpolitico.mx\/wp-content\/uploads\/2024\/08\/image-59.jpeg 706w, https:\/\/quehacerpolitico.mx\/wp-content\/uploads\/2024\/08\/image-59-300x185.jpeg 300w, https:\/\/quehacerpolitico.mx\/wp-content\/uploads\/2024\/08\/image-59-237x146.jpeg 237w, https:\/\/quehacerpolitico.mx\/wp-content\/uploads\/2024\/08\/image-59-50x31.jpeg 50w, https:\/\/quehacerpolitico.mx\/wp-content\/uploads\/2024\/08\/image-59-122x75.jpeg 122w\" sizes=\"auto, (max-width: 706px) 100vw, 706px\" \/><\/figure>\n\n\n\n<h4 class=\"wp-block-heading\"><strong>Recuerdo de una mente brillante<\/strong><\/h4>\n\n\n\n<p>A prop\u00f3sito de la conmemoraci\u00f3n del 120 aniversario de su nacimiento, que se cumpli\u00f3 el pasado 30 de julio, que coincide este 2024 con los 50 a\u00f1os de su muerte que se cumplieron el 13 de enero pasado,&nbsp;<strong>nos adentramos en \u201clos papeles personales\u201d de Salvador Novo<\/strong>, quien es considerado por Manuel Ramos, director del Centro de Estudios de Historia de M\u00e9xico Carso,&nbsp;<strong>una de las m\u00e1s importantes figuras culturales del M\u00e9xico del siglo XX.<\/strong><\/p>\n\n\n\n<p>Por ello&nbsp;<strong>asumen como un tesoro su archivo personal, que resguardan desde 2006, cuando les fue entregado por la se\u00f1ora Gloria Friscione P\u00e9rez J\u00e1come, quien lo custodiaba en la casa que perteneci\u00f3 a Salvador Novo<\/strong>&nbsp;y que ella compr\u00f3 sin saber que all\u00ed hab\u00edan dejado el archivo personal del escritor.<\/p>\n\n\n\n<p>\u201cEl archivo de Novo obviamente estaba en su casa, \u00e9l viv\u00eda muy cerca de aqu\u00ed; cuando \u00e9l muere el archivo se queda intacto, pero \u00bfqu\u00e9 es lo que normalmente sucede cuando muere un individuo, con testamento o no?, pues que los descendientes lo que buscan es lo que da dinero, que los muebles, que la casa, y de hecho la casa se vendi\u00f3 con todo y el archivo a la familia P\u00e9rez J\u00e1come\u201d.<\/p>\n\n\n\n<figure class=\"wp-block-image size-full\"><img loading=\"lazy\" decoding=\"async\" width=\"627\" height=\"363\" src=\"https:\/\/quehacerpolitico.mx\/wp-content\/uploads\/2024\/08\/image-60.jpeg\" alt=\"\" class=\"wp-image-112174\" srcset=\"https:\/\/quehacerpolitico.mx\/wp-content\/uploads\/2024\/08\/image-60.jpeg 627w, https:\/\/quehacerpolitico.mx\/wp-content\/uploads\/2024\/08\/image-60-300x174.jpeg 300w, https:\/\/quehacerpolitico.mx\/wp-content\/uploads\/2024\/08\/image-60-252x146.jpeg 252w, https:\/\/quehacerpolitico.mx\/wp-content\/uploads\/2024\/08\/image-60-50x29.jpeg 50w, https:\/\/quehacerpolitico.mx\/wp-content\/uploads\/2024\/08\/image-60-130x75.jpeg 130w\" sizes=\"auto, (max-width: 627px) 100vw, 627px\" \/><\/figure>\n\n\n\n<p>\u201cDo\u00f1a Gloria Friscione P\u00e9rez J\u00e1come se dio cuenta que ah\u00ed estaba el archivo de Novo. Cuando la conoc\u00ed me dijo: \u2018Era un tesoro, lo adopt\u00e9 y lo di a conocer\u2019. Ella lo catalog\u00f3 y lo procur\u00f3, porque sab\u00eda el valor tan grande que ten\u00eda el archivo\u201d, cuenta Manuel Ramos.<\/p>\n\n\n\n<p>El Universal<\/p>\n\n\n\n<h4 class=\"wp-block-heading\"><strong>\u00bfC\u00f3mo se divide&nbsp;el acervo del autor?<\/strong><\/h4>\n\n\n\n<p>El Fondo Salvador Novo en el Centro&nbsp;Carso&nbsp;se divide en tres secciones: Antonio L\u00f3pez Mancera, Salvador L\u00f3pez&nbsp;Antu\u00f1ano&nbsp;y Libros \u201cSide&nbsp;Car\u201d.<\/p>\n\n\n\n<p>Rub\u00e9n Mart\u00ednez, jefe del Archivo Hist\u00f3rico del Centro de Estudios de Historia de M\u00e9xico Carso asegura que en&nbsp;<strong>la secci\u00f3n Antonio L\u00f3pez Mancera es donde se encuentra la correspondencia mucho m\u00e1s profesional<\/strong>, incluye materiales que se refieren a la creaci\u00f3n de \u201cLa Capilla\u201d, tiene alguna correspondencia con Xavier Villaurrutia, \u201cpero sobre todo tiene una parte muy sensible, emotiva y personal que son las cartas a su mam\u00e1\u201d.<\/p>\n\n\n\n<p><strong>La Salvador L\u00f3pez Antu\u00f1ano, donada por la se\u00f1ora P\u00e9rez J\u00e1come<\/strong>, es una parte m\u00e1s personal, en el sentido de que es ah\u00ed donde tiene muchas fotograf\u00edas, cartas de sus relaciones amorosas, \u201ces la parte mucho m\u00e1s interesante porque es el personaje\u201d, dice Mart\u00ednez.<\/p>\n\n\n\n<figure class=\"wp-block-image size-full\"><img loading=\"lazy\" decoding=\"async\" width=\"493\" height=\"622\" src=\"https:\/\/quehacerpolitico.mx\/wp-content\/uploads\/2024\/08\/image-61.jpeg\" alt=\"\" class=\"wp-image-112175\" srcset=\"https:\/\/quehacerpolitico.mx\/wp-content\/uploads\/2024\/08\/image-61.jpeg 493w, https:\/\/quehacerpolitico.mx\/wp-content\/uploads\/2024\/08\/image-61-238x300.jpeg 238w, https:\/\/quehacerpolitico.mx\/wp-content\/uploads\/2024\/08\/image-61-116x146.jpeg 116w, https:\/\/quehacerpolitico.mx\/wp-content\/uploads\/2024\/08\/image-61-40x50.jpeg 40w, https:\/\/quehacerpolitico.mx\/wp-content\/uploads\/2024\/08\/image-61-59x75.jpeg 59w\" sizes=\"auto, (max-width: 493px) 100vw, 493px\" \/><\/figure>\n\n\n\n<p>Afirma que&nbsp;<strong>la tercera secci\u00f3n contiene los libros \u201cSide Car\u201d, llamados as\u00ed por Novo<\/strong>, que es como se llamaban los cuadernos. En esos libros tiene sus guiones de teatro, y otras m\u00e1s son los \u00e1lbumes que \u00e9l mismo hizo con recortes de peri\u00f3dico con art\u00edculos sobre \u00e9l. Dos tesoros muy ic\u00f3nicos de la personalidad de Novo que tambi\u00e9n resguardan son sus anillos, de grandes piedras, y sus pelucas pixies, no as\u00ed los m\u00edticos chalecos, que aunque los buscaron para integrarlos al Fondo, no los consiguieron.<\/p>\n","protected":false},"excerpt":{"rendered":"<p>Por Redacci\u00f3n QP El\u00a0Centro de Estudios de Historia de M\u00e9xico Carso,\u00a0es el recinto que resguarda&#8230;<\/p>\n","protected":false},"author":2,"featured_media":112171,"comment_status":"open","ping_status":"open","sticky":false,"template":"","format":"standard","meta":{"_monsterinsights_skip_tracking":false,"_monsterinsights_sitenote_active":false,"_monsterinsights_sitenote_note":"","_monsterinsights_sitenote_category":0,"footnotes":""},"categories":[58],"tags":[],"class_list":["post-112170","post","type-post","status-publish","format-standard","has-post-thumbnail","hentry","category-cultura"],"yoast_head":"<!-- This site is optimized with the Yoast SEO plugin v27.3 - https:\/\/yoast.com\/product\/yoast-seo-wordpress\/ -->\n<title>Archivo de Salvador Novo, un tesoro por descubrir -<\/title>\n<meta name=\"robots\" content=\"index, follow, max-snippet:-1, max-image-preview:large, max-video-preview:-1\" \/>\n<link rel=\"canonical\" href=\"https:\/\/quehacerpolitico.mx\/?p=112170\" \/>\n<meta property=\"og:locale\" content=\"es_MX\" \/>\n<meta property=\"og:type\" content=\"article\" \/>\n<meta property=\"og:title\" content=\"Archivo de Salvador Novo, un tesoro por descubrir -\" \/>\n<meta property=\"og:description\" content=\"Por Redacci\u00f3n QP El\u00a0Centro de Estudios de Historia de M\u00e9xico Carso,\u00a0es el recinto que resguarda...\" \/>\n<meta property=\"og:url\" content=\"https:\/\/quehacerpolitico.mx\/?p=112170\" \/>\n<meta property=\"article:published_time\" content=\"2024-08-26T16:47:33+00:00\" \/>\n<meta property=\"article:modified_time\" content=\"2024-08-26T16:47:35+00:00\" \/>\n<meta property=\"og:image\" content=\"https:\/\/quehacerpolitico.mx\/wp-content\/uploads\/2024\/08\/IMG_7732.jpeg\" \/>\n\t<meta property=\"og:image:width\" content=\"678\" \/>\n\t<meta property=\"og:image:height\" content=\"452\" \/>\n\t<meta property=\"og:image:type\" content=\"image\/jpeg\" \/>\n<meta name=\"author\" content=\"Redacci\u00f3n QP\" \/>\n<meta name=\"twitter:card\" content=\"summary_large_image\" \/>\n<meta name=\"twitter:label1\" content=\"Escrito por\" \/>\n\t<meta name=\"twitter:data1\" content=\"Redacci\u00f3n QP\" \/>\n\t<meta name=\"twitter:label2\" content=\"Tiempo de lectura\" \/>\n\t<meta name=\"twitter:data2\" content=\"5 minutos\" \/>\n<script type=\"application\/ld+json\" class=\"yoast-schema-graph\">{\"@context\":\"https:\\\/\\\/schema.org\",\"@graph\":[{\"@type\":\"Article\",\"@id\":\"https:\\\/\\\/quehacerpolitico.mx\\\/?p=112170#article\",\"isPartOf\":{\"@id\":\"https:\\\/\\\/quehacerpolitico.mx\\\/?p=112170\"},\"author\":{\"name\":\"Redacci\u00f3n QP\",\"@id\":\"https:\\\/\\\/quehacerpolitico.mx\\\/#\\\/schema\\\/person\\\/496d8ad2d1d3f8036101dca7ee39e585\"},\"headline\":\"Archivo de Salvador Novo, un tesoro por descubrir\",\"datePublished\":\"2024-08-26T16:47:33+00:00\",\"dateModified\":\"2024-08-26T16:47:35+00:00\",\"mainEntityOfPage\":{\"@id\":\"https:\\\/\\\/quehacerpolitico.mx\\\/?p=112170\"},\"wordCount\":949,\"commentCount\":0,\"image\":{\"@id\":\"https:\\\/\\\/quehacerpolitico.mx\\\/?p=112170#primaryimage\"},\"thumbnailUrl\":\"https:\\\/\\\/quehacerpolitico.mx\\\/wp-content\\\/uploads\\\/2024\\\/08\\\/IMG_7732.jpeg\",\"articleSection\":[\"Cultura y Entretenimiento\"],\"inLanguage\":\"es\",\"potentialAction\":[{\"@type\":\"CommentAction\",\"name\":\"Comment\",\"target\":[\"https:\\\/\\\/quehacerpolitico.mx\\\/?p=112170#respond\"]}]},{\"@type\":\"WebPage\",\"@id\":\"https:\\\/\\\/quehacerpolitico.mx\\\/?p=112170\",\"url\":\"https:\\\/\\\/quehacerpolitico.mx\\\/?p=112170\",\"name\":\"Archivo de Salvador Novo, un tesoro por descubrir -\",\"isPartOf\":{\"@id\":\"https:\\\/\\\/quehacerpolitico.mx\\\/#website\"},\"primaryImageOfPage\":{\"@id\":\"https:\\\/\\\/quehacerpolitico.mx\\\/?p=112170#primaryimage\"},\"image\":{\"@id\":\"https:\\\/\\\/quehacerpolitico.mx\\\/?p=112170#primaryimage\"},\"thumbnailUrl\":\"https:\\\/\\\/quehacerpolitico.mx\\\/wp-content\\\/uploads\\\/2024\\\/08\\\/IMG_7732.jpeg\",\"datePublished\":\"2024-08-26T16:47:33+00:00\",\"dateModified\":\"2024-08-26T16:47:35+00:00\",\"author\":{\"@id\":\"https:\\\/\\\/quehacerpolitico.mx\\\/#\\\/schema\\\/person\\\/496d8ad2d1d3f8036101dca7ee39e585\"},\"breadcrumb\":{\"@id\":\"https:\\\/\\\/quehacerpolitico.mx\\\/?p=112170#breadcrumb\"},\"inLanguage\":\"es\",\"potentialAction\":[{\"@type\":\"ReadAction\",\"target\":[\"https:\\\/\\\/quehacerpolitico.mx\\\/?p=112170\"]}]},{\"@type\":\"ImageObject\",\"inLanguage\":\"es\",\"@id\":\"https:\\\/\\\/quehacerpolitico.mx\\\/?p=112170#primaryimage\",\"url\":\"https:\\\/\\\/quehacerpolitico.mx\\\/wp-content\\\/uploads\\\/2024\\\/08\\\/IMG_7732.jpeg\",\"contentUrl\":\"https:\\\/\\\/quehacerpolitico.mx\\\/wp-content\\\/uploads\\\/2024\\\/08\\\/IMG_7732.jpeg\",\"width\":678,\"height\":452},{\"@type\":\"BreadcrumbList\",\"@id\":\"https:\\\/\\\/quehacerpolitico.mx\\\/?p=112170#breadcrumb\",\"itemListElement\":[{\"@type\":\"ListItem\",\"position\":1,\"name\":\"Inicio\",\"item\":\"https:\\\/\\\/quehacerpolitico.mx\\\/\"},{\"@type\":\"ListItem\",\"position\":2,\"name\":\"Archivo de Salvador Novo, un tesoro por descubrir\"}]},{\"@type\":\"WebSite\",\"@id\":\"https:\\\/\\\/quehacerpolitico.mx\\\/#website\",\"url\":\"https:\\\/\\\/quehacerpolitico.mx\\\/\",\"name\":\"\",\"description\":\"\",\"potentialAction\":[{\"@type\":\"SearchAction\",\"target\":{\"@type\":\"EntryPoint\",\"urlTemplate\":\"https:\\\/\\\/quehacerpolitico.mx\\\/?s={search_term_string}\"},\"query-input\":{\"@type\":\"PropertyValueSpecification\",\"valueRequired\":true,\"valueName\":\"search_term_string\"}}],\"inLanguage\":\"es\"},{\"@type\":\"Person\",\"@id\":\"https:\\\/\\\/quehacerpolitico.mx\\\/#\\\/schema\\\/person\\\/496d8ad2d1d3f8036101dca7ee39e585\",\"name\":\"Redacci\u00f3n QP\",\"image\":{\"@type\":\"ImageObject\",\"inLanguage\":\"es\",\"@id\":\"https:\\\/\\\/secure.gravatar.com\\\/avatar\\\/c7164ed6fdec453195284ad24a5ae5b6e1eed2b848477fa2a4787ba9adf39a41?s=96&d=mm&r=g\",\"url\":\"https:\\\/\\\/secure.gravatar.com\\\/avatar\\\/c7164ed6fdec453195284ad24a5ae5b6e1eed2b848477fa2a4787ba9adf39a41?s=96&d=mm&r=g\",\"contentUrl\":\"https:\\\/\\\/secure.gravatar.com\\\/avatar\\\/c7164ed6fdec453195284ad24a5ae5b6e1eed2b848477fa2a4787ba9adf39a41?s=96&d=mm&r=g\",\"caption\":\"Redacci\u00f3n QP\"},\"url\":\"https:\\\/\\\/quehacerpolitico.mx\\\/?author=2\"}]}<\/script>\n<!-- \/ Yoast SEO plugin. -->","yoast_head_json":{"title":"Archivo de Salvador Novo, un tesoro por descubrir -","robots":{"index":"index","follow":"follow","max-snippet":"max-snippet:-1","max-image-preview":"max-image-preview:large","max-video-preview":"max-video-preview:-1"},"canonical":"https:\/\/quehacerpolitico.mx\/?p=112170","og_locale":"es_MX","og_type":"article","og_title":"Archivo de Salvador Novo, un tesoro por descubrir -","og_description":"Por Redacci\u00f3n QP El\u00a0Centro de Estudios de Historia de M\u00e9xico Carso,\u00a0es el recinto que resguarda...","og_url":"https:\/\/quehacerpolitico.mx\/?p=112170","article_published_time":"2024-08-26T16:47:33+00:00","article_modified_time":"2024-08-26T16:47:35+00:00","og_image":[{"width":678,"height":452,"url":"https:\/\/quehacerpolitico.mx\/wp-content\/uploads\/2024\/08\/IMG_7732.jpeg","type":"image\/jpeg"}],"author":"Redacci\u00f3n QP","twitter_card":"summary_large_image","twitter_misc":{"Escrito por":"Redacci\u00f3n QP","Tiempo de lectura":"5 minutos"},"schema":{"@context":"https:\/\/schema.org","@graph":[{"@type":"Article","@id":"https:\/\/quehacerpolitico.mx\/?p=112170#article","isPartOf":{"@id":"https:\/\/quehacerpolitico.mx\/?p=112170"},"author":{"name":"Redacci\u00f3n QP","@id":"https:\/\/quehacerpolitico.mx\/#\/schema\/person\/496d8ad2d1d3f8036101dca7ee39e585"},"headline":"Archivo de Salvador Novo, un tesoro por descubrir","datePublished":"2024-08-26T16:47:33+00:00","dateModified":"2024-08-26T16:47:35+00:00","mainEntityOfPage":{"@id":"https:\/\/quehacerpolitico.mx\/?p=112170"},"wordCount":949,"commentCount":0,"image":{"@id":"https:\/\/quehacerpolitico.mx\/?p=112170#primaryimage"},"thumbnailUrl":"https:\/\/quehacerpolitico.mx\/wp-content\/uploads\/2024\/08\/IMG_7732.jpeg","articleSection":["Cultura y Entretenimiento"],"inLanguage":"es","potentialAction":[{"@type":"CommentAction","name":"Comment","target":["https:\/\/quehacerpolitico.mx\/?p=112170#respond"]}]},{"@type":"WebPage","@id":"https:\/\/quehacerpolitico.mx\/?p=112170","url":"https:\/\/quehacerpolitico.mx\/?p=112170","name":"Archivo de Salvador Novo, un tesoro por descubrir -","isPartOf":{"@id":"https:\/\/quehacerpolitico.mx\/#website"},"primaryImageOfPage":{"@id":"https:\/\/quehacerpolitico.mx\/?p=112170#primaryimage"},"image":{"@id":"https:\/\/quehacerpolitico.mx\/?p=112170#primaryimage"},"thumbnailUrl":"https:\/\/quehacerpolitico.mx\/wp-content\/uploads\/2024\/08\/IMG_7732.jpeg","datePublished":"2024-08-26T16:47:33+00:00","dateModified":"2024-08-26T16:47:35+00:00","author":{"@id":"https:\/\/quehacerpolitico.mx\/#\/schema\/person\/496d8ad2d1d3f8036101dca7ee39e585"},"breadcrumb":{"@id":"https:\/\/quehacerpolitico.mx\/?p=112170#breadcrumb"},"inLanguage":"es","potentialAction":[{"@type":"ReadAction","target":["https:\/\/quehacerpolitico.mx\/?p=112170"]}]},{"@type":"ImageObject","inLanguage":"es","@id":"https:\/\/quehacerpolitico.mx\/?p=112170#primaryimage","url":"https:\/\/quehacerpolitico.mx\/wp-content\/uploads\/2024\/08\/IMG_7732.jpeg","contentUrl":"https:\/\/quehacerpolitico.mx\/wp-content\/uploads\/2024\/08\/IMG_7732.jpeg","width":678,"height":452},{"@type":"BreadcrumbList","@id":"https:\/\/quehacerpolitico.mx\/?p=112170#breadcrumb","itemListElement":[{"@type":"ListItem","position":1,"name":"Inicio","item":"https:\/\/quehacerpolitico.mx\/"},{"@type":"ListItem","position":2,"name":"Archivo de Salvador Novo, un tesoro por descubrir"}]},{"@type":"WebSite","@id":"https:\/\/quehacerpolitico.mx\/#website","url":"https:\/\/quehacerpolitico.mx\/","name":"","description":"","potentialAction":[{"@type":"SearchAction","target":{"@type":"EntryPoint","urlTemplate":"https:\/\/quehacerpolitico.mx\/?s={search_term_string}"},"query-input":{"@type":"PropertyValueSpecification","valueRequired":true,"valueName":"search_term_string"}}],"inLanguage":"es"},{"@type":"Person","@id":"https:\/\/quehacerpolitico.mx\/#\/schema\/person\/496d8ad2d1d3f8036101dca7ee39e585","name":"Redacci\u00f3n QP","image":{"@type":"ImageObject","inLanguage":"es","@id":"https:\/\/secure.gravatar.com\/avatar\/c7164ed6fdec453195284ad24a5ae5b6e1eed2b848477fa2a4787ba9adf39a41?s=96&d=mm&r=g","url":"https:\/\/secure.gravatar.com\/avatar\/c7164ed6fdec453195284ad24a5ae5b6e1eed2b848477fa2a4787ba9adf39a41?s=96&d=mm&r=g","contentUrl":"https:\/\/secure.gravatar.com\/avatar\/c7164ed6fdec453195284ad24a5ae5b6e1eed2b848477fa2a4787ba9adf39a41?s=96&d=mm&r=g","caption":"Redacci\u00f3n QP"},"url":"https:\/\/quehacerpolitico.mx\/?author=2"}]}},"featured_image_urls":{"full":["https:\/\/quehacerpolitico.mx\/wp-content\/uploads\/2024\/08\/IMG_7732.jpeg",678,452,false],"thumbnail":["https:\/\/quehacerpolitico.mx\/wp-content\/uploads\/2024\/08\/IMG_7732-150x150.jpeg",150,150,true],"medium":["https:\/\/quehacerpolitico.mx\/wp-content\/uploads\/2024\/08\/IMG_7732-300x200.jpeg",300,200,true],"medium_large":["https:\/\/quehacerpolitico.mx\/wp-content\/uploads\/2024\/08\/IMG_7732.jpeg",640,427,false],"large":["https:\/\/quehacerpolitico.mx\/wp-content\/uploads\/2024\/08\/IMG_7732.jpeg",640,427,false],"1536x1536":["https:\/\/quehacerpolitico.mx\/wp-content\/uploads\/2024\/08\/IMG_7732.jpeg",678,452,false],"2048x2048":["https:\/\/quehacerpolitico.mx\/wp-content\/uploads\/2024\/08\/IMG_7732.jpeg",678,452,false],"covernews-featured":["https:\/\/quehacerpolitico.mx\/wp-content\/uploads\/2024\/08\/IMG_7732.jpeg",678,452,false],"covernews-medium":["https:\/\/quehacerpolitico.mx\/wp-content\/uploads\/2024\/08\/IMG_7732.jpeg",510,340,false]},"author_info":{"display_name":"Redacci\u00f3n QP","author_link":"https:\/\/quehacerpolitico.mx\/?author=2"},"category_info":"<a href=\"https:\/\/quehacerpolitico.mx\/?cat=58\" rel=\"category\">Cultura y Entretenimiento<\/a>","tag_info":"Cultura y Entretenimiento","comment_count":"0","_links":{"self":[{"href":"https:\/\/quehacerpolitico.mx\/index.php?rest_route=\/wp\/v2\/posts\/112170","targetHints":{"allow":["GET"]}}],"collection":[{"href":"https:\/\/quehacerpolitico.mx\/index.php?rest_route=\/wp\/v2\/posts"}],"about":[{"href":"https:\/\/quehacerpolitico.mx\/index.php?rest_route=\/wp\/v2\/types\/post"}],"author":[{"embeddable":true,"href":"https:\/\/quehacerpolitico.mx\/index.php?rest_route=\/wp\/v2\/users\/2"}],"replies":[{"embeddable":true,"href":"https:\/\/quehacerpolitico.mx\/index.php?rest_route=%2Fwp%2Fv2%2Fcomments&post=112170"}],"version-history":[{"count":1,"href":"https:\/\/quehacerpolitico.mx\/index.php?rest_route=\/wp\/v2\/posts\/112170\/revisions"}],"predecessor-version":[{"id":112177,"href":"https:\/\/quehacerpolitico.mx\/index.php?rest_route=\/wp\/v2\/posts\/112170\/revisions\/112177"}],"wp:featuredmedia":[{"embeddable":true,"href":"https:\/\/quehacerpolitico.mx\/index.php?rest_route=\/wp\/v2\/media\/112171"}],"wp:attachment":[{"href":"https:\/\/quehacerpolitico.mx\/index.php?rest_route=%2Fwp%2Fv2%2Fmedia&parent=112170"}],"wp:term":[{"taxonomy":"category","embeddable":true,"href":"https:\/\/quehacerpolitico.mx\/index.php?rest_route=%2Fwp%2Fv2%2Fcategories&post=112170"},{"taxonomy":"post_tag","embeddable":true,"href":"https:\/\/quehacerpolitico.mx\/index.php?rest_route=%2Fwp%2Fv2%2Ftags&post=112170"}],"curies":[{"name":"wp","href":"https:\/\/api.w.org\/{rel}","templated":true}]}}