{"id":112129,"date":"2024-08-25T21:05:32","date_gmt":"2024-08-25T21:05:32","guid":{"rendered":"https:\/\/quehacerpolitico.mx\/?p=112129"},"modified":"2024-08-25T21:05:34","modified_gmt":"2024-08-25T21:05:34","slug":"dan-con-la-finca-donde-secuestraron-a-el-mayo-zambada-y-asesinaron-a-cuen","status":"publish","type":"post","link":"https:\/\/quehacerpolitico.mx\/?p=112129","title":{"rendered":"Dan con la finca donde secuestraron a \u201cEl Mayo\u201d Zambada y asesinaron a Cu\u00e9n"},"content":{"rendered":"\n<p>Por Redacci\u00f3n QP<\/p>\n\n\n\n<p>Autoridades obtuvieron evidencia de que en ese sitio tambi\u00e9n fue asesinado H\u00e9ctor Melesio Cuen Ojeda.<\/p>\n\n\n\n<p>Seg\u00fan la Fiscal\u00eda General de la Rep\u00fablica, esta es la&nbsp;<strong>finca donde secuestraron a \u201cEl Mayo\u201d Zambada<\/strong>&nbsp;para entregarlo a las autoridades de Estados Unidos el pasado jueves 25 de julio.<\/p>\n\n\n\n<p>De acuerdo con la informaci\u00f3n del medio&nbsp;<strong>Los Noticieristas<\/strong>, este es el inmueble donde, presuntamente, secuestraron a&nbsp;&nbsp;<strong>Ismael \u2018El Mayo\u2019 Zambada<\/strong>&nbsp;la tarde del d\u00eda jueves 25 de julio. Luego, se entreg\u00f3 a las autoridades estadounidenses.<\/p>\n\n\n\n<p>En este lugar, las autoridades obtuvieron evidencias ah\u00ed fue&nbsp; asesinado el exrector de la Universidad Aut\u00f3noma de Sinaloa,&nbsp;<strong>H\u00e9ctor Melesio Cu\u00e9n Ojeda<\/strong>.<\/p>\n\n\n\n<p>Periodistas de\u00a0<strong>Los Noticieristas<\/strong>\u00a0recorrieron la finca y obtuvieron im\u00e1genes terrestres y a\u00e9reas. El lugar recibe el nombre de\u00a0<strong>finca San Juli\u00e1n<\/strong>\u00a0y se localiza al lado derecho, al final de la avenida principal de la zona de campestres y en las inmediaciones de la comisar\u00eda de Bellavista, perteneciente a la\u00a0<strong>sindicatura de Culiacancito, en Sinaloa<\/strong>.<\/p>\n\n\n\n<figure class=\"wp-block-image size-large\"><img loading=\"lazy\" decoding=\"async\" width=\"1024\" height=\"576\" src=\"https:\/\/quehacerpolitico.mx\/wp-content\/uploads\/2024\/08\/image-53-1024x576.jpeg\" alt=\"\" class=\"wp-image-112134\" srcset=\"https:\/\/quehacerpolitico.mx\/wp-content\/uploads\/2024\/08\/image-53-1024x576.jpeg 1024w, https:\/\/quehacerpolitico.mx\/wp-content\/uploads\/2024\/08\/image-53-300x169.jpeg 300w, https:\/\/quehacerpolitico.mx\/wp-content\/uploads\/2024\/08\/image-53-768x432.jpeg 768w, https:\/\/quehacerpolitico.mx\/wp-content\/uploads\/2024\/08\/image-53-260x146.jpeg 260w, https:\/\/quehacerpolitico.mx\/wp-content\/uploads\/2024\/08\/image-53-50x28.jpeg 50w, https:\/\/quehacerpolitico.mx\/wp-content\/uploads\/2024\/08\/image-53-133x75.jpeg 133w, https:\/\/quehacerpolitico.mx\/wp-content\/uploads\/2024\/08\/image-53-1200x675.jpeg 1200w, https:\/\/quehacerpolitico.mx\/wp-content\/uploads\/2024\/08\/image-53.jpeg 1536w\" sizes=\"auto, (max-width: 1024px) 100vw, 1024px\" \/><\/figure>\n\n\n\n<figure class=\"wp-block-image size-large\"><img loading=\"lazy\" decoding=\"async\" width=\"1024\" height=\"576\" src=\"https:\/\/quehacerpolitico.mx\/wp-content\/uploads\/2024\/08\/image-52-1024x576.jpeg\" alt=\"\" class=\"wp-image-112133\" srcset=\"https:\/\/quehacerpolitico.mx\/wp-content\/uploads\/2024\/08\/image-52-1024x576.jpeg 1024w, https:\/\/quehacerpolitico.mx\/wp-content\/uploads\/2024\/08\/image-52-300x169.jpeg 300w, https:\/\/quehacerpolitico.mx\/wp-content\/uploads\/2024\/08\/image-52-768x432.jpeg 768w, https:\/\/quehacerpolitico.mx\/wp-content\/uploads\/2024\/08\/image-52-260x146.jpeg 260w, https:\/\/quehacerpolitico.mx\/wp-content\/uploads\/2024\/08\/image-52-50x28.jpeg 50w, https:\/\/quehacerpolitico.mx\/wp-content\/uploads\/2024\/08\/image-52-133x75.jpeg 133w, https:\/\/quehacerpolitico.mx\/wp-content\/uploads\/2024\/08\/image-52-1200x675.jpeg 1200w, https:\/\/quehacerpolitico.mx\/wp-content\/uploads\/2024\/08\/image-52.jpeg 1536w\" sizes=\"auto, (max-width: 1024px) 100vw, 1024px\" \/><\/figure>\n\n\n\n<figure class=\"wp-block-image size-large\"><img loading=\"lazy\" decoding=\"async\" width=\"1024\" height=\"576\" src=\"https:\/\/quehacerpolitico.mx\/wp-content\/uploads\/2024\/08\/image-51-1024x576.jpeg\" alt=\"\" class=\"wp-image-112132\" srcset=\"https:\/\/quehacerpolitico.mx\/wp-content\/uploads\/2024\/08\/image-51-1024x576.jpeg 1024w, https:\/\/quehacerpolitico.mx\/wp-content\/uploads\/2024\/08\/image-51-300x169.jpeg 300w, https:\/\/quehacerpolitico.mx\/wp-content\/uploads\/2024\/08\/image-51-768x432.jpeg 768w, https:\/\/quehacerpolitico.mx\/wp-content\/uploads\/2024\/08\/image-51-260x146.jpeg 260w, https:\/\/quehacerpolitico.mx\/wp-content\/uploads\/2024\/08\/image-51-50x28.jpeg 50w, https:\/\/quehacerpolitico.mx\/wp-content\/uploads\/2024\/08\/image-51-133x75.jpeg 133w, https:\/\/quehacerpolitico.mx\/wp-content\/uploads\/2024\/08\/image-51.jpeg 1140w\" sizes=\"auto, (max-width: 1024px) 100vw, 1024px\" \/><\/figure>\n\n\n\n<figure class=\"wp-block-image size-large\"><img loading=\"lazy\" decoding=\"async\" width=\"1024\" height=\"576\" src=\"https:\/\/quehacerpolitico.mx\/wp-content\/uploads\/2024\/08\/image-50-1024x576.jpeg\" alt=\"\" class=\"wp-image-112131\" srcset=\"https:\/\/quehacerpolitico.mx\/wp-content\/uploads\/2024\/08\/image-50-1024x576.jpeg 1024w, https:\/\/quehacerpolitico.mx\/wp-content\/uploads\/2024\/08\/image-50-300x169.jpeg 300w, https:\/\/quehacerpolitico.mx\/wp-content\/uploads\/2024\/08\/image-50-768x432.jpeg 768w, https:\/\/quehacerpolitico.mx\/wp-content\/uploads\/2024\/08\/image-50-260x146.jpeg 260w, https:\/\/quehacerpolitico.mx\/wp-content\/uploads\/2024\/08\/image-50-50x28.jpeg 50w, https:\/\/quehacerpolitico.mx\/wp-content\/uploads\/2024\/08\/image-50-133x75.jpeg 133w, https:\/\/quehacerpolitico.mx\/wp-content\/uploads\/2024\/08\/image-50.jpeg 1140w\" sizes=\"auto, (max-width: 1024px) 100vw, 1024px\" \/><\/figure>\n\n\n\n<p>Est\u00e1 protegida por una cerca electrificada en la parte superior, cuenta con portones de seguridad, una alberca, palapas, asadores y un jard\u00edn.<\/p>\n\n\n\n<p>En la rampa de acceso a la entrada principal del lugar, se pueden apreciar a\u00fan algunas<strong>&nbsp;manchas de sangre seca<\/strong>. Hasta ahora s\u00f3lo se confirma la presencia de elementos de la Agencia de Investigaci\u00f3n Criminal en unidades oficiales, esperando cualquier evento o suceso y tambi\u00e9n en espera de documentos oficiales para continuar con las investigaciones en este inmueble.<\/p>\n","protected":false},"excerpt":{"rendered":"<p>Por Redacci\u00f3n QP Autoridades obtuvieron evidencia de que en ese sitio tambi\u00e9n fue asesinado H\u00e9ctor&#8230;<\/p>\n","protected":false},"author":2,"featured_media":112130,"comment_status":"open","ping_status":"open","sticky":false,"template":"","format":"standard","meta":{"_monsterinsights_skip_tracking":false,"_monsterinsights_sitenote_active":false,"_monsterinsights_sitenote_note":"","_monsterinsights_sitenote_category":0,"footnotes":""},"categories":[2],"tags":[],"class_list":["post-112129","post","type-post","status-publish","format-standard","has-post-thumbnail","hentry","category-noticias"],"yoast_head":"<!-- This site is optimized with the Yoast SEO plugin v27.3 - https:\/\/yoast.com\/product\/yoast-seo-wordpress\/ -->\n<title>Dan con la finca donde secuestraron a \u201cEl Mayo\u201d Zambada y asesinaron a Cu\u00e9n -<\/title>\n<meta name=\"robots\" content=\"index, follow, max-snippet:-1, max-image-preview:large, max-video-preview:-1\" \/>\n<link rel=\"canonical\" href=\"https:\/\/quehacerpolitico.mx\/?p=112129\" \/>\n<meta property=\"og:locale\" content=\"es_MX\" \/>\n<meta property=\"og:type\" content=\"article\" \/>\n<meta property=\"og:title\" content=\"Dan con la finca donde secuestraron a \u201cEl Mayo\u201d Zambada y asesinaron a Cu\u00e9n -\" \/>\n<meta property=\"og:description\" content=\"Por Redacci\u00f3n QP Autoridades obtuvieron evidencia de que en ese sitio tambi\u00e9n fue asesinado H\u00e9ctor...\" \/>\n<meta property=\"og:url\" content=\"https:\/\/quehacerpolitico.mx\/?p=112129\" \/>\n<meta property=\"article:published_time\" content=\"2024-08-25T21:05:32+00:00\" \/>\n<meta property=\"article:modified_time\" content=\"2024-08-25T21:05:34+00:00\" \/>\n<meta property=\"og:image\" content=\"https:\/\/quehacerpolitico.mx\/wp-content\/uploads\/2024\/08\/IMG_7676.jpeg\" \/>\n\t<meta property=\"og:image:width\" content=\"1024\" \/>\n\t<meta property=\"og:image:height\" content=\"768\" \/>\n\t<meta property=\"og:image:type\" content=\"image\/jpeg\" \/>\n<meta name=\"author\" content=\"Redacci\u00f3n QP\" \/>\n<meta name=\"twitter:card\" content=\"summary_large_image\" \/>\n<meta name=\"twitter:label1\" content=\"Escrito por\" \/>\n\t<meta name=\"twitter:data1\" content=\"Redacci\u00f3n QP\" \/>\n\t<meta name=\"twitter:label2\" content=\"Tiempo de lectura\" \/>\n\t<meta name=\"twitter:data2\" content=\"1 minuto\" \/>\n<script type=\"application\/ld+json\" class=\"yoast-schema-graph\">{\"@context\":\"https:\\\/\\\/schema.org\",\"@graph\":[{\"@type\":\"Article\",\"@id\":\"https:\\\/\\\/quehacerpolitico.mx\\\/?p=112129#article\",\"isPartOf\":{\"@id\":\"https:\\\/\\\/quehacerpolitico.mx\\\/?p=112129\"},\"author\":{\"name\":\"Redacci\u00f3n QP\",\"@id\":\"https:\\\/\\\/quehacerpolitico.mx\\\/#\\\/schema\\\/person\\\/496d8ad2d1d3f8036101dca7ee39e585\"},\"headline\":\"Dan con la finca donde secuestraron a \u201cEl Mayo\u201d Zambada y asesinaron a Cu\u00e9n\",\"datePublished\":\"2024-08-25T21:05:32+00:00\",\"dateModified\":\"2024-08-25T21:05:34+00:00\",\"mainEntityOfPage\":{\"@id\":\"https:\\\/\\\/quehacerpolitico.mx\\\/?p=112129\"},\"wordCount\":285,\"commentCount\":0,\"image\":{\"@id\":\"https:\\\/\\\/quehacerpolitico.mx\\\/?p=112129#primaryimage\"},\"thumbnailUrl\":\"https:\\\/\\\/quehacerpolitico.mx\\\/wp-content\\\/uploads\\\/2024\\\/08\\\/IMG_7676.jpeg\",\"articleSection\":[\"Noticias\"],\"inLanguage\":\"es\",\"potentialAction\":[{\"@type\":\"CommentAction\",\"name\":\"Comment\",\"target\":[\"https:\\\/\\\/quehacerpolitico.mx\\\/?p=112129#respond\"]}]},{\"@type\":\"WebPage\",\"@id\":\"https:\\\/\\\/quehacerpolitico.mx\\\/?p=112129\",\"url\":\"https:\\\/\\\/quehacerpolitico.mx\\\/?p=112129\",\"name\":\"Dan con la finca donde secuestraron a \u201cEl Mayo\u201d Zambada y asesinaron a Cu\u00e9n -\",\"isPartOf\":{\"@id\":\"https:\\\/\\\/quehacerpolitico.mx\\\/#website\"},\"primaryImageOfPage\":{\"@id\":\"https:\\\/\\\/quehacerpolitico.mx\\\/?p=112129#primaryimage\"},\"image\":{\"@id\":\"https:\\\/\\\/quehacerpolitico.mx\\\/?p=112129#primaryimage\"},\"thumbnailUrl\":\"https:\\\/\\\/quehacerpolitico.mx\\\/wp-content\\\/uploads\\\/2024\\\/08\\\/IMG_7676.jpeg\",\"datePublished\":\"2024-08-25T21:05:32+00:00\",\"dateModified\":\"2024-08-25T21:05:34+00:00\",\"author\":{\"@id\":\"https:\\\/\\\/quehacerpolitico.mx\\\/#\\\/schema\\\/person\\\/496d8ad2d1d3f8036101dca7ee39e585\"},\"breadcrumb\":{\"@id\":\"https:\\\/\\\/quehacerpolitico.mx\\\/?p=112129#breadcrumb\"},\"inLanguage\":\"es\",\"potentialAction\":[{\"@type\":\"ReadAction\",\"target\":[\"https:\\\/\\\/quehacerpolitico.mx\\\/?p=112129\"]}]},{\"@type\":\"ImageObject\",\"inLanguage\":\"es\",\"@id\":\"https:\\\/\\\/quehacerpolitico.mx\\\/?p=112129#primaryimage\",\"url\":\"https:\\\/\\\/quehacerpolitico.mx\\\/wp-content\\\/uploads\\\/2024\\\/08\\\/IMG_7676.jpeg\",\"contentUrl\":\"https:\\\/\\\/quehacerpolitico.mx\\\/wp-content\\\/uploads\\\/2024\\\/08\\\/IMG_7676.jpeg\",\"width\":1024,\"height\":768},{\"@type\":\"BreadcrumbList\",\"@id\":\"https:\\\/\\\/quehacerpolitico.mx\\\/?p=112129#breadcrumb\",\"itemListElement\":[{\"@type\":\"ListItem\",\"position\":1,\"name\":\"Inicio\",\"item\":\"https:\\\/\\\/quehacerpolitico.mx\\\/\"},{\"@type\":\"ListItem\",\"position\":2,\"name\":\"Dan con la finca donde secuestraron a \u201cEl Mayo\u201d Zambada y asesinaron a Cu\u00e9n\"}]},{\"@type\":\"WebSite\",\"@id\":\"https:\\\/\\\/quehacerpolitico.mx\\\/#website\",\"url\":\"https:\\\/\\\/quehacerpolitico.mx\\\/\",\"name\":\"\",\"description\":\"\",\"potentialAction\":[{\"@type\":\"SearchAction\",\"target\":{\"@type\":\"EntryPoint\",\"urlTemplate\":\"https:\\\/\\\/quehacerpolitico.mx\\\/?s={search_term_string}\"},\"query-input\":{\"@type\":\"PropertyValueSpecification\",\"valueRequired\":true,\"valueName\":\"search_term_string\"}}],\"inLanguage\":\"es\"},{\"@type\":\"Person\",\"@id\":\"https:\\\/\\\/quehacerpolitico.mx\\\/#\\\/schema\\\/person\\\/496d8ad2d1d3f8036101dca7ee39e585\",\"name\":\"Redacci\u00f3n QP\",\"image\":{\"@type\":\"ImageObject\",\"inLanguage\":\"es\",\"@id\":\"https:\\\/\\\/secure.gravatar.com\\\/avatar\\\/c7164ed6fdec453195284ad24a5ae5b6e1eed2b848477fa2a4787ba9adf39a41?s=96&d=mm&r=g\",\"url\":\"https:\\\/\\\/secure.gravatar.com\\\/avatar\\\/c7164ed6fdec453195284ad24a5ae5b6e1eed2b848477fa2a4787ba9adf39a41?s=96&d=mm&r=g\",\"contentUrl\":\"https:\\\/\\\/secure.gravatar.com\\\/avatar\\\/c7164ed6fdec453195284ad24a5ae5b6e1eed2b848477fa2a4787ba9adf39a41?s=96&d=mm&r=g\",\"caption\":\"Redacci\u00f3n QP\"},\"url\":\"https:\\\/\\\/quehacerpolitico.mx\\\/?author=2\"}]}<\/script>\n<!-- \/ Yoast SEO plugin. -->","yoast_head_json":{"title":"Dan con la finca donde secuestraron a \u201cEl Mayo\u201d Zambada y asesinaron a Cu\u00e9n -","robots":{"index":"index","follow":"follow","max-snippet":"max-snippet:-1","max-image-preview":"max-image-preview:large","max-video-preview":"max-video-preview:-1"},"canonical":"https:\/\/quehacerpolitico.mx\/?p=112129","og_locale":"es_MX","og_type":"article","og_title":"Dan con la finca donde secuestraron a \u201cEl Mayo\u201d Zambada y asesinaron a Cu\u00e9n -","og_description":"Por Redacci\u00f3n QP Autoridades obtuvieron evidencia de que en ese sitio tambi\u00e9n fue asesinado H\u00e9ctor...","og_url":"https:\/\/quehacerpolitico.mx\/?p=112129","article_published_time":"2024-08-25T21:05:32+00:00","article_modified_time":"2024-08-25T21:05:34+00:00","og_image":[{"width":1024,"height":768,"url":"https:\/\/quehacerpolitico.mx\/wp-content\/uploads\/2024\/08\/IMG_7676.jpeg","type":"image\/jpeg"}],"author":"Redacci\u00f3n QP","twitter_card":"summary_large_image","twitter_misc":{"Escrito por":"Redacci\u00f3n QP","Tiempo de lectura":"1 minuto"},"schema":{"@context":"https:\/\/schema.org","@graph":[{"@type":"Article","@id":"https:\/\/quehacerpolitico.mx\/?p=112129#article","isPartOf":{"@id":"https:\/\/quehacerpolitico.mx\/?p=112129"},"author":{"name":"Redacci\u00f3n QP","@id":"https:\/\/quehacerpolitico.mx\/#\/schema\/person\/496d8ad2d1d3f8036101dca7ee39e585"},"headline":"Dan con la finca donde secuestraron a \u201cEl Mayo\u201d Zambada y asesinaron a Cu\u00e9n","datePublished":"2024-08-25T21:05:32+00:00","dateModified":"2024-08-25T21:05:34+00:00","mainEntityOfPage":{"@id":"https:\/\/quehacerpolitico.mx\/?p=112129"},"wordCount":285,"commentCount":0,"image":{"@id":"https:\/\/quehacerpolitico.mx\/?p=112129#primaryimage"},"thumbnailUrl":"https:\/\/quehacerpolitico.mx\/wp-content\/uploads\/2024\/08\/IMG_7676.jpeg","articleSection":["Noticias"],"inLanguage":"es","potentialAction":[{"@type":"CommentAction","name":"Comment","target":["https:\/\/quehacerpolitico.mx\/?p=112129#respond"]}]},{"@type":"WebPage","@id":"https:\/\/quehacerpolitico.mx\/?p=112129","url":"https:\/\/quehacerpolitico.mx\/?p=112129","name":"Dan con la finca donde secuestraron a \u201cEl Mayo\u201d Zambada y asesinaron a Cu\u00e9n -","isPartOf":{"@id":"https:\/\/quehacerpolitico.mx\/#website"},"primaryImageOfPage":{"@id":"https:\/\/quehacerpolitico.mx\/?p=112129#primaryimage"},"image":{"@id":"https:\/\/quehacerpolitico.mx\/?p=112129#primaryimage"},"thumbnailUrl":"https:\/\/quehacerpolitico.mx\/wp-content\/uploads\/2024\/08\/IMG_7676.jpeg","datePublished":"2024-08-25T21:05:32+00:00","dateModified":"2024-08-25T21:05:34+00:00","author":{"@id":"https:\/\/quehacerpolitico.mx\/#\/schema\/person\/496d8ad2d1d3f8036101dca7ee39e585"},"breadcrumb":{"@id":"https:\/\/quehacerpolitico.mx\/?p=112129#breadcrumb"},"inLanguage":"es","potentialAction":[{"@type":"ReadAction","target":["https:\/\/quehacerpolitico.mx\/?p=112129"]}]},{"@type":"ImageObject","inLanguage":"es","@id":"https:\/\/quehacerpolitico.mx\/?p=112129#primaryimage","url":"https:\/\/quehacerpolitico.mx\/wp-content\/uploads\/2024\/08\/IMG_7676.jpeg","contentUrl":"https:\/\/quehacerpolitico.mx\/wp-content\/uploads\/2024\/08\/IMG_7676.jpeg","width":1024,"height":768},{"@type":"BreadcrumbList","@id":"https:\/\/quehacerpolitico.mx\/?p=112129#breadcrumb","itemListElement":[{"@type":"ListItem","position":1,"name":"Inicio","item":"https:\/\/quehacerpolitico.mx\/"},{"@type":"ListItem","position":2,"name":"Dan con la finca donde secuestraron a \u201cEl Mayo\u201d Zambada y asesinaron a Cu\u00e9n"}]},{"@type":"WebSite","@id":"https:\/\/quehacerpolitico.mx\/#website","url":"https:\/\/quehacerpolitico.mx\/","name":"","description":"","potentialAction":[{"@type":"SearchAction","target":{"@type":"EntryPoint","urlTemplate":"https:\/\/quehacerpolitico.mx\/?s={search_term_string}"},"query-input":{"@type":"PropertyValueSpecification","valueRequired":true,"valueName":"search_term_string"}}],"inLanguage":"es"},{"@type":"Person","@id":"https:\/\/quehacerpolitico.mx\/#\/schema\/person\/496d8ad2d1d3f8036101dca7ee39e585","name":"Redacci\u00f3n QP","image":{"@type":"ImageObject","inLanguage":"es","@id":"https:\/\/secure.gravatar.com\/avatar\/c7164ed6fdec453195284ad24a5ae5b6e1eed2b848477fa2a4787ba9adf39a41?s=96&d=mm&r=g","url":"https:\/\/secure.gravatar.com\/avatar\/c7164ed6fdec453195284ad24a5ae5b6e1eed2b848477fa2a4787ba9adf39a41?s=96&d=mm&r=g","contentUrl":"https:\/\/secure.gravatar.com\/avatar\/c7164ed6fdec453195284ad24a5ae5b6e1eed2b848477fa2a4787ba9adf39a41?s=96&d=mm&r=g","caption":"Redacci\u00f3n QP"},"url":"https:\/\/quehacerpolitico.mx\/?author=2"}]}},"featured_image_urls":{"full":["https:\/\/quehacerpolitico.mx\/wp-content\/uploads\/2024\/08\/IMG_7676.jpeg",1024,768,false],"thumbnail":["https:\/\/quehacerpolitico.mx\/wp-content\/uploads\/2024\/08\/IMG_7676-150x150.jpeg",150,150,true],"medium":["https:\/\/quehacerpolitico.mx\/wp-content\/uploads\/2024\/08\/IMG_7676-300x225.jpeg",300,225,true],"medium_large":["https:\/\/quehacerpolitico.mx\/wp-content\/uploads\/2024\/08\/IMG_7676-768x576.jpeg",640,480,true],"large":["https:\/\/quehacerpolitico.mx\/wp-content\/uploads\/2024\/08\/IMG_7676.jpeg",640,480,false],"1536x1536":["https:\/\/quehacerpolitico.mx\/wp-content\/uploads\/2024\/08\/IMG_7676.jpeg",1024,768,false],"2048x2048":["https:\/\/quehacerpolitico.mx\/wp-content\/uploads\/2024\/08\/IMG_7676.jpeg",1024,768,false],"covernews-featured":["https:\/\/quehacerpolitico.mx\/wp-content\/uploads\/2024\/08\/IMG_7676.jpeg",1024,768,false],"covernews-medium":["https:\/\/quehacerpolitico.mx\/wp-content\/uploads\/2024\/08\/IMG_7676.jpeg",453,340,false]},"author_info":{"display_name":"Redacci\u00f3n QP","author_link":"https:\/\/quehacerpolitico.mx\/?author=2"},"category_info":"<a href=\"https:\/\/quehacerpolitico.mx\/?cat=2\" rel=\"category\">Noticias<\/a>","tag_info":"Noticias","comment_count":"0","_links":{"self":[{"href":"https:\/\/quehacerpolitico.mx\/index.php?rest_route=\/wp\/v2\/posts\/112129","targetHints":{"allow":["GET"]}}],"collection":[{"href":"https:\/\/quehacerpolitico.mx\/index.php?rest_route=\/wp\/v2\/posts"}],"about":[{"href":"https:\/\/quehacerpolitico.mx\/index.php?rest_route=\/wp\/v2\/types\/post"}],"author":[{"embeddable":true,"href":"https:\/\/quehacerpolitico.mx\/index.php?rest_route=\/wp\/v2\/users\/2"}],"replies":[{"embeddable":true,"href":"https:\/\/quehacerpolitico.mx\/index.php?rest_route=%2Fwp%2Fv2%2Fcomments&post=112129"}],"version-history":[{"count":1,"href":"https:\/\/quehacerpolitico.mx\/index.php?rest_route=\/wp\/v2\/posts\/112129\/revisions"}],"predecessor-version":[{"id":112135,"href":"https:\/\/quehacerpolitico.mx\/index.php?rest_route=\/wp\/v2\/posts\/112129\/revisions\/112135"}],"wp:featuredmedia":[{"embeddable":true,"href":"https:\/\/quehacerpolitico.mx\/index.php?rest_route=\/wp\/v2\/media\/112130"}],"wp:attachment":[{"href":"https:\/\/quehacerpolitico.mx\/index.php?rest_route=%2Fwp%2Fv2%2Fmedia&parent=112129"}],"wp:term":[{"taxonomy":"category","embeddable":true,"href":"https:\/\/quehacerpolitico.mx\/index.php?rest_route=%2Fwp%2Fv2%2Fcategories&post=112129"},{"taxonomy":"post_tag","embeddable":true,"href":"https:\/\/quehacerpolitico.mx\/index.php?rest_route=%2Fwp%2Fv2%2Ftags&post=112129"}],"curies":[{"name":"wp","href":"https:\/\/api.w.org\/{rel}","templated":true}]}}