{"id":112126,"date":"2024-08-25T20:32:32","date_gmt":"2024-08-25T20:32:32","guid":{"rendered":"https:\/\/quehacerpolitico.mx\/?p=112126"},"modified":"2024-08-25T20:32:35","modified_gmt":"2024-08-25T20:32:35","slug":"y-tu-ya-compraste-los-utiles-para-este-regreso-a-clases","status":"publish","type":"post","link":"https:\/\/quehacerpolitico.mx\/?p=112126","title":{"rendered":"y t\u00fa ya compraste los \u00fatiles para este regreso a clases?"},"content":{"rendered":"\n<p>Por Redacci\u00f3n QP<\/p>\n\n\n\n<p>Marcas de origen chino provocan que entre m\u00e1s producto al mercado y que clientes opten por el precio m\u00e1s barato en vez de por la calidad<\/p>\n\n\n\n<p>Familias y comerciantes en M\u00e9xico vencen la&nbsp;<strong>inflaci\u00f3n<\/strong>&nbsp;en los&nbsp;<strong>\u00fatiles escolares<\/strong>&nbsp;pese a los&nbsp;<strong>\u00edndices inflacionarios<\/strong>&nbsp;que registra el pa\u00eds en el \u00faltimo a\u00f1o, seg\u00fan dicen en preparaci\u00f3n del curso educativo que arranca este lunes, cuando 24 millones de alumnos vuelven a clases.<\/p>\n\n\n\n<p>\u201cEste a\u00f1o hay una saturaci\u00f3n de much\u00edsimas marcas, lo que ha hecho que todos los precios bajen bastante, ahora hay much\u00edsimas marcas nuevas que est\u00e1n invadiendo el mercado y la competencia por ganar este mercado ha hecho que bajen los precios\u201d, explica Edgar Jim\u00e9nez, due\u00f1o de una papeler\u00eda mayorista en Ciudad de M\u00e9xico.<\/p>\n\n\n\n<figure class=\"wp-block-image\" id=\"attachment_1646212\"><a href=\"https:\/\/i0.wp.com\/lopezdoriga.com\/wp-content\/uploads\/2024\/08\/compra-de-utiles-escolares-en-cdmx.jpg?ssl=1\" target=\"_blank\" rel=\"noreferrer noopener\"><img decoding=\"async\" src=\"https:\/\/i0.wp.com\/lopezdoriga.com\/wp-content\/uploads\/2024\/08\/compra-de-utiles-escolares-en-cdmx.jpg?resize=1024%2C724&amp;ssl=1\" alt=\"Comerciantes y familias vencen la inflaci\u00f3n en el regreso a clases - compra-de-utiles-escolares-en-cdmx-1024x724\" class=\"wp-image-1646212\" title=\"\"\/><\/a><figcaption class=\"wp-element-caption\">Compra de \u00fatiles escolares en la CDMX. Foto de EFE\/ Mario Guzm\u00e1n<\/figcaption><\/figure>\n\n\n\n<p>M\u00e9xico registr\u00f3\u00a0en julio la inflaci\u00f3n m\u00e1s alta en 14 meses, de un 5.57 por ciento, con el rubro de educaci\u00f3n como el tercero m\u00e1s encarecido (6.37 por ciento).<\/p>\n\n\n\n<p>Pero el vendedor percibe una rebaja entre el 20 y 30 por ciento respecto al curso escolar anterior gracias a la competencia.<\/p>\n\n\n\n<p>No obstante, seg\u00fan Jim\u00e9nez, esto no se ha traducido en un aumento de ventas para el sector, donde han entrado muchas marcas de origen chino que han provocado que entre mucho m\u00e1s producto al mercado y que clientes con\u00a0lista de \u00fatiles y \u201csin conocimientos\u201d opten por el precio m\u00e1s barato en vez de por la calidad.<\/p>\n\n\n\n<p>Cris, una madre que porta la bolsa de la compra de \u00fatiles educativas para su hija, cuenta que no ha visto gran diferencia entre los precios de un a\u00f1o a otro, pero que s\u00ed han subido con respecto al mes anterior.<\/p>\n\n\n\n<p>\u201cVine hace como un mes y han subido como 40 o 50 pesos en este mismo a\u00f1o\u201d, se\u00f1al\u00f3 la madre, quien reconoci\u00f3 que venir en estas fechas, justo antes de la apertura del curso, siempre supone un incremento en el costo.<\/p>\n\n\n\n<figure class=\"wp-block-embed is-type-video is-provider-youtube wp-block-embed-youtube wp-embed-aspect-16-9 wp-has-aspect-ratio\"><div class=\"wp-block-embed__wrapper\">\n<iframe loading=\"lazy\" title=\"Comprando mis \u00fatiles escolares 2024\" width=\"640\" height=\"360\" src=\"https:\/\/www.youtube.com\/embed\/97ykOvV1R3I?feature=oembed\" frameborder=\"0\" allow=\"accelerometer; autoplay; clipboard-write; encrypted-media; gyroscope; picture-in-picture; web-share\" referrerpolicy=\"strict-origin-when-cross-origin\" allowfullscreen><\/iframe>\n<\/div><\/figure>\n\n\n\n<p>Carlos S\u00e1nchez, propietario de una papeler\u00eda minorista con 10 a\u00f1os de antig\u00fcedad en la calle Mesones, en el centro de la capital mexicana, se\u00f1ala que las ventas \u201cvan bien\u201d, confirma que los precios se han mantenido y alude al uso de la beca que ofrece la Ciudad de M\u00e9xico a usuarios de escuelas p\u00fablicas.<\/p>\n\n\n\n<p>\u201cHan tenido un buen efecto en las compras, es una ayuda para varios\u201d, explica S\u00e1nchez.<\/p>\n\n\n\n<p>En la misma l\u00ednea se sit\u00faa Arturo Hern\u00e1ndez, due\u00f1o de otra papeler\u00eda cerca del Z\u00f3calo capitalino, donde se\u00f1ala que los precios \u201cse han mantenido\u201d, lo que achaca a la estabilidad del d\u00f3lar estadounidense.<\/p>\n\n\n\n<p>\u201cCon la tarjeta que da el Gobierno en esta entidad, la gente viene y consume sin tener que sacar de su bolsa\u201d, comenta Hern\u00e1ndez, quien cree que la llegada de la beca ha hecho que los padres y madres no escatimen en gastos para sus hijos.<\/p>\n\n\n\n<p>Se refieren a \u2018Mi Beca para Empezar\u2019, un programa social implementado por el Gobierno de la Ciudad de M\u00e9xico para apoyar econ\u00f3micamente a los estudiantes de nivel b\u00e1sico (preescolar, primaria y secundaria) que asisten a escuelas p\u00fablicas.<\/p>\n\n\n\n<p>No todas las voces consultadas por este medio concordaron con las anteriores, como es el caso de Elsa, quien acude a comprar materiales para sus dos hijos.<\/p>\n\n\n\n<p>\u201cSi subieron un poco, no mucho, unos 5 o diez pesos\u201d se\u00f1ala la madre, quien afirma que esto har\u00e1 que no compre extras sino lo estrictamente necesario.<\/p>\n\n\n\n<p>Con informaci\u00f3n de EFE<\/p>\n","protected":false},"excerpt":{"rendered":"<p>Por Redacci\u00f3n QP Marcas de origen chino provocan que entre m\u00e1s producto al mercado y&#8230;<\/p>\n","protected":false},"author":2,"featured_media":112127,"comment_status":"open","ping_status":"open","sticky":false,"template":"","format":"standard","meta":{"_monsterinsights_skip_tracking":false,"_monsterinsights_sitenote_active":false,"_monsterinsights_sitenote_note":"","_monsterinsights_sitenote_category":0,"footnotes":""},"categories":[2],"tags":[],"class_list":["post-112126","post","type-post","status-publish","format-standard","has-post-thumbnail","hentry","category-noticias"],"yoast_head":"<!-- This site is optimized with the Yoast SEO plugin v27.3 - https:\/\/yoast.com\/product\/yoast-seo-wordpress\/ -->\n<title>y t\u00fa ya compraste los \u00fatiles para este regreso a clases? -<\/title>\n<meta name=\"robots\" content=\"index, follow, max-snippet:-1, max-image-preview:large, max-video-preview:-1\" \/>\n<link rel=\"canonical\" href=\"https:\/\/quehacerpolitico.mx\/?p=112126\" \/>\n<meta property=\"og:locale\" content=\"es_MX\" \/>\n<meta property=\"og:type\" content=\"article\" \/>\n<meta property=\"og:title\" content=\"y t\u00fa ya compraste los \u00fatiles para este regreso a clases? -\" \/>\n<meta property=\"og:description\" content=\"Por Redacci\u00f3n QP Marcas de origen chino provocan que entre m\u00e1s producto al mercado y...\" \/>\n<meta property=\"og:url\" content=\"https:\/\/quehacerpolitico.mx\/?p=112126\" \/>\n<meta property=\"article:published_time\" content=\"2024-08-25T20:32:32+00:00\" \/>\n<meta property=\"article:modified_time\" content=\"2024-08-25T20:32:35+00:00\" \/>\n<meta property=\"og:image\" content=\"https:\/\/quehacerpolitico.mx\/wp-content\/uploads\/2024\/08\/IMG_7671.jpeg\" \/>\n\t<meta property=\"og:image:width\" content=\"495\" \/>\n\t<meta property=\"og:image:height\" content=\"370\" \/>\n\t<meta property=\"og:image:type\" content=\"image\/jpeg\" \/>\n<meta name=\"author\" content=\"Redacci\u00f3n QP\" \/>\n<meta name=\"twitter:card\" content=\"summary_large_image\" \/>\n<meta name=\"twitter:label1\" content=\"Escrito por\" \/>\n\t<meta name=\"twitter:data1\" content=\"Redacci\u00f3n QP\" \/>\n\t<meta name=\"twitter:label2\" content=\"Tiempo de lectura\" \/>\n\t<meta name=\"twitter:data2\" content=\"3 minutos\" \/>\n<script type=\"application\/ld+json\" class=\"yoast-schema-graph\">{\"@context\":\"https:\\\/\\\/schema.org\",\"@graph\":[{\"@type\":\"Article\",\"@id\":\"https:\\\/\\\/quehacerpolitico.mx\\\/?p=112126#article\",\"isPartOf\":{\"@id\":\"https:\\\/\\\/quehacerpolitico.mx\\\/?p=112126\"},\"author\":{\"name\":\"Redacci\u00f3n QP\",\"@id\":\"https:\\\/\\\/quehacerpolitico.mx\\\/#\\\/schema\\\/person\\\/496d8ad2d1d3f8036101dca7ee39e585\"},\"headline\":\"y t\u00fa ya compraste los \u00fatiles para este regreso a clases?\",\"datePublished\":\"2024-08-25T20:32:32+00:00\",\"dateModified\":\"2024-08-25T20:32:35+00:00\",\"mainEntityOfPage\":{\"@id\":\"https:\\\/\\\/quehacerpolitico.mx\\\/?p=112126\"},\"wordCount\":642,\"commentCount\":0,\"image\":{\"@id\":\"https:\\\/\\\/quehacerpolitico.mx\\\/?p=112126#primaryimage\"},\"thumbnailUrl\":\"https:\\\/\\\/quehacerpolitico.mx\\\/wp-content\\\/uploads\\\/2024\\\/08\\\/IMG_7671.jpeg\",\"articleSection\":[\"Noticias\"],\"inLanguage\":\"es\",\"potentialAction\":[{\"@type\":\"CommentAction\",\"name\":\"Comment\",\"target\":[\"https:\\\/\\\/quehacerpolitico.mx\\\/?p=112126#respond\"]}]},{\"@type\":\"WebPage\",\"@id\":\"https:\\\/\\\/quehacerpolitico.mx\\\/?p=112126\",\"url\":\"https:\\\/\\\/quehacerpolitico.mx\\\/?p=112126\",\"name\":\"y t\u00fa ya compraste los \u00fatiles para este regreso a clases? -\",\"isPartOf\":{\"@id\":\"https:\\\/\\\/quehacerpolitico.mx\\\/#website\"},\"primaryImageOfPage\":{\"@id\":\"https:\\\/\\\/quehacerpolitico.mx\\\/?p=112126#primaryimage\"},\"image\":{\"@id\":\"https:\\\/\\\/quehacerpolitico.mx\\\/?p=112126#primaryimage\"},\"thumbnailUrl\":\"https:\\\/\\\/quehacerpolitico.mx\\\/wp-content\\\/uploads\\\/2024\\\/08\\\/IMG_7671.jpeg\",\"datePublished\":\"2024-08-25T20:32:32+00:00\",\"dateModified\":\"2024-08-25T20:32:35+00:00\",\"author\":{\"@id\":\"https:\\\/\\\/quehacerpolitico.mx\\\/#\\\/schema\\\/person\\\/496d8ad2d1d3f8036101dca7ee39e585\"},\"breadcrumb\":{\"@id\":\"https:\\\/\\\/quehacerpolitico.mx\\\/?p=112126#breadcrumb\"},\"inLanguage\":\"es\",\"potentialAction\":[{\"@type\":\"ReadAction\",\"target\":[\"https:\\\/\\\/quehacerpolitico.mx\\\/?p=112126\"]}]},{\"@type\":\"ImageObject\",\"inLanguage\":\"es\",\"@id\":\"https:\\\/\\\/quehacerpolitico.mx\\\/?p=112126#primaryimage\",\"url\":\"https:\\\/\\\/quehacerpolitico.mx\\\/wp-content\\\/uploads\\\/2024\\\/08\\\/IMG_7671.jpeg\",\"contentUrl\":\"https:\\\/\\\/quehacerpolitico.mx\\\/wp-content\\\/uploads\\\/2024\\\/08\\\/IMG_7671.jpeg\",\"width\":495,\"height\":370},{\"@type\":\"BreadcrumbList\",\"@id\":\"https:\\\/\\\/quehacerpolitico.mx\\\/?p=112126#breadcrumb\",\"itemListElement\":[{\"@type\":\"ListItem\",\"position\":1,\"name\":\"Inicio\",\"item\":\"https:\\\/\\\/quehacerpolitico.mx\\\/\"},{\"@type\":\"ListItem\",\"position\":2,\"name\":\"y t\u00fa ya compraste los \u00fatiles para este regreso a clases?\"}]},{\"@type\":\"WebSite\",\"@id\":\"https:\\\/\\\/quehacerpolitico.mx\\\/#website\",\"url\":\"https:\\\/\\\/quehacerpolitico.mx\\\/\",\"name\":\"\",\"description\":\"\",\"potentialAction\":[{\"@type\":\"SearchAction\",\"target\":{\"@type\":\"EntryPoint\",\"urlTemplate\":\"https:\\\/\\\/quehacerpolitico.mx\\\/?s={search_term_string}\"},\"query-input\":{\"@type\":\"PropertyValueSpecification\",\"valueRequired\":true,\"valueName\":\"search_term_string\"}}],\"inLanguage\":\"es\"},{\"@type\":\"Person\",\"@id\":\"https:\\\/\\\/quehacerpolitico.mx\\\/#\\\/schema\\\/person\\\/496d8ad2d1d3f8036101dca7ee39e585\",\"name\":\"Redacci\u00f3n QP\",\"image\":{\"@type\":\"ImageObject\",\"inLanguage\":\"es\",\"@id\":\"https:\\\/\\\/secure.gravatar.com\\\/avatar\\\/c7164ed6fdec453195284ad24a5ae5b6e1eed2b848477fa2a4787ba9adf39a41?s=96&d=mm&r=g\",\"url\":\"https:\\\/\\\/secure.gravatar.com\\\/avatar\\\/c7164ed6fdec453195284ad24a5ae5b6e1eed2b848477fa2a4787ba9adf39a41?s=96&d=mm&r=g\",\"contentUrl\":\"https:\\\/\\\/secure.gravatar.com\\\/avatar\\\/c7164ed6fdec453195284ad24a5ae5b6e1eed2b848477fa2a4787ba9adf39a41?s=96&d=mm&r=g\",\"caption\":\"Redacci\u00f3n QP\"},\"url\":\"https:\\\/\\\/quehacerpolitico.mx\\\/?author=2\"}]}<\/script>\n<!-- \/ Yoast SEO plugin. -->","yoast_head_json":{"title":"y t\u00fa ya compraste los \u00fatiles para este regreso a clases? -","robots":{"index":"index","follow":"follow","max-snippet":"max-snippet:-1","max-image-preview":"max-image-preview:large","max-video-preview":"max-video-preview:-1"},"canonical":"https:\/\/quehacerpolitico.mx\/?p=112126","og_locale":"es_MX","og_type":"article","og_title":"y t\u00fa ya compraste los \u00fatiles para este regreso a clases? -","og_description":"Por Redacci\u00f3n QP Marcas de origen chino provocan que entre m\u00e1s producto al mercado y...","og_url":"https:\/\/quehacerpolitico.mx\/?p=112126","article_published_time":"2024-08-25T20:32:32+00:00","article_modified_time":"2024-08-25T20:32:35+00:00","og_image":[{"width":495,"height":370,"url":"https:\/\/quehacerpolitico.mx\/wp-content\/uploads\/2024\/08\/IMG_7671.jpeg","type":"image\/jpeg"}],"author":"Redacci\u00f3n QP","twitter_card":"summary_large_image","twitter_misc":{"Escrito por":"Redacci\u00f3n QP","Tiempo de lectura":"3 minutos"},"schema":{"@context":"https:\/\/schema.org","@graph":[{"@type":"Article","@id":"https:\/\/quehacerpolitico.mx\/?p=112126#article","isPartOf":{"@id":"https:\/\/quehacerpolitico.mx\/?p=112126"},"author":{"name":"Redacci\u00f3n QP","@id":"https:\/\/quehacerpolitico.mx\/#\/schema\/person\/496d8ad2d1d3f8036101dca7ee39e585"},"headline":"y t\u00fa ya compraste los \u00fatiles para este regreso a clases?","datePublished":"2024-08-25T20:32:32+00:00","dateModified":"2024-08-25T20:32:35+00:00","mainEntityOfPage":{"@id":"https:\/\/quehacerpolitico.mx\/?p=112126"},"wordCount":642,"commentCount":0,"image":{"@id":"https:\/\/quehacerpolitico.mx\/?p=112126#primaryimage"},"thumbnailUrl":"https:\/\/quehacerpolitico.mx\/wp-content\/uploads\/2024\/08\/IMG_7671.jpeg","articleSection":["Noticias"],"inLanguage":"es","potentialAction":[{"@type":"CommentAction","name":"Comment","target":["https:\/\/quehacerpolitico.mx\/?p=112126#respond"]}]},{"@type":"WebPage","@id":"https:\/\/quehacerpolitico.mx\/?p=112126","url":"https:\/\/quehacerpolitico.mx\/?p=112126","name":"y t\u00fa ya compraste los \u00fatiles para este regreso a clases? -","isPartOf":{"@id":"https:\/\/quehacerpolitico.mx\/#website"},"primaryImageOfPage":{"@id":"https:\/\/quehacerpolitico.mx\/?p=112126#primaryimage"},"image":{"@id":"https:\/\/quehacerpolitico.mx\/?p=112126#primaryimage"},"thumbnailUrl":"https:\/\/quehacerpolitico.mx\/wp-content\/uploads\/2024\/08\/IMG_7671.jpeg","datePublished":"2024-08-25T20:32:32+00:00","dateModified":"2024-08-25T20:32:35+00:00","author":{"@id":"https:\/\/quehacerpolitico.mx\/#\/schema\/person\/496d8ad2d1d3f8036101dca7ee39e585"},"breadcrumb":{"@id":"https:\/\/quehacerpolitico.mx\/?p=112126#breadcrumb"},"inLanguage":"es","potentialAction":[{"@type":"ReadAction","target":["https:\/\/quehacerpolitico.mx\/?p=112126"]}]},{"@type":"ImageObject","inLanguage":"es","@id":"https:\/\/quehacerpolitico.mx\/?p=112126#primaryimage","url":"https:\/\/quehacerpolitico.mx\/wp-content\/uploads\/2024\/08\/IMG_7671.jpeg","contentUrl":"https:\/\/quehacerpolitico.mx\/wp-content\/uploads\/2024\/08\/IMG_7671.jpeg","width":495,"height":370},{"@type":"BreadcrumbList","@id":"https:\/\/quehacerpolitico.mx\/?p=112126#breadcrumb","itemListElement":[{"@type":"ListItem","position":1,"name":"Inicio","item":"https:\/\/quehacerpolitico.mx\/"},{"@type":"ListItem","position":2,"name":"y t\u00fa ya compraste los \u00fatiles para este regreso a clases?"}]},{"@type":"WebSite","@id":"https:\/\/quehacerpolitico.mx\/#website","url":"https:\/\/quehacerpolitico.mx\/","name":"","description":"","potentialAction":[{"@type":"SearchAction","target":{"@type":"EntryPoint","urlTemplate":"https:\/\/quehacerpolitico.mx\/?s={search_term_string}"},"query-input":{"@type":"PropertyValueSpecification","valueRequired":true,"valueName":"search_term_string"}}],"inLanguage":"es"},{"@type":"Person","@id":"https:\/\/quehacerpolitico.mx\/#\/schema\/person\/496d8ad2d1d3f8036101dca7ee39e585","name":"Redacci\u00f3n QP","image":{"@type":"ImageObject","inLanguage":"es","@id":"https:\/\/secure.gravatar.com\/avatar\/c7164ed6fdec453195284ad24a5ae5b6e1eed2b848477fa2a4787ba9adf39a41?s=96&d=mm&r=g","url":"https:\/\/secure.gravatar.com\/avatar\/c7164ed6fdec453195284ad24a5ae5b6e1eed2b848477fa2a4787ba9adf39a41?s=96&d=mm&r=g","contentUrl":"https:\/\/secure.gravatar.com\/avatar\/c7164ed6fdec453195284ad24a5ae5b6e1eed2b848477fa2a4787ba9adf39a41?s=96&d=mm&r=g","caption":"Redacci\u00f3n QP"},"url":"https:\/\/quehacerpolitico.mx\/?author=2"}]}},"featured_image_urls":{"full":["https:\/\/quehacerpolitico.mx\/wp-content\/uploads\/2024\/08\/IMG_7671.jpeg",495,370,false],"thumbnail":["https:\/\/quehacerpolitico.mx\/wp-content\/uploads\/2024\/08\/IMG_7671-150x150.jpeg",150,150,true],"medium":["https:\/\/quehacerpolitico.mx\/wp-content\/uploads\/2024\/08\/IMG_7671-300x224.jpeg",300,224,true],"medium_large":["https:\/\/quehacerpolitico.mx\/wp-content\/uploads\/2024\/08\/IMG_7671.jpeg",495,370,false],"large":["https:\/\/quehacerpolitico.mx\/wp-content\/uploads\/2024\/08\/IMG_7671.jpeg",495,370,false],"1536x1536":["https:\/\/quehacerpolitico.mx\/wp-content\/uploads\/2024\/08\/IMG_7671.jpeg",495,370,false],"2048x2048":["https:\/\/quehacerpolitico.mx\/wp-content\/uploads\/2024\/08\/IMG_7671.jpeg",495,370,false],"covernews-featured":["https:\/\/quehacerpolitico.mx\/wp-content\/uploads\/2024\/08\/IMG_7671.jpeg",495,370,false],"covernews-medium":["https:\/\/quehacerpolitico.mx\/wp-content\/uploads\/2024\/08\/IMG_7671.jpeg",455,340,false]},"author_info":{"display_name":"Redacci\u00f3n QP","author_link":"https:\/\/quehacerpolitico.mx\/?author=2"},"category_info":"<a href=\"https:\/\/quehacerpolitico.mx\/?cat=2\" rel=\"category\">Noticias<\/a>","tag_info":"Noticias","comment_count":"0","_links":{"self":[{"href":"https:\/\/quehacerpolitico.mx\/index.php?rest_route=\/wp\/v2\/posts\/112126","targetHints":{"allow":["GET"]}}],"collection":[{"href":"https:\/\/quehacerpolitico.mx\/index.php?rest_route=\/wp\/v2\/posts"}],"about":[{"href":"https:\/\/quehacerpolitico.mx\/index.php?rest_route=\/wp\/v2\/types\/post"}],"author":[{"embeddable":true,"href":"https:\/\/quehacerpolitico.mx\/index.php?rest_route=\/wp\/v2\/users\/2"}],"replies":[{"embeddable":true,"href":"https:\/\/quehacerpolitico.mx\/index.php?rest_route=%2Fwp%2Fv2%2Fcomments&post=112126"}],"version-history":[{"count":1,"href":"https:\/\/quehacerpolitico.mx\/index.php?rest_route=\/wp\/v2\/posts\/112126\/revisions"}],"predecessor-version":[{"id":112128,"href":"https:\/\/quehacerpolitico.mx\/index.php?rest_route=\/wp\/v2\/posts\/112126\/revisions\/112128"}],"wp:featuredmedia":[{"embeddable":true,"href":"https:\/\/quehacerpolitico.mx\/index.php?rest_route=\/wp\/v2\/media\/112127"}],"wp:attachment":[{"href":"https:\/\/quehacerpolitico.mx\/index.php?rest_route=%2Fwp%2Fv2%2Fmedia&parent=112126"}],"wp:term":[{"taxonomy":"category","embeddable":true,"href":"https:\/\/quehacerpolitico.mx\/index.php?rest_route=%2Fwp%2Fv2%2Fcategories&post=112126"},{"taxonomy":"post_tag","embeddable":true,"href":"https:\/\/quehacerpolitico.mx\/index.php?rest_route=%2Fwp%2Fv2%2Ftags&post=112126"}],"curies":[{"name":"wp","href":"https:\/\/api.w.org\/{rel}","templated":true}]}}