{"id":112113,"date":"2024-08-25T19:05:44","date_gmt":"2024-08-25T19:05:44","guid":{"rendered":"https:\/\/quehacerpolitico.mx\/?p=112113"},"modified":"2024-08-25T19:05:46","modified_gmt":"2024-08-25T19:05:46","slug":"armand-duplantis-figura-de-paris-2024-vuelve-a-volar-y-supera-su-propio-record-mundial-en-salto-con-pertiga","status":"publish","type":"post","link":"https:\/\/quehacerpolitico.mx\/?p=112113","title":{"rendered":"Armand Duplantis, figura de Par\u00eds 2024, vuelve a \u2018volar\u2019 y supera su propio r\u00e9cord mundial en salto con p\u00e9rtiga"},"content":{"rendered":"\n<p>Por Redacci\u00f3n QP<\/p>\n\n\n\n<p>El sueco que fue una de las estrellas de los pasados Juegos Ol\u00edmpicos, rompi\u00f3 por tercera ocasi\u00f3n en lo que va del a\u00f1o su r\u00e9cord mundial, esta vez al saltar 6.26 metros.<\/p>\n\n\n\n<p><strong>Armand Duplantis<\/strong>&nbsp;bati\u00f3 otra vez el&nbsp;<strong>r\u00e9cord mundial del salto con p\u00e9rtiga<\/strong>, esta vez al superar los&nbsp;<strong>6.26 metros&nbsp;<\/strong>en la justa de la Liga Diamante en Polonia el domingo.<\/p>\n\n\n\n<p>Duplantis, el sueco de 24 a\u00f1os, a\u00f1adi\u00f3&nbsp;<strong>otro cent\u00edmetro<\/strong>&nbsp;a su r\u00e9cord mundial.<\/p>\n\n\n\n<p>Se trata de la&nbsp;<strong>tercera vez este a\u00f1o que logra romper el r\u00e9cord mundial<\/strong>. Tambi\u00e9n lo hizo en los recientes Juegos Ol\u00edmpicos de Par\u00eds, por encima del list\u00f3n de los 6.25 metros tras haber asegurado la medalla de oro.<\/p>\n\n\n\n<p>Duplantis naci\u00f3 y creci\u00f3 en Luisiana, pero decidi\u00f3 representar a&nbsp;<strong>Suecia<\/strong>, el pa\u00eds de nacimiento de su madre, Helena.<\/p>\n\n\n\n<p>&#8220;<strong>Siempre quiero saltar lo m\u00e1s alto posible&nbsp;<\/strong>y seguir esforz\u00e1ndome. Nunca he hecho un salto absolutamente perfecto, as\u00ed que siempre siento que puedo hacerlo mejor&#8221;, indic\u00f3 &#8216;Mondo&#8217; tras fijar el nuevo tope universal en 6.26.<\/p>\n\n\n\n<figure class=\"wp-block-embed is-type-rich is-provider-twitter wp-block-embed-twitter\"><div class=\"wp-block-embed__wrapper\">\nhttps:\/\/twitter.com\/sportnmedia2\/status\/1827737911858491583?s=46&#038;t=pyttrToxhaPYSt_hljQQ_g\n<\/div><\/figure>\n\n\n\n<p>El pertiguista sueco indic\u00f3 que mucha gente hab\u00eda acudido al estadio para verle saltar, \u201c<strong>as\u00ed que quer\u00eda hacer un buen papel<\/strong>. Este a\u00f1o me he centrado en los Juegos Ol\u00edmpicos, y el r\u00e9cord ha sido algo natural porque estaba en buena forma\u201d, puntualiz\u00f3.<br><br>Record\u00f3 as\u00ed mismo, que su primer r\u00e9cord del mundo, el&nbsp;<strong>6.17 conseguido el 8 de febrero de 2020<\/strong>, lo logr\u00f3 tambi\u00e9n en Polonia, en la pista cubierta de Torun.<\/p>\n\n\n\n<p>\u201c<strong>Casi me resulta extra\u00f1o y antinatural recibir tanto cari\u00f1o y apoyo.&nbsp;<\/strong>Lo veo especialmente en Polonia, la energ\u00eda de este estadio mejora cada a\u00f1o. Tengo muy buenos recuerdos de aqu\u00ed, la pista es maravillosa, las condiciones han sido perfectas y todo se ha unido para permitirme hacer esto\u201d, coment\u00f3.&nbsp;<\/p>\n\n\n\n<p><em><strong>Con informaci\u00f3n de AP y EFE<\/strong><\/em><\/p>\n","protected":false},"excerpt":{"rendered":"<p>Por Redacci\u00f3n QP El sueco que fue una de las estrellas de los pasados Juegos&#8230;<\/p>\n","protected":false},"author":2,"featured_media":112114,"comment_status":"open","ping_status":"open","sticky":false,"template":"","format":"standard","meta":{"_monsterinsights_skip_tracking":false,"_monsterinsights_sitenote_active":false,"_monsterinsights_sitenote_note":"","_monsterinsights_sitenote_category":0,"footnotes":""},"categories":[54],"tags":[],"class_list":["post-112113","post","type-post","status-publish","format-standard","has-post-thumbnail","hentry","category-deportes"],"yoast_head":"<!-- This site is optimized with the Yoast SEO plugin v27.3 - https:\/\/yoast.com\/product\/yoast-seo-wordpress\/ -->\n<title>Armand Duplantis, figura de Par\u00eds 2024, vuelve a \u2018volar\u2019 y supera su propio r\u00e9cord mundial en salto con p\u00e9rtiga -<\/title>\n<meta name=\"robots\" content=\"index, follow, max-snippet:-1, max-image-preview:large, max-video-preview:-1\" \/>\n<link rel=\"canonical\" href=\"https:\/\/quehacerpolitico.mx\/?p=112113\" \/>\n<meta property=\"og:locale\" content=\"es_MX\" \/>\n<meta property=\"og:type\" content=\"article\" \/>\n<meta property=\"og:title\" content=\"Armand Duplantis, figura de Par\u00eds 2024, vuelve a \u2018volar\u2019 y supera su propio r\u00e9cord mundial en salto con p\u00e9rtiga -\" \/>\n<meta property=\"og:description\" content=\"Por Redacci\u00f3n QP El sueco que fue una de las estrellas de los pasados Juegos...\" \/>\n<meta property=\"og:url\" content=\"https:\/\/quehacerpolitico.mx\/?p=112113\" \/>\n<meta property=\"article:published_time\" content=\"2024-08-25T19:05:44+00:00\" \/>\n<meta property=\"article:modified_time\" content=\"2024-08-25T19:05:46+00:00\" \/>\n<meta property=\"og:image\" content=\"https:\/\/quehacerpolitico.mx\/wp-content\/uploads\/2024\/08\/IMG_7666.jpeg\" \/>\n\t<meta property=\"og:image:width\" content=\"960\" \/>\n\t<meta property=\"og:image:height\" content=\"540\" \/>\n\t<meta property=\"og:image:type\" content=\"image\/jpeg\" \/>\n<meta name=\"author\" content=\"Redacci\u00f3n QP\" \/>\n<meta name=\"twitter:card\" content=\"summary_large_image\" \/>\n<meta name=\"twitter:label1\" content=\"Escrito por\" \/>\n\t<meta name=\"twitter:data1\" content=\"Redacci\u00f3n QP\" \/>\n\t<meta name=\"twitter:label2\" content=\"Tiempo de lectura\" \/>\n\t<meta name=\"twitter:data2\" content=\"2 minutos\" \/>\n<script type=\"application\/ld+json\" class=\"yoast-schema-graph\">{\"@context\":\"https:\\\/\\\/schema.org\",\"@graph\":[{\"@type\":\"Article\",\"@id\":\"https:\\\/\\\/quehacerpolitico.mx\\\/?p=112113#article\",\"isPartOf\":{\"@id\":\"https:\\\/\\\/quehacerpolitico.mx\\\/?p=112113\"},\"author\":{\"name\":\"Redacci\u00f3n QP\",\"@id\":\"https:\\\/\\\/quehacerpolitico.mx\\\/#\\\/schema\\\/person\\\/496d8ad2d1d3f8036101dca7ee39e585\"},\"headline\":\"Armand Duplantis, figura de Par\u00eds 2024, vuelve a \u2018volar\u2019 y supera su propio r\u00e9cord mundial en salto con p\u00e9rtiga\",\"datePublished\":\"2024-08-25T19:05:44+00:00\",\"dateModified\":\"2024-08-25T19:05:46+00:00\",\"mainEntityOfPage\":{\"@id\":\"https:\\\/\\\/quehacerpolitico.mx\\\/?p=112113\"},\"wordCount\":366,\"commentCount\":0,\"image\":{\"@id\":\"https:\\\/\\\/quehacerpolitico.mx\\\/?p=112113#primaryimage\"},\"thumbnailUrl\":\"https:\\\/\\\/quehacerpolitico.mx\\\/wp-content\\\/uploads\\\/2024\\\/08\\\/IMG_7666.jpeg\",\"articleSection\":[\"Deportes\"],\"inLanguage\":\"es\",\"potentialAction\":[{\"@type\":\"CommentAction\",\"name\":\"Comment\",\"target\":[\"https:\\\/\\\/quehacerpolitico.mx\\\/?p=112113#respond\"]}]},{\"@type\":\"WebPage\",\"@id\":\"https:\\\/\\\/quehacerpolitico.mx\\\/?p=112113\",\"url\":\"https:\\\/\\\/quehacerpolitico.mx\\\/?p=112113\",\"name\":\"Armand Duplantis, figura de Par\u00eds 2024, vuelve a \u2018volar\u2019 y supera su propio r\u00e9cord mundial en salto con p\u00e9rtiga -\",\"isPartOf\":{\"@id\":\"https:\\\/\\\/quehacerpolitico.mx\\\/#website\"},\"primaryImageOfPage\":{\"@id\":\"https:\\\/\\\/quehacerpolitico.mx\\\/?p=112113#primaryimage\"},\"image\":{\"@id\":\"https:\\\/\\\/quehacerpolitico.mx\\\/?p=112113#primaryimage\"},\"thumbnailUrl\":\"https:\\\/\\\/quehacerpolitico.mx\\\/wp-content\\\/uploads\\\/2024\\\/08\\\/IMG_7666.jpeg\",\"datePublished\":\"2024-08-25T19:05:44+00:00\",\"dateModified\":\"2024-08-25T19:05:46+00:00\",\"author\":{\"@id\":\"https:\\\/\\\/quehacerpolitico.mx\\\/#\\\/schema\\\/person\\\/496d8ad2d1d3f8036101dca7ee39e585\"},\"breadcrumb\":{\"@id\":\"https:\\\/\\\/quehacerpolitico.mx\\\/?p=112113#breadcrumb\"},\"inLanguage\":\"es\",\"potentialAction\":[{\"@type\":\"ReadAction\",\"target\":[\"https:\\\/\\\/quehacerpolitico.mx\\\/?p=112113\"]}]},{\"@type\":\"ImageObject\",\"inLanguage\":\"es\",\"@id\":\"https:\\\/\\\/quehacerpolitico.mx\\\/?p=112113#primaryimage\",\"url\":\"https:\\\/\\\/quehacerpolitico.mx\\\/wp-content\\\/uploads\\\/2024\\\/08\\\/IMG_7666.jpeg\",\"contentUrl\":\"https:\\\/\\\/quehacerpolitico.mx\\\/wp-content\\\/uploads\\\/2024\\\/08\\\/IMG_7666.jpeg\",\"width\":960,\"height\":540},{\"@type\":\"BreadcrumbList\",\"@id\":\"https:\\\/\\\/quehacerpolitico.mx\\\/?p=112113#breadcrumb\",\"itemListElement\":[{\"@type\":\"ListItem\",\"position\":1,\"name\":\"Inicio\",\"item\":\"https:\\\/\\\/quehacerpolitico.mx\\\/\"},{\"@type\":\"ListItem\",\"position\":2,\"name\":\"Armand Duplantis, figura de Par\u00eds 2024, vuelve a \u2018volar\u2019 y supera su propio r\u00e9cord mundial en salto con p\u00e9rtiga\"}]},{\"@type\":\"WebSite\",\"@id\":\"https:\\\/\\\/quehacerpolitico.mx\\\/#website\",\"url\":\"https:\\\/\\\/quehacerpolitico.mx\\\/\",\"name\":\"\",\"description\":\"\",\"potentialAction\":[{\"@type\":\"SearchAction\",\"target\":{\"@type\":\"EntryPoint\",\"urlTemplate\":\"https:\\\/\\\/quehacerpolitico.mx\\\/?s={search_term_string}\"},\"query-input\":{\"@type\":\"PropertyValueSpecification\",\"valueRequired\":true,\"valueName\":\"search_term_string\"}}],\"inLanguage\":\"es\"},{\"@type\":\"Person\",\"@id\":\"https:\\\/\\\/quehacerpolitico.mx\\\/#\\\/schema\\\/person\\\/496d8ad2d1d3f8036101dca7ee39e585\",\"name\":\"Redacci\u00f3n QP\",\"image\":{\"@type\":\"ImageObject\",\"inLanguage\":\"es\",\"@id\":\"https:\\\/\\\/secure.gravatar.com\\\/avatar\\\/c7164ed6fdec453195284ad24a5ae5b6e1eed2b848477fa2a4787ba9adf39a41?s=96&d=mm&r=g\",\"url\":\"https:\\\/\\\/secure.gravatar.com\\\/avatar\\\/c7164ed6fdec453195284ad24a5ae5b6e1eed2b848477fa2a4787ba9adf39a41?s=96&d=mm&r=g\",\"contentUrl\":\"https:\\\/\\\/secure.gravatar.com\\\/avatar\\\/c7164ed6fdec453195284ad24a5ae5b6e1eed2b848477fa2a4787ba9adf39a41?s=96&d=mm&r=g\",\"caption\":\"Redacci\u00f3n QP\"},\"url\":\"https:\\\/\\\/quehacerpolitico.mx\\\/?author=2\"}]}<\/script>\n<!-- \/ Yoast SEO plugin. -->","yoast_head_json":{"title":"Armand Duplantis, figura de Par\u00eds 2024, vuelve a \u2018volar\u2019 y supera su propio r\u00e9cord mundial en salto con p\u00e9rtiga -","robots":{"index":"index","follow":"follow","max-snippet":"max-snippet:-1","max-image-preview":"max-image-preview:large","max-video-preview":"max-video-preview:-1"},"canonical":"https:\/\/quehacerpolitico.mx\/?p=112113","og_locale":"es_MX","og_type":"article","og_title":"Armand Duplantis, figura de Par\u00eds 2024, vuelve a \u2018volar\u2019 y supera su propio r\u00e9cord mundial en salto con p\u00e9rtiga -","og_description":"Por Redacci\u00f3n QP El sueco que fue una de las estrellas de los pasados Juegos...","og_url":"https:\/\/quehacerpolitico.mx\/?p=112113","article_published_time":"2024-08-25T19:05:44+00:00","article_modified_time":"2024-08-25T19:05:46+00:00","og_image":[{"width":960,"height":540,"url":"https:\/\/quehacerpolitico.mx\/wp-content\/uploads\/2024\/08\/IMG_7666.jpeg","type":"image\/jpeg"}],"author":"Redacci\u00f3n QP","twitter_card":"summary_large_image","twitter_misc":{"Escrito por":"Redacci\u00f3n QP","Tiempo de lectura":"2 minutos"},"schema":{"@context":"https:\/\/schema.org","@graph":[{"@type":"Article","@id":"https:\/\/quehacerpolitico.mx\/?p=112113#article","isPartOf":{"@id":"https:\/\/quehacerpolitico.mx\/?p=112113"},"author":{"name":"Redacci\u00f3n QP","@id":"https:\/\/quehacerpolitico.mx\/#\/schema\/person\/496d8ad2d1d3f8036101dca7ee39e585"},"headline":"Armand Duplantis, figura de Par\u00eds 2024, vuelve a \u2018volar\u2019 y supera su propio r\u00e9cord mundial en salto con p\u00e9rtiga","datePublished":"2024-08-25T19:05:44+00:00","dateModified":"2024-08-25T19:05:46+00:00","mainEntityOfPage":{"@id":"https:\/\/quehacerpolitico.mx\/?p=112113"},"wordCount":366,"commentCount":0,"image":{"@id":"https:\/\/quehacerpolitico.mx\/?p=112113#primaryimage"},"thumbnailUrl":"https:\/\/quehacerpolitico.mx\/wp-content\/uploads\/2024\/08\/IMG_7666.jpeg","articleSection":["Deportes"],"inLanguage":"es","potentialAction":[{"@type":"CommentAction","name":"Comment","target":["https:\/\/quehacerpolitico.mx\/?p=112113#respond"]}]},{"@type":"WebPage","@id":"https:\/\/quehacerpolitico.mx\/?p=112113","url":"https:\/\/quehacerpolitico.mx\/?p=112113","name":"Armand Duplantis, figura de Par\u00eds 2024, vuelve a \u2018volar\u2019 y supera su propio r\u00e9cord mundial en salto con p\u00e9rtiga -","isPartOf":{"@id":"https:\/\/quehacerpolitico.mx\/#website"},"primaryImageOfPage":{"@id":"https:\/\/quehacerpolitico.mx\/?p=112113#primaryimage"},"image":{"@id":"https:\/\/quehacerpolitico.mx\/?p=112113#primaryimage"},"thumbnailUrl":"https:\/\/quehacerpolitico.mx\/wp-content\/uploads\/2024\/08\/IMG_7666.jpeg","datePublished":"2024-08-25T19:05:44+00:00","dateModified":"2024-08-25T19:05:46+00:00","author":{"@id":"https:\/\/quehacerpolitico.mx\/#\/schema\/person\/496d8ad2d1d3f8036101dca7ee39e585"},"breadcrumb":{"@id":"https:\/\/quehacerpolitico.mx\/?p=112113#breadcrumb"},"inLanguage":"es","potentialAction":[{"@type":"ReadAction","target":["https:\/\/quehacerpolitico.mx\/?p=112113"]}]},{"@type":"ImageObject","inLanguage":"es","@id":"https:\/\/quehacerpolitico.mx\/?p=112113#primaryimage","url":"https:\/\/quehacerpolitico.mx\/wp-content\/uploads\/2024\/08\/IMG_7666.jpeg","contentUrl":"https:\/\/quehacerpolitico.mx\/wp-content\/uploads\/2024\/08\/IMG_7666.jpeg","width":960,"height":540},{"@type":"BreadcrumbList","@id":"https:\/\/quehacerpolitico.mx\/?p=112113#breadcrumb","itemListElement":[{"@type":"ListItem","position":1,"name":"Inicio","item":"https:\/\/quehacerpolitico.mx\/"},{"@type":"ListItem","position":2,"name":"Armand Duplantis, figura de Par\u00eds 2024, vuelve a \u2018volar\u2019 y supera su propio r\u00e9cord mundial en salto con p\u00e9rtiga"}]},{"@type":"WebSite","@id":"https:\/\/quehacerpolitico.mx\/#website","url":"https:\/\/quehacerpolitico.mx\/","name":"","description":"","potentialAction":[{"@type":"SearchAction","target":{"@type":"EntryPoint","urlTemplate":"https:\/\/quehacerpolitico.mx\/?s={search_term_string}"},"query-input":{"@type":"PropertyValueSpecification","valueRequired":true,"valueName":"search_term_string"}}],"inLanguage":"es"},{"@type":"Person","@id":"https:\/\/quehacerpolitico.mx\/#\/schema\/person\/496d8ad2d1d3f8036101dca7ee39e585","name":"Redacci\u00f3n QP","image":{"@type":"ImageObject","inLanguage":"es","@id":"https:\/\/secure.gravatar.com\/avatar\/c7164ed6fdec453195284ad24a5ae5b6e1eed2b848477fa2a4787ba9adf39a41?s=96&d=mm&r=g","url":"https:\/\/secure.gravatar.com\/avatar\/c7164ed6fdec453195284ad24a5ae5b6e1eed2b848477fa2a4787ba9adf39a41?s=96&d=mm&r=g","contentUrl":"https:\/\/secure.gravatar.com\/avatar\/c7164ed6fdec453195284ad24a5ae5b6e1eed2b848477fa2a4787ba9adf39a41?s=96&d=mm&r=g","caption":"Redacci\u00f3n QP"},"url":"https:\/\/quehacerpolitico.mx\/?author=2"}]}},"featured_image_urls":{"full":["https:\/\/quehacerpolitico.mx\/wp-content\/uploads\/2024\/08\/IMG_7666.jpeg",960,540,false],"thumbnail":["https:\/\/quehacerpolitico.mx\/wp-content\/uploads\/2024\/08\/IMG_7666-150x150.jpeg",150,150,true],"medium":["https:\/\/quehacerpolitico.mx\/wp-content\/uploads\/2024\/08\/IMG_7666-300x169.jpeg",300,169,true],"medium_large":["https:\/\/quehacerpolitico.mx\/wp-content\/uploads\/2024\/08\/IMG_7666-768x432.jpeg",640,360,true],"large":["https:\/\/quehacerpolitico.mx\/wp-content\/uploads\/2024\/08\/IMG_7666.jpeg",640,360,false],"1536x1536":["https:\/\/quehacerpolitico.mx\/wp-content\/uploads\/2024\/08\/IMG_7666.jpeg",960,540,false],"2048x2048":["https:\/\/quehacerpolitico.mx\/wp-content\/uploads\/2024\/08\/IMG_7666.jpeg",960,540,false],"covernews-featured":["https:\/\/quehacerpolitico.mx\/wp-content\/uploads\/2024\/08\/IMG_7666.jpeg",960,540,false],"covernews-medium":["https:\/\/quehacerpolitico.mx\/wp-content\/uploads\/2024\/08\/IMG_7666.jpeg",540,304,false]},"author_info":{"display_name":"Redacci\u00f3n QP","author_link":"https:\/\/quehacerpolitico.mx\/?author=2"},"category_info":"<a href=\"https:\/\/quehacerpolitico.mx\/?cat=54\" rel=\"category\">Deportes<\/a>","tag_info":"Deportes","comment_count":"0","_links":{"self":[{"href":"https:\/\/quehacerpolitico.mx\/index.php?rest_route=\/wp\/v2\/posts\/112113","targetHints":{"allow":["GET"]}}],"collection":[{"href":"https:\/\/quehacerpolitico.mx\/index.php?rest_route=\/wp\/v2\/posts"}],"about":[{"href":"https:\/\/quehacerpolitico.mx\/index.php?rest_route=\/wp\/v2\/types\/post"}],"author":[{"embeddable":true,"href":"https:\/\/quehacerpolitico.mx\/index.php?rest_route=\/wp\/v2\/users\/2"}],"replies":[{"embeddable":true,"href":"https:\/\/quehacerpolitico.mx\/index.php?rest_route=%2Fwp%2Fv2%2Fcomments&post=112113"}],"version-history":[{"count":1,"href":"https:\/\/quehacerpolitico.mx\/index.php?rest_route=\/wp\/v2\/posts\/112113\/revisions"}],"predecessor-version":[{"id":112115,"href":"https:\/\/quehacerpolitico.mx\/index.php?rest_route=\/wp\/v2\/posts\/112113\/revisions\/112115"}],"wp:featuredmedia":[{"embeddable":true,"href":"https:\/\/quehacerpolitico.mx\/index.php?rest_route=\/wp\/v2\/media\/112114"}],"wp:attachment":[{"href":"https:\/\/quehacerpolitico.mx\/index.php?rest_route=%2Fwp%2Fv2%2Fmedia&parent=112113"}],"wp:term":[{"taxonomy":"category","embeddable":true,"href":"https:\/\/quehacerpolitico.mx\/index.php?rest_route=%2Fwp%2Fv2%2Fcategories&post=112113"},{"taxonomy":"post_tag","embeddable":true,"href":"https:\/\/quehacerpolitico.mx\/index.php?rest_route=%2Fwp%2Fv2%2Ftags&post=112113"}],"curies":[{"name":"wp","href":"https:\/\/api.w.org\/{rel}","templated":true}]}}