{"id":112107,"date":"2024-08-25T18:18:57","date_gmt":"2024-08-25T18:18:57","guid":{"rendered":"https:\/\/quehacerpolitico.mx\/?p=112107"},"modified":"2024-08-25T18:18:59","modified_gmt":"2024-08-25T18:18:59","slug":"conoce-la-vida-y-obra-de-leona-vicario-heroina-de-la-patria-por-su-lucha-en-la-independencia-de-mexico","status":"publish","type":"post","link":"https:\/\/quehacerpolitico.mx\/?p=112107","title":{"rendered":"Conoce la vida y obra de Leona Vicario, Hero\u00edna de la Patria por su lucha en la Independencia de M\u00e9xico"},"content":{"rendered":"\n<p>Por Redacci\u00f3n QP<\/p>\n\n\n\n<p>El nombre de Leona Vicario est\u00e1 escrito con oro en la Historia de M\u00e9xico y destaca el papel de la mujer en la lucha independentista<\/p>\n\n\n\n<p><mark>Leona Vicario es el nombre de la mujer cuyo nombre ha quedado marcado en la historia de la Rep\u00fablica Mexicana gracias a su contribuci\u00f3n en la Guerra de Independencia.<\/mark>&nbsp;Hoy, 21 de agosto del 2024, se conmemora el&nbsp;<strong>182 aniversario luctuoso&nbsp;<\/strong>de la hero\u00edna de la Patria.<\/p>\n\n\n\n<p><strong>\u00bfQui\u00e9n fue Leona Vicario?<\/strong><\/p>\n\n\n\n<p>Su nombre completo es Mar\u00eda de la Soledad Leona Camila Vicario Fern\u00e1ndez de San Salvador. Hija del comerciante espa\u00f1ol Gaspar Mart\u00edn Vicario y de la criolla Camila Fern\u00e1ndez de San Salvador y Montiel, naci\u00f3 en las tierras de lo que en aquel entonces todav\u00eda era Nueva Espa\u00f1a el 10 de abril de 1789.<\/p>\n\n\n\n<p>Debido a su alta posici\u00f3n social, Vicario fue una de las pocas mujeres de la \u00e9poca que pudo acceder a una educaci\u00f3n acad\u00e9mica, form\u00e1ndose en<strong>\u00a0Bellas Artes y Ciencias.<\/strong><\/p>\n\n\n\n<p>Se le considera a Leona Vicario como la&nbsp;<strong>primera periodista mexicana<\/strong>. Escribi\u00f3 para diarios como&nbsp;<em>El Semanario Patri\u00f3tico Americano<\/em>,&nbsp;<em>El Federalista<\/em>&nbsp;y&nbsp;<em>El Ilustrador Americano<\/em>.<\/p>\n\n\n\n<figure class=\"wp-block-embed is-type-rich is-provider-twitter wp-block-embed-twitter\"><div class=\"wp-block-embed__wrapper\">\n<blockquote class=\"twitter-tweet\" data-width=\"550\" data-dnt=\"true\"><p lang=\"es\" dir=\"ltr\">En su aniversario luctuoso recordamos a la periodista, poeta y hero\u00edna Leona Vicario, quien al participar en la consumaci\u00f3n de la Independencia de M\u00e9xico tambi\u00e9n impuls\u00f3 la lucha por los derechos de las mujeres. La casa sede de la <a href=\"https:\/\/twitter.com\/literaturainba?ref_src=twsrc%5Etfw\">@literaturainba<\/a> lleva su nombre. <a href=\"https:\/\/t.co\/s3Ga0jtRrS\">pic.twitter.com\/s3Ga0jtRrS<\/a><\/p>&mdash; Instituto Nacional de Bellas Artes y Literatura (@bellasartesinba) <a href=\"https:\/\/twitter.com\/bellasartesinba\/status\/1826288150450475248?ref_src=twsrc%5Etfw\">August 21, 2024<\/a><\/blockquote><script async src=\"https:\/\/platform.twitter.com\/widgets.js\" charset=\"utf-8\"><\/script>\n<\/div><\/figure>\n\n\n\n<p><strong>El papel de Leona en la Independencia de M\u00e9xico<\/strong><\/p>\n\n\n\n<p>Fue en las publicaciones de&nbsp;<em>El Ilustrador Americano<\/em>&nbsp;donde los insurgentes apreciaron su trabajo y se relacionaron con ella. En el momento en que la guerra explot\u00f3,<mark>&nbsp;Leona contribuy\u00f3 a la causa al emitir informaci\u00f3n de lo que ocurr\u00eda en la capital, adem\u00e1s de otorgar bienes materiales para el sustento econ\u00f3mico de la lucha.<\/mark><\/p>\n\n\n\n<p>Luego de contraer matrimonio con&nbsp;<strong>Andr\u00e9s Quintana Roo<\/strong>, fue encarcelada por ser miembro del grupo clandestino<strong>&nbsp;&#8220;Los Guadalupes&#8221;<\/strong>. Aunque se le ofreci\u00f3 el indulto si abandonaba la causa independentista, ella se neg\u00f3 y dedic\u00f3 los siguientes a\u00f1os de su vida a huir junto con su esposo. En este lapso, se uni\u00f3 a las tropas de&nbsp;<strong>Jos\u00e9 Mar\u00eda Morelos y Pav\u00f3n<\/strong>.<\/p>\n\n\n\n<p>En 1817 fue nuevamente apresada junto con su hija reci\u00e9n nacida, esta vez acept\u00f3 el indulto y regres\u00f3 a su casa en la capital, donde&nbsp;<strong>muri\u00f3 en 1842 a los 53 a\u00f1os de edad<\/strong>.<\/p>\n\n\n\n<figure class=\"wp-block-embed is-type-video is-provider-youtube wp-block-embed-youtube wp-embed-aspect-16-9 wp-has-aspect-ratio\"><div class=\"wp-block-embed__wrapper\">\n<iframe loading=\"lazy\" title=\"La primera mujer periodista: Leona Vicario\" width=\"640\" height=\"360\" src=\"https:\/\/www.youtube.com\/embed\/aDiqpqaeelo?feature=oembed\" frameborder=\"0\" allow=\"accelerometer; autoplay; clipboard-write; encrypted-media; gyroscope; picture-in-picture; web-share\" referrerpolicy=\"strict-origin-when-cross-origin\" allowfullscreen><\/iframe>\n<\/div><\/figure>\n\n\n\n<p><mark>La presencia de Leona en esta importante lucha subraya el papel de la mujer en la historia de M\u00e9xico y los antecedentes del periodismo femenil.<\/mark><\/p>\n\n\n\n<p>Con letras de oro, su nombre est\u00e1 grabado en el C<strong>ongreso del estado de Quintana Roo<\/strong>. Adem\u00e1s, sus restos, junto con los de su esposo, fueron trasladados a la<strong>&nbsp;Rotonda de las Personas Ilustres del Pante\u00f3n Civil de Dolores&nbsp;<\/strong>el 28 de mayo de 1900. Posteriormente, su cuerpo fue llevado a la&nbsp;<strong>Columna de la Independencia<\/strong>&nbsp;en el a\u00f1o 1925.<\/p>\n\n\n\n<figure class=\"wp-block-embed is-type-rich is-provider-twitter wp-block-embed-twitter\"><div class=\"wp-block-embed__wrapper\">\n<blockquote class=\"twitter-tweet\" data-width=\"550\" data-dnt=\"true\"><p lang=\"es\" dir=\"ltr\">21 de agosto | 182 Aniversario Luctuoso Leona Vicario.<br>\u201c\u2026No solo el amor es el m\u00f3vil de las acciones de las mujeres; que ellas son capaces de todos lo entusiasmos, y que los deseos de la gloria y de la libertad de la patria no les son extra\u00f1os.\u201d<br>&#8211; Leona Vicario. <a href=\"https:\/\/t.co\/JJUrGGrauO\">pic.twitter.com\/JJUrGGrauO<\/a><\/p>&mdash; Gobierno de Guerrero (@Gob_Guerrero) <a href=\"https:\/\/twitter.com\/Gob_Guerrero\/status\/1826288154049184154?ref_src=twsrc%5Etfw\">August 21, 2024<\/a><\/blockquote><script async src=\"https:\/\/platform.twitter.com\/widgets.js\" charset=\"utf-8\"><\/script>\n<\/div><\/figure>\n\n\n\n<p><strong>La poes\u00eda de Leona Vicario &#8220;La libertad y la tiran\u00eda&#8221;<\/strong><\/p>\n\n\n\n<p>En 1820, en los \u00faltimos momentos de la lucha por la Independencia de M\u00e9xico, se celebr\u00f3 un acto de juramento a la Constituci\u00f3n de C\u00e1diz, primera Carta magna del pa\u00eds independiente, en Toluca, Estado de M\u00e9xico.<\/p>\n\n\n\n<p><mark>Este hecho inspirar\u00eda la pluma de Leona para escribir el siguiente poema:<\/mark><\/p>\n\n\n\n<p><strong>&#8220;La libertad y la tiran\u00eda&#8221; (Fragmento)<\/strong><\/p>\n\n\n\n<p><em>Llega, y la diosa a tan feroz aspecto<\/em><\/p>\n\n\n\n<p><em>Un vivo grito en su sorpresa lanza,<\/em><\/p>\n\n\n\n<p><em>Sin que para increpar a su enemigo<\/em><\/p>\n\n\n\n<p><em>Le faltasen en\u00e9rgicas palabras.<\/em><\/p>\n\n\n\n<p><em>\u00bfC\u00f3mo \u2014le dice\u2014 a profanar se atreven,<\/em><\/p>\n\n\n\n<p><em>Sangrienta tiran\u00eda, tus pisadas<\/em><\/p>\n\n\n\n<p><em>La mansi\u00f3n venturosa de Pelayo<\/em><\/p>\n\n\n\n<p><em>A mis cultos devoto consagrara?<\/em><\/p>\n\n\n\n<p><em>\u00bfM\u00e1s v\u00edctimas buscando acaso vienes<\/em><\/p>\n\n\n\n<p><em>En estas soledades apartadas,<\/em><\/p>\n\n\n\n<p><em>Porque en los pueblos donde imp\u00edo domina<\/em><\/p>\n\n\n\n<p><em>Tu insaciable furor ya no las halla? (\u2026)<\/em><\/p>\n\n\n\n<p><em>All\u00e1 donde tus leyes sanguinosas<\/em><\/p>\n\n\n\n<p><em>Son vilmente de esclavos acatadas,<\/em><\/p>\n\n\n\n<p><em>Dirigir puedes el violento paso<\/em><\/p>\n\n\n\n<p><em>Que ya mucho a mis ansias lo retardas (\u2026)<\/em><\/p>\n\n\n\n<p><em>Viene pues, por el M\u00e9xico anunciado<\/em><\/p>\n\n\n\n<p><em>Que ya la Libertad reina en Espa\u00f1a,<\/em><\/p>\n\n\n\n<p><em>Cuyo duro dominio o Tiran\u00eda<\/em><\/p>\n\n\n\n<p><em>Cambiar\u00e1 presto en amistosa alianza.<\/em><\/p>\n","protected":false},"excerpt":{"rendered":"<p>Por Redacci\u00f3n QP El nombre de Leona Vicario est\u00e1 escrito con oro en la Historia&#8230;<\/p>\n","protected":false},"author":2,"featured_media":112108,"comment_status":"open","ping_status":"open","sticky":false,"template":"","format":"standard","meta":{"_monsterinsights_skip_tracking":false,"_monsterinsights_sitenote_active":false,"_monsterinsights_sitenote_note":"","_monsterinsights_sitenote_category":0,"footnotes":""},"categories":[58],"tags":[],"class_list":["post-112107","post","type-post","status-publish","format-standard","has-post-thumbnail","hentry","category-cultura"],"yoast_head":"<!-- This site is optimized with the Yoast SEO plugin v27.3 - https:\/\/yoast.com\/product\/yoast-seo-wordpress\/ -->\n<title>Conoce la vida y obra de Leona Vicario, Hero\u00edna de la Patria por su lucha en la Independencia de M\u00e9xico -<\/title>\n<meta name=\"robots\" content=\"index, follow, max-snippet:-1, max-image-preview:large, max-video-preview:-1\" \/>\n<link rel=\"canonical\" href=\"https:\/\/quehacerpolitico.mx\/?p=112107\" \/>\n<meta property=\"og:locale\" content=\"es_MX\" \/>\n<meta property=\"og:type\" content=\"article\" \/>\n<meta property=\"og:title\" content=\"Conoce la vida y obra de Leona Vicario, Hero\u00edna de la Patria por su lucha en la Independencia de M\u00e9xico -\" \/>\n<meta property=\"og:description\" content=\"Por Redacci\u00f3n QP El nombre de Leona Vicario est\u00e1 escrito con oro en la Historia...\" \/>\n<meta property=\"og:url\" content=\"https:\/\/quehacerpolitico.mx\/?p=112107\" \/>\n<meta property=\"article:published_time\" content=\"2024-08-25T18:18:57+00:00\" \/>\n<meta property=\"article:modified_time\" content=\"2024-08-25T18:18:59+00:00\" \/>\n<meta property=\"og:image\" content=\"https:\/\/quehacerpolitico.mx\/wp-content\/uploads\/2024\/08\/IMG_7664.jpeg\" \/>\n\t<meta property=\"og:image:width\" content=\"739\" \/>\n\t<meta property=\"og:image:height\" content=\"415\" \/>\n\t<meta property=\"og:image:type\" content=\"image\/jpeg\" \/>\n<meta name=\"author\" content=\"Redacci\u00f3n QP\" \/>\n<meta name=\"twitter:card\" content=\"summary_large_image\" \/>\n<meta name=\"twitter:label1\" content=\"Escrito por\" \/>\n\t<meta name=\"twitter:data1\" content=\"Redacci\u00f3n QP\" \/>\n\t<meta name=\"twitter:label2\" content=\"Tiempo de lectura\" \/>\n\t<meta name=\"twitter:data2\" content=\"3 minutos\" \/>\n<script type=\"application\/ld+json\" class=\"yoast-schema-graph\">{\"@context\":\"https:\\\/\\\/schema.org\",\"@graph\":[{\"@type\":\"Article\",\"@id\":\"https:\\\/\\\/quehacerpolitico.mx\\\/?p=112107#article\",\"isPartOf\":{\"@id\":\"https:\\\/\\\/quehacerpolitico.mx\\\/?p=112107\"},\"author\":{\"name\":\"Redacci\u00f3n QP\",\"@id\":\"https:\\\/\\\/quehacerpolitico.mx\\\/#\\\/schema\\\/person\\\/496d8ad2d1d3f8036101dca7ee39e585\"},\"headline\":\"Conoce la vida y obra de Leona Vicario, Hero\u00edna de la Patria por su lucha en la Independencia de M\u00e9xico\",\"datePublished\":\"2024-08-25T18:18:57+00:00\",\"dateModified\":\"2024-08-25T18:18:59+00:00\",\"mainEntityOfPage\":{\"@id\":\"https:\\\/\\\/quehacerpolitico.mx\\\/?p=112107\"},\"wordCount\":718,\"commentCount\":0,\"image\":{\"@id\":\"https:\\\/\\\/quehacerpolitico.mx\\\/?p=112107#primaryimage\"},\"thumbnailUrl\":\"https:\\\/\\\/quehacerpolitico.mx\\\/wp-content\\\/uploads\\\/2024\\\/08\\\/IMG_7664.jpeg\",\"articleSection\":[\"Cultura y Entretenimiento\"],\"inLanguage\":\"es\",\"potentialAction\":[{\"@type\":\"CommentAction\",\"name\":\"Comment\",\"target\":[\"https:\\\/\\\/quehacerpolitico.mx\\\/?p=112107#respond\"]}]},{\"@type\":\"WebPage\",\"@id\":\"https:\\\/\\\/quehacerpolitico.mx\\\/?p=112107\",\"url\":\"https:\\\/\\\/quehacerpolitico.mx\\\/?p=112107\",\"name\":\"Conoce la vida y obra de Leona Vicario, Hero\u00edna de la Patria por su lucha en la Independencia de M\u00e9xico -\",\"isPartOf\":{\"@id\":\"https:\\\/\\\/quehacerpolitico.mx\\\/#website\"},\"primaryImageOfPage\":{\"@id\":\"https:\\\/\\\/quehacerpolitico.mx\\\/?p=112107#primaryimage\"},\"image\":{\"@id\":\"https:\\\/\\\/quehacerpolitico.mx\\\/?p=112107#primaryimage\"},\"thumbnailUrl\":\"https:\\\/\\\/quehacerpolitico.mx\\\/wp-content\\\/uploads\\\/2024\\\/08\\\/IMG_7664.jpeg\",\"datePublished\":\"2024-08-25T18:18:57+00:00\",\"dateModified\":\"2024-08-25T18:18:59+00:00\",\"author\":{\"@id\":\"https:\\\/\\\/quehacerpolitico.mx\\\/#\\\/schema\\\/person\\\/496d8ad2d1d3f8036101dca7ee39e585\"},\"breadcrumb\":{\"@id\":\"https:\\\/\\\/quehacerpolitico.mx\\\/?p=112107#breadcrumb\"},\"inLanguage\":\"es\",\"potentialAction\":[{\"@type\":\"ReadAction\",\"target\":[\"https:\\\/\\\/quehacerpolitico.mx\\\/?p=112107\"]}]},{\"@type\":\"ImageObject\",\"inLanguage\":\"es\",\"@id\":\"https:\\\/\\\/quehacerpolitico.mx\\\/?p=112107#primaryimage\",\"url\":\"https:\\\/\\\/quehacerpolitico.mx\\\/wp-content\\\/uploads\\\/2024\\\/08\\\/IMG_7664.jpeg\",\"contentUrl\":\"https:\\\/\\\/quehacerpolitico.mx\\\/wp-content\\\/uploads\\\/2024\\\/08\\\/IMG_7664.jpeg\",\"width\":739,\"height\":415},{\"@type\":\"BreadcrumbList\",\"@id\":\"https:\\\/\\\/quehacerpolitico.mx\\\/?p=112107#breadcrumb\",\"itemListElement\":[{\"@type\":\"ListItem\",\"position\":1,\"name\":\"Inicio\",\"item\":\"https:\\\/\\\/quehacerpolitico.mx\\\/\"},{\"@type\":\"ListItem\",\"position\":2,\"name\":\"Conoce la vida y obra de Leona Vicario, Hero\u00edna de la Patria por su lucha en la Independencia de M\u00e9xico\"}]},{\"@type\":\"WebSite\",\"@id\":\"https:\\\/\\\/quehacerpolitico.mx\\\/#website\",\"url\":\"https:\\\/\\\/quehacerpolitico.mx\\\/\",\"name\":\"\",\"description\":\"\",\"potentialAction\":[{\"@type\":\"SearchAction\",\"target\":{\"@type\":\"EntryPoint\",\"urlTemplate\":\"https:\\\/\\\/quehacerpolitico.mx\\\/?s={search_term_string}\"},\"query-input\":{\"@type\":\"PropertyValueSpecification\",\"valueRequired\":true,\"valueName\":\"search_term_string\"}}],\"inLanguage\":\"es\"},{\"@type\":\"Person\",\"@id\":\"https:\\\/\\\/quehacerpolitico.mx\\\/#\\\/schema\\\/person\\\/496d8ad2d1d3f8036101dca7ee39e585\",\"name\":\"Redacci\u00f3n QP\",\"image\":{\"@type\":\"ImageObject\",\"inLanguage\":\"es\",\"@id\":\"https:\\\/\\\/secure.gravatar.com\\\/avatar\\\/c7164ed6fdec453195284ad24a5ae5b6e1eed2b848477fa2a4787ba9adf39a41?s=96&d=mm&r=g\",\"url\":\"https:\\\/\\\/secure.gravatar.com\\\/avatar\\\/c7164ed6fdec453195284ad24a5ae5b6e1eed2b848477fa2a4787ba9adf39a41?s=96&d=mm&r=g\",\"contentUrl\":\"https:\\\/\\\/secure.gravatar.com\\\/avatar\\\/c7164ed6fdec453195284ad24a5ae5b6e1eed2b848477fa2a4787ba9adf39a41?s=96&d=mm&r=g\",\"caption\":\"Redacci\u00f3n QP\"},\"url\":\"https:\\\/\\\/quehacerpolitico.mx\\\/?author=2\"}]}<\/script>\n<!-- \/ Yoast SEO plugin. -->","yoast_head_json":{"title":"Conoce la vida y obra de Leona Vicario, Hero\u00edna de la Patria por su lucha en la Independencia de M\u00e9xico -","robots":{"index":"index","follow":"follow","max-snippet":"max-snippet:-1","max-image-preview":"max-image-preview:large","max-video-preview":"max-video-preview:-1"},"canonical":"https:\/\/quehacerpolitico.mx\/?p=112107","og_locale":"es_MX","og_type":"article","og_title":"Conoce la vida y obra de Leona Vicario, Hero\u00edna de la Patria por su lucha en la Independencia de M\u00e9xico -","og_description":"Por Redacci\u00f3n QP El nombre de Leona Vicario est\u00e1 escrito con oro en la Historia...","og_url":"https:\/\/quehacerpolitico.mx\/?p=112107","article_published_time":"2024-08-25T18:18:57+00:00","article_modified_time":"2024-08-25T18:18:59+00:00","og_image":[{"width":739,"height":415,"url":"https:\/\/quehacerpolitico.mx\/wp-content\/uploads\/2024\/08\/IMG_7664.jpeg","type":"image\/jpeg"}],"author":"Redacci\u00f3n QP","twitter_card":"summary_large_image","twitter_misc":{"Escrito por":"Redacci\u00f3n QP","Tiempo de lectura":"3 minutos"},"schema":{"@context":"https:\/\/schema.org","@graph":[{"@type":"Article","@id":"https:\/\/quehacerpolitico.mx\/?p=112107#article","isPartOf":{"@id":"https:\/\/quehacerpolitico.mx\/?p=112107"},"author":{"name":"Redacci\u00f3n QP","@id":"https:\/\/quehacerpolitico.mx\/#\/schema\/person\/496d8ad2d1d3f8036101dca7ee39e585"},"headline":"Conoce la vida y obra de Leona Vicario, Hero\u00edna de la Patria por su lucha en la Independencia de M\u00e9xico","datePublished":"2024-08-25T18:18:57+00:00","dateModified":"2024-08-25T18:18:59+00:00","mainEntityOfPage":{"@id":"https:\/\/quehacerpolitico.mx\/?p=112107"},"wordCount":718,"commentCount":0,"image":{"@id":"https:\/\/quehacerpolitico.mx\/?p=112107#primaryimage"},"thumbnailUrl":"https:\/\/quehacerpolitico.mx\/wp-content\/uploads\/2024\/08\/IMG_7664.jpeg","articleSection":["Cultura y Entretenimiento"],"inLanguage":"es","potentialAction":[{"@type":"CommentAction","name":"Comment","target":["https:\/\/quehacerpolitico.mx\/?p=112107#respond"]}]},{"@type":"WebPage","@id":"https:\/\/quehacerpolitico.mx\/?p=112107","url":"https:\/\/quehacerpolitico.mx\/?p=112107","name":"Conoce la vida y obra de Leona Vicario, Hero\u00edna de la Patria por su lucha en la Independencia de M\u00e9xico -","isPartOf":{"@id":"https:\/\/quehacerpolitico.mx\/#website"},"primaryImageOfPage":{"@id":"https:\/\/quehacerpolitico.mx\/?p=112107#primaryimage"},"image":{"@id":"https:\/\/quehacerpolitico.mx\/?p=112107#primaryimage"},"thumbnailUrl":"https:\/\/quehacerpolitico.mx\/wp-content\/uploads\/2024\/08\/IMG_7664.jpeg","datePublished":"2024-08-25T18:18:57+00:00","dateModified":"2024-08-25T18:18:59+00:00","author":{"@id":"https:\/\/quehacerpolitico.mx\/#\/schema\/person\/496d8ad2d1d3f8036101dca7ee39e585"},"breadcrumb":{"@id":"https:\/\/quehacerpolitico.mx\/?p=112107#breadcrumb"},"inLanguage":"es","potentialAction":[{"@type":"ReadAction","target":["https:\/\/quehacerpolitico.mx\/?p=112107"]}]},{"@type":"ImageObject","inLanguage":"es","@id":"https:\/\/quehacerpolitico.mx\/?p=112107#primaryimage","url":"https:\/\/quehacerpolitico.mx\/wp-content\/uploads\/2024\/08\/IMG_7664.jpeg","contentUrl":"https:\/\/quehacerpolitico.mx\/wp-content\/uploads\/2024\/08\/IMG_7664.jpeg","width":739,"height":415},{"@type":"BreadcrumbList","@id":"https:\/\/quehacerpolitico.mx\/?p=112107#breadcrumb","itemListElement":[{"@type":"ListItem","position":1,"name":"Inicio","item":"https:\/\/quehacerpolitico.mx\/"},{"@type":"ListItem","position":2,"name":"Conoce la vida y obra de Leona Vicario, Hero\u00edna de la Patria por su lucha en la Independencia de M\u00e9xico"}]},{"@type":"WebSite","@id":"https:\/\/quehacerpolitico.mx\/#website","url":"https:\/\/quehacerpolitico.mx\/","name":"","description":"","potentialAction":[{"@type":"SearchAction","target":{"@type":"EntryPoint","urlTemplate":"https:\/\/quehacerpolitico.mx\/?s={search_term_string}"},"query-input":{"@type":"PropertyValueSpecification","valueRequired":true,"valueName":"search_term_string"}}],"inLanguage":"es"},{"@type":"Person","@id":"https:\/\/quehacerpolitico.mx\/#\/schema\/person\/496d8ad2d1d3f8036101dca7ee39e585","name":"Redacci\u00f3n QP","image":{"@type":"ImageObject","inLanguage":"es","@id":"https:\/\/secure.gravatar.com\/avatar\/c7164ed6fdec453195284ad24a5ae5b6e1eed2b848477fa2a4787ba9adf39a41?s=96&d=mm&r=g","url":"https:\/\/secure.gravatar.com\/avatar\/c7164ed6fdec453195284ad24a5ae5b6e1eed2b848477fa2a4787ba9adf39a41?s=96&d=mm&r=g","contentUrl":"https:\/\/secure.gravatar.com\/avatar\/c7164ed6fdec453195284ad24a5ae5b6e1eed2b848477fa2a4787ba9adf39a41?s=96&d=mm&r=g","caption":"Redacci\u00f3n QP"},"url":"https:\/\/quehacerpolitico.mx\/?author=2"}]}},"featured_image_urls":{"full":["https:\/\/quehacerpolitico.mx\/wp-content\/uploads\/2024\/08\/IMG_7664.jpeg",739,415,false],"thumbnail":["https:\/\/quehacerpolitico.mx\/wp-content\/uploads\/2024\/08\/IMG_7664-150x150.jpeg",150,150,true],"medium":["https:\/\/quehacerpolitico.mx\/wp-content\/uploads\/2024\/08\/IMG_7664-300x168.jpeg",300,168,true],"medium_large":["https:\/\/quehacerpolitico.mx\/wp-content\/uploads\/2024\/08\/IMG_7664.jpeg",640,359,false],"large":["https:\/\/quehacerpolitico.mx\/wp-content\/uploads\/2024\/08\/IMG_7664.jpeg",640,359,false],"1536x1536":["https:\/\/quehacerpolitico.mx\/wp-content\/uploads\/2024\/08\/IMG_7664.jpeg",739,415,false],"2048x2048":["https:\/\/quehacerpolitico.mx\/wp-content\/uploads\/2024\/08\/IMG_7664.jpeg",739,415,false],"covernews-featured":["https:\/\/quehacerpolitico.mx\/wp-content\/uploads\/2024\/08\/IMG_7664.jpeg",739,415,false],"covernews-medium":["https:\/\/quehacerpolitico.mx\/wp-content\/uploads\/2024\/08\/IMG_7664.jpeg",540,303,false]},"author_info":{"display_name":"Redacci\u00f3n QP","author_link":"https:\/\/quehacerpolitico.mx\/?author=2"},"category_info":"<a href=\"https:\/\/quehacerpolitico.mx\/?cat=58\" rel=\"category\">Cultura y Entretenimiento<\/a>","tag_info":"Cultura y Entretenimiento","comment_count":"0","_links":{"self":[{"href":"https:\/\/quehacerpolitico.mx\/index.php?rest_route=\/wp\/v2\/posts\/112107","targetHints":{"allow":["GET"]}}],"collection":[{"href":"https:\/\/quehacerpolitico.mx\/index.php?rest_route=\/wp\/v2\/posts"}],"about":[{"href":"https:\/\/quehacerpolitico.mx\/index.php?rest_route=\/wp\/v2\/types\/post"}],"author":[{"embeddable":true,"href":"https:\/\/quehacerpolitico.mx\/index.php?rest_route=\/wp\/v2\/users\/2"}],"replies":[{"embeddable":true,"href":"https:\/\/quehacerpolitico.mx\/index.php?rest_route=%2Fwp%2Fv2%2Fcomments&post=112107"}],"version-history":[{"count":1,"href":"https:\/\/quehacerpolitico.mx\/index.php?rest_route=\/wp\/v2\/posts\/112107\/revisions"}],"predecessor-version":[{"id":112109,"href":"https:\/\/quehacerpolitico.mx\/index.php?rest_route=\/wp\/v2\/posts\/112107\/revisions\/112109"}],"wp:featuredmedia":[{"embeddable":true,"href":"https:\/\/quehacerpolitico.mx\/index.php?rest_route=\/wp\/v2\/media\/112108"}],"wp:attachment":[{"href":"https:\/\/quehacerpolitico.mx\/index.php?rest_route=%2Fwp%2Fv2%2Fmedia&parent=112107"}],"wp:term":[{"taxonomy":"category","embeddable":true,"href":"https:\/\/quehacerpolitico.mx\/index.php?rest_route=%2Fwp%2Fv2%2Fcategories&post=112107"},{"taxonomy":"post_tag","embeddable":true,"href":"https:\/\/quehacerpolitico.mx\/index.php?rest_route=%2Fwp%2Fv2%2Ftags&post=112107"}],"curies":[{"name":"wp","href":"https:\/\/api.w.org\/{rel}","templated":true}]}}