{"id":112090,"date":"2024-08-23T15:20:11","date_gmt":"2024-08-23T15:20:11","guid":{"rendered":"https:\/\/quehacerpolitico.mx\/?p=112090"},"modified":"2024-08-23T15:20:14","modified_gmt":"2024-08-23T15:20:14","slug":"alejandra-valencia-exige-a-ana-guevara-reestructuras-a-la-conade-no-es-posible-que-vengas-de-olimpicos-con-una-medalla-y-te-bajen-la-beca","status":"publish","type":"post","link":"https:\/\/quehacerpolitico.mx\/?p=112090","title":{"rendered":"Alejandra Valencia exige a Ana Guevara reestructuras a la Conade: \u201cNo es posible que vengas de Ol\u00edmpicos con una medalla y te bajen la beca\u201d"},"content":{"rendered":"\n<p>Por Redacci\u00f3n QP<\/p>\n\n\n\n<p>Tras recibir un ataque de Conade por quejarse de la reducci\u00f3n de su beca, Alejandra Valencia pidi\u00f3 cambiar los tabuladores para evitar que un medallista ol\u00edmpico, como es su caso, se vea afectado en sus est\u00edmulos.<\/p>\n\n\n\n<p>La&nbsp;<strong>arquera mexicana Alejandra Valencia<\/strong>, quien tras quejarse por la&nbsp;<strong>reducci\u00f3n de su beca<\/strong>&nbsp;recibi\u00f3 una&nbsp;<strong>altanera respuesta de Conade<\/strong>&nbsp;ech\u00e1ndole en cara todo el&nbsp;<strong>apoyo<\/strong>que le dieron&nbsp;en el ciclo ol\u00edmpico,&nbsp;<strong>exigi\u00f3 al organismo que dirige Ana Guevara<\/strong>&nbsp;que haya una&nbsp;<strong>reestructura<\/strong>&nbsp;en los&nbsp;<strong>tabuladores para definir los montos<\/strong>&nbsp;que se asignan al&nbsp;<strong>alto rendimiento<\/strong>.&nbsp;<\/p>\n\n\n\n<p>Valencia sali\u00f3 a&nbsp;<strong>defender su postura<\/strong>&nbsp;en un&nbsp;<strong>video<\/strong>&nbsp;y despu\u00e9s en un&nbsp;<strong>hilo de la red social X<\/strong>, luego de que la ma\u00f1ana del jueves public\u00f3 sorprendida que le&nbsp;<strong>redujeron su beca de Conade de 46 mil pesos a 36 mil<\/strong>, pese a&nbsp;<strong>regresar de Par\u00eds 2024 con una medalla ol\u00edmpica de bronce por equipos<\/strong>.<\/p>\n\n\n\n<p>La&nbsp;<strong>respuesta<\/strong>&nbsp;de Conade fue un&nbsp;<strong>agresivo comunicado de prensa<\/strong>&nbsp;en el que&nbsp;<strong>desglosan las cantidades que Valencia y todo el equipo de tiro con arco de M\u00e9xico recibieron<\/strong>&nbsp;en el&nbsp;<strong>ciclo ol\u00edmpico de Par\u00eds 2024<\/strong>.<\/p>\n\n\n\n<p>\u201cLa arquera mexicana es la&nbsp;<strong>atleta con m\u00e1s apoyos recibidos<\/strong>&nbsp;en&nbsp;<strong>toda la delegaci\u00f3n nacional<\/strong>&nbsp;que particip\u00f3 en los Juegos Ol\u00edmpicos de Par\u00eds 2024 y lidera la lista de seleccionados en el primer lugar\u201d, puntualiz\u00f3 la Conade y detall\u00f3 el pago que la arquera percibe cada mes.<\/p>\n\n\n\n<p>La Conade le sac\u00f3 las&nbsp;<strong>cuentas<\/strong>&nbsp;de todo lo que ha gastado en ella a lo largo de los \u00faltimos cinco a\u00f1os, aunque no se limit\u00f3 s\u00f3lo a la beca que percibe Alejandra Valencia, sino que&nbsp;<strong>incluy\u00f3 todo lo que el organismo le ha dado<\/strong>&nbsp;por conceptos de vi\u00e1ticos, alimentaci\u00f3n, hospedaje, transportaci\u00f3n y premios.&nbsp;<\/p>\n\n\n\n<p>\u201cDesde el mes de enero del 2019 y hasta julio del 2024, Alejandra Valencia recibi\u00f3 en apoyo de becas, premios y est\u00edmulos un total de&nbsp;<strong>7 millones 901 mil 787 pesos<\/strong>. Respecto a los servicios por hospedaje, alimentaci\u00f3n, equipamiento y servicios m\u00e9dicos otorgados en el Centro Nacional de Desarrollo de Talentos Deportivos y Alto Rendimiento (CNAR), Alejandra Valencia Trujillo recibi\u00f3 555 mil 497.34 pesos totales de abril de 2021 a julio de 2024\u201d, detall\u00f3.&nbsp;<\/p>\n\n\n\n<p>\u201cLa arquera percibe, desde el 1 de enero de 2019, hasta el 31 de julio de 2024, si se tuviera que promediar, un&nbsp;<strong>apoyo equivalente a 4 mil 147.76 pesos diarios&nbsp;<\/strong>por dedicarse a su actividad con apoyo del Gobierno de M\u00e9xico. Al mes, en promedio, Alejandra Valencia, ha sido apoyada en una media de 124 mil 432.82 pesos mensuales por la actual administraci\u00f3n de la Conade\u201d, sentenci\u00f3 el organismo.&nbsp;<\/p>\n\n\n\n<h2 class=\"wp-block-heading\">REESTRUCTURA<\/h2>\n\n\n\n<p>Ante este&nbsp;<strong>claro ataque directo<\/strong>, Valencia sali\u00f3 a&nbsp;<strong>defender su postura&nbsp;<\/strong>en un video en redes sociales en el que&nbsp;<strong>pidi\u00f3 a la Conade de Ana Guevara que haga una reestructura<\/strong>&nbsp;en la<strong>&nbsp;asignaci\u00f3n de becas por resultados<\/strong>, con un&nbsp;<strong>an\u00e1lisis que impida que una medalla ol\u00edmpica no sea \u201ccastigada\u201d o considerada un mal resultado<\/strong>.&nbsp;<\/p>\n\n\n\n<p>\u201cDespu\u00e9s del tuit que hice en la ma\u00f1ana y la\u00a0<strong>respuesta que hubo, estoy en la necesidad de explicar todo lo que pas\u00f3<\/strong>\u00a0porque nunca habl\u00e9 de\u00a0<strong>apoyos<\/strong>.\u00a0<strong>Me refer\u00eda a la beca que me bajaron<\/strong>\u201d, inicia Valencia en su video. \ud83d\udc47<\/p>\n\n\n\n<figure class=\"wp-block-embed is-type-video is-provider-youtube wp-block-embed-youtube wp-embed-aspect-16-9 wp-has-aspect-ratio\"><div class=\"wp-block-embed__wrapper\">\n<iframe loading=\"lazy\" title=\"Pide Alejandra Valencia reestructuraci\u00f3n en sistema de becas\" width=\"640\" height=\"360\" src=\"https:\/\/www.youtube.com\/embed\/seEabpNCiwM?feature=oembed\" frameborder=\"0\" allow=\"accelerometer; autoplay; clipboard-write; encrypted-media; gyroscope; picture-in-picture; web-share\" referrerpolicy=\"strict-origin-when-cross-origin\" allowfullscreen><\/iframe>\n<\/div><\/figure>\n\n\n\n<p>\u201cLas&nbsp;<strong>tabulaciones<\/strong>&nbsp;que hay para decir a ti te toca tanto, eso es lo que me estoy quejando, que&nbsp;<strong>se tiene que cambiar para futuro<\/strong>. No puede pasar eso.&nbsp;<strong>Llegu\u00e9 de Par\u00eds con una medalla de bronce y me dijeron: \u2018\u00bfsabes qu\u00e9? te vamos a bajar la beca\u2019, 20 por ciento me la bajaron.<\/strong><\/p>\n\n\n\n<p>\u201cSoy&nbsp;<strong>doble medallista ol\u00edmpica. Llevo 10 a\u00f1os siendo Top seis del mundo,<\/strong>&nbsp;entonces&nbsp;<strong>no viene de la nada mi reclamo<\/strong>\u201d, coment\u00f3.&nbsp;<\/p>\n\n\n\n<p>\u201cM\u00e1s que nada, es para que&nbsp;<strong>haya una reestructuraci\u00f3n de la tabulaci\u00f3n<\/strong>&nbsp;para c\u00f3mo entregar las becas, para que no sea s\u00f3lo a m\u00ed. Tengo muchos compa\u00f1eros deportistas en muchos deportes que les pas\u00f3 lo mismo, y eso no puede estar sucediendo\u201d, indic\u00f3 la arquera.<\/p>\n\n\n\n<figure class=\"wp-block-embed is-type-rich is-provider-twitter wp-block-embed-twitter\"><div class=\"wp-block-embed__wrapper\">\n<blockquote class=\"twitter-tweet\" data-width=\"550\" data-dnt=\"true\"><p lang=\"es\" dir=\"ltr\">Hilo para aclarar todo lo de mi publicaci\u00f3n en X  y respuesta a la publicaci\u00f3n de <a href=\"https:\/\/twitter.com\/CONADE?ref_src=twsrc%5Etfw\">@CONADE<\/a> <br><br>No me estoy quejando por los recursos que han otorgado a los arqueros que representamos a M\u00e9xico, sino de la reducci\u00f3n de mi beca por un \u201cbajo\u201d rendimiento. <br><br>\u23e9 <a href=\"https:\/\/t.co\/qp02XQTnzz\">https:\/\/t.co\/qp02XQTnzz<\/a><\/p>&mdash; alejandra valencia (@micozito) <a href=\"https:\/\/twitter.com\/micozito\/status\/1826856317556064440?ref_src=twsrc%5Etfw\">August 23, 2024<\/a><\/blockquote><script async src=\"https:\/\/platform.twitter.com\/widgets.js\" charset=\"utf-8\"><\/script>\n<\/div><\/figure>\n\n\n\n<p>\u201c<strong>No es posible que vengas de Ol\u00edmpicos con una medalla y te bajen la beca<\/strong>, eso es lo que se tiene que revisar\u201d, insisti\u00f3.<\/p>\n","protected":false},"excerpt":{"rendered":"<p>Por Redacci\u00f3n QP Tras recibir un ataque de Conade por quejarse de la reducci\u00f3n de&#8230;<\/p>\n","protected":false},"author":2,"featured_media":112092,"comment_status":"open","ping_status":"open","sticky":false,"template":"","format":"standard","meta":{"_monsterinsights_skip_tracking":false,"_monsterinsights_sitenote_active":false,"_monsterinsights_sitenote_note":"","_monsterinsights_sitenote_category":0,"footnotes":""},"categories":[54],"tags":[],"class_list":["post-112090","post","type-post","status-publish","format-standard","has-post-thumbnail","hentry","category-deportes"],"yoast_head":"<!-- This site is optimized with the Yoast SEO plugin v27.3 - https:\/\/yoast.com\/product\/yoast-seo-wordpress\/ -->\n<title>Alejandra Valencia exige a Ana Guevara reestructuras a la Conade: \u201cNo es posible que vengas de Ol\u00edmpicos con una medalla y te bajen la beca\u201d -<\/title>\n<meta name=\"robots\" content=\"index, follow, max-snippet:-1, max-image-preview:large, max-video-preview:-1\" \/>\n<link rel=\"canonical\" href=\"https:\/\/quehacerpolitico.mx\/?p=112090\" \/>\n<meta property=\"og:locale\" content=\"es_MX\" \/>\n<meta property=\"og:type\" content=\"article\" \/>\n<meta property=\"og:title\" content=\"Alejandra Valencia exige a Ana Guevara reestructuras a la Conade: \u201cNo es posible que vengas de Ol\u00edmpicos con una medalla y te bajen la beca\u201d -\" \/>\n<meta property=\"og:description\" content=\"Por Redacci\u00f3n QP Tras recibir un ataque de Conade por quejarse de la reducci\u00f3n de...\" \/>\n<meta property=\"og:url\" content=\"https:\/\/quehacerpolitico.mx\/?p=112090\" \/>\n<meta property=\"article:published_time\" content=\"2024-08-23T15:20:11+00:00\" \/>\n<meta property=\"article:modified_time\" content=\"2024-08-23T15:20:14+00:00\" \/>\n<meta property=\"og:image\" content=\"https:\/\/quehacerpolitico.mx\/wp-content\/uploads\/2024\/08\/IMG_7589.jpeg\" \/>\n\t<meta property=\"og:image:width\" content=\"400\" \/>\n\t<meta property=\"og:image:height\" content=\"267\" \/>\n\t<meta property=\"og:image:type\" content=\"image\/jpeg\" \/>\n<meta name=\"author\" content=\"Redacci\u00f3n QP\" \/>\n<meta name=\"twitter:card\" content=\"summary_large_image\" \/>\n<meta name=\"twitter:label1\" content=\"Escrito por\" \/>\n\t<meta name=\"twitter:data1\" content=\"Redacci\u00f3n QP\" \/>\n\t<meta name=\"twitter:label2\" content=\"Tiempo de lectura\" \/>\n\t<meta name=\"twitter:data2\" content=\"4 minutos\" \/>\n<script type=\"application\/ld+json\" class=\"yoast-schema-graph\">{\"@context\":\"https:\\\/\\\/schema.org\",\"@graph\":[{\"@type\":\"Article\",\"@id\":\"https:\\\/\\\/quehacerpolitico.mx\\\/?p=112090#article\",\"isPartOf\":{\"@id\":\"https:\\\/\\\/quehacerpolitico.mx\\\/?p=112090\"},\"author\":{\"name\":\"Redacci\u00f3n QP\",\"@id\":\"https:\\\/\\\/quehacerpolitico.mx\\\/#\\\/schema\\\/person\\\/496d8ad2d1d3f8036101dca7ee39e585\"},\"headline\":\"Alejandra Valencia exige a Ana Guevara reestructuras a la Conade: \u201cNo es posible que vengas de Ol\u00edmpicos con una medalla y te bajen la beca\u201d\",\"datePublished\":\"2024-08-23T15:20:11+00:00\",\"dateModified\":\"2024-08-23T15:20:14+00:00\",\"mainEntityOfPage\":{\"@id\":\"https:\\\/\\\/quehacerpolitico.mx\\\/?p=112090\"},\"wordCount\":800,\"commentCount\":0,\"image\":{\"@id\":\"https:\\\/\\\/quehacerpolitico.mx\\\/?p=112090#primaryimage\"},\"thumbnailUrl\":\"https:\\\/\\\/quehacerpolitico.mx\\\/wp-content\\\/uploads\\\/2024\\\/08\\\/IMG_7589.jpeg\",\"articleSection\":[\"Deportes\"],\"inLanguage\":\"es\",\"potentialAction\":[{\"@type\":\"CommentAction\",\"name\":\"Comment\",\"target\":[\"https:\\\/\\\/quehacerpolitico.mx\\\/?p=112090#respond\"]}]},{\"@type\":\"WebPage\",\"@id\":\"https:\\\/\\\/quehacerpolitico.mx\\\/?p=112090\",\"url\":\"https:\\\/\\\/quehacerpolitico.mx\\\/?p=112090\",\"name\":\"Alejandra Valencia exige a Ana Guevara reestructuras a la Conade: \u201cNo es posible que vengas de Ol\u00edmpicos con una medalla y te bajen la beca\u201d -\",\"isPartOf\":{\"@id\":\"https:\\\/\\\/quehacerpolitico.mx\\\/#website\"},\"primaryImageOfPage\":{\"@id\":\"https:\\\/\\\/quehacerpolitico.mx\\\/?p=112090#primaryimage\"},\"image\":{\"@id\":\"https:\\\/\\\/quehacerpolitico.mx\\\/?p=112090#primaryimage\"},\"thumbnailUrl\":\"https:\\\/\\\/quehacerpolitico.mx\\\/wp-content\\\/uploads\\\/2024\\\/08\\\/IMG_7589.jpeg\",\"datePublished\":\"2024-08-23T15:20:11+00:00\",\"dateModified\":\"2024-08-23T15:20:14+00:00\",\"author\":{\"@id\":\"https:\\\/\\\/quehacerpolitico.mx\\\/#\\\/schema\\\/person\\\/496d8ad2d1d3f8036101dca7ee39e585\"},\"breadcrumb\":{\"@id\":\"https:\\\/\\\/quehacerpolitico.mx\\\/?p=112090#breadcrumb\"},\"inLanguage\":\"es\",\"potentialAction\":[{\"@type\":\"ReadAction\",\"target\":[\"https:\\\/\\\/quehacerpolitico.mx\\\/?p=112090\"]}]},{\"@type\":\"ImageObject\",\"inLanguage\":\"es\",\"@id\":\"https:\\\/\\\/quehacerpolitico.mx\\\/?p=112090#primaryimage\",\"url\":\"https:\\\/\\\/quehacerpolitico.mx\\\/wp-content\\\/uploads\\\/2024\\\/08\\\/IMG_7589.jpeg\",\"contentUrl\":\"https:\\\/\\\/quehacerpolitico.mx\\\/wp-content\\\/uploads\\\/2024\\\/08\\\/IMG_7589.jpeg\",\"width\":400,\"height\":267},{\"@type\":\"BreadcrumbList\",\"@id\":\"https:\\\/\\\/quehacerpolitico.mx\\\/?p=112090#breadcrumb\",\"itemListElement\":[{\"@type\":\"ListItem\",\"position\":1,\"name\":\"Inicio\",\"item\":\"https:\\\/\\\/quehacerpolitico.mx\\\/\"},{\"@type\":\"ListItem\",\"position\":2,\"name\":\"Alejandra Valencia exige a Ana Guevara reestructuras a la Conade: \u201cNo es posible que vengas de Ol\u00edmpicos con una medalla y te bajen la beca\u201d\"}]},{\"@type\":\"WebSite\",\"@id\":\"https:\\\/\\\/quehacerpolitico.mx\\\/#website\",\"url\":\"https:\\\/\\\/quehacerpolitico.mx\\\/\",\"name\":\"\",\"description\":\"\",\"potentialAction\":[{\"@type\":\"SearchAction\",\"target\":{\"@type\":\"EntryPoint\",\"urlTemplate\":\"https:\\\/\\\/quehacerpolitico.mx\\\/?s={search_term_string}\"},\"query-input\":{\"@type\":\"PropertyValueSpecification\",\"valueRequired\":true,\"valueName\":\"search_term_string\"}}],\"inLanguage\":\"es\"},{\"@type\":\"Person\",\"@id\":\"https:\\\/\\\/quehacerpolitico.mx\\\/#\\\/schema\\\/person\\\/496d8ad2d1d3f8036101dca7ee39e585\",\"name\":\"Redacci\u00f3n QP\",\"image\":{\"@type\":\"ImageObject\",\"inLanguage\":\"es\",\"@id\":\"https:\\\/\\\/secure.gravatar.com\\\/avatar\\\/c7164ed6fdec453195284ad24a5ae5b6e1eed2b848477fa2a4787ba9adf39a41?s=96&d=mm&r=g\",\"url\":\"https:\\\/\\\/secure.gravatar.com\\\/avatar\\\/c7164ed6fdec453195284ad24a5ae5b6e1eed2b848477fa2a4787ba9adf39a41?s=96&d=mm&r=g\",\"contentUrl\":\"https:\\\/\\\/secure.gravatar.com\\\/avatar\\\/c7164ed6fdec453195284ad24a5ae5b6e1eed2b848477fa2a4787ba9adf39a41?s=96&d=mm&r=g\",\"caption\":\"Redacci\u00f3n QP\"},\"url\":\"https:\\\/\\\/quehacerpolitico.mx\\\/?author=2\"}]}<\/script>\n<!-- \/ Yoast SEO plugin. -->","yoast_head_json":{"title":"Alejandra Valencia exige a Ana Guevara reestructuras a la Conade: \u201cNo es posible que vengas de Ol\u00edmpicos con una medalla y te bajen la beca\u201d -","robots":{"index":"index","follow":"follow","max-snippet":"max-snippet:-1","max-image-preview":"max-image-preview:large","max-video-preview":"max-video-preview:-1"},"canonical":"https:\/\/quehacerpolitico.mx\/?p=112090","og_locale":"es_MX","og_type":"article","og_title":"Alejandra Valencia exige a Ana Guevara reestructuras a la Conade: \u201cNo es posible que vengas de Ol\u00edmpicos con una medalla y te bajen la beca\u201d -","og_description":"Por Redacci\u00f3n QP Tras recibir un ataque de Conade por quejarse de la reducci\u00f3n de...","og_url":"https:\/\/quehacerpolitico.mx\/?p=112090","article_published_time":"2024-08-23T15:20:11+00:00","article_modified_time":"2024-08-23T15:20:14+00:00","og_image":[{"width":400,"height":267,"url":"https:\/\/quehacerpolitico.mx\/wp-content\/uploads\/2024\/08\/IMG_7589.jpeg","type":"image\/jpeg"}],"author":"Redacci\u00f3n QP","twitter_card":"summary_large_image","twitter_misc":{"Escrito por":"Redacci\u00f3n QP","Tiempo de lectura":"4 minutos"},"schema":{"@context":"https:\/\/schema.org","@graph":[{"@type":"Article","@id":"https:\/\/quehacerpolitico.mx\/?p=112090#article","isPartOf":{"@id":"https:\/\/quehacerpolitico.mx\/?p=112090"},"author":{"name":"Redacci\u00f3n QP","@id":"https:\/\/quehacerpolitico.mx\/#\/schema\/person\/496d8ad2d1d3f8036101dca7ee39e585"},"headline":"Alejandra Valencia exige a Ana Guevara reestructuras a la Conade: \u201cNo es posible que vengas de Ol\u00edmpicos con una medalla y te bajen la beca\u201d","datePublished":"2024-08-23T15:20:11+00:00","dateModified":"2024-08-23T15:20:14+00:00","mainEntityOfPage":{"@id":"https:\/\/quehacerpolitico.mx\/?p=112090"},"wordCount":800,"commentCount":0,"image":{"@id":"https:\/\/quehacerpolitico.mx\/?p=112090#primaryimage"},"thumbnailUrl":"https:\/\/quehacerpolitico.mx\/wp-content\/uploads\/2024\/08\/IMG_7589.jpeg","articleSection":["Deportes"],"inLanguage":"es","potentialAction":[{"@type":"CommentAction","name":"Comment","target":["https:\/\/quehacerpolitico.mx\/?p=112090#respond"]}]},{"@type":"WebPage","@id":"https:\/\/quehacerpolitico.mx\/?p=112090","url":"https:\/\/quehacerpolitico.mx\/?p=112090","name":"Alejandra Valencia exige a Ana Guevara reestructuras a la Conade: \u201cNo es posible que vengas de Ol\u00edmpicos con una medalla y te bajen la beca\u201d -","isPartOf":{"@id":"https:\/\/quehacerpolitico.mx\/#website"},"primaryImageOfPage":{"@id":"https:\/\/quehacerpolitico.mx\/?p=112090#primaryimage"},"image":{"@id":"https:\/\/quehacerpolitico.mx\/?p=112090#primaryimage"},"thumbnailUrl":"https:\/\/quehacerpolitico.mx\/wp-content\/uploads\/2024\/08\/IMG_7589.jpeg","datePublished":"2024-08-23T15:20:11+00:00","dateModified":"2024-08-23T15:20:14+00:00","author":{"@id":"https:\/\/quehacerpolitico.mx\/#\/schema\/person\/496d8ad2d1d3f8036101dca7ee39e585"},"breadcrumb":{"@id":"https:\/\/quehacerpolitico.mx\/?p=112090#breadcrumb"},"inLanguage":"es","potentialAction":[{"@type":"ReadAction","target":["https:\/\/quehacerpolitico.mx\/?p=112090"]}]},{"@type":"ImageObject","inLanguage":"es","@id":"https:\/\/quehacerpolitico.mx\/?p=112090#primaryimage","url":"https:\/\/quehacerpolitico.mx\/wp-content\/uploads\/2024\/08\/IMG_7589.jpeg","contentUrl":"https:\/\/quehacerpolitico.mx\/wp-content\/uploads\/2024\/08\/IMG_7589.jpeg","width":400,"height":267},{"@type":"BreadcrumbList","@id":"https:\/\/quehacerpolitico.mx\/?p=112090#breadcrumb","itemListElement":[{"@type":"ListItem","position":1,"name":"Inicio","item":"https:\/\/quehacerpolitico.mx\/"},{"@type":"ListItem","position":2,"name":"Alejandra Valencia exige a Ana Guevara reestructuras a la Conade: \u201cNo es posible que vengas de Ol\u00edmpicos con una medalla y te bajen la beca\u201d"}]},{"@type":"WebSite","@id":"https:\/\/quehacerpolitico.mx\/#website","url":"https:\/\/quehacerpolitico.mx\/","name":"","description":"","potentialAction":[{"@type":"SearchAction","target":{"@type":"EntryPoint","urlTemplate":"https:\/\/quehacerpolitico.mx\/?s={search_term_string}"},"query-input":{"@type":"PropertyValueSpecification","valueRequired":true,"valueName":"search_term_string"}}],"inLanguage":"es"},{"@type":"Person","@id":"https:\/\/quehacerpolitico.mx\/#\/schema\/person\/496d8ad2d1d3f8036101dca7ee39e585","name":"Redacci\u00f3n QP","image":{"@type":"ImageObject","inLanguage":"es","@id":"https:\/\/secure.gravatar.com\/avatar\/c7164ed6fdec453195284ad24a5ae5b6e1eed2b848477fa2a4787ba9adf39a41?s=96&d=mm&r=g","url":"https:\/\/secure.gravatar.com\/avatar\/c7164ed6fdec453195284ad24a5ae5b6e1eed2b848477fa2a4787ba9adf39a41?s=96&d=mm&r=g","contentUrl":"https:\/\/secure.gravatar.com\/avatar\/c7164ed6fdec453195284ad24a5ae5b6e1eed2b848477fa2a4787ba9adf39a41?s=96&d=mm&r=g","caption":"Redacci\u00f3n QP"},"url":"https:\/\/quehacerpolitico.mx\/?author=2"}]}},"featured_image_urls":{"full":["https:\/\/quehacerpolitico.mx\/wp-content\/uploads\/2024\/08\/IMG_7589.jpeg",400,267,false],"thumbnail":["https:\/\/quehacerpolitico.mx\/wp-content\/uploads\/2024\/08\/IMG_7589-150x150.jpeg",150,150,true],"medium":["https:\/\/quehacerpolitico.mx\/wp-content\/uploads\/2024\/08\/IMG_7589-300x200.jpeg",300,200,true],"medium_large":["https:\/\/quehacerpolitico.mx\/wp-content\/uploads\/2024\/08\/IMG_7589.jpeg",400,267,false],"large":["https:\/\/quehacerpolitico.mx\/wp-content\/uploads\/2024\/08\/IMG_7589.jpeg",400,267,false],"1536x1536":["https:\/\/quehacerpolitico.mx\/wp-content\/uploads\/2024\/08\/IMG_7589.jpeg",400,267,false],"2048x2048":["https:\/\/quehacerpolitico.mx\/wp-content\/uploads\/2024\/08\/IMG_7589.jpeg",400,267,false],"covernews-featured":["https:\/\/quehacerpolitico.mx\/wp-content\/uploads\/2024\/08\/IMG_7589.jpeg",400,267,false],"covernews-medium":["https:\/\/quehacerpolitico.mx\/wp-content\/uploads\/2024\/08\/IMG_7589.jpeg",400,267,false]},"author_info":{"display_name":"Redacci\u00f3n QP","author_link":"https:\/\/quehacerpolitico.mx\/?author=2"},"category_info":"<a href=\"https:\/\/quehacerpolitico.mx\/?cat=54\" rel=\"category\">Deportes<\/a>","tag_info":"Deportes","comment_count":"0","_links":{"self":[{"href":"https:\/\/quehacerpolitico.mx\/index.php?rest_route=\/wp\/v2\/posts\/112090","targetHints":{"allow":["GET"]}}],"collection":[{"href":"https:\/\/quehacerpolitico.mx\/index.php?rest_route=\/wp\/v2\/posts"}],"about":[{"href":"https:\/\/quehacerpolitico.mx\/index.php?rest_route=\/wp\/v2\/types\/post"}],"author":[{"embeddable":true,"href":"https:\/\/quehacerpolitico.mx\/index.php?rest_route=\/wp\/v2\/users\/2"}],"replies":[{"embeddable":true,"href":"https:\/\/quehacerpolitico.mx\/index.php?rest_route=%2Fwp%2Fv2%2Fcomments&post=112090"}],"version-history":[{"count":1,"href":"https:\/\/quehacerpolitico.mx\/index.php?rest_route=\/wp\/v2\/posts\/112090\/revisions"}],"predecessor-version":[{"id":112093,"href":"https:\/\/quehacerpolitico.mx\/index.php?rest_route=\/wp\/v2\/posts\/112090\/revisions\/112093"}],"wp:featuredmedia":[{"embeddable":true,"href":"https:\/\/quehacerpolitico.mx\/index.php?rest_route=\/wp\/v2\/media\/112092"}],"wp:attachment":[{"href":"https:\/\/quehacerpolitico.mx\/index.php?rest_route=%2Fwp%2Fv2%2Fmedia&parent=112090"}],"wp:term":[{"taxonomy":"category","embeddable":true,"href":"https:\/\/quehacerpolitico.mx\/index.php?rest_route=%2Fwp%2Fv2%2Fcategories&post=112090"},{"taxonomy":"post_tag","embeddable":true,"href":"https:\/\/quehacerpolitico.mx\/index.php?rest_route=%2Fwp%2Fv2%2Ftags&post=112090"}],"curies":[{"name":"wp","href":"https:\/\/api.w.org\/{rel}","templated":true}]}}