{"id":11205,"date":"2018-12-07T17:38:20","date_gmt":"2018-12-07T17:38:20","guid":{"rendered":"http:\/\/quehacerpolitico.mx\/marko-cortes-y-gomez-morin-fuman-la-pipa-de-la-paz-en-el-pan\/"},"modified":"2018-12-07T17:38:20","modified_gmt":"2018-12-07T17:38:20","slug":"marko-cortes-y-gomez-morin-fuman-la-pipa-de-la-paz-en-el-pan","status":"publish","type":"post","link":"https:\/\/quehacerpolitico.mx\/?p=11205","title":{"rendered":"Marko Cort\u00e9s y G\u00f3mez Mor\u00edn fuman la &#8220;pipa de la paz&#8221; en el PAN"},"content":{"rendered":"<h1 class=\"news-title\">Marko Cort\u00e9s y G\u00f3mez Mor\u00edn fuman la &#8220;pipa de la paz&#8221; en el PAN<\/h1>\n<p>Por Redacci\u00f3n QP<\/p>\n<header class=\"news-header\">\n<div class=\"news-subtitle\">\n<p>Ambos coincidieron en trabajar juntos para facilitar y transparentar los procesos de afiliaci\u00f3n y restablecer los cursos de doctrina<\/p>\n<\/div>\n<\/header>\n<div class=\"news-content\">\n<div class=\"news-body row\">\n<p>El ex aspirante a la dirigencia del Partido Acci\u00f3n Nacional (PAN), Manuel G\u00f3mez Mor\u00edn, y el hoy presidente del blanquiazul, Marko Cortes Mendoza,\u00a0&#8220;fumaron la pipa de la paz&#8221; para reposicionar a Acci\u00f3n Nacional, dijeron, como una oposici\u00f3n seria ante la sociedad.<\/p>\n<p>En la reuni\u00f3n que se llev\u00f3 a cabo la tarde de ayer jueves en la sede nacional del partido, tambi\u00e9n estuvo presente la compa\u00f1era de f\u00f3rmula de G\u00f3mez Mor\u00edn, Mirelle Montes, y el director General de la Fundaci\u00f3n Rafael Preciado, Humberto Aguilar Coronado.<\/p>\n<p>Luego de atacarse fuertemente durante la campa\u00f1a interna del blanquiazul, y de que incluso G\u00f3mez Mor\u00edn calificara el proceso de &#8220;parcial, inequitativo y antidemocr\u00e1tico&#8221;,<strong> los panistascoincidieron en trabajar juntos para facilitar y transparentar los procesos de afiliaci\u00f3n, la revisi\u00f3n integral de los estatutos del partido y restablecer los cursos de doctrina y formaci\u00f3n a la militancia, para hacer al PAN m\u00e1s atractivo para los j\u00f3venes<\/strong>.<\/p>\n<p>G\u00f3mez Mor\u00edn expres\u00f3 su determinaci\u00f3n de fortalecer una militancia con valores para darle nuevamente sentido a las acciones que empresa el partido. Por su parte, Marko Cort\u00e9s agradeci\u00f3 la disposici\u00f3n de G\u00f3mez Mor\u00edn y su equipo para integrarse en diferentes espacios de los \u00f3rganos de decisi\u00f3n partidistas.<\/p>\n<p>Una vez ratificado el triunfo de Cort\u00e9s Mendoza, en noviembre pasado, \u00e9ste invit\u00f3 a G\u00f3mez Mor\u00edn a ser el titular de la Comisi\u00f3n Pol\u00edtica del PAN, a lo que el nieto del fundador del partido contest\u00f3: &#8220;No, gracias&#8221;.<\/p>\n<\/div>\n<\/div>\n","protected":false},"excerpt":{"rendered":"<p>Marko Cort\u00e9s y G\u00f3mez Mor\u00edn fuman la &#8220;pipa de la paz&#8221; en el PAN<br \/>\nPor Redacci\u00f3n QP<\/p>\n","protected":false},"author":2,"featured_media":11204,"comment_status":"open","ping_status":"open","sticky":false,"template":"","format":"standard","meta":{"_monsterinsights_skip_tracking":false,"_monsterinsights_sitenote_active":false,"_monsterinsights_sitenote_note":"","_monsterinsights_sitenote_category":0,"footnotes":""},"categories":[2],"tags":[],"class_list":["post-11205","post","type-post","status-publish","format-standard","has-post-thumbnail","hentry","category-noticias"],"yoast_head":"<!-- This site is optimized with the Yoast SEO plugin v27.3 - https:\/\/yoast.com\/product\/yoast-seo-wordpress\/ -->\n<title>Marko Cort\u00e9s y G\u00f3mez Mor\u00edn fuman la &quot;pipa de la paz&quot; en el PAN -<\/title>\n<meta name=\"robots\" content=\"index, follow, max-snippet:-1, max-image-preview:large, max-video-preview:-1\" \/>\n<link rel=\"canonical\" href=\"https:\/\/quehacerpolitico.mx\/?p=11205\" \/>\n<meta property=\"og:locale\" content=\"es_MX\" \/>\n<meta property=\"og:type\" content=\"article\" \/>\n<meta property=\"og:title\" content=\"Marko Cort\u00e9s y G\u00f3mez Mor\u00edn fuman la &quot;pipa de la paz&quot; en el PAN -\" \/>\n<meta property=\"og:description\" content=\"Marko Cort\u00e9s y G\u00f3mez Mor\u00edn fuman la &quot;pipa de la paz&quot; en el PAN Por Redacci\u00f3n QP\" \/>\n<meta property=\"og:url\" content=\"https:\/\/quehacerpolitico.mx\/?p=11205\" \/>\n<meta property=\"article:published_time\" content=\"2018-12-07T17:38:20+00:00\" \/>\n<meta name=\"author\" content=\"Redacci\u00f3n QP\" \/>\n<meta name=\"twitter:card\" content=\"summary_large_image\" \/>\n<meta name=\"twitter:label1\" content=\"Escrito por\" \/>\n\t<meta name=\"twitter:data1\" content=\"Redacci\u00f3n QP\" \/>\n\t<meta name=\"twitter:label2\" content=\"Tiempo de lectura\" \/>\n\t<meta name=\"twitter:data2\" content=\"2 minutos\" \/>\n<script type=\"application\/ld+json\" class=\"yoast-schema-graph\">{\"@context\":\"https:\\\/\\\/schema.org\",\"@graph\":[{\"@type\":\"Article\",\"@id\":\"https:\\\/\\\/quehacerpolitico.mx\\\/?p=11205#article\",\"isPartOf\":{\"@id\":\"https:\\\/\\\/quehacerpolitico.mx\\\/?p=11205\"},\"author\":{\"name\":\"Redacci\u00f3n QP\",\"@id\":\"https:\\\/\\\/quehacerpolitico.mx\\\/#\\\/schema\\\/person\\\/496d8ad2d1d3f8036101dca7ee39e585\"},\"headline\":\"Marko Cort\u00e9s y G\u00f3mez Mor\u00edn fuman la &#8220;pipa de la paz&#8221; en el PAN\",\"datePublished\":\"2018-12-07T17:38:20+00:00\",\"mainEntityOfPage\":{\"@id\":\"https:\\\/\\\/quehacerpolitico.mx\\\/?p=11205\"},\"wordCount\":327,\"commentCount\":0,\"image\":{\"@id\":\"https:\\\/\\\/quehacerpolitico.mx\\\/?p=11205#primaryimage\"},\"thumbnailUrl\":\"\",\"articleSection\":[\"Noticias\"],\"inLanguage\":\"es\",\"potentialAction\":[{\"@type\":\"CommentAction\",\"name\":\"Comment\",\"target\":[\"https:\\\/\\\/quehacerpolitico.mx\\\/?p=11205#respond\"]}]},{\"@type\":\"WebPage\",\"@id\":\"https:\\\/\\\/quehacerpolitico.mx\\\/?p=11205\",\"url\":\"https:\\\/\\\/quehacerpolitico.mx\\\/?p=11205\",\"name\":\"Marko Cort\u00e9s y G\u00f3mez Mor\u00edn fuman la \\\"pipa de la paz\\\" en el PAN -\",\"isPartOf\":{\"@id\":\"https:\\\/\\\/quehacerpolitico.mx\\\/#website\"},\"primaryImageOfPage\":{\"@id\":\"https:\\\/\\\/quehacerpolitico.mx\\\/?p=11205#primaryimage\"},\"image\":{\"@id\":\"https:\\\/\\\/quehacerpolitico.mx\\\/?p=11205#primaryimage\"},\"thumbnailUrl\":\"\",\"datePublished\":\"2018-12-07T17:38:20+00:00\",\"author\":{\"@id\":\"https:\\\/\\\/quehacerpolitico.mx\\\/#\\\/schema\\\/person\\\/496d8ad2d1d3f8036101dca7ee39e585\"},\"breadcrumb\":{\"@id\":\"https:\\\/\\\/quehacerpolitico.mx\\\/?p=11205#breadcrumb\"},\"inLanguage\":\"es\",\"potentialAction\":[{\"@type\":\"ReadAction\",\"target\":[\"https:\\\/\\\/quehacerpolitico.mx\\\/?p=11205\"]}]},{\"@type\":\"ImageObject\",\"inLanguage\":\"es\",\"@id\":\"https:\\\/\\\/quehacerpolitico.mx\\\/?p=11205#primaryimage\",\"url\":\"\",\"contentUrl\":\"\"},{\"@type\":\"BreadcrumbList\",\"@id\":\"https:\\\/\\\/quehacerpolitico.mx\\\/?p=11205#breadcrumb\",\"itemListElement\":[{\"@type\":\"ListItem\",\"position\":1,\"name\":\"Inicio\",\"item\":\"https:\\\/\\\/quehacerpolitico.mx\\\/\"},{\"@type\":\"ListItem\",\"position\":2,\"name\":\"Marko Cort\u00e9s y G\u00f3mez Mor\u00edn fuman la &#8220;pipa de la paz&#8221; en el PAN\"}]},{\"@type\":\"WebSite\",\"@id\":\"https:\\\/\\\/quehacerpolitico.mx\\\/#website\",\"url\":\"https:\\\/\\\/quehacerpolitico.mx\\\/\",\"name\":\"\",\"description\":\"\",\"potentialAction\":[{\"@type\":\"SearchAction\",\"target\":{\"@type\":\"EntryPoint\",\"urlTemplate\":\"https:\\\/\\\/quehacerpolitico.mx\\\/?s={search_term_string}\"},\"query-input\":{\"@type\":\"PropertyValueSpecification\",\"valueRequired\":true,\"valueName\":\"search_term_string\"}}],\"inLanguage\":\"es\"},{\"@type\":\"Person\",\"@id\":\"https:\\\/\\\/quehacerpolitico.mx\\\/#\\\/schema\\\/person\\\/496d8ad2d1d3f8036101dca7ee39e585\",\"name\":\"Redacci\u00f3n QP\",\"image\":{\"@type\":\"ImageObject\",\"inLanguage\":\"es\",\"@id\":\"https:\\\/\\\/secure.gravatar.com\\\/avatar\\\/c7164ed6fdec453195284ad24a5ae5b6e1eed2b848477fa2a4787ba9adf39a41?s=96&d=mm&r=g\",\"url\":\"https:\\\/\\\/secure.gravatar.com\\\/avatar\\\/c7164ed6fdec453195284ad24a5ae5b6e1eed2b848477fa2a4787ba9adf39a41?s=96&d=mm&r=g\",\"contentUrl\":\"https:\\\/\\\/secure.gravatar.com\\\/avatar\\\/c7164ed6fdec453195284ad24a5ae5b6e1eed2b848477fa2a4787ba9adf39a41?s=96&d=mm&r=g\",\"caption\":\"Redacci\u00f3n QP\"},\"url\":\"https:\\\/\\\/quehacerpolitico.mx\\\/?author=2\"}]}<\/script>\n<!-- \/ Yoast SEO plugin. -->","yoast_head_json":{"title":"Marko Cort\u00e9s y G\u00f3mez Mor\u00edn fuman la \"pipa de la paz\" en el PAN -","robots":{"index":"index","follow":"follow","max-snippet":"max-snippet:-1","max-image-preview":"max-image-preview:large","max-video-preview":"max-video-preview:-1"},"canonical":"https:\/\/quehacerpolitico.mx\/?p=11205","og_locale":"es_MX","og_type":"article","og_title":"Marko Cort\u00e9s y G\u00f3mez Mor\u00edn fuman la \"pipa de la paz\" en el PAN -","og_description":"Marko Cort\u00e9s y G\u00f3mez Mor\u00edn fuman la \"pipa de la paz\" en el PAN Por Redacci\u00f3n QP","og_url":"https:\/\/quehacerpolitico.mx\/?p=11205","article_published_time":"2018-12-07T17:38:20+00:00","author":"Redacci\u00f3n QP","twitter_card":"summary_large_image","twitter_misc":{"Escrito por":"Redacci\u00f3n QP","Tiempo de lectura":"2 minutos"},"schema":{"@context":"https:\/\/schema.org","@graph":[{"@type":"Article","@id":"https:\/\/quehacerpolitico.mx\/?p=11205#article","isPartOf":{"@id":"https:\/\/quehacerpolitico.mx\/?p=11205"},"author":{"name":"Redacci\u00f3n QP","@id":"https:\/\/quehacerpolitico.mx\/#\/schema\/person\/496d8ad2d1d3f8036101dca7ee39e585"},"headline":"Marko Cort\u00e9s y G\u00f3mez Mor\u00edn fuman la &#8220;pipa de la paz&#8221; en el PAN","datePublished":"2018-12-07T17:38:20+00:00","mainEntityOfPage":{"@id":"https:\/\/quehacerpolitico.mx\/?p=11205"},"wordCount":327,"commentCount":0,"image":{"@id":"https:\/\/quehacerpolitico.mx\/?p=11205#primaryimage"},"thumbnailUrl":"","articleSection":["Noticias"],"inLanguage":"es","potentialAction":[{"@type":"CommentAction","name":"Comment","target":["https:\/\/quehacerpolitico.mx\/?p=11205#respond"]}]},{"@type":"WebPage","@id":"https:\/\/quehacerpolitico.mx\/?p=11205","url":"https:\/\/quehacerpolitico.mx\/?p=11205","name":"Marko Cort\u00e9s y G\u00f3mez Mor\u00edn fuman la \"pipa de la paz\" en el PAN -","isPartOf":{"@id":"https:\/\/quehacerpolitico.mx\/#website"},"primaryImageOfPage":{"@id":"https:\/\/quehacerpolitico.mx\/?p=11205#primaryimage"},"image":{"@id":"https:\/\/quehacerpolitico.mx\/?p=11205#primaryimage"},"thumbnailUrl":"","datePublished":"2018-12-07T17:38:20+00:00","author":{"@id":"https:\/\/quehacerpolitico.mx\/#\/schema\/person\/496d8ad2d1d3f8036101dca7ee39e585"},"breadcrumb":{"@id":"https:\/\/quehacerpolitico.mx\/?p=11205#breadcrumb"},"inLanguage":"es","potentialAction":[{"@type":"ReadAction","target":["https:\/\/quehacerpolitico.mx\/?p=11205"]}]},{"@type":"ImageObject","inLanguage":"es","@id":"https:\/\/quehacerpolitico.mx\/?p=11205#primaryimage","url":"","contentUrl":""},{"@type":"BreadcrumbList","@id":"https:\/\/quehacerpolitico.mx\/?p=11205#breadcrumb","itemListElement":[{"@type":"ListItem","position":1,"name":"Inicio","item":"https:\/\/quehacerpolitico.mx\/"},{"@type":"ListItem","position":2,"name":"Marko Cort\u00e9s y G\u00f3mez Mor\u00edn fuman la &#8220;pipa de la paz&#8221; en el PAN"}]},{"@type":"WebSite","@id":"https:\/\/quehacerpolitico.mx\/#website","url":"https:\/\/quehacerpolitico.mx\/","name":"","description":"","potentialAction":[{"@type":"SearchAction","target":{"@type":"EntryPoint","urlTemplate":"https:\/\/quehacerpolitico.mx\/?s={search_term_string}"},"query-input":{"@type":"PropertyValueSpecification","valueRequired":true,"valueName":"search_term_string"}}],"inLanguage":"es"},{"@type":"Person","@id":"https:\/\/quehacerpolitico.mx\/#\/schema\/person\/496d8ad2d1d3f8036101dca7ee39e585","name":"Redacci\u00f3n QP","image":{"@type":"ImageObject","inLanguage":"es","@id":"https:\/\/secure.gravatar.com\/avatar\/c7164ed6fdec453195284ad24a5ae5b6e1eed2b848477fa2a4787ba9adf39a41?s=96&d=mm&r=g","url":"https:\/\/secure.gravatar.com\/avatar\/c7164ed6fdec453195284ad24a5ae5b6e1eed2b848477fa2a4787ba9adf39a41?s=96&d=mm&r=g","contentUrl":"https:\/\/secure.gravatar.com\/avatar\/c7164ed6fdec453195284ad24a5ae5b6e1eed2b848477fa2a4787ba9adf39a41?s=96&d=mm&r=g","caption":"Redacci\u00f3n QP"},"url":"https:\/\/quehacerpolitico.mx\/?author=2"}]}},"featured_image_urls":{"full":"","thumbnail":"","medium":"","medium_large":"","large":"","1536x1536":"","2048x2048":"","covernews-featured":"","covernews-medium":""},"author_info":{"display_name":"Redacci\u00f3n QP","author_link":"https:\/\/quehacerpolitico.mx\/?author=2"},"category_info":"<a href=\"https:\/\/quehacerpolitico.mx\/?cat=2\" rel=\"category\">Noticias<\/a>","tag_info":"Noticias","comment_count":"0","_links":{"self":[{"href":"https:\/\/quehacerpolitico.mx\/index.php?rest_route=\/wp\/v2\/posts\/11205","targetHints":{"allow":["GET"]}}],"collection":[{"href":"https:\/\/quehacerpolitico.mx\/index.php?rest_route=\/wp\/v2\/posts"}],"about":[{"href":"https:\/\/quehacerpolitico.mx\/index.php?rest_route=\/wp\/v2\/types\/post"}],"author":[{"embeddable":true,"href":"https:\/\/quehacerpolitico.mx\/index.php?rest_route=\/wp\/v2\/users\/2"}],"replies":[{"embeddable":true,"href":"https:\/\/quehacerpolitico.mx\/index.php?rest_route=%2Fwp%2Fv2%2Fcomments&post=11205"}],"version-history":[{"count":0,"href":"https:\/\/quehacerpolitico.mx\/index.php?rest_route=\/wp\/v2\/posts\/11205\/revisions"}],"wp:featuredmedia":[{"embeddable":true,"href":"https:\/\/quehacerpolitico.mx\/index.php?rest_route=\/"}],"wp:attachment":[{"href":"https:\/\/quehacerpolitico.mx\/index.php?rest_route=%2Fwp%2Fv2%2Fmedia&parent=11205"}],"wp:term":[{"taxonomy":"category","embeddable":true,"href":"https:\/\/quehacerpolitico.mx\/index.php?rest_route=%2Fwp%2Fv2%2Fcategories&post=11205"},{"taxonomy":"post_tag","embeddable":true,"href":"https:\/\/quehacerpolitico.mx\/index.php?rest_route=%2Fwp%2Fv2%2Ftags&post=11205"}],"curies":[{"name":"wp","href":"https:\/\/api.w.org\/{rel}","templated":true}]}}