{"id":112039,"date":"2024-08-20T01:08:00","date_gmt":"2024-08-20T01:08:00","guid":{"rendered":"https:\/\/quehacerpolitico.mx\/?p=112039"},"modified":"2024-08-20T01:08:03","modified_gmt":"2024-08-20T01:08:03","slug":"el-quehacer-politico-internacional-a-traves-de-la-opinion-carolina-alonso-romei-trump-afirma-que-incluira-a-musk-en-su-gabinete-o-como-asesor-en-caso-de-regresar-a-la-casa-blanca","status":"publish","type":"post","link":"https:\/\/quehacerpolitico.mx\/?p=112039","title":{"rendered":"El Quehacer Pol\u00edtico Internacional a trav\u00e9s de la opini\u00f3n\/\/\/Carolina Alonso Romei\/\/\/Trump afirma que incluir\u00e1 a Musk en su gabinete o como asesor en caso de regresar a la Casa Blanca"},"content":{"rendered":"\n<p>Por Carolina Alonso Romei<\/p>\n\n\n\n<p>Internacionalista <\/p>\n\n\n\n<p>El republicano apunt\u00f3 que, de llegar a la presidencia, anular\u00eda las normas del actual gobierno que obligan a los fabricantes de autom\u00f3viles a producir m\u00e1s veh\u00edculos el\u00e9ctricos e h\u00edbridos para cumplir normas de emisiones m\u00e1s estrictas<\/p>\n\n\n\n<p>El candidato presidencial republicano&nbsp;<strong>Donald<\/strong>&nbsp;<strong>Trump<\/strong>&nbsp;dijo este&nbsp;lunes que si es elegido, recurrir\u00eda a&nbsp;<strong>Elon<\/strong>&nbsp;<strong>Musk<\/strong>&nbsp;para un puesto en el gabinete o de asesor, y que pondr\u00e1 fin a un cr\u00e9dito fiscal de 7 mil 500 d\u00f3lares para la compra de veh\u00edculos el\u00e9ctricos, lo que calific\u00f3 de &#8220;rid\u00edculo&#8221;.<\/p>\n\n\n\n<p>&#8220;Los cr\u00e9ditos fiscales y los\u00a0<strong>incentivos<\/strong> fiscales no son generalmente algo muy bueno&#8221;, dijo Trump en una entrevista con\u00a0<em>Reuters<\/em>, despu\u00e9s de un acto de campa\u00f1a en York, en el estado de\u00a0<strong>Pennsylvania<\/strong>, cuando se le pregunt\u00f3 sobre el cr\u00e9dito para veh\u00edculos el\u00e9ctricos.<\/p>\n\n\n\n<p>Si es elegido, Trump podr\u00eda tomar medidas para revertir las normas del Departamento del Tesoro que han facilitado que los fabricantes de autos aprovechen el&nbsp;<strong>cr\u00e9dito<\/strong>de 7 mil 500 d\u00f3lares o podr\u00eda pedir al&nbsp;<strong>Congreso<\/strong>&nbsp;que lo derogue por completo.<\/p>\n\n\n\n<p>Mientras era presidente, Trump trat\u00f3 de derogar el cr\u00e9dito fiscal para&nbsp;<strong>veh\u00edculos<\/strong><strong>el\u00e9ctricos<\/strong>, que luego fue ampliado por el presidente&nbsp;<strong>Joe<\/strong>&nbsp;<strong>Biden<\/strong>&nbsp;en 2022.<\/p>\n\n\n\n<p>&#8220;No estoy tomando ninguna&nbsp;<strong>decisi\u00f3n<\/strong>&nbsp;final al respecto&#8221;, dijo Trump sobre el cr\u00e9dito fiscal EV. &#8220;Soy un gran fan de los coches el\u00e9ctricos, pero tambi\u00e9n de los coches de&nbsp;<strong>gasolina<\/strong>, y tambi\u00e9n de los&nbsp;<strong>h\u00edbridos<\/strong>&nbsp;y de cualquier otra cosa que surja&#8221;.<\/p>\n\n\n\n<p>A\u00f1adi\u00f3 que anular\u00eda las normas del actual gobierno que obligan a los&nbsp;<strong>fabricantes<\/strong>&nbsp;de autom\u00f3viles a producir m\u00e1s veh\u00edculos el\u00e9ctricos e h\u00edbridos para cumplir normas de&nbsp;<strong>emisiones<\/strong>&nbsp;m\u00e1s estrictas.<\/p>\n\n\n\n<p>Trump tambi\u00e9n dijo que, de ser elegido, recurrir\u00eda a Elon Musk, CEO&nbsp;de&nbsp;<strong>Tesla<\/strong>, para un puesto en el&nbsp;<strong>gabinete<\/strong>&nbsp;o de asesor &#8220;si \u00e9l acepta&#8221;.&nbsp;<\/p>\n\n\n\n<p>Musk apoy\u00f3 p\u00fablicamente el mes pasado a Trump en la&nbsp;<strong>carrera<\/strong>&nbsp;<strong>presidencial<\/strong>estadounidense.&nbsp;<\/p>\n\n\n\n<p>Trump tambi\u00e9n dijo este\u00a0lunes que tomar\u00eda medidas para tratar de limitar las\u00a0<strong>exportaciones<\/strong>\u00a0de veh\u00edculos producidos por los tres fabricantes de autos de Detroit y otros de\u00a0<strong>M\u00e9xico<\/strong>\u00a0para los consumidores estadounidenses mediante la imposici\u00f3n de nuevos\u00a0<strong>aranceles<\/strong>.<\/p>\n\n\n\n<p>Con informaci\u00f3n de  Reuters <\/p>\n","protected":false},"excerpt":{"rendered":"<p>Por Carolina Alonso Romei Internacionalista El republicano apunt\u00f3 que, de llegar a la presidencia, anular\u00eda&#8230;<\/p>\n","protected":false},"author":2,"featured_media":112040,"comment_status":"open","ping_status":"open","sticky":false,"template":"","format":"standard","meta":{"_monsterinsights_skip_tracking":false,"_monsterinsights_sitenote_active":false,"_monsterinsights_sitenote_note":"","_monsterinsights_sitenote_category":0,"footnotes":""},"categories":[1],"tags":[],"class_list":["post-112039","post","type-post","status-publish","format-standard","has-post-thumbnail","hentry","category-sin-categoria"],"yoast_head":"<!-- This site is optimized with the Yoast SEO plugin v27.3 - https:\/\/yoast.com\/product\/yoast-seo-wordpress\/ -->\n<title>El Quehacer Pol\u00edtico Internacional a trav\u00e9s de la opini\u00f3n\/\/\/Carolina Alonso Romei\/\/\/Trump afirma que incluir\u00e1 a Musk en su gabinete o como asesor en caso de regresar a la Casa Blanca -<\/title>\n<meta name=\"robots\" content=\"index, follow, max-snippet:-1, max-image-preview:large, max-video-preview:-1\" \/>\n<link rel=\"canonical\" href=\"https:\/\/quehacerpolitico.mx\/?p=112039\" \/>\n<meta property=\"og:locale\" content=\"es_MX\" \/>\n<meta property=\"og:type\" content=\"article\" \/>\n<meta property=\"og:title\" content=\"El Quehacer Pol\u00edtico Internacional a trav\u00e9s de la opini\u00f3n\/\/\/Carolina Alonso Romei\/\/\/Trump afirma que incluir\u00e1 a Musk en su gabinete o como asesor en caso de regresar a la Casa Blanca -\" \/>\n<meta property=\"og:description\" content=\"Por Carolina Alonso Romei Internacionalista El republicano apunt\u00f3 que, de llegar a la presidencia, anular\u00eda...\" \/>\n<meta property=\"og:url\" content=\"https:\/\/quehacerpolitico.mx\/?p=112039\" \/>\n<meta property=\"article:published_time\" content=\"2024-08-20T01:08:00+00:00\" \/>\n<meta property=\"article:modified_time\" content=\"2024-08-20T01:08:03+00:00\" \/>\n<meta property=\"og:image\" content=\"https:\/\/quehacerpolitico.mx\/wp-content\/uploads\/2024\/08\/03fa6135-c3fe-44b7-8e96-c6ca323ffebb-7.jpeg\" \/>\n\t<meta property=\"og:image:width\" content=\"963\" \/>\n\t<meta property=\"og:image:height\" content=\"493\" \/>\n\t<meta property=\"og:image:type\" content=\"image\/jpeg\" \/>\n<meta name=\"author\" content=\"Redacci\u00f3n QP\" \/>\n<meta name=\"twitter:card\" content=\"summary_large_image\" \/>\n<meta name=\"twitter:label1\" content=\"Escrito por\" \/>\n\t<meta name=\"twitter:data1\" content=\"Redacci\u00f3n QP\" \/>\n\t<meta name=\"twitter:label2\" content=\"Tiempo de lectura\" \/>\n\t<meta name=\"twitter:data2\" content=\"2 minutos\" \/>\n<script type=\"application\/ld+json\" class=\"yoast-schema-graph\">{\"@context\":\"https:\\\/\\\/schema.org\",\"@graph\":[{\"@type\":\"Article\",\"@id\":\"https:\\\/\\\/quehacerpolitico.mx\\\/?p=112039#article\",\"isPartOf\":{\"@id\":\"https:\\\/\\\/quehacerpolitico.mx\\\/?p=112039\"},\"author\":{\"name\":\"Redacci\u00f3n QP\",\"@id\":\"https:\\\/\\\/quehacerpolitico.mx\\\/#\\\/schema\\\/person\\\/496d8ad2d1d3f8036101dca7ee39e585\"},\"headline\":\"El Quehacer Pol\u00edtico Internacional a trav\u00e9s de la opini\u00f3n\\\/\\\/\\\/Carolina Alonso Romei\\\/\\\/\\\/Trump afirma que incluir\u00e1 a Musk en su gabinete o como asesor en caso de regresar a la Casa Blanca\",\"datePublished\":\"2024-08-20T01:08:00+00:00\",\"dateModified\":\"2024-08-20T01:08:03+00:00\",\"mainEntityOfPage\":{\"@id\":\"https:\\\/\\\/quehacerpolitico.mx\\\/?p=112039\"},\"wordCount\":460,\"commentCount\":0,\"image\":{\"@id\":\"https:\\\/\\\/quehacerpolitico.mx\\\/?p=112039#primaryimage\"},\"thumbnailUrl\":\"https:\\\/\\\/quehacerpolitico.mx\\\/wp-content\\\/uploads\\\/2024\\\/08\\\/03fa6135-c3fe-44b7-8e96-c6ca323ffebb-7.jpeg\",\"articleSection\":[\"Internacionales\"],\"inLanguage\":\"es\",\"potentialAction\":[{\"@type\":\"CommentAction\",\"name\":\"Comment\",\"target\":[\"https:\\\/\\\/quehacerpolitico.mx\\\/?p=112039#respond\"]}]},{\"@type\":\"WebPage\",\"@id\":\"https:\\\/\\\/quehacerpolitico.mx\\\/?p=112039\",\"url\":\"https:\\\/\\\/quehacerpolitico.mx\\\/?p=112039\",\"name\":\"El Quehacer Pol\u00edtico Internacional a trav\u00e9s de la opini\u00f3n\\\/\\\/\\\/Carolina Alonso Romei\\\/\\\/\\\/Trump afirma que incluir\u00e1 a Musk en su gabinete o como asesor en caso de regresar a la Casa Blanca -\",\"isPartOf\":{\"@id\":\"https:\\\/\\\/quehacerpolitico.mx\\\/#website\"},\"primaryImageOfPage\":{\"@id\":\"https:\\\/\\\/quehacerpolitico.mx\\\/?p=112039#primaryimage\"},\"image\":{\"@id\":\"https:\\\/\\\/quehacerpolitico.mx\\\/?p=112039#primaryimage\"},\"thumbnailUrl\":\"https:\\\/\\\/quehacerpolitico.mx\\\/wp-content\\\/uploads\\\/2024\\\/08\\\/03fa6135-c3fe-44b7-8e96-c6ca323ffebb-7.jpeg\",\"datePublished\":\"2024-08-20T01:08:00+00:00\",\"dateModified\":\"2024-08-20T01:08:03+00:00\",\"author\":{\"@id\":\"https:\\\/\\\/quehacerpolitico.mx\\\/#\\\/schema\\\/person\\\/496d8ad2d1d3f8036101dca7ee39e585\"},\"breadcrumb\":{\"@id\":\"https:\\\/\\\/quehacerpolitico.mx\\\/?p=112039#breadcrumb\"},\"inLanguage\":\"es\",\"potentialAction\":[{\"@type\":\"ReadAction\",\"target\":[\"https:\\\/\\\/quehacerpolitico.mx\\\/?p=112039\"]}]},{\"@type\":\"ImageObject\",\"inLanguage\":\"es\",\"@id\":\"https:\\\/\\\/quehacerpolitico.mx\\\/?p=112039#primaryimage\",\"url\":\"https:\\\/\\\/quehacerpolitico.mx\\\/wp-content\\\/uploads\\\/2024\\\/08\\\/03fa6135-c3fe-44b7-8e96-c6ca323ffebb-7.jpeg\",\"contentUrl\":\"https:\\\/\\\/quehacerpolitico.mx\\\/wp-content\\\/uploads\\\/2024\\\/08\\\/03fa6135-c3fe-44b7-8e96-c6ca323ffebb-7.jpeg\",\"width\":963,\"height\":493},{\"@type\":\"BreadcrumbList\",\"@id\":\"https:\\\/\\\/quehacerpolitico.mx\\\/?p=112039#breadcrumb\",\"itemListElement\":[{\"@type\":\"ListItem\",\"position\":1,\"name\":\"Inicio\",\"item\":\"https:\\\/\\\/quehacerpolitico.mx\\\/\"},{\"@type\":\"ListItem\",\"position\":2,\"name\":\"El Quehacer Pol\u00edtico Internacional a trav\u00e9s de la opini\u00f3n\\\/\\\/\\\/Carolina Alonso Romei\\\/\\\/\\\/Trump afirma que incluir\u00e1 a Musk en su gabinete o como asesor en caso de regresar a la Casa Blanca\"}]},{\"@type\":\"WebSite\",\"@id\":\"https:\\\/\\\/quehacerpolitico.mx\\\/#website\",\"url\":\"https:\\\/\\\/quehacerpolitico.mx\\\/\",\"name\":\"\",\"description\":\"\",\"potentialAction\":[{\"@type\":\"SearchAction\",\"target\":{\"@type\":\"EntryPoint\",\"urlTemplate\":\"https:\\\/\\\/quehacerpolitico.mx\\\/?s={search_term_string}\"},\"query-input\":{\"@type\":\"PropertyValueSpecification\",\"valueRequired\":true,\"valueName\":\"search_term_string\"}}],\"inLanguage\":\"es\"},{\"@type\":\"Person\",\"@id\":\"https:\\\/\\\/quehacerpolitico.mx\\\/#\\\/schema\\\/person\\\/496d8ad2d1d3f8036101dca7ee39e585\",\"name\":\"Redacci\u00f3n QP\",\"image\":{\"@type\":\"ImageObject\",\"inLanguage\":\"es\",\"@id\":\"https:\\\/\\\/secure.gravatar.com\\\/avatar\\\/c7164ed6fdec453195284ad24a5ae5b6e1eed2b848477fa2a4787ba9adf39a41?s=96&d=mm&r=g\",\"url\":\"https:\\\/\\\/secure.gravatar.com\\\/avatar\\\/c7164ed6fdec453195284ad24a5ae5b6e1eed2b848477fa2a4787ba9adf39a41?s=96&d=mm&r=g\",\"contentUrl\":\"https:\\\/\\\/secure.gravatar.com\\\/avatar\\\/c7164ed6fdec453195284ad24a5ae5b6e1eed2b848477fa2a4787ba9adf39a41?s=96&d=mm&r=g\",\"caption\":\"Redacci\u00f3n QP\"},\"url\":\"https:\\\/\\\/quehacerpolitico.mx\\\/?author=2\"}]}<\/script>\n<!-- \/ Yoast SEO plugin. -->","yoast_head_json":{"title":"El Quehacer Pol\u00edtico Internacional a trav\u00e9s de la opini\u00f3n\/\/\/Carolina Alonso Romei\/\/\/Trump afirma que incluir\u00e1 a Musk en su gabinete o como asesor en caso de regresar a la Casa Blanca -","robots":{"index":"index","follow":"follow","max-snippet":"max-snippet:-1","max-image-preview":"max-image-preview:large","max-video-preview":"max-video-preview:-1"},"canonical":"https:\/\/quehacerpolitico.mx\/?p=112039","og_locale":"es_MX","og_type":"article","og_title":"El Quehacer Pol\u00edtico Internacional a trav\u00e9s de la opini\u00f3n\/\/\/Carolina Alonso Romei\/\/\/Trump afirma que incluir\u00e1 a Musk en su gabinete o como asesor en caso de regresar a la Casa Blanca -","og_description":"Por Carolina Alonso Romei Internacionalista El republicano apunt\u00f3 que, de llegar a la presidencia, anular\u00eda...","og_url":"https:\/\/quehacerpolitico.mx\/?p=112039","article_published_time":"2024-08-20T01:08:00+00:00","article_modified_time":"2024-08-20T01:08:03+00:00","og_image":[{"width":963,"height":493,"url":"https:\/\/quehacerpolitico.mx\/wp-content\/uploads\/2024\/08\/03fa6135-c3fe-44b7-8e96-c6ca323ffebb-7.jpeg","type":"image\/jpeg"}],"author":"Redacci\u00f3n QP","twitter_card":"summary_large_image","twitter_misc":{"Escrito por":"Redacci\u00f3n QP","Tiempo de lectura":"2 minutos"},"schema":{"@context":"https:\/\/schema.org","@graph":[{"@type":"Article","@id":"https:\/\/quehacerpolitico.mx\/?p=112039#article","isPartOf":{"@id":"https:\/\/quehacerpolitico.mx\/?p=112039"},"author":{"name":"Redacci\u00f3n QP","@id":"https:\/\/quehacerpolitico.mx\/#\/schema\/person\/496d8ad2d1d3f8036101dca7ee39e585"},"headline":"El Quehacer Pol\u00edtico Internacional a trav\u00e9s de la opini\u00f3n\/\/\/Carolina Alonso Romei\/\/\/Trump afirma que incluir\u00e1 a Musk en su gabinete o como asesor en caso de regresar a la Casa Blanca","datePublished":"2024-08-20T01:08:00+00:00","dateModified":"2024-08-20T01:08:03+00:00","mainEntityOfPage":{"@id":"https:\/\/quehacerpolitico.mx\/?p=112039"},"wordCount":460,"commentCount":0,"image":{"@id":"https:\/\/quehacerpolitico.mx\/?p=112039#primaryimage"},"thumbnailUrl":"https:\/\/quehacerpolitico.mx\/wp-content\/uploads\/2024\/08\/03fa6135-c3fe-44b7-8e96-c6ca323ffebb-7.jpeg","articleSection":["Internacionales"],"inLanguage":"es","potentialAction":[{"@type":"CommentAction","name":"Comment","target":["https:\/\/quehacerpolitico.mx\/?p=112039#respond"]}]},{"@type":"WebPage","@id":"https:\/\/quehacerpolitico.mx\/?p=112039","url":"https:\/\/quehacerpolitico.mx\/?p=112039","name":"El Quehacer Pol\u00edtico Internacional a trav\u00e9s de la opini\u00f3n\/\/\/Carolina Alonso Romei\/\/\/Trump afirma que incluir\u00e1 a Musk en su gabinete o como asesor en caso de regresar a la Casa Blanca -","isPartOf":{"@id":"https:\/\/quehacerpolitico.mx\/#website"},"primaryImageOfPage":{"@id":"https:\/\/quehacerpolitico.mx\/?p=112039#primaryimage"},"image":{"@id":"https:\/\/quehacerpolitico.mx\/?p=112039#primaryimage"},"thumbnailUrl":"https:\/\/quehacerpolitico.mx\/wp-content\/uploads\/2024\/08\/03fa6135-c3fe-44b7-8e96-c6ca323ffebb-7.jpeg","datePublished":"2024-08-20T01:08:00+00:00","dateModified":"2024-08-20T01:08:03+00:00","author":{"@id":"https:\/\/quehacerpolitico.mx\/#\/schema\/person\/496d8ad2d1d3f8036101dca7ee39e585"},"breadcrumb":{"@id":"https:\/\/quehacerpolitico.mx\/?p=112039#breadcrumb"},"inLanguage":"es","potentialAction":[{"@type":"ReadAction","target":["https:\/\/quehacerpolitico.mx\/?p=112039"]}]},{"@type":"ImageObject","inLanguage":"es","@id":"https:\/\/quehacerpolitico.mx\/?p=112039#primaryimage","url":"https:\/\/quehacerpolitico.mx\/wp-content\/uploads\/2024\/08\/03fa6135-c3fe-44b7-8e96-c6ca323ffebb-7.jpeg","contentUrl":"https:\/\/quehacerpolitico.mx\/wp-content\/uploads\/2024\/08\/03fa6135-c3fe-44b7-8e96-c6ca323ffebb-7.jpeg","width":963,"height":493},{"@type":"BreadcrumbList","@id":"https:\/\/quehacerpolitico.mx\/?p=112039#breadcrumb","itemListElement":[{"@type":"ListItem","position":1,"name":"Inicio","item":"https:\/\/quehacerpolitico.mx\/"},{"@type":"ListItem","position":2,"name":"El Quehacer Pol\u00edtico Internacional a trav\u00e9s de la opini\u00f3n\/\/\/Carolina Alonso Romei\/\/\/Trump afirma que incluir\u00e1 a Musk en su gabinete o como asesor en caso de regresar a la Casa Blanca"}]},{"@type":"WebSite","@id":"https:\/\/quehacerpolitico.mx\/#website","url":"https:\/\/quehacerpolitico.mx\/","name":"","description":"","potentialAction":[{"@type":"SearchAction","target":{"@type":"EntryPoint","urlTemplate":"https:\/\/quehacerpolitico.mx\/?s={search_term_string}"},"query-input":{"@type":"PropertyValueSpecification","valueRequired":true,"valueName":"search_term_string"}}],"inLanguage":"es"},{"@type":"Person","@id":"https:\/\/quehacerpolitico.mx\/#\/schema\/person\/496d8ad2d1d3f8036101dca7ee39e585","name":"Redacci\u00f3n QP","image":{"@type":"ImageObject","inLanguage":"es","@id":"https:\/\/secure.gravatar.com\/avatar\/c7164ed6fdec453195284ad24a5ae5b6e1eed2b848477fa2a4787ba9adf39a41?s=96&d=mm&r=g","url":"https:\/\/secure.gravatar.com\/avatar\/c7164ed6fdec453195284ad24a5ae5b6e1eed2b848477fa2a4787ba9adf39a41?s=96&d=mm&r=g","contentUrl":"https:\/\/secure.gravatar.com\/avatar\/c7164ed6fdec453195284ad24a5ae5b6e1eed2b848477fa2a4787ba9adf39a41?s=96&d=mm&r=g","caption":"Redacci\u00f3n QP"},"url":"https:\/\/quehacerpolitico.mx\/?author=2"}]}},"featured_image_urls":{"full":["https:\/\/quehacerpolitico.mx\/wp-content\/uploads\/2024\/08\/03fa6135-c3fe-44b7-8e96-c6ca323ffebb-7.jpeg",963,493,false],"thumbnail":["https:\/\/quehacerpolitico.mx\/wp-content\/uploads\/2024\/08\/03fa6135-c3fe-44b7-8e96-c6ca323ffebb-7-150x150.jpeg",150,150,true],"medium":["https:\/\/quehacerpolitico.mx\/wp-content\/uploads\/2024\/08\/03fa6135-c3fe-44b7-8e96-c6ca323ffebb-7-300x154.jpeg",300,154,true],"medium_large":["https:\/\/quehacerpolitico.mx\/wp-content\/uploads\/2024\/08\/03fa6135-c3fe-44b7-8e96-c6ca323ffebb-7-768x393.jpeg",640,328,true],"large":["https:\/\/quehacerpolitico.mx\/wp-content\/uploads\/2024\/08\/03fa6135-c3fe-44b7-8e96-c6ca323ffebb-7.jpeg",640,328,false],"1536x1536":["https:\/\/quehacerpolitico.mx\/wp-content\/uploads\/2024\/08\/03fa6135-c3fe-44b7-8e96-c6ca323ffebb-7.jpeg",963,493,false],"2048x2048":["https:\/\/quehacerpolitico.mx\/wp-content\/uploads\/2024\/08\/03fa6135-c3fe-44b7-8e96-c6ca323ffebb-7.jpeg",963,493,false],"covernews-featured":["https:\/\/quehacerpolitico.mx\/wp-content\/uploads\/2024\/08\/03fa6135-c3fe-44b7-8e96-c6ca323ffebb-7.jpeg",963,493,false],"covernews-medium":["https:\/\/quehacerpolitico.mx\/wp-content\/uploads\/2024\/08\/03fa6135-c3fe-44b7-8e96-c6ca323ffebb-7.jpeg",540,276,false]},"author_info":{"display_name":"Redacci\u00f3n QP","author_link":"https:\/\/quehacerpolitico.mx\/?author=2"},"category_info":"<a href=\"https:\/\/quehacerpolitico.mx\/?cat=1\" rel=\"category\">Internacionales<\/a>","tag_info":"Internacionales","comment_count":"0","_links":{"self":[{"href":"https:\/\/quehacerpolitico.mx\/index.php?rest_route=\/wp\/v2\/posts\/112039","targetHints":{"allow":["GET"]}}],"collection":[{"href":"https:\/\/quehacerpolitico.mx\/index.php?rest_route=\/wp\/v2\/posts"}],"about":[{"href":"https:\/\/quehacerpolitico.mx\/index.php?rest_route=\/wp\/v2\/types\/post"}],"author":[{"embeddable":true,"href":"https:\/\/quehacerpolitico.mx\/index.php?rest_route=\/wp\/v2\/users\/2"}],"replies":[{"embeddable":true,"href":"https:\/\/quehacerpolitico.mx\/index.php?rest_route=%2Fwp%2Fv2%2Fcomments&post=112039"}],"version-history":[{"count":1,"href":"https:\/\/quehacerpolitico.mx\/index.php?rest_route=\/wp\/v2\/posts\/112039\/revisions"}],"predecessor-version":[{"id":112041,"href":"https:\/\/quehacerpolitico.mx\/index.php?rest_route=\/wp\/v2\/posts\/112039\/revisions\/112041"}],"wp:featuredmedia":[{"embeddable":true,"href":"https:\/\/quehacerpolitico.mx\/index.php?rest_route=\/wp\/v2\/media\/112040"}],"wp:attachment":[{"href":"https:\/\/quehacerpolitico.mx\/index.php?rest_route=%2Fwp%2Fv2%2Fmedia&parent=112039"}],"wp:term":[{"taxonomy":"category","embeddable":true,"href":"https:\/\/quehacerpolitico.mx\/index.php?rest_route=%2Fwp%2Fv2%2Fcategories&post=112039"},{"taxonomy":"post_tag","embeddable":true,"href":"https:\/\/quehacerpolitico.mx\/index.php?rest_route=%2Fwp%2Fv2%2Ftags&post=112039"}],"curies":[{"name":"wp","href":"https:\/\/api.w.org\/{rel}","templated":true}]}}