{"id":112031,"date":"2024-08-20T00:21:49","date_gmt":"2024-08-20T00:21:49","guid":{"rendered":"https:\/\/quehacerpolitico.mx\/?p=112031"},"modified":"2024-08-20T00:50:33","modified_gmt":"2024-08-20T00:50:33","slug":"se-instala-mesa-de-transicion-en-alcaldia-cuauhtemoc-raul-ortega-garcia-comienza-entrega-a-alessandra-rojo-de-la-vega","status":"publish","type":"post","link":"https:\/\/quehacerpolitico.mx\/?p=112031","title":{"rendered":"SE INSTALA MESA DE TRANSICI\u00d3N EN ALCALD\u00cdA CUAUHT\u00c9MOC; RA\u00daL ORTEGA GARC\u00cdA COMIENZA ENTREGA A ALESSANDRA ROJO DE LA VEGA"},"content":{"rendered":"\n<p>Por Redacci\u00f3n QP<\/p>\n\n\n\n<p>El cambio de gobierno es consecuencia del ejercicio democr\u00e1tico&nbsp;en donde&nbsp;la ciudadan\u00eda elige a las personas que habr\u00e1n de encabezar la administraci\u00f3n durante los pr\u00f3ximos tres a\u00f1os&nbsp;y&nbsp;en cumplimiento al mandato del pueblo as\u00ed como de las disposiciones en la materia, en tiempo y forma&nbsp;por lo que&nbsp;damos inicio a los trabajos de la Comisi\u00f3n de Transici\u00f3n de la Alcald\u00eda Cuauht\u00e9moc, dijo el Alcalde Ra\u00fal Ortega Garc\u00eda ante la presencia de la Alcaldesa&nbsp;Electa,Alessandra Rojo de la Vega.<\/p>\n\n\n\n<figure class=\"wp-block-embed is-type-rich is-provider-twitter wp-block-embed-twitter\"><div class=\"wp-block-embed__wrapper\">\n<blockquote class=\"twitter-tweet\" data-width=\"550\" data-dnt=\"true\"><p lang=\"es\" dir=\"ltr\"><a href=\"https:\/\/twitter.com\/hashtag\/QPMX?src=hash&amp;ref_src=twsrc%5Etfw\">#QPMX<\/a> <a href=\"https:\/\/twitter.com\/hashtag\/QuehacerPolitico?src=hash&amp;ref_src=twsrc%5Etfw\">#QuehacerPolitico<\/a> <a href=\"https:\/\/twitter.com\/hashtag\/InquiriendoLaNoticia?src=hash&amp;ref_src=twsrc%5Etfw\">#InquiriendoLaNoticia<\/a> <br><br>SE INSTALA MESA DE TRANSICI\u00d3N EN <a href=\"https:\/\/twitter.com\/AlcCuauhtemocMx?ref_src=twsrc%5Etfw\">@AlcCuauhtemocMx<\/a> ; RA\u00daL ORTEGA GARC\u00cdA COMIENZA ENTREGA A <a href=\"https:\/\/twitter.com\/AlessandraRdlv?ref_src=twsrc%5Etfw\">@AlessandraRdlv<\/a> ALCALDESA ELECTA <a href=\"https:\/\/t.co\/TXHCg9Z0ac\">pic.twitter.com\/TXHCg9Z0ac<\/a><\/p>&mdash; Quehacer Pol\u00edtico (@QueHacerPolitic) <a href=\"https:\/\/twitter.com\/QueHacerPolitic\/status\/1825694307426136311?ref_src=twsrc%5Etfw\">August 20, 2024<\/a><\/blockquote><script async src=\"https:\/\/platform.twitter.com\/widgets.js\" charset=\"utf-8\"><\/script>\n<\/div><\/figure>\n\n\n\n<p>En reuni\u00f3n protocolaria en el Sal\u00f3n de Cabildos, el edil Ra\u00fal Ortega Garc\u00eda, afirm\u00f3&nbsp;que&nbsp;\u201ca&nbsp;trav\u00e9s de mesas de trabajo, de manera ordenada y calendarizada mostraremos el estado en que se encuentran los recursos humanos, materiales y financieros&nbsp;as\u00ed como los programas, presupuestos, inmuebles, inventarios, obras p\u00fablicas, adquisiciones, asuntos en tr\u00e1mite y jurisdiccionales, auditorias y dem\u00e1s asuntos relevante\u201d.<\/p>\n\n\n\n<figure class=\"wp-block-image size-large\"><img loading=\"lazy\" decoding=\"async\" width=\"1024\" height=\"927\" src=\"https:\/\/quehacerpolitico.mx\/wp-content\/uploads\/2024\/08\/image-39-1024x927.jpeg\" alt=\"\" class=\"wp-image-112033\" srcset=\"https:\/\/quehacerpolitico.mx\/wp-content\/uploads\/2024\/08\/image-39-1024x927.jpeg 1024w, https:\/\/quehacerpolitico.mx\/wp-content\/uploads\/2024\/08\/image-39-300x272.jpeg 300w, https:\/\/quehacerpolitico.mx\/wp-content\/uploads\/2024\/08\/image-39-768x695.jpeg 768w, https:\/\/quehacerpolitico.mx\/wp-content\/uploads\/2024\/08\/image-39-161x146.jpeg 161w, https:\/\/quehacerpolitico.mx\/wp-content\/uploads\/2024\/08\/image-39-50x45.jpeg 50w, https:\/\/quehacerpolitico.mx\/wp-content\/uploads\/2024\/08\/image-39-83x75.jpeg 83w, https:\/\/quehacerpolitico.mx\/wp-content\/uploads\/2024\/08\/image-39.jpeg 1280w\" sizes=\"auto, (max-width: 1024px) 100vw, 1024px\" \/><\/figure>\n\n\n\n<p>A su vez, Alessandra Rojo de la Vega,&nbsp;tras presentar a los integrantes de su&nbsp;Comisi\u00f3n&nbsp;de&nbsp;Transici\u00f3n, asegur\u00f3 que se trabajar\u00e1 m\u00e1s all\u00e1 de los colores porque sobre ellos est\u00e1n primero los vecinos.<\/p>\n\n\n\n<p>En la ceremonia protocolaria, consider\u00f3&nbsp;que los cambios son resultado de la voluntad de hombres y mujeres;&nbsp;de ah\u00ed que es necesario, en todos los \u00e1mbitos, cumplir con la ley.<\/p>\n\n\n\n<p>La&nbsp;Comisi\u00f3n de&nbsp;Transici\u00f3n habr\u00e1 de analizar,&nbsp;de manera puntual y detallada, el&nbsp;diagn\u00f3stico&nbsp;que el gobierno saliente presente en materia de recursos humanos, recursos econ\u00f3micos, infraestructura, personal, presupuesto y atenci\u00f3n a la ciudadan\u00eda a fin de avanzar con certeza en las nuevas acciones a seguir, indic\u00f3 la Alcaldesa Electa de Cuauht\u00e9moc.<\/p>\n\n\n\n<figure class=\"wp-block-image size-large\"><img loading=\"lazy\" decoding=\"async\" width=\"757\" height=\"1024\" src=\"https:\/\/quehacerpolitico.mx\/wp-content\/uploads\/2024\/08\/image-40-757x1024.jpeg\" alt=\"\" class=\"wp-image-112034\" srcset=\"https:\/\/quehacerpolitico.mx\/wp-content\/uploads\/2024\/08\/image-40-757x1024.jpeg 757w, https:\/\/quehacerpolitico.mx\/wp-content\/uploads\/2024\/08\/image-40-222x300.jpeg 222w, https:\/\/quehacerpolitico.mx\/wp-content\/uploads\/2024\/08\/image-40-768x1039.jpeg 768w, https:\/\/quehacerpolitico.mx\/wp-content\/uploads\/2024\/08\/image-40-1136x1536.jpeg 1136w, https:\/\/quehacerpolitico.mx\/wp-content\/uploads\/2024\/08\/image-40-108x146.jpeg 108w, https:\/\/quehacerpolitico.mx\/wp-content\/uploads\/2024\/08\/image-40-37x50.jpeg 37w, https:\/\/quehacerpolitico.mx\/wp-content\/uploads\/2024\/08\/image-40-55x75.jpeg 55w, https:\/\/quehacerpolitico.mx\/wp-content\/uploads\/2024\/08\/image-40.jpeg 1514w\" sizes=\"auto, (max-width: 757px) 100vw, 757px\" \/><\/figure>\n\n\n\n<p>A su vez, el&nbsp;Alcalde de Cuauht\u00e9moc&nbsp;insisti\u00f3, en&nbsp;que debemos trabajar como comisi\u00f3n de transici\u00f3n en armon\u00eda para que el nuevo gobierno cuente con los elementos necesarios que den seguridad y certeza jur\u00eddica a sus ciudadanos.<\/p>\n\n\n\n<p>\u201cEst\u00e9 segura&nbsp;Alcaldesa&nbsp;Electa,&nbsp;Alessandra Rojo de la Vega,&nbsp;que esta administraci\u00f3n que encabezo estar\u00e1 en la mejor disposici\u00f3n de trabajar de manera coordinada en beneficio de la ciudadan\u00eda\u201d, expuso Ra\u00fal Ortega Garc\u00eda.<\/p>\n\n\n\n<figure class=\"wp-block-image size-large\"><img loading=\"lazy\" decoding=\"async\" width=\"873\" height=\"1024\" src=\"https:\/\/quehacerpolitico.mx\/wp-content\/uploads\/2024\/08\/image-42-873x1024.jpeg\" alt=\"\" class=\"wp-image-112036\" srcset=\"https:\/\/quehacerpolitico.mx\/wp-content\/uploads\/2024\/08\/image-42-873x1024.jpeg 873w, https:\/\/quehacerpolitico.mx\/wp-content\/uploads\/2024\/08\/image-42-256x300.jpeg 256w, https:\/\/quehacerpolitico.mx\/wp-content\/uploads\/2024\/08\/image-42-768x901.jpeg 768w, https:\/\/quehacerpolitico.mx\/wp-content\/uploads\/2024\/08\/image-42-124x146.jpeg 124w, https:\/\/quehacerpolitico.mx\/wp-content\/uploads\/2024\/08\/image-42-43x50.jpeg 43w, https:\/\/quehacerpolitico.mx\/wp-content\/uploads\/2024\/08\/image-42-64x75.jpeg 64w, https:\/\/quehacerpolitico.mx\/wp-content\/uploads\/2024\/08\/image-42.jpeg 1091w\" sizes=\"auto, (max-width: 873px) 100vw, 873px\" \/><\/figure>\n\n\n\n<p>El equipo de transici\u00f3n de la Alcald\u00eda Cuauht\u00e9moc est\u00e1 integrado por:&nbsp;la maestra&nbsp;Ang\u00e9lica Herrera Rivero, Directora General Jur\u00eddica y de Servicios Legales como&nbsp;Coordinadora de la&nbsp;Comisi\u00f3n; el maestro Jos\u00e9 Gil Garc\u00eda, Director General de Gobierno, integrante; la maestra Janis Jannette Andrea Patl\u00e1n Flores, Coordinadora General de Planeaci\u00f3n del Desarrollo y Buena Administraci\u00f3n,&nbsp;integrante&nbsp;y el licenciado Jorge Luis Pineda Cicilia,&nbsp;Director de Presupuesto y Finanzas,&nbsp;integrante.<\/p>\n\n\n\n<p>Por parte de la Alcaldesa&nbsp;Electa&nbsp;la comisi\u00f3n est\u00e1 integrada por : el&nbsp;Mtro. Obdulio \u00c1vila Mayo;&nbsp;\u200bLic. M\u00f3nica Pe\u00f1a Ad\u00e1n;&nbsp;C. Kevin Mart\u00edn Alonso Mart\u00ednez&nbsp;y&nbsp;C. Deyanire Vianeth Violante Camacho.<\/p>\n\n\n\n<figure class=\"wp-block-image size-large\"><img loading=\"lazy\" decoding=\"async\" width=\"1024\" height=\"574\" src=\"https:\/\/quehacerpolitico.mx\/wp-content\/uploads\/2024\/08\/image-41-1024x574.jpeg\" alt=\"\" class=\"wp-image-112035\" srcset=\"https:\/\/quehacerpolitico.mx\/wp-content\/uploads\/2024\/08\/image-41-1024x574.jpeg 1024w, https:\/\/quehacerpolitico.mx\/wp-content\/uploads\/2024\/08\/image-41-300x168.jpeg 300w, https:\/\/quehacerpolitico.mx\/wp-content\/uploads\/2024\/08\/image-41-768x431.jpeg 768w, https:\/\/quehacerpolitico.mx\/wp-content\/uploads\/2024\/08\/image-41-260x146.jpeg 260w, https:\/\/quehacerpolitico.mx\/wp-content\/uploads\/2024\/08\/image-41-50x28.jpeg 50w, https:\/\/quehacerpolitico.mx\/wp-content\/uploads\/2024\/08\/image-41-134x75.jpeg 134w, https:\/\/quehacerpolitico.mx\/wp-content\/uploads\/2024\/08\/image-41.jpeg 1280w\" sizes=\"auto, (max-width: 1024px) 100vw, 1024px\" \/><\/figure>\n","protected":false},"excerpt":{"rendered":"<p>Por Redacci\u00f3n QP El cambio de gobierno es consecuencia del ejercicio democr\u00e1tico&nbsp;en donde&nbsp;la ciudadan\u00eda elige&#8230;<\/p>\n","protected":false},"author":2,"featured_media":112032,"comment_status":"open","ping_status":"open","sticky":false,"template":"","format":"standard","meta":{"_monsterinsights_skip_tracking":false,"_monsterinsights_sitenote_active":false,"_monsterinsights_sitenote_note":"","_monsterinsights_sitenote_category":0,"footnotes":""},"categories":[55],"tags":[],"class_list":["post-112031","post","type-post","status-publish","format-standard","has-post-thumbnail","hentry","category-cdmx"],"yoast_head":"<!-- This site is optimized with the Yoast SEO plugin v27.3 - https:\/\/yoast.com\/product\/yoast-seo-wordpress\/ -->\n<title>SE INSTALA MESA DE TRANSICI\u00d3N EN ALCALD\u00cdA CUAUHT\u00c9MOC; RA\u00daL ORTEGA GARC\u00cdA COMIENZA ENTREGA A ALESSANDRA ROJO DE LA VEGA -<\/title>\n<meta name=\"robots\" content=\"index, follow, max-snippet:-1, max-image-preview:large, max-video-preview:-1\" \/>\n<link rel=\"canonical\" href=\"https:\/\/quehacerpolitico.mx\/?p=112031\" \/>\n<meta property=\"og:locale\" content=\"es_MX\" \/>\n<meta property=\"og:type\" content=\"article\" \/>\n<meta property=\"og:title\" content=\"SE INSTALA MESA DE TRANSICI\u00d3N EN ALCALD\u00cdA CUAUHT\u00c9MOC; RA\u00daL ORTEGA GARC\u00cdA COMIENZA ENTREGA A ALESSANDRA ROJO DE LA VEGA -\" \/>\n<meta property=\"og:description\" content=\"Por Redacci\u00f3n QP El cambio de gobierno es consecuencia del ejercicio democr\u00e1tico&nbsp;en donde&nbsp;la ciudadan\u00eda elige...\" \/>\n<meta property=\"og:url\" content=\"https:\/\/quehacerpolitico.mx\/?p=112031\" \/>\n<meta property=\"article:published_time\" content=\"2024-08-20T00:21:49+00:00\" \/>\n<meta property=\"article:modified_time\" content=\"2024-08-20T00:50:33+00:00\" \/>\n<meta property=\"og:image\" content=\"https:\/\/quehacerpolitico.mx\/wp-content\/uploads\/2024\/08\/1c0920be-7d98-495c-a504-d8badfd660ba.jpeg\" \/>\n\t<meta property=\"og:image:width\" content=\"1253\" \/>\n\t<meta property=\"og:image:height\" content=\"1280\" \/>\n\t<meta property=\"og:image:type\" content=\"image\/jpeg\" \/>\n<meta name=\"author\" content=\"Redacci\u00f3n QP\" \/>\n<meta name=\"twitter:card\" content=\"summary_large_image\" \/>\n<meta name=\"twitter:label1\" content=\"Escrito por\" \/>\n\t<meta name=\"twitter:data1\" content=\"Redacci\u00f3n QP\" \/>\n\t<meta name=\"twitter:label2\" content=\"Tiempo de lectura\" \/>\n\t<meta name=\"twitter:data2\" content=\"3 minutos\" \/>\n<script type=\"application\/ld+json\" class=\"yoast-schema-graph\">{\"@context\":\"https:\\\/\\\/schema.org\",\"@graph\":[{\"@type\":\"Article\",\"@id\":\"https:\\\/\\\/quehacerpolitico.mx\\\/?p=112031#article\",\"isPartOf\":{\"@id\":\"https:\\\/\\\/quehacerpolitico.mx\\\/?p=112031\"},\"author\":{\"name\":\"Redacci\u00f3n QP\",\"@id\":\"https:\\\/\\\/quehacerpolitico.mx\\\/#\\\/schema\\\/person\\\/496d8ad2d1d3f8036101dca7ee39e585\"},\"headline\":\"SE INSTALA MESA DE TRANSICI\u00d3N EN ALCALD\u00cdA CUAUHT\u00c9MOC; RA\u00daL ORTEGA GARC\u00cdA COMIENZA ENTREGA A ALESSANDRA ROJO DE LA VEGA\",\"datePublished\":\"2024-08-20T00:21:49+00:00\",\"dateModified\":\"2024-08-20T00:50:33+00:00\",\"mainEntityOfPage\":{\"@id\":\"https:\\\/\\\/quehacerpolitico.mx\\\/?p=112031\"},\"wordCount\":566,\"commentCount\":0,\"image\":{\"@id\":\"https:\\\/\\\/quehacerpolitico.mx\\\/?p=112031#primaryimage\"},\"thumbnailUrl\":\"https:\\\/\\\/quehacerpolitico.mx\\\/wp-content\\\/uploads\\\/2024\\\/08\\\/1c0920be-7d98-495c-a504-d8badfd660ba.jpeg\",\"articleSection\":[\"CDMX\"],\"inLanguage\":\"es\",\"potentialAction\":[{\"@type\":\"CommentAction\",\"name\":\"Comment\",\"target\":[\"https:\\\/\\\/quehacerpolitico.mx\\\/?p=112031#respond\"]}]},{\"@type\":\"WebPage\",\"@id\":\"https:\\\/\\\/quehacerpolitico.mx\\\/?p=112031\",\"url\":\"https:\\\/\\\/quehacerpolitico.mx\\\/?p=112031\",\"name\":\"SE INSTALA MESA DE TRANSICI\u00d3N EN ALCALD\u00cdA CUAUHT\u00c9MOC; RA\u00daL ORTEGA GARC\u00cdA COMIENZA ENTREGA A ALESSANDRA ROJO DE LA VEGA -\",\"isPartOf\":{\"@id\":\"https:\\\/\\\/quehacerpolitico.mx\\\/#website\"},\"primaryImageOfPage\":{\"@id\":\"https:\\\/\\\/quehacerpolitico.mx\\\/?p=112031#primaryimage\"},\"image\":{\"@id\":\"https:\\\/\\\/quehacerpolitico.mx\\\/?p=112031#primaryimage\"},\"thumbnailUrl\":\"https:\\\/\\\/quehacerpolitico.mx\\\/wp-content\\\/uploads\\\/2024\\\/08\\\/1c0920be-7d98-495c-a504-d8badfd660ba.jpeg\",\"datePublished\":\"2024-08-20T00:21:49+00:00\",\"dateModified\":\"2024-08-20T00:50:33+00:00\",\"author\":{\"@id\":\"https:\\\/\\\/quehacerpolitico.mx\\\/#\\\/schema\\\/person\\\/496d8ad2d1d3f8036101dca7ee39e585\"},\"breadcrumb\":{\"@id\":\"https:\\\/\\\/quehacerpolitico.mx\\\/?p=112031#breadcrumb\"},\"inLanguage\":\"es\",\"potentialAction\":[{\"@type\":\"ReadAction\",\"target\":[\"https:\\\/\\\/quehacerpolitico.mx\\\/?p=112031\"]}]},{\"@type\":\"ImageObject\",\"inLanguage\":\"es\",\"@id\":\"https:\\\/\\\/quehacerpolitico.mx\\\/?p=112031#primaryimage\",\"url\":\"https:\\\/\\\/quehacerpolitico.mx\\\/wp-content\\\/uploads\\\/2024\\\/08\\\/1c0920be-7d98-495c-a504-d8badfd660ba.jpeg\",\"contentUrl\":\"https:\\\/\\\/quehacerpolitico.mx\\\/wp-content\\\/uploads\\\/2024\\\/08\\\/1c0920be-7d98-495c-a504-d8badfd660ba.jpeg\",\"width\":1253,\"height\":1280},{\"@type\":\"BreadcrumbList\",\"@id\":\"https:\\\/\\\/quehacerpolitico.mx\\\/?p=112031#breadcrumb\",\"itemListElement\":[{\"@type\":\"ListItem\",\"position\":1,\"name\":\"Inicio\",\"item\":\"https:\\\/\\\/quehacerpolitico.mx\\\/\"},{\"@type\":\"ListItem\",\"position\":2,\"name\":\"SE INSTALA MESA DE TRANSICI\u00d3N EN ALCALD\u00cdA CUAUHT\u00c9MOC; RA\u00daL ORTEGA GARC\u00cdA COMIENZA ENTREGA A ALESSANDRA ROJO DE LA VEGA\"}]},{\"@type\":\"WebSite\",\"@id\":\"https:\\\/\\\/quehacerpolitico.mx\\\/#website\",\"url\":\"https:\\\/\\\/quehacerpolitico.mx\\\/\",\"name\":\"\",\"description\":\"\",\"potentialAction\":[{\"@type\":\"SearchAction\",\"target\":{\"@type\":\"EntryPoint\",\"urlTemplate\":\"https:\\\/\\\/quehacerpolitico.mx\\\/?s={search_term_string}\"},\"query-input\":{\"@type\":\"PropertyValueSpecification\",\"valueRequired\":true,\"valueName\":\"search_term_string\"}}],\"inLanguage\":\"es\"},{\"@type\":\"Person\",\"@id\":\"https:\\\/\\\/quehacerpolitico.mx\\\/#\\\/schema\\\/person\\\/496d8ad2d1d3f8036101dca7ee39e585\",\"name\":\"Redacci\u00f3n QP\",\"image\":{\"@type\":\"ImageObject\",\"inLanguage\":\"es\",\"@id\":\"https:\\\/\\\/secure.gravatar.com\\\/avatar\\\/c7164ed6fdec453195284ad24a5ae5b6e1eed2b848477fa2a4787ba9adf39a41?s=96&d=mm&r=g\",\"url\":\"https:\\\/\\\/secure.gravatar.com\\\/avatar\\\/c7164ed6fdec453195284ad24a5ae5b6e1eed2b848477fa2a4787ba9adf39a41?s=96&d=mm&r=g\",\"contentUrl\":\"https:\\\/\\\/secure.gravatar.com\\\/avatar\\\/c7164ed6fdec453195284ad24a5ae5b6e1eed2b848477fa2a4787ba9adf39a41?s=96&d=mm&r=g\",\"caption\":\"Redacci\u00f3n QP\"},\"url\":\"https:\\\/\\\/quehacerpolitico.mx\\\/?author=2\"}]}<\/script>\n<!-- \/ Yoast SEO plugin. -->","yoast_head_json":{"title":"SE INSTALA MESA DE TRANSICI\u00d3N EN ALCALD\u00cdA CUAUHT\u00c9MOC; RA\u00daL ORTEGA GARC\u00cdA COMIENZA ENTREGA A ALESSANDRA ROJO DE LA VEGA -","robots":{"index":"index","follow":"follow","max-snippet":"max-snippet:-1","max-image-preview":"max-image-preview:large","max-video-preview":"max-video-preview:-1"},"canonical":"https:\/\/quehacerpolitico.mx\/?p=112031","og_locale":"es_MX","og_type":"article","og_title":"SE INSTALA MESA DE TRANSICI\u00d3N EN ALCALD\u00cdA CUAUHT\u00c9MOC; RA\u00daL ORTEGA GARC\u00cdA COMIENZA ENTREGA A ALESSANDRA ROJO DE LA VEGA -","og_description":"Por Redacci\u00f3n QP El cambio de gobierno es consecuencia del ejercicio democr\u00e1tico&nbsp;en donde&nbsp;la ciudadan\u00eda elige...","og_url":"https:\/\/quehacerpolitico.mx\/?p=112031","article_published_time":"2024-08-20T00:21:49+00:00","article_modified_time":"2024-08-20T00:50:33+00:00","og_image":[{"width":1253,"height":1280,"url":"https:\/\/quehacerpolitico.mx\/wp-content\/uploads\/2024\/08\/1c0920be-7d98-495c-a504-d8badfd660ba.jpeg","type":"image\/jpeg"}],"author":"Redacci\u00f3n QP","twitter_card":"summary_large_image","twitter_misc":{"Escrito por":"Redacci\u00f3n QP","Tiempo de lectura":"3 minutos"},"schema":{"@context":"https:\/\/schema.org","@graph":[{"@type":"Article","@id":"https:\/\/quehacerpolitico.mx\/?p=112031#article","isPartOf":{"@id":"https:\/\/quehacerpolitico.mx\/?p=112031"},"author":{"name":"Redacci\u00f3n QP","@id":"https:\/\/quehacerpolitico.mx\/#\/schema\/person\/496d8ad2d1d3f8036101dca7ee39e585"},"headline":"SE INSTALA MESA DE TRANSICI\u00d3N EN ALCALD\u00cdA CUAUHT\u00c9MOC; RA\u00daL ORTEGA GARC\u00cdA COMIENZA ENTREGA A ALESSANDRA ROJO DE LA VEGA","datePublished":"2024-08-20T00:21:49+00:00","dateModified":"2024-08-20T00:50:33+00:00","mainEntityOfPage":{"@id":"https:\/\/quehacerpolitico.mx\/?p=112031"},"wordCount":566,"commentCount":0,"image":{"@id":"https:\/\/quehacerpolitico.mx\/?p=112031#primaryimage"},"thumbnailUrl":"https:\/\/quehacerpolitico.mx\/wp-content\/uploads\/2024\/08\/1c0920be-7d98-495c-a504-d8badfd660ba.jpeg","articleSection":["CDMX"],"inLanguage":"es","potentialAction":[{"@type":"CommentAction","name":"Comment","target":["https:\/\/quehacerpolitico.mx\/?p=112031#respond"]}]},{"@type":"WebPage","@id":"https:\/\/quehacerpolitico.mx\/?p=112031","url":"https:\/\/quehacerpolitico.mx\/?p=112031","name":"SE INSTALA MESA DE TRANSICI\u00d3N EN ALCALD\u00cdA CUAUHT\u00c9MOC; RA\u00daL ORTEGA GARC\u00cdA COMIENZA ENTREGA A ALESSANDRA ROJO DE LA VEGA -","isPartOf":{"@id":"https:\/\/quehacerpolitico.mx\/#website"},"primaryImageOfPage":{"@id":"https:\/\/quehacerpolitico.mx\/?p=112031#primaryimage"},"image":{"@id":"https:\/\/quehacerpolitico.mx\/?p=112031#primaryimage"},"thumbnailUrl":"https:\/\/quehacerpolitico.mx\/wp-content\/uploads\/2024\/08\/1c0920be-7d98-495c-a504-d8badfd660ba.jpeg","datePublished":"2024-08-20T00:21:49+00:00","dateModified":"2024-08-20T00:50:33+00:00","author":{"@id":"https:\/\/quehacerpolitico.mx\/#\/schema\/person\/496d8ad2d1d3f8036101dca7ee39e585"},"breadcrumb":{"@id":"https:\/\/quehacerpolitico.mx\/?p=112031#breadcrumb"},"inLanguage":"es","potentialAction":[{"@type":"ReadAction","target":["https:\/\/quehacerpolitico.mx\/?p=112031"]}]},{"@type":"ImageObject","inLanguage":"es","@id":"https:\/\/quehacerpolitico.mx\/?p=112031#primaryimage","url":"https:\/\/quehacerpolitico.mx\/wp-content\/uploads\/2024\/08\/1c0920be-7d98-495c-a504-d8badfd660ba.jpeg","contentUrl":"https:\/\/quehacerpolitico.mx\/wp-content\/uploads\/2024\/08\/1c0920be-7d98-495c-a504-d8badfd660ba.jpeg","width":1253,"height":1280},{"@type":"BreadcrumbList","@id":"https:\/\/quehacerpolitico.mx\/?p=112031#breadcrumb","itemListElement":[{"@type":"ListItem","position":1,"name":"Inicio","item":"https:\/\/quehacerpolitico.mx\/"},{"@type":"ListItem","position":2,"name":"SE INSTALA MESA DE TRANSICI\u00d3N EN ALCALD\u00cdA CUAUHT\u00c9MOC; RA\u00daL ORTEGA GARC\u00cdA COMIENZA ENTREGA A ALESSANDRA ROJO DE LA VEGA"}]},{"@type":"WebSite","@id":"https:\/\/quehacerpolitico.mx\/#website","url":"https:\/\/quehacerpolitico.mx\/","name":"","description":"","potentialAction":[{"@type":"SearchAction","target":{"@type":"EntryPoint","urlTemplate":"https:\/\/quehacerpolitico.mx\/?s={search_term_string}"},"query-input":{"@type":"PropertyValueSpecification","valueRequired":true,"valueName":"search_term_string"}}],"inLanguage":"es"},{"@type":"Person","@id":"https:\/\/quehacerpolitico.mx\/#\/schema\/person\/496d8ad2d1d3f8036101dca7ee39e585","name":"Redacci\u00f3n QP","image":{"@type":"ImageObject","inLanguage":"es","@id":"https:\/\/secure.gravatar.com\/avatar\/c7164ed6fdec453195284ad24a5ae5b6e1eed2b848477fa2a4787ba9adf39a41?s=96&d=mm&r=g","url":"https:\/\/secure.gravatar.com\/avatar\/c7164ed6fdec453195284ad24a5ae5b6e1eed2b848477fa2a4787ba9adf39a41?s=96&d=mm&r=g","contentUrl":"https:\/\/secure.gravatar.com\/avatar\/c7164ed6fdec453195284ad24a5ae5b6e1eed2b848477fa2a4787ba9adf39a41?s=96&d=mm&r=g","caption":"Redacci\u00f3n QP"},"url":"https:\/\/quehacerpolitico.mx\/?author=2"}]}},"featured_image_urls":{"full":["https:\/\/quehacerpolitico.mx\/wp-content\/uploads\/2024\/08\/1c0920be-7d98-495c-a504-d8badfd660ba.jpeg",1253,1280,false],"thumbnail":["https:\/\/quehacerpolitico.mx\/wp-content\/uploads\/2024\/08\/1c0920be-7d98-495c-a504-d8badfd660ba-150x150.jpeg",150,150,true],"medium":["https:\/\/quehacerpolitico.mx\/wp-content\/uploads\/2024\/08\/1c0920be-7d98-495c-a504-d8badfd660ba-294x300.jpeg",294,300,true],"medium_large":["https:\/\/quehacerpolitico.mx\/wp-content\/uploads\/2024\/08\/1c0920be-7d98-495c-a504-d8badfd660ba-768x785.jpeg",640,654,true],"large":["https:\/\/quehacerpolitico.mx\/wp-content\/uploads\/2024\/08\/1c0920be-7d98-495c-a504-d8badfd660ba-1002x1024.jpeg",640,654,true],"1536x1536":["https:\/\/quehacerpolitico.mx\/wp-content\/uploads\/2024\/08\/1c0920be-7d98-495c-a504-d8badfd660ba.jpeg",1253,1280,false],"2048x2048":["https:\/\/quehacerpolitico.mx\/wp-content\/uploads\/2024\/08\/1c0920be-7d98-495c-a504-d8badfd660ba.jpeg",1253,1280,false],"covernews-featured":["https:\/\/quehacerpolitico.mx\/wp-content\/uploads\/2024\/08\/1c0920be-7d98-495c-a504-d8badfd660ba.jpeg",1024,1046,false],"covernews-medium":["https:\/\/quehacerpolitico.mx\/wp-content\/uploads\/2024\/08\/1c0920be-7d98-495c-a504-d8badfd660ba.jpeg",333,340,false]},"author_info":{"display_name":"Redacci\u00f3n QP","author_link":"https:\/\/quehacerpolitico.mx\/?author=2"},"category_info":"<a href=\"https:\/\/quehacerpolitico.mx\/?cat=55\" rel=\"category\">CDMX<\/a>","tag_info":"CDMX","comment_count":"0","_links":{"self":[{"href":"https:\/\/quehacerpolitico.mx\/index.php?rest_route=\/wp\/v2\/posts\/112031","targetHints":{"allow":["GET"]}}],"collection":[{"href":"https:\/\/quehacerpolitico.mx\/index.php?rest_route=\/wp\/v2\/posts"}],"about":[{"href":"https:\/\/quehacerpolitico.mx\/index.php?rest_route=\/wp\/v2\/types\/post"}],"author":[{"embeddable":true,"href":"https:\/\/quehacerpolitico.mx\/index.php?rest_route=\/wp\/v2\/users\/2"}],"replies":[{"embeddable":true,"href":"https:\/\/quehacerpolitico.mx\/index.php?rest_route=%2Fwp%2Fv2%2Fcomments&post=112031"}],"version-history":[{"count":2,"href":"https:\/\/quehacerpolitico.mx\/index.php?rest_route=\/wp\/v2\/posts\/112031\/revisions"}],"predecessor-version":[{"id":112038,"href":"https:\/\/quehacerpolitico.mx\/index.php?rest_route=\/wp\/v2\/posts\/112031\/revisions\/112038"}],"wp:featuredmedia":[{"embeddable":true,"href":"https:\/\/quehacerpolitico.mx\/index.php?rest_route=\/wp\/v2\/media\/112032"}],"wp:attachment":[{"href":"https:\/\/quehacerpolitico.mx\/index.php?rest_route=%2Fwp%2Fv2%2Fmedia&parent=112031"}],"wp:term":[{"taxonomy":"category","embeddable":true,"href":"https:\/\/quehacerpolitico.mx\/index.php?rest_route=%2Fwp%2Fv2%2Fcategories&post=112031"},{"taxonomy":"post_tag","embeddable":true,"href":"https:\/\/quehacerpolitico.mx\/index.php?rest_route=%2Fwp%2Fv2%2Ftags&post=112031"}],"curies":[{"name":"wp","href":"https:\/\/api.w.org\/{rel}","templated":true}]}}