{"id":112020,"date":"2024-08-19T21:14:32","date_gmt":"2024-08-19T21:14:32","guid":{"rendered":"https:\/\/quehacerpolitico.mx\/?p=112020"},"modified":"2024-08-19T21:14:34","modified_gmt":"2024-08-19T21:14:34","slug":"capturan-en-yucatan-a-lider-del-cng-en-colima-fichado-por-la-dea","status":"publish","type":"post","link":"https:\/\/quehacerpolitico.mx\/?p=112020","title":{"rendered":"Capturan en Yucat\u00e1n a l\u00edder del CNG en Colima fichado por la DEA"},"content":{"rendered":"\n<p>Por Redacci\u00f3n QP<\/p>\n\n\n\n<p>El detenido en Yucat\u00e1n era jefe de la plaza en Colima del CNG, y fue identificado como Aldrin Miguel Jarqu\u00edn Jarqu\u00edn alias &#8220;El Chaparrito&#8221;<\/p>\n\n\n\n<p>Las autoridades mexicanas han dado un fuerte golpe al\u00a0<strong>Cartel Nueva Generaci\u00f3n <\/strong>(CNG), luego de la captura en el estado de Yucat\u00e1n de uno de sus l\u00edderes en Colima.\u00a0<\/p>\n\n\n\n<p><mark><strong>El detenido en Yucat\u00e1n era jefe de la plaza en Colima del CNG<\/strong><\/mark>, y fue identificado como&nbsp;<mark><strong>Aldrin Miguel Jarqu\u00edn Jarqu\u00edn alias &#8220;El Chaparrito&#8221;<\/strong><\/mark>, quien este mismo lunes&nbsp;<strong>fue trasladado a la Ciudad de M\u00e9xico por la Fiscal\u00eda General de la Rep\u00fablica (FGR)<\/strong>.<\/p>\n\n\n\n<figure class=\"wp-block-image size-full\"><img loading=\"lazy\" decoding=\"async\" width=\"525\" height=\"679\" src=\"https:\/\/quehacerpolitico.mx\/wp-content\/uploads\/2024\/08\/image.png\" alt=\"\" class=\"wp-image-112021\" srcset=\"https:\/\/quehacerpolitico.mx\/wp-content\/uploads\/2024\/08\/image.png 525w, https:\/\/quehacerpolitico.mx\/wp-content\/uploads\/2024\/08\/image-232x300.png 232w, https:\/\/quehacerpolitico.mx\/wp-content\/uploads\/2024\/08\/image-113x146.png 113w, https:\/\/quehacerpolitico.mx\/wp-content\/uploads\/2024\/08\/image-39x50.png 39w, https:\/\/quehacerpolitico.mx\/wp-content\/uploads\/2024\/08\/image-58x75.png 58w\" sizes=\"auto, (max-width: 525px) 100vw, 525px\" \/><\/figure>\n\n\n\n<p>Jarqu\u00edn Jarqu\u00edn se desenvolv\u00eda como presunto l\u00edder del CNG&nbsp;<mark><strong>en el puerto de Manzanillo Colima, d\u00f3nde controlaba la introducci\u00f3n de drogas y precursores qu\u00edmicos para esa organizaci\u00f3n criminal<\/strong><\/mark>.<\/p>\n\n\n\n<p>Se dijo que el jefe de la plaza regional&nbsp;<strong>fue detenido en Zapopan, Jalisco, el 13 de marzo del a\u00f1o 2022, pero un juez decret\u00f3 la libertad el 4 de junio bajo el exhorto a que se presentara a la audiencia de imputaci\u00f3n por el cargo de delincuencia organizada, pero jam\u00e1s lo hizo y huy\u00f3 con direcci\u00f3n a Yucat\u00e1n<\/strong>.<\/p>\n\n\n\n<p>Al estar sustra\u00eddo de la justicia los&nbsp;<strong>grupos de inteligencia de la FGR, lograron ubicarlo dos a\u00f1os despu\u00e9s en el norte de M\u00e9rida d\u00f3nde ten\u00eda su residencia<\/strong>, sitio donde fue detenido mediante&nbsp;<mark><strong>una orden de cateo y sin que los federales realizar\u00e1n ning\u00fan disparo<\/strong><\/mark>.<\/p>\n\n\n\n<p>Se supo que El &#8220;Chaparrito&#8221; junto a su hermano Jos\u00e9 de Jes\u00fas Jarqu\u00edn Jarqu\u00edn, llamado el R32, as\u00ed como C\u00e9sar Enrique D\u00edaz De Le\u00f3n Sauceda, \u201cEl Lobito\u201d, y Fernando Zagal Ant\u00f3n, tambi\u00e9n presuntos miembros del CNG,\u00a0<mark><strong>fueron incluidos en la lista negra del Departamento del Tesoro de Estados Unidos<\/strong><\/mark>.<\/p>\n\n\n\n<p><mark><strong>De acuerdo con informaci\u00f3n de inteligencia proporcionada por la Administraci\u00f3n para el Control de Drogas (DEA, por sus siglas en ingl\u00e9s) el detenido est\u00e1 entre los integrantes de la organizaci\u00f3n criminal con mayor rango<\/strong><\/mark>.<\/p>\n\n\n\n<p>Es m\u00e1s,&nbsp;<strong>sus cuentas bancarias fueron bloqueadas por la Unidad de Inteligencia Financiera (UIF)<\/strong>.<\/p>\n\n\n\n<p>Aldrin Miguel Jarqu\u00edn Jarqu\u00edn\u00a0<strong>naci\u00f3 el 18 de noviembre de 1976, es oriundo del municipio de Nezahualc\u00f3yotl en el Estado de M\u00e9xico e identificado por las autoridades federales como uno de los principales generadores de violencia en el estado de Colima<\/strong>.<\/p>\n\n\n\n<p>Fue en un operativo de la FGR y la Secretar\u00eda de Marina realizado ayer domingo en el norte de M\u00e9rida d\u00f3nde se logr\u00f3 la aprehensi\u00f3n de este individuo considerado como un objetivo prioritario de las autoridades federales.<\/p>\n\n\n\n<p>Tambi\u00e9n se averigu\u00f3 que&nbsp;<strong>el l\u00edder criminal se llevaba con empresarios yucatecos y era socio mayoritario de la Plaza comercial La Isla<\/strong>.<\/p>\n\n\n\n<p>Con informaci\u00f3n de SUN<\/p>\n","protected":false},"excerpt":{"rendered":"<p>Por Redacci\u00f3n QP El detenido en Yucat\u00e1n era jefe de la plaza en Colima del&#8230;<\/p>\n","protected":false},"author":2,"featured_media":112022,"comment_status":"open","ping_status":"open","sticky":false,"template":"","format":"standard","meta":{"_monsterinsights_skip_tracking":false,"_monsterinsights_sitenote_active":false,"_monsterinsights_sitenote_note":"","_monsterinsights_sitenote_category":0,"footnotes":""},"categories":[2],"tags":[],"class_list":["post-112020","post","type-post","status-publish","format-standard","has-post-thumbnail","hentry","category-noticias"],"yoast_head":"<!-- This site is optimized with the Yoast SEO plugin v27.3 - https:\/\/yoast.com\/product\/yoast-seo-wordpress\/ -->\n<title>Capturan en Yucat\u00e1n a l\u00edder del CNG en Colima fichado por la DEA -<\/title>\n<meta name=\"robots\" content=\"index, follow, max-snippet:-1, max-image-preview:large, max-video-preview:-1\" \/>\n<link rel=\"canonical\" href=\"https:\/\/quehacerpolitico.mx\/?p=112020\" \/>\n<meta property=\"og:locale\" content=\"es_MX\" \/>\n<meta property=\"og:type\" content=\"article\" \/>\n<meta property=\"og:title\" content=\"Capturan en Yucat\u00e1n a l\u00edder del CNG en Colima fichado por la DEA -\" \/>\n<meta property=\"og:description\" content=\"Por Redacci\u00f3n QP El detenido en Yucat\u00e1n era jefe de la plaza en Colima del...\" \/>\n<meta property=\"og:url\" content=\"https:\/\/quehacerpolitico.mx\/?p=112020\" \/>\n<meta property=\"article:published_time\" content=\"2024-08-19T21:14:32+00:00\" \/>\n<meta property=\"article:modified_time\" content=\"2024-08-19T21:14:34+00:00\" \/>\n<meta property=\"og:image\" content=\"https:\/\/quehacerpolitico.mx\/wp-content\/uploads\/2024\/08\/IMG_7471.webp\" \/>\n\t<meta property=\"og:image:width\" content=\"355\" \/>\n\t<meta property=\"og:image:height\" content=\"223\" \/>\n\t<meta property=\"og:image:type\" content=\"image\/webp\" \/>\n<meta name=\"author\" content=\"Redacci\u00f3n QP\" \/>\n<meta name=\"twitter:card\" content=\"summary_large_image\" \/>\n<meta name=\"twitter:label1\" content=\"Escrito por\" \/>\n\t<meta name=\"twitter:data1\" content=\"Redacci\u00f3n QP\" \/>\n\t<meta name=\"twitter:label2\" content=\"Tiempo de lectura\" \/>\n\t<meta name=\"twitter:data2\" content=\"2 minutos\" \/>\n<script type=\"application\/ld+json\" class=\"yoast-schema-graph\">{\"@context\":\"https:\\\/\\\/schema.org\",\"@graph\":[{\"@type\":\"Article\",\"@id\":\"https:\\\/\\\/quehacerpolitico.mx\\\/?p=112020#article\",\"isPartOf\":{\"@id\":\"https:\\\/\\\/quehacerpolitico.mx\\\/?p=112020\"},\"author\":{\"name\":\"Redacci\u00f3n QP\",\"@id\":\"https:\\\/\\\/quehacerpolitico.mx\\\/#\\\/schema\\\/person\\\/496d8ad2d1d3f8036101dca7ee39e585\"},\"headline\":\"Capturan en Yucat\u00e1n a l\u00edder del CNG en Colima fichado por la DEA\",\"datePublished\":\"2024-08-19T21:14:32+00:00\",\"dateModified\":\"2024-08-19T21:14:34+00:00\",\"mainEntityOfPage\":{\"@id\":\"https:\\\/\\\/quehacerpolitico.mx\\\/?p=112020\"},\"wordCount\":507,\"commentCount\":0,\"image\":{\"@id\":\"https:\\\/\\\/quehacerpolitico.mx\\\/?p=112020#primaryimage\"},\"thumbnailUrl\":\"https:\\\/\\\/quehacerpolitico.mx\\\/wp-content\\\/uploads\\\/2024\\\/08\\\/IMG_7471.webp\",\"articleSection\":[\"Noticias\"],\"inLanguage\":\"es\",\"potentialAction\":[{\"@type\":\"CommentAction\",\"name\":\"Comment\",\"target\":[\"https:\\\/\\\/quehacerpolitico.mx\\\/?p=112020#respond\"]}]},{\"@type\":\"WebPage\",\"@id\":\"https:\\\/\\\/quehacerpolitico.mx\\\/?p=112020\",\"url\":\"https:\\\/\\\/quehacerpolitico.mx\\\/?p=112020\",\"name\":\"Capturan en Yucat\u00e1n a l\u00edder del CNG en Colima fichado por la DEA -\",\"isPartOf\":{\"@id\":\"https:\\\/\\\/quehacerpolitico.mx\\\/#website\"},\"primaryImageOfPage\":{\"@id\":\"https:\\\/\\\/quehacerpolitico.mx\\\/?p=112020#primaryimage\"},\"image\":{\"@id\":\"https:\\\/\\\/quehacerpolitico.mx\\\/?p=112020#primaryimage\"},\"thumbnailUrl\":\"https:\\\/\\\/quehacerpolitico.mx\\\/wp-content\\\/uploads\\\/2024\\\/08\\\/IMG_7471.webp\",\"datePublished\":\"2024-08-19T21:14:32+00:00\",\"dateModified\":\"2024-08-19T21:14:34+00:00\",\"author\":{\"@id\":\"https:\\\/\\\/quehacerpolitico.mx\\\/#\\\/schema\\\/person\\\/496d8ad2d1d3f8036101dca7ee39e585\"},\"breadcrumb\":{\"@id\":\"https:\\\/\\\/quehacerpolitico.mx\\\/?p=112020#breadcrumb\"},\"inLanguage\":\"es\",\"potentialAction\":[{\"@type\":\"ReadAction\",\"target\":[\"https:\\\/\\\/quehacerpolitico.mx\\\/?p=112020\"]}]},{\"@type\":\"ImageObject\",\"inLanguage\":\"es\",\"@id\":\"https:\\\/\\\/quehacerpolitico.mx\\\/?p=112020#primaryimage\",\"url\":\"https:\\\/\\\/quehacerpolitico.mx\\\/wp-content\\\/uploads\\\/2024\\\/08\\\/IMG_7471.webp\",\"contentUrl\":\"https:\\\/\\\/quehacerpolitico.mx\\\/wp-content\\\/uploads\\\/2024\\\/08\\\/IMG_7471.webp\",\"width\":355,\"height\":223},{\"@type\":\"BreadcrumbList\",\"@id\":\"https:\\\/\\\/quehacerpolitico.mx\\\/?p=112020#breadcrumb\",\"itemListElement\":[{\"@type\":\"ListItem\",\"position\":1,\"name\":\"Inicio\",\"item\":\"https:\\\/\\\/quehacerpolitico.mx\\\/\"},{\"@type\":\"ListItem\",\"position\":2,\"name\":\"Capturan en Yucat\u00e1n a l\u00edder del CNG en Colima fichado por la DEA\"}]},{\"@type\":\"WebSite\",\"@id\":\"https:\\\/\\\/quehacerpolitico.mx\\\/#website\",\"url\":\"https:\\\/\\\/quehacerpolitico.mx\\\/\",\"name\":\"\",\"description\":\"\",\"potentialAction\":[{\"@type\":\"SearchAction\",\"target\":{\"@type\":\"EntryPoint\",\"urlTemplate\":\"https:\\\/\\\/quehacerpolitico.mx\\\/?s={search_term_string}\"},\"query-input\":{\"@type\":\"PropertyValueSpecification\",\"valueRequired\":true,\"valueName\":\"search_term_string\"}}],\"inLanguage\":\"es\"},{\"@type\":\"Person\",\"@id\":\"https:\\\/\\\/quehacerpolitico.mx\\\/#\\\/schema\\\/person\\\/496d8ad2d1d3f8036101dca7ee39e585\",\"name\":\"Redacci\u00f3n QP\",\"image\":{\"@type\":\"ImageObject\",\"inLanguage\":\"es\",\"@id\":\"https:\\\/\\\/secure.gravatar.com\\\/avatar\\\/c7164ed6fdec453195284ad24a5ae5b6e1eed2b848477fa2a4787ba9adf39a41?s=96&d=mm&r=g\",\"url\":\"https:\\\/\\\/secure.gravatar.com\\\/avatar\\\/c7164ed6fdec453195284ad24a5ae5b6e1eed2b848477fa2a4787ba9adf39a41?s=96&d=mm&r=g\",\"contentUrl\":\"https:\\\/\\\/secure.gravatar.com\\\/avatar\\\/c7164ed6fdec453195284ad24a5ae5b6e1eed2b848477fa2a4787ba9adf39a41?s=96&d=mm&r=g\",\"caption\":\"Redacci\u00f3n QP\"},\"url\":\"https:\\\/\\\/quehacerpolitico.mx\\\/?author=2\"}]}<\/script>\n<!-- \/ Yoast SEO plugin. -->","yoast_head_json":{"title":"Capturan en Yucat\u00e1n a l\u00edder del CNG en Colima fichado por la DEA -","robots":{"index":"index","follow":"follow","max-snippet":"max-snippet:-1","max-image-preview":"max-image-preview:large","max-video-preview":"max-video-preview:-1"},"canonical":"https:\/\/quehacerpolitico.mx\/?p=112020","og_locale":"es_MX","og_type":"article","og_title":"Capturan en Yucat\u00e1n a l\u00edder del CNG en Colima fichado por la DEA -","og_description":"Por Redacci\u00f3n QP El detenido en Yucat\u00e1n era jefe de la plaza en Colima del...","og_url":"https:\/\/quehacerpolitico.mx\/?p=112020","article_published_time":"2024-08-19T21:14:32+00:00","article_modified_time":"2024-08-19T21:14:34+00:00","og_image":[{"width":355,"height":223,"url":"https:\/\/quehacerpolitico.mx\/wp-content\/uploads\/2024\/08\/IMG_7471.webp","type":"image\/webp"}],"author":"Redacci\u00f3n QP","twitter_card":"summary_large_image","twitter_misc":{"Escrito por":"Redacci\u00f3n QP","Tiempo de lectura":"2 minutos"},"schema":{"@context":"https:\/\/schema.org","@graph":[{"@type":"Article","@id":"https:\/\/quehacerpolitico.mx\/?p=112020#article","isPartOf":{"@id":"https:\/\/quehacerpolitico.mx\/?p=112020"},"author":{"name":"Redacci\u00f3n QP","@id":"https:\/\/quehacerpolitico.mx\/#\/schema\/person\/496d8ad2d1d3f8036101dca7ee39e585"},"headline":"Capturan en Yucat\u00e1n a l\u00edder del CNG en Colima fichado por la DEA","datePublished":"2024-08-19T21:14:32+00:00","dateModified":"2024-08-19T21:14:34+00:00","mainEntityOfPage":{"@id":"https:\/\/quehacerpolitico.mx\/?p=112020"},"wordCount":507,"commentCount":0,"image":{"@id":"https:\/\/quehacerpolitico.mx\/?p=112020#primaryimage"},"thumbnailUrl":"https:\/\/quehacerpolitico.mx\/wp-content\/uploads\/2024\/08\/IMG_7471.webp","articleSection":["Noticias"],"inLanguage":"es","potentialAction":[{"@type":"CommentAction","name":"Comment","target":["https:\/\/quehacerpolitico.mx\/?p=112020#respond"]}]},{"@type":"WebPage","@id":"https:\/\/quehacerpolitico.mx\/?p=112020","url":"https:\/\/quehacerpolitico.mx\/?p=112020","name":"Capturan en Yucat\u00e1n a l\u00edder del CNG en Colima fichado por la DEA -","isPartOf":{"@id":"https:\/\/quehacerpolitico.mx\/#website"},"primaryImageOfPage":{"@id":"https:\/\/quehacerpolitico.mx\/?p=112020#primaryimage"},"image":{"@id":"https:\/\/quehacerpolitico.mx\/?p=112020#primaryimage"},"thumbnailUrl":"https:\/\/quehacerpolitico.mx\/wp-content\/uploads\/2024\/08\/IMG_7471.webp","datePublished":"2024-08-19T21:14:32+00:00","dateModified":"2024-08-19T21:14:34+00:00","author":{"@id":"https:\/\/quehacerpolitico.mx\/#\/schema\/person\/496d8ad2d1d3f8036101dca7ee39e585"},"breadcrumb":{"@id":"https:\/\/quehacerpolitico.mx\/?p=112020#breadcrumb"},"inLanguage":"es","potentialAction":[{"@type":"ReadAction","target":["https:\/\/quehacerpolitico.mx\/?p=112020"]}]},{"@type":"ImageObject","inLanguage":"es","@id":"https:\/\/quehacerpolitico.mx\/?p=112020#primaryimage","url":"https:\/\/quehacerpolitico.mx\/wp-content\/uploads\/2024\/08\/IMG_7471.webp","contentUrl":"https:\/\/quehacerpolitico.mx\/wp-content\/uploads\/2024\/08\/IMG_7471.webp","width":355,"height":223},{"@type":"BreadcrumbList","@id":"https:\/\/quehacerpolitico.mx\/?p=112020#breadcrumb","itemListElement":[{"@type":"ListItem","position":1,"name":"Inicio","item":"https:\/\/quehacerpolitico.mx\/"},{"@type":"ListItem","position":2,"name":"Capturan en Yucat\u00e1n a l\u00edder del CNG en Colima fichado por la DEA"}]},{"@type":"WebSite","@id":"https:\/\/quehacerpolitico.mx\/#website","url":"https:\/\/quehacerpolitico.mx\/","name":"","description":"","potentialAction":[{"@type":"SearchAction","target":{"@type":"EntryPoint","urlTemplate":"https:\/\/quehacerpolitico.mx\/?s={search_term_string}"},"query-input":{"@type":"PropertyValueSpecification","valueRequired":true,"valueName":"search_term_string"}}],"inLanguage":"es"},{"@type":"Person","@id":"https:\/\/quehacerpolitico.mx\/#\/schema\/person\/496d8ad2d1d3f8036101dca7ee39e585","name":"Redacci\u00f3n QP","image":{"@type":"ImageObject","inLanguage":"es","@id":"https:\/\/secure.gravatar.com\/avatar\/c7164ed6fdec453195284ad24a5ae5b6e1eed2b848477fa2a4787ba9adf39a41?s=96&d=mm&r=g","url":"https:\/\/secure.gravatar.com\/avatar\/c7164ed6fdec453195284ad24a5ae5b6e1eed2b848477fa2a4787ba9adf39a41?s=96&d=mm&r=g","contentUrl":"https:\/\/secure.gravatar.com\/avatar\/c7164ed6fdec453195284ad24a5ae5b6e1eed2b848477fa2a4787ba9adf39a41?s=96&d=mm&r=g","caption":"Redacci\u00f3n QP"},"url":"https:\/\/quehacerpolitico.mx\/?author=2"}]}},"featured_image_urls":{"full":["https:\/\/quehacerpolitico.mx\/wp-content\/uploads\/2024\/08\/IMG_7471.webp",355,223,false],"thumbnail":["https:\/\/quehacerpolitico.mx\/wp-content\/uploads\/2024\/08\/IMG_7471-150x150.webp",150,150,true],"medium":["https:\/\/quehacerpolitico.mx\/wp-content\/uploads\/2024\/08\/IMG_7471-300x188.webp",300,188,true],"medium_large":["https:\/\/quehacerpolitico.mx\/wp-content\/uploads\/2024\/08\/IMG_7471.webp",355,223,false],"large":["https:\/\/quehacerpolitico.mx\/wp-content\/uploads\/2024\/08\/IMG_7471.webp",355,223,false],"1536x1536":["https:\/\/quehacerpolitico.mx\/wp-content\/uploads\/2024\/08\/IMG_7471.webp",355,223,false],"2048x2048":["https:\/\/quehacerpolitico.mx\/wp-content\/uploads\/2024\/08\/IMG_7471.webp",355,223,false],"covernews-featured":["https:\/\/quehacerpolitico.mx\/wp-content\/uploads\/2024\/08\/IMG_7471.webp",355,223,false],"covernews-medium":["https:\/\/quehacerpolitico.mx\/wp-content\/uploads\/2024\/08\/IMG_7471.webp",355,223,false]},"author_info":{"display_name":"Redacci\u00f3n QP","author_link":"https:\/\/quehacerpolitico.mx\/?author=2"},"category_info":"<a href=\"https:\/\/quehacerpolitico.mx\/?cat=2\" rel=\"category\">Noticias<\/a>","tag_info":"Noticias","comment_count":"0","_links":{"self":[{"href":"https:\/\/quehacerpolitico.mx\/index.php?rest_route=\/wp\/v2\/posts\/112020","targetHints":{"allow":["GET"]}}],"collection":[{"href":"https:\/\/quehacerpolitico.mx\/index.php?rest_route=\/wp\/v2\/posts"}],"about":[{"href":"https:\/\/quehacerpolitico.mx\/index.php?rest_route=\/wp\/v2\/types\/post"}],"author":[{"embeddable":true,"href":"https:\/\/quehacerpolitico.mx\/index.php?rest_route=\/wp\/v2\/users\/2"}],"replies":[{"embeddable":true,"href":"https:\/\/quehacerpolitico.mx\/index.php?rest_route=%2Fwp%2Fv2%2Fcomments&post=112020"}],"version-history":[{"count":1,"href":"https:\/\/quehacerpolitico.mx\/index.php?rest_route=\/wp\/v2\/posts\/112020\/revisions"}],"predecessor-version":[{"id":112023,"href":"https:\/\/quehacerpolitico.mx\/index.php?rest_route=\/wp\/v2\/posts\/112020\/revisions\/112023"}],"wp:featuredmedia":[{"embeddable":true,"href":"https:\/\/quehacerpolitico.mx\/index.php?rest_route=\/wp\/v2\/media\/112022"}],"wp:attachment":[{"href":"https:\/\/quehacerpolitico.mx\/index.php?rest_route=%2Fwp%2Fv2%2Fmedia&parent=112020"}],"wp:term":[{"taxonomy":"category","embeddable":true,"href":"https:\/\/quehacerpolitico.mx\/index.php?rest_route=%2Fwp%2Fv2%2Fcategories&post=112020"},{"taxonomy":"post_tag","embeddable":true,"href":"https:\/\/quehacerpolitico.mx\/index.php?rest_route=%2Fwp%2Fv2%2Ftags&post=112020"}],"curies":[{"name":"wp","href":"https:\/\/api.w.org\/{rel}","templated":true}]}}