{"id":112017,"date":"2024-08-19T20:52:40","date_gmt":"2024-08-19T20:52:40","guid":{"rendered":"https:\/\/quehacerpolitico.mx\/?p=112017"},"modified":"2024-08-19T20:52:42","modified_gmt":"2024-08-19T20:52:42","slug":"ibercultura-viva-lanza-iberentrelazando-experiencias-convocatoria-para-el-intercambio-cultural","status":"publish","type":"post","link":"https:\/\/quehacerpolitico.mx\/?p=112017","title":{"rendered":"IberCultura\u00a0Viva lanza\u00a0IberEntrelazando\u00a0Experiencias, convocatoria para el intercambio cultural"},"content":{"rendered":"\n<p>Por Redacci\u00f3n QP<\/p>\n\n\n\n<p><strong>Las inscripciones estar\u00e1n abiertas hasta el 3 de septiembre de 2024 a trav\u00e9s de la plataforma Mapa&nbsp;<\/strong><strong>IberCultura<\/strong><strong>&nbsp;Viva<\/strong><\/p>\n\n\n\n<p>Organizaciones culturales comunitarias, pueblos originarios y comunidades afrodescendientes de los 12 pa\u00edses miembros de&nbsp;IberCultura&nbsp;Viva (Argentina, Brasil, Chile, Colombia, Costa Rica, Ecuador, Espa\u00f1a, El Salvador, M\u00e9xico, Paraguay, Per\u00fa y Uruguay), adem\u00e1s del pa\u00eds invitado en 2024 (Rep\u00fablica Dominicana), podr\u00e1n solicitar el Banco de Saberes Culturales y Comunitarios de&nbsp;IberCultura&nbsp;Viva una de las propuestas de formaci\u00f3n que lo integran, para desarrollarla en sus territorios y ser as\u00ed comunidades anfitrionas.&nbsp;<\/p>\n\n\n\n<p>Esto, a trav\u00e9s de la convocatoria&nbsp;IberEntrelazando&nbsp;Experiencias, que abre&nbsp;IberCultura&nbsp;Viva para poner a disposici\u00f3n las 53 propuestas de formaci\u00f3n inscritas en el Banco. Cabe recordar que de esos proyectos 35 fueron seleccionados en la convocatoria de 2024 y 18 provienen de ediciones anteriores. Estos proyectos, disponibles para ser implementados en diferentes comunidades, promueven el intercambio de conocimientos y fortaleciendo del tejido social y la diversidad cultural en Iberoam\u00e9rica.<\/p>\n\n\n\n<p>En esta convocatoria tambi\u00e9n se pueden postular como comunidades anfitrionas las 37 entidades gubernamentales que integran la&nbsp;<a href=\"https:\/\/iberculturaviva.org\/red-de-ciudades-y-gobiernos-locales\/?lang=es\">Red&nbsp;IberCultura&nbsp;Viva de Ciudades y Gobiernos Locales<\/a>&nbsp;(nueve de M\u00e9xico). En este caso, los municipios, estados o provincias postulantes deber\u00e1n garantizar que el programa de formaci\u00f3n e intercambio se realice en al menos una organizaci\u00f3n cultural comunitaria o colectivo de pueblo originario o comunidad afrodescendiente de su territorio.<\/p>\n\n\n\n<p>IberCultura&nbsp;Viva es un programa de cooperaci\u00f3n t\u00e9cnica y financiera entre gobiernos, cuyo objetivo es promover y fortalecer la diversidad cultural a trav\u00e9s de pol\u00edticas p\u00fablicas y acciones culturales en Iberoam\u00e9rica.<\/p>\n\n\n\n<p>Las inscripciones estar\u00e1n abiertas hasta el 3 de septiembre de 2024, a trav\u00e9s de la plataforma Mapa&nbsp;IberCultura&nbsp;Viva. Las organizaciones interesadas deber\u00e1n contactar a las personas facilitadoras de la propuesta de su elecci\u00f3n para coordinar las condiciones del intercambio. Una vez acordado, la organizaci\u00f3n anfitriona deber\u00e1 postularse en el&nbsp;<a href=\"https:\/\/mapa.iberculturaviva.org\/\">Mapa&nbsp;IberCultura&nbsp;Viva<\/a>. Adem\u00e1s de la producci\u00f3n y difusi\u00f3n de la actividad, la comunidad anfitriona ser\u00e1 responsable de proporcionar hospedaje, alimentaci\u00f3n y traslados locales para las personas facilitadoras.&nbsp;IberCultura&nbsp;Viva cubrir\u00e1 los pasajes a\u00e9reos y seguros de viaje de las personas facilitadoras, sin realizar un giro de fondos para los proyectos.<\/p>\n\n\n\n<p>El Comit\u00e9 de Selecci\u00f3n del Consejo Intergubernamental&nbsp;IberCultura&nbsp;Viva evaluar\u00e1 las propuestas en funci\u00f3n de su impacto en la comunidad anfitriona, la&nbsp;visibilizaci\u00f3n&nbsp;de saberes comunitarios, la inclusi\u00f3n de perspectivas de g\u00e9nero y la diversidad cultural. Se priorizar\u00e1 la diversidad de pa\u00edses en la selecci\u00f3n, distribuyendo los fondos de manera equitativa para cubrir la mayor cantidad de propuestas.<\/p>\n\n\n\n<p>Las personas interesadas pueden consultar las bases generales en&nbsp;<a href=\"https:\/\/cutt.ly\/Aevo73EQ\">cutt.ly\/Aevo73EQ<\/a>&nbsp;e inscribirse en&nbsp;<a href=\"https:\/\/mapa.iberculturaviva.org\/oportunidade\/292\/\">mapa.iberculturaviva.org\/oportunidade\/292\/<\/a>&nbsp;hasta el 3 de septiembre de 2024, a las 20:59 horas (horario de la CDMX). Todas las dudas sobre esta convocatoria ser\u00e1n resueltas a trav\u00e9s del correo&nbsp;<a href=\"mailto:programa@iberculturaviva.org\">programa@iberculturaviva.org<\/a><\/p>\n","protected":false},"excerpt":{"rendered":"<p>Por Redacci\u00f3n QP Las inscripciones estar\u00e1n abiertas hasta el 3 de septiembre de 2024 a&#8230;<\/p>\n","protected":false},"author":2,"featured_media":112018,"comment_status":"open","ping_status":"open","sticky":false,"template":"","format":"standard","meta":{"_monsterinsights_skip_tracking":false,"_monsterinsights_sitenote_active":false,"_monsterinsights_sitenote_note":"","_monsterinsights_sitenote_category":0,"footnotes":""},"categories":[58],"tags":[],"class_list":["post-112017","post","type-post","status-publish","format-standard","has-post-thumbnail","hentry","category-cultura"],"yoast_head":"<!-- This site is optimized with the Yoast SEO plugin v27.3 - https:\/\/yoast.com\/product\/yoast-seo-wordpress\/ -->\n<title>IberCultura\u00a0Viva lanza\u00a0IberEntrelazando\u00a0Experiencias, convocatoria para el intercambio cultural -<\/title>\n<meta name=\"robots\" content=\"index, follow, max-snippet:-1, max-image-preview:large, max-video-preview:-1\" \/>\n<link rel=\"canonical\" href=\"https:\/\/quehacerpolitico.mx\/?p=112017\" \/>\n<meta property=\"og:locale\" content=\"es_MX\" \/>\n<meta property=\"og:type\" content=\"article\" \/>\n<meta property=\"og:title\" content=\"IberCultura\u00a0Viva lanza\u00a0IberEntrelazando\u00a0Experiencias, convocatoria para el intercambio cultural -\" \/>\n<meta property=\"og:description\" content=\"Por Redacci\u00f3n QP Las inscripciones estar\u00e1n abiertas hasta el 3 de septiembre de 2024 a...\" \/>\n<meta property=\"og:url\" content=\"https:\/\/quehacerpolitico.mx\/?p=112017\" \/>\n<meta property=\"article:published_time\" content=\"2024-08-19T20:52:40+00:00\" \/>\n<meta property=\"article:modified_time\" content=\"2024-08-19T20:52:42+00:00\" \/>\n<meta property=\"og:image\" content=\"https:\/\/quehacerpolitico.mx\/wp-content\/uploads\/2024\/08\/IMG_7469.jpeg\" \/>\n\t<meta property=\"og:image:width\" content=\"1600\" \/>\n\t<meta property=\"og:image:height\" content=\"1411\" \/>\n\t<meta property=\"og:image:type\" content=\"image\/jpeg\" \/>\n<meta name=\"author\" content=\"Redacci\u00f3n QP\" \/>\n<meta name=\"twitter:card\" content=\"summary_large_image\" \/>\n<meta name=\"twitter:label1\" content=\"Escrito por\" \/>\n\t<meta name=\"twitter:data1\" content=\"Redacci\u00f3n QP\" \/>\n\t<meta name=\"twitter:label2\" content=\"Tiempo de lectura\" \/>\n\t<meta name=\"twitter:data2\" content=\"3 minutos\" \/>\n<script type=\"application\/ld+json\" class=\"yoast-schema-graph\">{\"@context\":\"https:\\\/\\\/schema.org\",\"@graph\":[{\"@type\":\"Article\",\"@id\":\"https:\\\/\\\/quehacerpolitico.mx\\\/?p=112017#article\",\"isPartOf\":{\"@id\":\"https:\\\/\\\/quehacerpolitico.mx\\\/?p=112017\"},\"author\":{\"name\":\"Redacci\u00f3n QP\",\"@id\":\"https:\\\/\\\/quehacerpolitico.mx\\\/#\\\/schema\\\/person\\\/496d8ad2d1d3f8036101dca7ee39e585\"},\"headline\":\"IberCultura\u00a0Viva lanza\u00a0IberEntrelazando\u00a0Experiencias, convocatoria para el intercambio cultural\",\"datePublished\":\"2024-08-19T20:52:40+00:00\",\"dateModified\":\"2024-08-19T20:52:42+00:00\",\"mainEntityOfPage\":{\"@id\":\"https:\\\/\\\/quehacerpolitico.mx\\\/?p=112017\"},\"wordCount\":541,\"commentCount\":0,\"image\":{\"@id\":\"https:\\\/\\\/quehacerpolitico.mx\\\/?p=112017#primaryimage\"},\"thumbnailUrl\":\"https:\\\/\\\/quehacerpolitico.mx\\\/wp-content\\\/uploads\\\/2024\\\/08\\\/IMG_7469.jpeg\",\"articleSection\":[\"Cultura y Entretenimiento\"],\"inLanguage\":\"es\",\"potentialAction\":[{\"@type\":\"CommentAction\",\"name\":\"Comment\",\"target\":[\"https:\\\/\\\/quehacerpolitico.mx\\\/?p=112017#respond\"]}]},{\"@type\":\"WebPage\",\"@id\":\"https:\\\/\\\/quehacerpolitico.mx\\\/?p=112017\",\"url\":\"https:\\\/\\\/quehacerpolitico.mx\\\/?p=112017\",\"name\":\"IberCultura\u00a0Viva lanza\u00a0IberEntrelazando\u00a0Experiencias, convocatoria para el intercambio cultural -\",\"isPartOf\":{\"@id\":\"https:\\\/\\\/quehacerpolitico.mx\\\/#website\"},\"primaryImageOfPage\":{\"@id\":\"https:\\\/\\\/quehacerpolitico.mx\\\/?p=112017#primaryimage\"},\"image\":{\"@id\":\"https:\\\/\\\/quehacerpolitico.mx\\\/?p=112017#primaryimage\"},\"thumbnailUrl\":\"https:\\\/\\\/quehacerpolitico.mx\\\/wp-content\\\/uploads\\\/2024\\\/08\\\/IMG_7469.jpeg\",\"datePublished\":\"2024-08-19T20:52:40+00:00\",\"dateModified\":\"2024-08-19T20:52:42+00:00\",\"author\":{\"@id\":\"https:\\\/\\\/quehacerpolitico.mx\\\/#\\\/schema\\\/person\\\/496d8ad2d1d3f8036101dca7ee39e585\"},\"breadcrumb\":{\"@id\":\"https:\\\/\\\/quehacerpolitico.mx\\\/?p=112017#breadcrumb\"},\"inLanguage\":\"es\",\"potentialAction\":[{\"@type\":\"ReadAction\",\"target\":[\"https:\\\/\\\/quehacerpolitico.mx\\\/?p=112017\"]}]},{\"@type\":\"ImageObject\",\"inLanguage\":\"es\",\"@id\":\"https:\\\/\\\/quehacerpolitico.mx\\\/?p=112017#primaryimage\",\"url\":\"https:\\\/\\\/quehacerpolitico.mx\\\/wp-content\\\/uploads\\\/2024\\\/08\\\/IMG_7469.jpeg\",\"contentUrl\":\"https:\\\/\\\/quehacerpolitico.mx\\\/wp-content\\\/uploads\\\/2024\\\/08\\\/IMG_7469.jpeg\",\"width\":1600,\"height\":1411},{\"@type\":\"BreadcrumbList\",\"@id\":\"https:\\\/\\\/quehacerpolitico.mx\\\/?p=112017#breadcrumb\",\"itemListElement\":[{\"@type\":\"ListItem\",\"position\":1,\"name\":\"Inicio\",\"item\":\"https:\\\/\\\/quehacerpolitico.mx\\\/\"},{\"@type\":\"ListItem\",\"position\":2,\"name\":\"IberCultura\u00a0Viva lanza\u00a0IberEntrelazando\u00a0Experiencias, convocatoria para el intercambio cultural\"}]},{\"@type\":\"WebSite\",\"@id\":\"https:\\\/\\\/quehacerpolitico.mx\\\/#website\",\"url\":\"https:\\\/\\\/quehacerpolitico.mx\\\/\",\"name\":\"\",\"description\":\"\",\"potentialAction\":[{\"@type\":\"SearchAction\",\"target\":{\"@type\":\"EntryPoint\",\"urlTemplate\":\"https:\\\/\\\/quehacerpolitico.mx\\\/?s={search_term_string}\"},\"query-input\":{\"@type\":\"PropertyValueSpecification\",\"valueRequired\":true,\"valueName\":\"search_term_string\"}}],\"inLanguage\":\"es\"},{\"@type\":\"Person\",\"@id\":\"https:\\\/\\\/quehacerpolitico.mx\\\/#\\\/schema\\\/person\\\/496d8ad2d1d3f8036101dca7ee39e585\",\"name\":\"Redacci\u00f3n QP\",\"image\":{\"@type\":\"ImageObject\",\"inLanguage\":\"es\",\"@id\":\"https:\\\/\\\/secure.gravatar.com\\\/avatar\\\/c7164ed6fdec453195284ad24a5ae5b6e1eed2b848477fa2a4787ba9adf39a41?s=96&d=mm&r=g\",\"url\":\"https:\\\/\\\/secure.gravatar.com\\\/avatar\\\/c7164ed6fdec453195284ad24a5ae5b6e1eed2b848477fa2a4787ba9adf39a41?s=96&d=mm&r=g\",\"contentUrl\":\"https:\\\/\\\/secure.gravatar.com\\\/avatar\\\/c7164ed6fdec453195284ad24a5ae5b6e1eed2b848477fa2a4787ba9adf39a41?s=96&d=mm&r=g\",\"caption\":\"Redacci\u00f3n QP\"},\"url\":\"https:\\\/\\\/quehacerpolitico.mx\\\/?author=2\"}]}<\/script>\n<!-- \/ Yoast SEO plugin. -->","yoast_head_json":{"title":"IberCultura\u00a0Viva lanza\u00a0IberEntrelazando\u00a0Experiencias, convocatoria para el intercambio cultural -","robots":{"index":"index","follow":"follow","max-snippet":"max-snippet:-1","max-image-preview":"max-image-preview:large","max-video-preview":"max-video-preview:-1"},"canonical":"https:\/\/quehacerpolitico.mx\/?p=112017","og_locale":"es_MX","og_type":"article","og_title":"IberCultura\u00a0Viva lanza\u00a0IberEntrelazando\u00a0Experiencias, convocatoria para el intercambio cultural -","og_description":"Por Redacci\u00f3n QP Las inscripciones estar\u00e1n abiertas hasta el 3 de septiembre de 2024 a...","og_url":"https:\/\/quehacerpolitico.mx\/?p=112017","article_published_time":"2024-08-19T20:52:40+00:00","article_modified_time":"2024-08-19T20:52:42+00:00","og_image":[{"width":1600,"height":1411,"url":"https:\/\/quehacerpolitico.mx\/wp-content\/uploads\/2024\/08\/IMG_7469.jpeg","type":"image\/jpeg"}],"author":"Redacci\u00f3n QP","twitter_card":"summary_large_image","twitter_misc":{"Escrito por":"Redacci\u00f3n QP","Tiempo de lectura":"3 minutos"},"schema":{"@context":"https:\/\/schema.org","@graph":[{"@type":"Article","@id":"https:\/\/quehacerpolitico.mx\/?p=112017#article","isPartOf":{"@id":"https:\/\/quehacerpolitico.mx\/?p=112017"},"author":{"name":"Redacci\u00f3n QP","@id":"https:\/\/quehacerpolitico.mx\/#\/schema\/person\/496d8ad2d1d3f8036101dca7ee39e585"},"headline":"IberCultura\u00a0Viva lanza\u00a0IberEntrelazando\u00a0Experiencias, convocatoria para el intercambio cultural","datePublished":"2024-08-19T20:52:40+00:00","dateModified":"2024-08-19T20:52:42+00:00","mainEntityOfPage":{"@id":"https:\/\/quehacerpolitico.mx\/?p=112017"},"wordCount":541,"commentCount":0,"image":{"@id":"https:\/\/quehacerpolitico.mx\/?p=112017#primaryimage"},"thumbnailUrl":"https:\/\/quehacerpolitico.mx\/wp-content\/uploads\/2024\/08\/IMG_7469.jpeg","articleSection":["Cultura y Entretenimiento"],"inLanguage":"es","potentialAction":[{"@type":"CommentAction","name":"Comment","target":["https:\/\/quehacerpolitico.mx\/?p=112017#respond"]}]},{"@type":"WebPage","@id":"https:\/\/quehacerpolitico.mx\/?p=112017","url":"https:\/\/quehacerpolitico.mx\/?p=112017","name":"IberCultura\u00a0Viva lanza\u00a0IberEntrelazando\u00a0Experiencias, convocatoria para el intercambio cultural -","isPartOf":{"@id":"https:\/\/quehacerpolitico.mx\/#website"},"primaryImageOfPage":{"@id":"https:\/\/quehacerpolitico.mx\/?p=112017#primaryimage"},"image":{"@id":"https:\/\/quehacerpolitico.mx\/?p=112017#primaryimage"},"thumbnailUrl":"https:\/\/quehacerpolitico.mx\/wp-content\/uploads\/2024\/08\/IMG_7469.jpeg","datePublished":"2024-08-19T20:52:40+00:00","dateModified":"2024-08-19T20:52:42+00:00","author":{"@id":"https:\/\/quehacerpolitico.mx\/#\/schema\/person\/496d8ad2d1d3f8036101dca7ee39e585"},"breadcrumb":{"@id":"https:\/\/quehacerpolitico.mx\/?p=112017#breadcrumb"},"inLanguage":"es","potentialAction":[{"@type":"ReadAction","target":["https:\/\/quehacerpolitico.mx\/?p=112017"]}]},{"@type":"ImageObject","inLanguage":"es","@id":"https:\/\/quehacerpolitico.mx\/?p=112017#primaryimage","url":"https:\/\/quehacerpolitico.mx\/wp-content\/uploads\/2024\/08\/IMG_7469.jpeg","contentUrl":"https:\/\/quehacerpolitico.mx\/wp-content\/uploads\/2024\/08\/IMG_7469.jpeg","width":1600,"height":1411},{"@type":"BreadcrumbList","@id":"https:\/\/quehacerpolitico.mx\/?p=112017#breadcrumb","itemListElement":[{"@type":"ListItem","position":1,"name":"Inicio","item":"https:\/\/quehacerpolitico.mx\/"},{"@type":"ListItem","position":2,"name":"IberCultura\u00a0Viva lanza\u00a0IberEntrelazando\u00a0Experiencias, convocatoria para el intercambio cultural"}]},{"@type":"WebSite","@id":"https:\/\/quehacerpolitico.mx\/#website","url":"https:\/\/quehacerpolitico.mx\/","name":"","description":"","potentialAction":[{"@type":"SearchAction","target":{"@type":"EntryPoint","urlTemplate":"https:\/\/quehacerpolitico.mx\/?s={search_term_string}"},"query-input":{"@type":"PropertyValueSpecification","valueRequired":true,"valueName":"search_term_string"}}],"inLanguage":"es"},{"@type":"Person","@id":"https:\/\/quehacerpolitico.mx\/#\/schema\/person\/496d8ad2d1d3f8036101dca7ee39e585","name":"Redacci\u00f3n QP","image":{"@type":"ImageObject","inLanguage":"es","@id":"https:\/\/secure.gravatar.com\/avatar\/c7164ed6fdec453195284ad24a5ae5b6e1eed2b848477fa2a4787ba9adf39a41?s=96&d=mm&r=g","url":"https:\/\/secure.gravatar.com\/avatar\/c7164ed6fdec453195284ad24a5ae5b6e1eed2b848477fa2a4787ba9adf39a41?s=96&d=mm&r=g","contentUrl":"https:\/\/secure.gravatar.com\/avatar\/c7164ed6fdec453195284ad24a5ae5b6e1eed2b848477fa2a4787ba9adf39a41?s=96&d=mm&r=g","caption":"Redacci\u00f3n QP"},"url":"https:\/\/quehacerpolitico.mx\/?author=2"}]}},"featured_image_urls":{"full":["https:\/\/quehacerpolitico.mx\/wp-content\/uploads\/2024\/08\/IMG_7469.jpeg",1600,1411,false],"thumbnail":["https:\/\/quehacerpolitico.mx\/wp-content\/uploads\/2024\/08\/IMG_7469-150x150.jpeg",150,150,true],"medium":["https:\/\/quehacerpolitico.mx\/wp-content\/uploads\/2024\/08\/IMG_7469-300x265.jpeg",300,265,true],"medium_large":["https:\/\/quehacerpolitico.mx\/wp-content\/uploads\/2024\/08\/IMG_7469-768x677.jpeg",640,564,true],"large":["https:\/\/quehacerpolitico.mx\/wp-content\/uploads\/2024\/08\/IMG_7469-1024x903.jpeg",640,564,true],"1536x1536":["https:\/\/quehacerpolitico.mx\/wp-content\/uploads\/2024\/08\/IMG_7469-1536x1355.jpeg",1536,1355,true],"2048x2048":["https:\/\/quehacerpolitico.mx\/wp-content\/uploads\/2024\/08\/IMG_7469.jpeg",1600,1411,false],"covernews-featured":["https:\/\/quehacerpolitico.mx\/wp-content\/uploads\/2024\/08\/IMG_7469.jpeg",1024,903,false],"covernews-medium":["https:\/\/quehacerpolitico.mx\/wp-content\/uploads\/2024\/08\/IMG_7469.jpeg",386,340,false]},"author_info":{"display_name":"Redacci\u00f3n QP","author_link":"https:\/\/quehacerpolitico.mx\/?author=2"},"category_info":"<a href=\"https:\/\/quehacerpolitico.mx\/?cat=58\" rel=\"category\">Cultura y Entretenimiento<\/a>","tag_info":"Cultura y Entretenimiento","comment_count":"0","_links":{"self":[{"href":"https:\/\/quehacerpolitico.mx\/index.php?rest_route=\/wp\/v2\/posts\/112017","targetHints":{"allow":["GET"]}}],"collection":[{"href":"https:\/\/quehacerpolitico.mx\/index.php?rest_route=\/wp\/v2\/posts"}],"about":[{"href":"https:\/\/quehacerpolitico.mx\/index.php?rest_route=\/wp\/v2\/types\/post"}],"author":[{"embeddable":true,"href":"https:\/\/quehacerpolitico.mx\/index.php?rest_route=\/wp\/v2\/users\/2"}],"replies":[{"embeddable":true,"href":"https:\/\/quehacerpolitico.mx\/index.php?rest_route=%2Fwp%2Fv2%2Fcomments&post=112017"}],"version-history":[{"count":1,"href":"https:\/\/quehacerpolitico.mx\/index.php?rest_route=\/wp\/v2\/posts\/112017\/revisions"}],"predecessor-version":[{"id":112019,"href":"https:\/\/quehacerpolitico.mx\/index.php?rest_route=\/wp\/v2\/posts\/112017\/revisions\/112019"}],"wp:featuredmedia":[{"embeddable":true,"href":"https:\/\/quehacerpolitico.mx\/index.php?rest_route=\/wp\/v2\/media\/112018"}],"wp:attachment":[{"href":"https:\/\/quehacerpolitico.mx\/index.php?rest_route=%2Fwp%2Fv2%2Fmedia&parent=112017"}],"wp:term":[{"taxonomy":"category","embeddable":true,"href":"https:\/\/quehacerpolitico.mx\/index.php?rest_route=%2Fwp%2Fv2%2Fcategories&post=112017"},{"taxonomy":"post_tag","embeddable":true,"href":"https:\/\/quehacerpolitico.mx\/index.php?rest_route=%2Fwp%2Fv2%2Ftags&post=112017"}],"curies":[{"name":"wp","href":"https:\/\/api.w.org\/{rel}","templated":true}]}}