{"id":112002,"date":"2024-08-19T19:30:10","date_gmt":"2024-08-19T19:30:10","guid":{"rendered":"https:\/\/quehacerpolitico.mx\/?p=112002"},"modified":"2024-08-19T19:30:14","modified_gmt":"2024-08-19T19:30:14","slug":"clara-brugada-presenta-a-su-gabinete-legal-en-el-proximo-gobierno-de-la-ciudad-de-mexico","status":"publish","type":"post","link":"https:\/\/quehacerpolitico.mx\/?p=112002","title":{"rendered":"Clara Brugada presenta a su gabinete legal en el pr\u00f3ximo Gobierno de la Ciudad de M\u00e9xico"},"content":{"rendered":"\n<p>Por Redacci\u00f3n QP<\/p>\n\n\n\n<p>La pr\u00f3xima jefa de Gobierno de la Ciudad de M\u00e9xico ha recurrido a funcionarios de la administraci\u00f3n de L\u00f3pez Obrador y del gabinete de Mart\u00ed Batres<\/p>\n\n\n\n<p>Clara Brugada, jefa de Gobierno de la Ciudad de M\u00e9xico electa, present\u00f3 este lunes a su&nbsp;gabinete legal en el que destacan cinco integrantes y exintegrantes del todav\u00eda gabinete del presidente&nbsp;<strong>Andr\u00e9s Manuel L\u00f3pez Obrado<\/strong>r; as\u00ed como tres del equipo de la exjefa de Gobierno y actual presidenta electa,&nbsp;<strong>Claudia Sheinbaum,&nbsp;<\/strong>adem\u00e1s, de funcionarios cercanos a ella.<\/p>\n\n\n\n<p><strong>Alejandra Frausto<\/strong>, actual secretaria de Cultura del gobierno federal, ser\u00e1 la pr\u00f3xima titular de la Secretar\u00eda de Cultura;\u00a0<strong>Myriam Urz\u00faa<\/strong>\u00a0<strong>Venegas<\/strong>\u00a0se mantendr\u00e1 al frente de la Secretar\u00eda de Gesti\u00f3n Integral de\u00a0Riesgos y Protecci\u00f3n Civil, asimismo,\u00a0Alejandro Encinas estar\u00e1 al frente de la Secretar\u00eda de Desarrollo Urbano, que ahora ser\u00e1 Secretar\u00eda de Planeaci\u00f3n y Ordenamiento Territorial de Metropolis;\u00a0<strong>Cesar Cravioto<\/strong> Guerrero fungir\u00e1 como secretario de Gobierno de la Ciudad de M\u00e9xico.<\/p>\n\n\n\n<figure class=\"wp-block-embed is-type-rich is-provider-twitter wp-block-embed-twitter\"><div class=\"wp-block-embed__wrapper\">\n<blockquote class=\"twitter-tweet\" data-width=\"550\" data-dnt=\"true\"><p lang=\"es\" dir=\"ltr\">\ud83d\udd34<a href=\"https:\/\/twitter.com\/hashtag\/EnVivo?src=hash&amp;ref_src=twsrc%5Etfw\">#EnVivo<\/a> <a href=\"https:\/\/twitter.com\/hashtag\/QPMX?src=hash&amp;ref_src=twsrc%5Etfw\">#QPMX<\/a> <a href=\"https:\/\/twitter.com\/hashtag\/QuehacerPolitico?src=hash&amp;ref_src=twsrc%5Etfw\">#QuehacerPolitico<\/a> <a href=\"https:\/\/twitter.com\/hashtag\/InquiriendoLaNoticia?src=hash&amp;ref_src=twsrc%5Etfw\">#InquiriendoLaNoticia<\/a><br>Jefa de <a href=\"https:\/\/twitter.com\/GobCDMX?ref_src=twsrc%5Etfw\">@GobCDMX<\/a> <a href=\"https:\/\/twitter.com\/ClaraBrugadaM?ref_src=twsrc%5Etfw\">@ClaraBrugadaM<\/a> presentaci\u00f3n de su gabinete Legal en el pr\u00f3ximo Gobierno de la Ciudad de M\u00e9xico.<br> <a href=\"https:\/\/t.co\/AS5hsLcKxS\">https:\/\/t.co\/AS5hsLcKxS<\/a><\/p>&mdash; Quehacer Pol\u00edtico (@QueHacerPolitic) <a href=\"https:\/\/twitter.com\/QueHacerPolitic\/status\/1825584102419927221?ref_src=twsrc%5Etfw\">August 19, 2024<\/a><\/blockquote><script async src=\"https:\/\/platform.twitter.com\/widgets.js\" charset=\"utf-8\"><\/script>\n<\/div><\/figure>\n\n\n\n<p>Aracel\u00ed Dami\u00e1n Gonz\u00e1lez ser\u00e1 la secretaria&nbsp;de Inclusi\u00f3n y Bienestar Social,&nbsp;<strong>Nadine Flora Gasman Zylberman,&nbsp;<\/strong>actualmente presidenta de&nbsp;<strong>Inmujeres<\/strong>, estar\u00e1 al frente de la Secretar\u00eda de Salud; Ana Francis L\u00f3pez Bayghen Pati\u00f1o en Secretar\u00eda de Cultura,&nbsp;Julia \u00c1lvarez Icaza Ram\u00edrez en Medio Ambiente,&nbsp;In\u00e9s Gonz\u00e1lez Nicol\u00e1s en la Secretar\u00eda de Trabajo y Fomento al Empleo.<\/p>\n\n\n\n<p><strong>Nelly Antonia Ju\u00e1rez Audelo<\/strong>&nbsp;ser\u00e1 la&nbsp;pr\u00f3xima titular de la Secretar\u00eda de Pueblos y Barrios Originarios y Comunidades Ind\u00edgenas Residentes,&nbsp;Manola Zabalza Aldama estar\u00e1 al frente de&nbsp;la Secretar\u00eda de Desarrollo Econ\u00f3mico, Er\u00e9ndira&nbsp;Cruz Villegas Fuentes estar\u00e1 en&nbsp;la Consejer\u00eda Jur\u00eddica y de Servicios Legales,&nbsp;Daptnhe Cuevas Ortiz en la Secretar\u00eda de Mujeres.<\/p>\n\n\n\n<p>Brugada anunci\u00f3 que los hombres que formar\u00e1n parte del&nbsp;<strong>gabinete legal<\/strong>&nbsp;son:&nbsp;Pablo Enrique Yanes Rizo, quien fungir\u00e1 como secretario de Educaci\u00f3n, Ciencia, Tecnolog\u00eda e Innovaci\u00f3n;&nbsp;<strong>Pablo V\u00e1zquez Camacho<\/strong>permanecer\u00e1 al frente de la Secretar\u00eda de Seguridad Ciudadana (SSC),&nbsp;cargo que ocupa desde septiembre de 2023; H\u00e9ctor Ulises Garc\u00eda Nieto estar\u00e1 en la Secretar\u00eda de Movilidad,&nbsp;<strong>Juan Pablo de Bott\u00f3n Falc\u00f3n<\/strong>en la Secretar\u00eda de Administraci\u00f3n y Finanzas, adem\u00e1s,&nbsp;<strong>Ra\u00fal Basulto Luviano&nbsp;<\/strong>ser\u00e1 el secretario de Obras y Servicio.&nbsp;<\/p>\n\n\n\n<p>Las nuevas dependencias que present\u00f3 la pr\u00f3xima jefa de Gobierno son la&nbsp;<strong>Secretar\u00eda de Atenci\u00f3n Ciudadana<\/strong>,&nbsp;Secretar\u00eda de Vivienda de la Ciudad de M\u00e9xico y la Secretar\u00eda del Agua.<\/p>\n\n\n\n<p>Tomas Pliego Calvo ser\u00e1 su titular Secretar\u00eda de Atenci\u00f3n Ciudadana, fue coordinador General del Gabinete de Seguridad y Procuraci\u00f3n de Justicia los dos \u00faltimos sexenios en la capital.<\/p>\n\n\n\n<p><strong>Inti Mu\u00f1oz Santini<\/strong>, actual secretario de Desarrollo Urbano y Vivienda, estar\u00e1 al frente de la Secretar\u00eda de Vivienda de la Ciudad de M\u00e9xico, y&nbsp;Mario Esparza Hern\u00e1ndez en Agua.&nbsp;<\/p>\n\n\n\n<p>Al concluir la presentaci\u00f3n realizada en el anfiteatro Sim\u00f3n Bol\u00edvar del colegio de San Idelfonso, ubicado en el Centro Hist\u00f3rico de la Ciudad de M\u00e9xico, la&nbsp;<strong>pr\u00f3xima jefa de Gobierno&nbsp;<\/strong>asegur\u00f3 que ser\u00e1 un gobierno de tiempo completo.&nbsp;<\/p>\n\n\n\n<p>\u201cVamos a trabajar muy de cerca para lograr que est\u00e9 gabinete sea un gobierno para todos, tenemos una gran responsabilidad que debemos cumplir\u201d.<\/p>\n","protected":false},"excerpt":{"rendered":"<p>Por Redacci\u00f3n QP La pr\u00f3xima jefa de Gobierno de la Ciudad de M\u00e9xico ha recurrido&#8230;<\/p>\n","protected":false},"author":2,"featured_media":112003,"comment_status":"open","ping_status":"open","sticky":false,"template":"","format":"standard","meta":{"_monsterinsights_skip_tracking":false,"_monsterinsights_sitenote_active":false,"_monsterinsights_sitenote_note":"","_monsterinsights_sitenote_category":0,"footnotes":""},"categories":[55],"tags":[],"class_list":["post-112002","post","type-post","status-publish","format-standard","has-post-thumbnail","hentry","category-cdmx"],"yoast_head":"<!-- This site is optimized with the Yoast SEO plugin v27.3 - https:\/\/yoast.com\/product\/yoast-seo-wordpress\/ -->\n<title>Clara Brugada presenta a su gabinete legal en el pr\u00f3ximo Gobierno de la Ciudad de M\u00e9xico -<\/title>\n<meta name=\"robots\" content=\"index, follow, max-snippet:-1, max-image-preview:large, max-video-preview:-1\" \/>\n<link rel=\"canonical\" href=\"https:\/\/quehacerpolitico.mx\/?p=112002\" \/>\n<meta property=\"og:locale\" content=\"es_MX\" \/>\n<meta property=\"og:type\" content=\"article\" \/>\n<meta property=\"og:title\" content=\"Clara Brugada presenta a su gabinete legal en el pr\u00f3ximo Gobierno de la Ciudad de M\u00e9xico -\" \/>\n<meta property=\"og:description\" content=\"Por Redacci\u00f3n QP La pr\u00f3xima jefa de Gobierno de la Ciudad de M\u00e9xico ha recurrido...\" \/>\n<meta property=\"og:url\" content=\"https:\/\/quehacerpolitico.mx\/?p=112002\" \/>\n<meta property=\"article:published_time\" content=\"2024-08-19T19:30:10+00:00\" \/>\n<meta property=\"article:modified_time\" content=\"2024-08-19T19:30:14+00:00\" \/>\n<meta property=\"og:image\" content=\"https:\/\/quehacerpolitico.mx\/wp-content\/uploads\/2024\/08\/IMG_7465.jpeg\" \/>\n\t<meta property=\"og:image:width\" content=\"1284\" \/>\n\t<meta property=\"og:image:height\" content=\"712\" \/>\n\t<meta property=\"og:image:type\" content=\"image\/jpeg\" \/>\n<meta name=\"author\" content=\"Redacci\u00f3n QP\" \/>\n<meta name=\"twitter:card\" content=\"summary_large_image\" \/>\n<meta name=\"twitter:label1\" content=\"Escrito por\" \/>\n\t<meta name=\"twitter:data1\" content=\"Redacci\u00f3n QP\" \/>\n\t<meta name=\"twitter:label2\" content=\"Tiempo de lectura\" \/>\n\t<meta name=\"twitter:data2\" content=\"3 minutos\" \/>\n<script type=\"application\/ld+json\" class=\"yoast-schema-graph\">{\"@context\":\"https:\\\/\\\/schema.org\",\"@graph\":[{\"@type\":\"Article\",\"@id\":\"https:\\\/\\\/quehacerpolitico.mx\\\/?p=112002#article\",\"isPartOf\":{\"@id\":\"https:\\\/\\\/quehacerpolitico.mx\\\/?p=112002\"},\"author\":{\"name\":\"Redacci\u00f3n QP\",\"@id\":\"https:\\\/\\\/quehacerpolitico.mx\\\/#\\\/schema\\\/person\\\/496d8ad2d1d3f8036101dca7ee39e585\"},\"headline\":\"Clara Brugada presenta a su gabinete legal en el pr\u00f3ximo Gobierno de la Ciudad de M\u00e9xico\",\"datePublished\":\"2024-08-19T19:30:10+00:00\",\"dateModified\":\"2024-08-19T19:30:14+00:00\",\"mainEntityOfPage\":{\"@id\":\"https:\\\/\\\/quehacerpolitico.mx\\\/?p=112002\"},\"wordCount\":627,\"commentCount\":0,\"image\":{\"@id\":\"https:\\\/\\\/quehacerpolitico.mx\\\/?p=112002#primaryimage\"},\"thumbnailUrl\":\"https:\\\/\\\/quehacerpolitico.mx\\\/wp-content\\\/uploads\\\/2024\\\/08\\\/IMG_7465.jpeg\",\"articleSection\":[\"CDMX\"],\"inLanguage\":\"es\",\"potentialAction\":[{\"@type\":\"CommentAction\",\"name\":\"Comment\",\"target\":[\"https:\\\/\\\/quehacerpolitico.mx\\\/?p=112002#respond\"]}]},{\"@type\":\"WebPage\",\"@id\":\"https:\\\/\\\/quehacerpolitico.mx\\\/?p=112002\",\"url\":\"https:\\\/\\\/quehacerpolitico.mx\\\/?p=112002\",\"name\":\"Clara Brugada presenta a su gabinete legal en el pr\u00f3ximo Gobierno de la Ciudad de M\u00e9xico -\",\"isPartOf\":{\"@id\":\"https:\\\/\\\/quehacerpolitico.mx\\\/#website\"},\"primaryImageOfPage\":{\"@id\":\"https:\\\/\\\/quehacerpolitico.mx\\\/?p=112002#primaryimage\"},\"image\":{\"@id\":\"https:\\\/\\\/quehacerpolitico.mx\\\/?p=112002#primaryimage\"},\"thumbnailUrl\":\"https:\\\/\\\/quehacerpolitico.mx\\\/wp-content\\\/uploads\\\/2024\\\/08\\\/IMG_7465.jpeg\",\"datePublished\":\"2024-08-19T19:30:10+00:00\",\"dateModified\":\"2024-08-19T19:30:14+00:00\",\"author\":{\"@id\":\"https:\\\/\\\/quehacerpolitico.mx\\\/#\\\/schema\\\/person\\\/496d8ad2d1d3f8036101dca7ee39e585\"},\"breadcrumb\":{\"@id\":\"https:\\\/\\\/quehacerpolitico.mx\\\/?p=112002#breadcrumb\"},\"inLanguage\":\"es\",\"potentialAction\":[{\"@type\":\"ReadAction\",\"target\":[\"https:\\\/\\\/quehacerpolitico.mx\\\/?p=112002\"]}]},{\"@type\":\"ImageObject\",\"inLanguage\":\"es\",\"@id\":\"https:\\\/\\\/quehacerpolitico.mx\\\/?p=112002#primaryimage\",\"url\":\"https:\\\/\\\/quehacerpolitico.mx\\\/wp-content\\\/uploads\\\/2024\\\/08\\\/IMG_7465.jpeg\",\"contentUrl\":\"https:\\\/\\\/quehacerpolitico.mx\\\/wp-content\\\/uploads\\\/2024\\\/08\\\/IMG_7465.jpeg\",\"width\":1284,\"height\":712,\"caption\":\"Screenshot\"},{\"@type\":\"BreadcrumbList\",\"@id\":\"https:\\\/\\\/quehacerpolitico.mx\\\/?p=112002#breadcrumb\",\"itemListElement\":[{\"@type\":\"ListItem\",\"position\":1,\"name\":\"Inicio\",\"item\":\"https:\\\/\\\/quehacerpolitico.mx\\\/\"},{\"@type\":\"ListItem\",\"position\":2,\"name\":\"Clara Brugada presenta a su gabinete legal en el pr\u00f3ximo Gobierno de la Ciudad de M\u00e9xico\"}]},{\"@type\":\"WebSite\",\"@id\":\"https:\\\/\\\/quehacerpolitico.mx\\\/#website\",\"url\":\"https:\\\/\\\/quehacerpolitico.mx\\\/\",\"name\":\"\",\"description\":\"\",\"potentialAction\":[{\"@type\":\"SearchAction\",\"target\":{\"@type\":\"EntryPoint\",\"urlTemplate\":\"https:\\\/\\\/quehacerpolitico.mx\\\/?s={search_term_string}\"},\"query-input\":{\"@type\":\"PropertyValueSpecification\",\"valueRequired\":true,\"valueName\":\"search_term_string\"}}],\"inLanguage\":\"es\"},{\"@type\":\"Person\",\"@id\":\"https:\\\/\\\/quehacerpolitico.mx\\\/#\\\/schema\\\/person\\\/496d8ad2d1d3f8036101dca7ee39e585\",\"name\":\"Redacci\u00f3n QP\",\"image\":{\"@type\":\"ImageObject\",\"inLanguage\":\"es\",\"@id\":\"https:\\\/\\\/secure.gravatar.com\\\/avatar\\\/c7164ed6fdec453195284ad24a5ae5b6e1eed2b848477fa2a4787ba9adf39a41?s=96&d=mm&r=g\",\"url\":\"https:\\\/\\\/secure.gravatar.com\\\/avatar\\\/c7164ed6fdec453195284ad24a5ae5b6e1eed2b848477fa2a4787ba9adf39a41?s=96&d=mm&r=g\",\"contentUrl\":\"https:\\\/\\\/secure.gravatar.com\\\/avatar\\\/c7164ed6fdec453195284ad24a5ae5b6e1eed2b848477fa2a4787ba9adf39a41?s=96&d=mm&r=g\",\"caption\":\"Redacci\u00f3n QP\"},\"url\":\"https:\\\/\\\/quehacerpolitico.mx\\\/?author=2\"}]}<\/script>\n<!-- \/ Yoast SEO plugin. -->","yoast_head_json":{"title":"Clara Brugada presenta a su gabinete legal en el pr\u00f3ximo Gobierno de la Ciudad de M\u00e9xico -","robots":{"index":"index","follow":"follow","max-snippet":"max-snippet:-1","max-image-preview":"max-image-preview:large","max-video-preview":"max-video-preview:-1"},"canonical":"https:\/\/quehacerpolitico.mx\/?p=112002","og_locale":"es_MX","og_type":"article","og_title":"Clara Brugada presenta a su gabinete legal en el pr\u00f3ximo Gobierno de la Ciudad de M\u00e9xico -","og_description":"Por Redacci\u00f3n QP La pr\u00f3xima jefa de Gobierno de la Ciudad de M\u00e9xico ha recurrido...","og_url":"https:\/\/quehacerpolitico.mx\/?p=112002","article_published_time":"2024-08-19T19:30:10+00:00","article_modified_time":"2024-08-19T19:30:14+00:00","og_image":[{"width":1284,"height":712,"url":"https:\/\/quehacerpolitico.mx\/wp-content\/uploads\/2024\/08\/IMG_7465.jpeg","type":"image\/jpeg"}],"author":"Redacci\u00f3n QP","twitter_card":"summary_large_image","twitter_misc":{"Escrito por":"Redacci\u00f3n QP","Tiempo de lectura":"3 minutos"},"schema":{"@context":"https:\/\/schema.org","@graph":[{"@type":"Article","@id":"https:\/\/quehacerpolitico.mx\/?p=112002#article","isPartOf":{"@id":"https:\/\/quehacerpolitico.mx\/?p=112002"},"author":{"name":"Redacci\u00f3n QP","@id":"https:\/\/quehacerpolitico.mx\/#\/schema\/person\/496d8ad2d1d3f8036101dca7ee39e585"},"headline":"Clara Brugada presenta a su gabinete legal en el pr\u00f3ximo Gobierno de la Ciudad de M\u00e9xico","datePublished":"2024-08-19T19:30:10+00:00","dateModified":"2024-08-19T19:30:14+00:00","mainEntityOfPage":{"@id":"https:\/\/quehacerpolitico.mx\/?p=112002"},"wordCount":627,"commentCount":0,"image":{"@id":"https:\/\/quehacerpolitico.mx\/?p=112002#primaryimage"},"thumbnailUrl":"https:\/\/quehacerpolitico.mx\/wp-content\/uploads\/2024\/08\/IMG_7465.jpeg","articleSection":["CDMX"],"inLanguage":"es","potentialAction":[{"@type":"CommentAction","name":"Comment","target":["https:\/\/quehacerpolitico.mx\/?p=112002#respond"]}]},{"@type":"WebPage","@id":"https:\/\/quehacerpolitico.mx\/?p=112002","url":"https:\/\/quehacerpolitico.mx\/?p=112002","name":"Clara Brugada presenta a su gabinete legal en el pr\u00f3ximo Gobierno de la Ciudad de M\u00e9xico -","isPartOf":{"@id":"https:\/\/quehacerpolitico.mx\/#website"},"primaryImageOfPage":{"@id":"https:\/\/quehacerpolitico.mx\/?p=112002#primaryimage"},"image":{"@id":"https:\/\/quehacerpolitico.mx\/?p=112002#primaryimage"},"thumbnailUrl":"https:\/\/quehacerpolitico.mx\/wp-content\/uploads\/2024\/08\/IMG_7465.jpeg","datePublished":"2024-08-19T19:30:10+00:00","dateModified":"2024-08-19T19:30:14+00:00","author":{"@id":"https:\/\/quehacerpolitico.mx\/#\/schema\/person\/496d8ad2d1d3f8036101dca7ee39e585"},"breadcrumb":{"@id":"https:\/\/quehacerpolitico.mx\/?p=112002#breadcrumb"},"inLanguage":"es","potentialAction":[{"@type":"ReadAction","target":["https:\/\/quehacerpolitico.mx\/?p=112002"]}]},{"@type":"ImageObject","inLanguage":"es","@id":"https:\/\/quehacerpolitico.mx\/?p=112002#primaryimage","url":"https:\/\/quehacerpolitico.mx\/wp-content\/uploads\/2024\/08\/IMG_7465.jpeg","contentUrl":"https:\/\/quehacerpolitico.mx\/wp-content\/uploads\/2024\/08\/IMG_7465.jpeg","width":1284,"height":712,"caption":"Screenshot"},{"@type":"BreadcrumbList","@id":"https:\/\/quehacerpolitico.mx\/?p=112002#breadcrumb","itemListElement":[{"@type":"ListItem","position":1,"name":"Inicio","item":"https:\/\/quehacerpolitico.mx\/"},{"@type":"ListItem","position":2,"name":"Clara Brugada presenta a su gabinete legal en el pr\u00f3ximo Gobierno de la Ciudad de M\u00e9xico"}]},{"@type":"WebSite","@id":"https:\/\/quehacerpolitico.mx\/#website","url":"https:\/\/quehacerpolitico.mx\/","name":"","description":"","potentialAction":[{"@type":"SearchAction","target":{"@type":"EntryPoint","urlTemplate":"https:\/\/quehacerpolitico.mx\/?s={search_term_string}"},"query-input":{"@type":"PropertyValueSpecification","valueRequired":true,"valueName":"search_term_string"}}],"inLanguage":"es"},{"@type":"Person","@id":"https:\/\/quehacerpolitico.mx\/#\/schema\/person\/496d8ad2d1d3f8036101dca7ee39e585","name":"Redacci\u00f3n QP","image":{"@type":"ImageObject","inLanguage":"es","@id":"https:\/\/secure.gravatar.com\/avatar\/c7164ed6fdec453195284ad24a5ae5b6e1eed2b848477fa2a4787ba9adf39a41?s=96&d=mm&r=g","url":"https:\/\/secure.gravatar.com\/avatar\/c7164ed6fdec453195284ad24a5ae5b6e1eed2b848477fa2a4787ba9adf39a41?s=96&d=mm&r=g","contentUrl":"https:\/\/secure.gravatar.com\/avatar\/c7164ed6fdec453195284ad24a5ae5b6e1eed2b848477fa2a4787ba9adf39a41?s=96&d=mm&r=g","caption":"Redacci\u00f3n QP"},"url":"https:\/\/quehacerpolitico.mx\/?author=2"}]}},"featured_image_urls":{"full":["https:\/\/quehacerpolitico.mx\/wp-content\/uploads\/2024\/08\/IMG_7465.jpeg",1284,712,false],"thumbnail":["https:\/\/quehacerpolitico.mx\/wp-content\/uploads\/2024\/08\/IMG_7465-150x150.jpeg",150,150,true],"medium":["https:\/\/quehacerpolitico.mx\/wp-content\/uploads\/2024\/08\/IMG_7465-300x166.jpeg",300,166,true],"medium_large":["https:\/\/quehacerpolitico.mx\/wp-content\/uploads\/2024\/08\/IMG_7465-768x426.jpeg",640,355,true],"large":["https:\/\/quehacerpolitico.mx\/wp-content\/uploads\/2024\/08\/IMG_7465-1024x568.jpeg",640,355,true],"1536x1536":["https:\/\/quehacerpolitico.mx\/wp-content\/uploads\/2024\/08\/IMG_7465.jpeg",1284,712,false],"2048x2048":["https:\/\/quehacerpolitico.mx\/wp-content\/uploads\/2024\/08\/IMG_7465.jpeg",1284,712,false],"covernews-featured":["https:\/\/quehacerpolitico.mx\/wp-content\/uploads\/2024\/08\/IMG_7465.jpeg",1024,568,false],"covernews-medium":["https:\/\/quehacerpolitico.mx\/wp-content\/uploads\/2024\/08\/IMG_7465.jpeg",540,299,false]},"author_info":{"display_name":"Redacci\u00f3n QP","author_link":"https:\/\/quehacerpolitico.mx\/?author=2"},"category_info":"<a href=\"https:\/\/quehacerpolitico.mx\/?cat=55\" rel=\"category\">CDMX<\/a>","tag_info":"CDMX","comment_count":"0","_links":{"self":[{"href":"https:\/\/quehacerpolitico.mx\/index.php?rest_route=\/wp\/v2\/posts\/112002","targetHints":{"allow":["GET"]}}],"collection":[{"href":"https:\/\/quehacerpolitico.mx\/index.php?rest_route=\/wp\/v2\/posts"}],"about":[{"href":"https:\/\/quehacerpolitico.mx\/index.php?rest_route=\/wp\/v2\/types\/post"}],"author":[{"embeddable":true,"href":"https:\/\/quehacerpolitico.mx\/index.php?rest_route=\/wp\/v2\/users\/2"}],"replies":[{"embeddable":true,"href":"https:\/\/quehacerpolitico.mx\/index.php?rest_route=%2Fwp%2Fv2%2Fcomments&post=112002"}],"version-history":[{"count":1,"href":"https:\/\/quehacerpolitico.mx\/index.php?rest_route=\/wp\/v2\/posts\/112002\/revisions"}],"predecessor-version":[{"id":112004,"href":"https:\/\/quehacerpolitico.mx\/index.php?rest_route=\/wp\/v2\/posts\/112002\/revisions\/112004"}],"wp:featuredmedia":[{"embeddable":true,"href":"https:\/\/quehacerpolitico.mx\/index.php?rest_route=\/wp\/v2\/media\/112003"}],"wp:attachment":[{"href":"https:\/\/quehacerpolitico.mx\/index.php?rest_route=%2Fwp%2Fv2%2Fmedia&parent=112002"}],"wp:term":[{"taxonomy":"category","embeddable":true,"href":"https:\/\/quehacerpolitico.mx\/index.php?rest_route=%2Fwp%2Fv2%2Fcategories&post=112002"},{"taxonomy":"post_tag","embeddable":true,"href":"https:\/\/quehacerpolitico.mx\/index.php?rest_route=%2Fwp%2Fv2%2Ftags&post=112002"}],"curies":[{"name":"wp","href":"https:\/\/api.w.org\/{rel}","templated":true}]}}