{"id":111995,"date":"2024-08-19T14:58:03","date_gmt":"2024-08-19T14:58:03","guid":{"rendered":"https:\/\/quehacerpolitico.mx\/?p=111995"},"modified":"2024-08-19T14:58:06","modified_gmt":"2024-08-19T14:58:06","slug":"el-quehacer-politico-en-las-finanzas-desentranando-los-movimientos-del-mercado-a-traves-pedro-tiburcio-aprovechaste-este-ajuste-de-los-mercados-financieros","status":"publish","type":"post","link":"https:\/\/quehacerpolitico.mx\/?p=111995","title":{"rendered":"El Quehacer Pol\u00edtico en las finanzas desentra\u00f1ando los movimientos del mercado a trav\u00e9s\/\/\/Pedro Tiburcio\/\/\/\u00bfAprovechaste Este Ajuste de los Mercados Financieros?"},"content":{"rendered":"\n<p>Por Pedro Tiburcio<\/p>\n\n\n\n<p>Analista Financiero <\/p>\n\n\n\n<p>Arrancamos la semana 34 del a\u00f1o, dejando atr\u00e1s el ajuste del mercado que comentamos en&nbsp;<a href=\"https:\/\/quehacerpolitico.mx\/?p=111619&amp;fbclid=IwY2xjawEvqIpleHRuA2FlbQIxMQABHdNyrYX6cnQogfYaNBn5apZg_DLBZey4TSMRmCsLOWUutj0TnQiA5jTe7w_aem_Zt_O16nF5nKppgMqziPxBw\">la semana 31<\/a>. \u00bfRecuerdas?&nbsp;<\/p>\n\n\n\n<p>Este periodo ofreci\u00f3 precios atractivos en importantes acciones. Por ejemplo,&nbsp;<strong>McDonald&#8217;s&nbsp;<\/strong><strong>Corporation<\/strong>&nbsp;ha rendido un 8.42% en d\u00f3lares;&nbsp;<strong>Microsoft&nbsp;<\/strong><strong>Corporation<\/strong>alcanz\u00f3 el objetivo estimado a la baja en la zona de 390 USD y desde ese nivel se ha recuperado un 7.41%.&nbsp;<strong>Meta&nbsp;<\/strong><strong>Platforms<\/strong>, Inc.&nbsp;se mantiene firme cerca de sus m\u00e1ximos hist\u00f3ricos, mientras que&nbsp;<strong>Amazon.com, Inc.<\/strong>&nbsp;extendi\u00f3 su ca\u00edda m\u00e1s all\u00e1 de lo previsto, pero finalmente tambi\u00e9n ha presentado una excelente oportunidad de compra, como se observa en el siguiente gr\u00e1fico.<\/p>\n\n\n\n<figure class=\"wp-block-image size-full\"><img loading=\"lazy\" decoding=\"async\" width=\"912\" height=\"513\" src=\"https:\/\/quehacerpolitico.mx\/wp-content\/uploads\/2024\/08\/image-37.jpeg\" alt=\"\" class=\"wp-image-111999\" srcset=\"https:\/\/quehacerpolitico.mx\/wp-content\/uploads\/2024\/08\/image-37.jpeg 912w, https:\/\/quehacerpolitico.mx\/wp-content\/uploads\/2024\/08\/image-37-300x169.jpeg 300w, https:\/\/quehacerpolitico.mx\/wp-content\/uploads\/2024\/08\/image-37-768x432.jpeg 768w, https:\/\/quehacerpolitico.mx\/wp-content\/uploads\/2024\/08\/image-37-260x146.jpeg 260w, https:\/\/quehacerpolitico.mx\/wp-content\/uploads\/2024\/08\/image-37-50x28.jpeg 50w, https:\/\/quehacerpolitico.mx\/wp-content\/uploads\/2024\/08\/image-37-133x75.jpeg 133w\" sizes=\"auto, (max-width: 912px) 100vw, 912px\" \/><figcaption class=\"wp-element-caption\">Screenshot<\/figcaption><\/figure>\n\n\n\n<p><a href=\"https:\/\/www.tradingview.com\/x\/vhBKTZ2G\">https:\/\/www.tradingview.com\/x\/vhBKTZ2G<\/a><\/p>\n\n\n\n<p>La semana pasada fue clave en t\u00e9rminos de datos econ\u00f3micos, y en general, los resultados fueron alentadores para que la Reserva Federal (FED) finalmente considere iniciar un ciclo de reducci\u00f3n en su tasa de referencia, siguiendo la tendencia de otros bancos centrales. La expectativa es que este movimiento comience en la reuni\u00f3n de septiembre o diciembre, aunque personalmente, considero que ser\u00e1 en diciembre.<\/p>\n\n\n\n<figure class=\"wp-block-image size-full\"><img loading=\"lazy\" decoding=\"async\" width=\"912\" height=\"384\" src=\"https:\/\/quehacerpolitico.mx\/wp-content\/uploads\/2024\/08\/image-36.jpeg\" alt=\"\" class=\"wp-image-111998\" srcset=\"https:\/\/quehacerpolitico.mx\/wp-content\/uploads\/2024\/08\/image-36.jpeg 912w, https:\/\/quehacerpolitico.mx\/wp-content\/uploads\/2024\/08\/image-36-300x126.jpeg 300w, https:\/\/quehacerpolitico.mx\/wp-content\/uploads\/2024\/08\/image-36-768x323.jpeg 768w, https:\/\/quehacerpolitico.mx\/wp-content\/uploads\/2024\/08\/image-36-260x109.jpeg 260w, https:\/\/quehacerpolitico.mx\/wp-content\/uploads\/2024\/08\/image-36-50x21.jpeg 50w, https:\/\/quehacerpolitico.mx\/wp-content\/uploads\/2024\/08\/image-36-150x63.jpeg 150w\" sizes=\"auto, (max-width: 912px) 100vw, 912px\" \/><figcaption class=\"wp-element-caption\">Screenshot<\/figcaption><\/figure>\n\n\n\n<p>Por otro lado, los \u00edndices americanos, especialmente el Nasdaq y el S&amp;P 500, tambi\u00e9n mostraron un repunte significativo, con la semana pasada destac\u00e1ndose como la mejor del a\u00f1o, como puedes ver en el siguiente gr\u00e1fico.<\/p>\n\n\n\n<figure class=\"wp-block-image size-full\"><img loading=\"lazy\" decoding=\"async\" width=\"917\" height=\"527\" src=\"https:\/\/quehacerpolitico.mx\/wp-content\/uploads\/2024\/08\/image-35.jpeg\" alt=\"\" class=\"wp-image-111997\" srcset=\"https:\/\/quehacerpolitico.mx\/wp-content\/uploads\/2024\/08\/image-35.jpeg 917w, https:\/\/quehacerpolitico.mx\/wp-content\/uploads\/2024\/08\/image-35-300x172.jpeg 300w, https:\/\/quehacerpolitico.mx\/wp-content\/uploads\/2024\/08\/image-35-768x441.jpeg 768w, https:\/\/quehacerpolitico.mx\/wp-content\/uploads\/2024\/08\/image-35-254x146.jpeg 254w, https:\/\/quehacerpolitico.mx\/wp-content\/uploads\/2024\/08\/image-35-50x29.jpeg 50w, https:\/\/quehacerpolitico.mx\/wp-content\/uploads\/2024\/08\/image-35-131x75.jpeg 131w\" sizes=\"auto, (max-width: 917px) 100vw, 917px\" \/><figcaption class=\"wp-element-caption\">Screenshot<\/figcaption><\/figure>\n\n\n\n<p><a href=\"https:\/\/www.tradingview.com\/x\/gxAtV3YD\">https:\/\/www.tradingview.com\/x\/gxAtV3YD<\/a><\/p>\n\n\n\n<p>Para esta semana, nuestra atenci\u00f3n se centrar\u00e1 en las minutas de la FED y, m\u00e1s importante a\u00fan, en el discurso del presidente de la Fed el viernes.&nbsp;Estos eventos siempre generan&nbsp;volatilidad en los mercados, veamos si ser\u00e1 suficiente para hacer un nuevo m\u00e1ximo hist\u00f3rico o se presentar\u00e1 una nueva oportunidad de compra.<\/p>\n\n\n\n<figure class=\"wp-block-image size-full\"><img loading=\"lazy\" decoding=\"async\" width=\"925\" height=\"205\" src=\"https:\/\/quehacerpolitico.mx\/wp-content\/uploads\/2024\/08\/image-34.jpeg\" alt=\"\" class=\"wp-image-111996\" srcset=\"https:\/\/quehacerpolitico.mx\/wp-content\/uploads\/2024\/08\/image-34.jpeg 925w, https:\/\/quehacerpolitico.mx\/wp-content\/uploads\/2024\/08\/image-34-300x66.jpeg 300w, https:\/\/quehacerpolitico.mx\/wp-content\/uploads\/2024\/08\/image-34-768x170.jpeg 768w, https:\/\/quehacerpolitico.mx\/wp-content\/uploads\/2024\/08\/image-34-260x58.jpeg 260w, https:\/\/quehacerpolitico.mx\/wp-content\/uploads\/2024\/08\/image-34-50x11.jpeg 50w, https:\/\/quehacerpolitico.mx\/wp-content\/uploads\/2024\/08\/image-34-150x33.jpeg 150w\" sizes=\"auto, (max-width: 925px) 100vw, 925px\" \/><figcaption class=\"wp-element-caption\">Screenshot<\/figcaption><\/figure>\n\n\n\n<p>Mantente atento a la pr\u00f3xima columna para seguir analizando estas tendencias.<\/p>\n\n\n\n<p>Te invito a que me sigas en Twitter&nbsp;<a href=\"https:\/\/x.com\/ptiburon\">@ptiburon<\/a>&nbsp;y te unas a mi canal de WhatsApp&nbsp;<a href=\"https:\/\/bit.ly\/460YKlM\">Trading sin L\u00edmites<\/a>&nbsp;para estar al tanto de una manera m\u00e1s puntual y recibir actualizaciones clave sobre los mercados financieros de mayor inter\u00e9s.<\/p>\n\n\n\n<p>Que tengas una excelente semana de trading y recuerda:&nbsp;<\/p>\n\n\n\n<p>\u00a1nos vemos en los mercados! Hasta la pr\u00f3xima.<\/p>\n\n\n\n<p>As\u00ed el Quehacer Pol\u00edtico en los mercados financieros a trav\u00e9s del an\u00e1lisis t\u00e9cnico con Pedro Tiburcio, desentra\u00f1ando los movimientos del mercado, 44 a\u00f1os inquiriendo en la pol\u00edtica de M\u00e9xico, cuestionando, exponiendo, revelando y razonando.Es cuanto.<\/p>\n\n\n\n<p>Gr\u00e1ficas cortes\u00eda de&nbsp;<a href=\"https:\/\/www.tradingview.com\/?aff_id=17896\">TradingView<\/a>.<\/p>\n\n\n\n<p>Pedro Tiburcio<\/p>\n\n\n\n<p>Analista de Elliott Wave M\u00e9xico<\/p>\n","protected":false},"excerpt":{"rendered":"<p>Por Pedro Tiburcio Analista Financiero Arrancamos la semana 34 del a\u00f1o, dejando atr\u00e1s el ajuste&#8230;<\/p>\n","protected":false},"author":2,"featured_media":112000,"comment_status":"open","ping_status":"open","sticky":false,"template":"","format":"standard","meta":{"_monsterinsights_skip_tracking":false,"_monsterinsights_sitenote_active":false,"_monsterinsights_sitenote_note":"","_monsterinsights_sitenote_category":0,"footnotes":""},"categories":[56],"tags":[],"class_list":["post-111995","post","type-post","status-publish","format-standard","has-post-thumbnail","hentry","category-economia"],"yoast_head":"<!-- This site is optimized with the Yoast SEO plugin v27.3 - https:\/\/yoast.com\/product\/yoast-seo-wordpress\/ -->\n<title>El Quehacer Pol\u00edtico en las finanzas desentra\u00f1ando los movimientos del mercado a trav\u00e9s\/\/\/Pedro Tiburcio\/\/\/\u00bfAprovechaste Este Ajuste de los Mercados Financieros? -<\/title>\n<meta name=\"robots\" content=\"index, follow, max-snippet:-1, max-image-preview:large, max-video-preview:-1\" \/>\n<link rel=\"canonical\" href=\"https:\/\/quehacerpolitico.mx\/?p=111995\" \/>\n<meta property=\"og:locale\" content=\"es_MX\" \/>\n<meta property=\"og:type\" content=\"article\" \/>\n<meta property=\"og:title\" content=\"El Quehacer Pol\u00edtico en las finanzas desentra\u00f1ando los movimientos del mercado a trav\u00e9s\/\/\/Pedro Tiburcio\/\/\/\u00bfAprovechaste Este Ajuste de los Mercados Financieros? -\" \/>\n<meta property=\"og:description\" content=\"Por Pedro Tiburcio Analista Financiero Arrancamos la semana 34 del a\u00f1o, dejando atr\u00e1s el ajuste...\" \/>\n<meta property=\"og:url\" content=\"https:\/\/quehacerpolitico.mx\/?p=111995\" \/>\n<meta property=\"article:published_time\" content=\"2024-08-19T14:58:03+00:00\" \/>\n<meta property=\"article:modified_time\" content=\"2024-08-19T14:58:06+00:00\" \/>\n<meta property=\"og:image\" content=\"https:\/\/quehacerpolitico.mx\/wp-content\/uploads\/2024\/08\/31805cf3-46d8-4ee8-940e-a4ac66b7fd01-2.jpeg\" \/>\n\t<meta property=\"og:image:width\" content=\"963\" \/>\n\t<meta property=\"og:image:height\" content=\"493\" \/>\n\t<meta property=\"og:image:type\" content=\"image\/jpeg\" \/>\n<meta name=\"author\" content=\"Redacci\u00f3n QP\" \/>\n<meta name=\"twitter:card\" content=\"summary_large_image\" \/>\n<meta name=\"twitter:label1\" content=\"Escrito por\" \/>\n\t<meta name=\"twitter:data1\" content=\"Redacci\u00f3n QP\" \/>\n\t<meta name=\"twitter:label2\" content=\"Tiempo de lectura\" \/>\n\t<meta name=\"twitter:data2\" content=\"2 minutos\" \/>\n<script type=\"application\/ld+json\" class=\"yoast-schema-graph\">{\"@context\":\"https:\\\/\\\/schema.org\",\"@graph\":[{\"@type\":\"Article\",\"@id\":\"https:\\\/\\\/quehacerpolitico.mx\\\/?p=111995#article\",\"isPartOf\":{\"@id\":\"https:\\\/\\\/quehacerpolitico.mx\\\/?p=111995\"},\"author\":{\"name\":\"Redacci\u00f3n QP\",\"@id\":\"https:\\\/\\\/quehacerpolitico.mx\\\/#\\\/schema\\\/person\\\/496d8ad2d1d3f8036101dca7ee39e585\"},\"headline\":\"El Quehacer Pol\u00edtico en las finanzas desentra\u00f1ando los movimientos del mercado a trav\u00e9s\\\/\\\/\\\/Pedro Tiburcio\\\/\\\/\\\/\u00bfAprovechaste Este Ajuste de los Mercados Financieros?\",\"datePublished\":\"2024-08-19T14:58:03+00:00\",\"dateModified\":\"2024-08-19T14:58:06+00:00\",\"mainEntityOfPage\":{\"@id\":\"https:\\\/\\\/quehacerpolitico.mx\\\/?p=111995\"},\"wordCount\":469,\"commentCount\":0,\"image\":{\"@id\":\"https:\\\/\\\/quehacerpolitico.mx\\\/?p=111995#primaryimage\"},\"thumbnailUrl\":\"https:\\\/\\\/quehacerpolitico.mx\\\/wp-content\\\/uploads\\\/2024\\\/08\\\/31805cf3-46d8-4ee8-940e-a4ac66b7fd01-2.jpeg\",\"articleSection\":[\"Econom\u00eda\"],\"inLanguage\":\"es\",\"potentialAction\":[{\"@type\":\"CommentAction\",\"name\":\"Comment\",\"target\":[\"https:\\\/\\\/quehacerpolitico.mx\\\/?p=111995#respond\"]}]},{\"@type\":\"WebPage\",\"@id\":\"https:\\\/\\\/quehacerpolitico.mx\\\/?p=111995\",\"url\":\"https:\\\/\\\/quehacerpolitico.mx\\\/?p=111995\",\"name\":\"El Quehacer Pol\u00edtico en las finanzas desentra\u00f1ando los movimientos del mercado a trav\u00e9s\\\/\\\/\\\/Pedro Tiburcio\\\/\\\/\\\/\u00bfAprovechaste Este Ajuste de los Mercados Financieros? -\",\"isPartOf\":{\"@id\":\"https:\\\/\\\/quehacerpolitico.mx\\\/#website\"},\"primaryImageOfPage\":{\"@id\":\"https:\\\/\\\/quehacerpolitico.mx\\\/?p=111995#primaryimage\"},\"image\":{\"@id\":\"https:\\\/\\\/quehacerpolitico.mx\\\/?p=111995#primaryimage\"},\"thumbnailUrl\":\"https:\\\/\\\/quehacerpolitico.mx\\\/wp-content\\\/uploads\\\/2024\\\/08\\\/31805cf3-46d8-4ee8-940e-a4ac66b7fd01-2.jpeg\",\"datePublished\":\"2024-08-19T14:58:03+00:00\",\"dateModified\":\"2024-08-19T14:58:06+00:00\",\"author\":{\"@id\":\"https:\\\/\\\/quehacerpolitico.mx\\\/#\\\/schema\\\/person\\\/496d8ad2d1d3f8036101dca7ee39e585\"},\"breadcrumb\":{\"@id\":\"https:\\\/\\\/quehacerpolitico.mx\\\/?p=111995#breadcrumb\"},\"inLanguage\":\"es\",\"potentialAction\":[{\"@type\":\"ReadAction\",\"target\":[\"https:\\\/\\\/quehacerpolitico.mx\\\/?p=111995\"]}]},{\"@type\":\"ImageObject\",\"inLanguage\":\"es\",\"@id\":\"https:\\\/\\\/quehacerpolitico.mx\\\/?p=111995#primaryimage\",\"url\":\"https:\\\/\\\/quehacerpolitico.mx\\\/wp-content\\\/uploads\\\/2024\\\/08\\\/31805cf3-46d8-4ee8-940e-a4ac66b7fd01-2.jpeg\",\"contentUrl\":\"https:\\\/\\\/quehacerpolitico.mx\\\/wp-content\\\/uploads\\\/2024\\\/08\\\/31805cf3-46d8-4ee8-940e-a4ac66b7fd01-2.jpeg\",\"width\":963,\"height\":493},{\"@type\":\"BreadcrumbList\",\"@id\":\"https:\\\/\\\/quehacerpolitico.mx\\\/?p=111995#breadcrumb\",\"itemListElement\":[{\"@type\":\"ListItem\",\"position\":1,\"name\":\"Inicio\",\"item\":\"https:\\\/\\\/quehacerpolitico.mx\\\/\"},{\"@type\":\"ListItem\",\"position\":2,\"name\":\"El Quehacer Pol\u00edtico en las finanzas desentra\u00f1ando los movimientos del mercado a trav\u00e9s\\\/\\\/\\\/Pedro Tiburcio\\\/\\\/\\\/\u00bfAprovechaste Este Ajuste de los Mercados Financieros?\"}]},{\"@type\":\"WebSite\",\"@id\":\"https:\\\/\\\/quehacerpolitico.mx\\\/#website\",\"url\":\"https:\\\/\\\/quehacerpolitico.mx\\\/\",\"name\":\"\",\"description\":\"\",\"potentialAction\":[{\"@type\":\"SearchAction\",\"target\":{\"@type\":\"EntryPoint\",\"urlTemplate\":\"https:\\\/\\\/quehacerpolitico.mx\\\/?s={search_term_string}\"},\"query-input\":{\"@type\":\"PropertyValueSpecification\",\"valueRequired\":true,\"valueName\":\"search_term_string\"}}],\"inLanguage\":\"es\"},{\"@type\":\"Person\",\"@id\":\"https:\\\/\\\/quehacerpolitico.mx\\\/#\\\/schema\\\/person\\\/496d8ad2d1d3f8036101dca7ee39e585\",\"name\":\"Redacci\u00f3n QP\",\"image\":{\"@type\":\"ImageObject\",\"inLanguage\":\"es\",\"@id\":\"https:\\\/\\\/secure.gravatar.com\\\/avatar\\\/c7164ed6fdec453195284ad24a5ae5b6e1eed2b848477fa2a4787ba9adf39a41?s=96&d=mm&r=g\",\"url\":\"https:\\\/\\\/secure.gravatar.com\\\/avatar\\\/c7164ed6fdec453195284ad24a5ae5b6e1eed2b848477fa2a4787ba9adf39a41?s=96&d=mm&r=g\",\"contentUrl\":\"https:\\\/\\\/secure.gravatar.com\\\/avatar\\\/c7164ed6fdec453195284ad24a5ae5b6e1eed2b848477fa2a4787ba9adf39a41?s=96&d=mm&r=g\",\"caption\":\"Redacci\u00f3n QP\"},\"url\":\"https:\\\/\\\/quehacerpolitico.mx\\\/?author=2\"}]}<\/script>\n<!-- \/ Yoast SEO plugin. -->","yoast_head_json":{"title":"El Quehacer Pol\u00edtico en las finanzas desentra\u00f1ando los movimientos del mercado a trav\u00e9s\/\/\/Pedro Tiburcio\/\/\/\u00bfAprovechaste Este Ajuste de los Mercados Financieros? -","robots":{"index":"index","follow":"follow","max-snippet":"max-snippet:-1","max-image-preview":"max-image-preview:large","max-video-preview":"max-video-preview:-1"},"canonical":"https:\/\/quehacerpolitico.mx\/?p=111995","og_locale":"es_MX","og_type":"article","og_title":"El Quehacer Pol\u00edtico en las finanzas desentra\u00f1ando los movimientos del mercado a trav\u00e9s\/\/\/Pedro Tiburcio\/\/\/\u00bfAprovechaste Este Ajuste de los Mercados Financieros? -","og_description":"Por Pedro Tiburcio Analista Financiero Arrancamos la semana 34 del a\u00f1o, dejando atr\u00e1s el ajuste...","og_url":"https:\/\/quehacerpolitico.mx\/?p=111995","article_published_time":"2024-08-19T14:58:03+00:00","article_modified_time":"2024-08-19T14:58:06+00:00","og_image":[{"width":963,"height":493,"url":"https:\/\/quehacerpolitico.mx\/wp-content\/uploads\/2024\/08\/31805cf3-46d8-4ee8-940e-a4ac66b7fd01-2.jpeg","type":"image\/jpeg"}],"author":"Redacci\u00f3n QP","twitter_card":"summary_large_image","twitter_misc":{"Escrito por":"Redacci\u00f3n QP","Tiempo de lectura":"2 minutos"},"schema":{"@context":"https:\/\/schema.org","@graph":[{"@type":"Article","@id":"https:\/\/quehacerpolitico.mx\/?p=111995#article","isPartOf":{"@id":"https:\/\/quehacerpolitico.mx\/?p=111995"},"author":{"name":"Redacci\u00f3n QP","@id":"https:\/\/quehacerpolitico.mx\/#\/schema\/person\/496d8ad2d1d3f8036101dca7ee39e585"},"headline":"El Quehacer Pol\u00edtico en las finanzas desentra\u00f1ando los movimientos del mercado a trav\u00e9s\/\/\/Pedro Tiburcio\/\/\/\u00bfAprovechaste Este Ajuste de los Mercados Financieros?","datePublished":"2024-08-19T14:58:03+00:00","dateModified":"2024-08-19T14:58:06+00:00","mainEntityOfPage":{"@id":"https:\/\/quehacerpolitico.mx\/?p=111995"},"wordCount":469,"commentCount":0,"image":{"@id":"https:\/\/quehacerpolitico.mx\/?p=111995#primaryimage"},"thumbnailUrl":"https:\/\/quehacerpolitico.mx\/wp-content\/uploads\/2024\/08\/31805cf3-46d8-4ee8-940e-a4ac66b7fd01-2.jpeg","articleSection":["Econom\u00eda"],"inLanguage":"es","potentialAction":[{"@type":"CommentAction","name":"Comment","target":["https:\/\/quehacerpolitico.mx\/?p=111995#respond"]}]},{"@type":"WebPage","@id":"https:\/\/quehacerpolitico.mx\/?p=111995","url":"https:\/\/quehacerpolitico.mx\/?p=111995","name":"El Quehacer Pol\u00edtico en las finanzas desentra\u00f1ando los movimientos del mercado a trav\u00e9s\/\/\/Pedro Tiburcio\/\/\/\u00bfAprovechaste Este Ajuste de los Mercados Financieros? -","isPartOf":{"@id":"https:\/\/quehacerpolitico.mx\/#website"},"primaryImageOfPage":{"@id":"https:\/\/quehacerpolitico.mx\/?p=111995#primaryimage"},"image":{"@id":"https:\/\/quehacerpolitico.mx\/?p=111995#primaryimage"},"thumbnailUrl":"https:\/\/quehacerpolitico.mx\/wp-content\/uploads\/2024\/08\/31805cf3-46d8-4ee8-940e-a4ac66b7fd01-2.jpeg","datePublished":"2024-08-19T14:58:03+00:00","dateModified":"2024-08-19T14:58:06+00:00","author":{"@id":"https:\/\/quehacerpolitico.mx\/#\/schema\/person\/496d8ad2d1d3f8036101dca7ee39e585"},"breadcrumb":{"@id":"https:\/\/quehacerpolitico.mx\/?p=111995#breadcrumb"},"inLanguage":"es","potentialAction":[{"@type":"ReadAction","target":["https:\/\/quehacerpolitico.mx\/?p=111995"]}]},{"@type":"ImageObject","inLanguage":"es","@id":"https:\/\/quehacerpolitico.mx\/?p=111995#primaryimage","url":"https:\/\/quehacerpolitico.mx\/wp-content\/uploads\/2024\/08\/31805cf3-46d8-4ee8-940e-a4ac66b7fd01-2.jpeg","contentUrl":"https:\/\/quehacerpolitico.mx\/wp-content\/uploads\/2024\/08\/31805cf3-46d8-4ee8-940e-a4ac66b7fd01-2.jpeg","width":963,"height":493},{"@type":"BreadcrumbList","@id":"https:\/\/quehacerpolitico.mx\/?p=111995#breadcrumb","itemListElement":[{"@type":"ListItem","position":1,"name":"Inicio","item":"https:\/\/quehacerpolitico.mx\/"},{"@type":"ListItem","position":2,"name":"El Quehacer Pol\u00edtico en las finanzas desentra\u00f1ando los movimientos del mercado a trav\u00e9s\/\/\/Pedro Tiburcio\/\/\/\u00bfAprovechaste Este Ajuste de los Mercados Financieros?"}]},{"@type":"WebSite","@id":"https:\/\/quehacerpolitico.mx\/#website","url":"https:\/\/quehacerpolitico.mx\/","name":"","description":"","potentialAction":[{"@type":"SearchAction","target":{"@type":"EntryPoint","urlTemplate":"https:\/\/quehacerpolitico.mx\/?s={search_term_string}"},"query-input":{"@type":"PropertyValueSpecification","valueRequired":true,"valueName":"search_term_string"}}],"inLanguage":"es"},{"@type":"Person","@id":"https:\/\/quehacerpolitico.mx\/#\/schema\/person\/496d8ad2d1d3f8036101dca7ee39e585","name":"Redacci\u00f3n QP","image":{"@type":"ImageObject","inLanguage":"es","@id":"https:\/\/secure.gravatar.com\/avatar\/c7164ed6fdec453195284ad24a5ae5b6e1eed2b848477fa2a4787ba9adf39a41?s=96&d=mm&r=g","url":"https:\/\/secure.gravatar.com\/avatar\/c7164ed6fdec453195284ad24a5ae5b6e1eed2b848477fa2a4787ba9adf39a41?s=96&d=mm&r=g","contentUrl":"https:\/\/secure.gravatar.com\/avatar\/c7164ed6fdec453195284ad24a5ae5b6e1eed2b848477fa2a4787ba9adf39a41?s=96&d=mm&r=g","caption":"Redacci\u00f3n QP"},"url":"https:\/\/quehacerpolitico.mx\/?author=2"}]}},"featured_image_urls":{"full":["https:\/\/quehacerpolitico.mx\/wp-content\/uploads\/2024\/08\/31805cf3-46d8-4ee8-940e-a4ac66b7fd01-2.jpeg",963,493,false],"thumbnail":["https:\/\/quehacerpolitico.mx\/wp-content\/uploads\/2024\/08\/31805cf3-46d8-4ee8-940e-a4ac66b7fd01-2-150x150.jpeg",150,150,true],"medium":["https:\/\/quehacerpolitico.mx\/wp-content\/uploads\/2024\/08\/31805cf3-46d8-4ee8-940e-a4ac66b7fd01-2-300x154.jpeg",300,154,true],"medium_large":["https:\/\/quehacerpolitico.mx\/wp-content\/uploads\/2024\/08\/31805cf3-46d8-4ee8-940e-a4ac66b7fd01-2-768x393.jpeg",640,328,true],"large":["https:\/\/quehacerpolitico.mx\/wp-content\/uploads\/2024\/08\/31805cf3-46d8-4ee8-940e-a4ac66b7fd01-2.jpeg",640,328,false],"1536x1536":["https:\/\/quehacerpolitico.mx\/wp-content\/uploads\/2024\/08\/31805cf3-46d8-4ee8-940e-a4ac66b7fd01-2.jpeg",963,493,false],"2048x2048":["https:\/\/quehacerpolitico.mx\/wp-content\/uploads\/2024\/08\/31805cf3-46d8-4ee8-940e-a4ac66b7fd01-2.jpeg",963,493,false],"covernews-featured":["https:\/\/quehacerpolitico.mx\/wp-content\/uploads\/2024\/08\/31805cf3-46d8-4ee8-940e-a4ac66b7fd01-2.jpeg",963,493,false],"covernews-medium":["https:\/\/quehacerpolitico.mx\/wp-content\/uploads\/2024\/08\/31805cf3-46d8-4ee8-940e-a4ac66b7fd01-2.jpeg",540,276,false]},"author_info":{"display_name":"Redacci\u00f3n QP","author_link":"https:\/\/quehacerpolitico.mx\/?author=2"},"category_info":"<a href=\"https:\/\/quehacerpolitico.mx\/?cat=56\" rel=\"category\">Econom\u00eda<\/a>","tag_info":"Econom\u00eda","comment_count":"0","_links":{"self":[{"href":"https:\/\/quehacerpolitico.mx\/index.php?rest_route=\/wp\/v2\/posts\/111995","targetHints":{"allow":["GET"]}}],"collection":[{"href":"https:\/\/quehacerpolitico.mx\/index.php?rest_route=\/wp\/v2\/posts"}],"about":[{"href":"https:\/\/quehacerpolitico.mx\/index.php?rest_route=\/wp\/v2\/types\/post"}],"author":[{"embeddable":true,"href":"https:\/\/quehacerpolitico.mx\/index.php?rest_route=\/wp\/v2\/users\/2"}],"replies":[{"embeddable":true,"href":"https:\/\/quehacerpolitico.mx\/index.php?rest_route=%2Fwp%2Fv2%2Fcomments&post=111995"}],"version-history":[{"count":1,"href":"https:\/\/quehacerpolitico.mx\/index.php?rest_route=\/wp\/v2\/posts\/111995\/revisions"}],"predecessor-version":[{"id":112001,"href":"https:\/\/quehacerpolitico.mx\/index.php?rest_route=\/wp\/v2\/posts\/111995\/revisions\/112001"}],"wp:featuredmedia":[{"embeddable":true,"href":"https:\/\/quehacerpolitico.mx\/index.php?rest_route=\/wp\/v2\/media\/112000"}],"wp:attachment":[{"href":"https:\/\/quehacerpolitico.mx\/index.php?rest_route=%2Fwp%2Fv2%2Fmedia&parent=111995"}],"wp:term":[{"taxonomy":"category","embeddable":true,"href":"https:\/\/quehacerpolitico.mx\/index.php?rest_route=%2Fwp%2Fv2%2Fcategories&post=111995"},{"taxonomy":"post_tag","embeddable":true,"href":"https:\/\/quehacerpolitico.mx\/index.php?rest_route=%2Fwp%2Fv2%2Ftags&post=111995"}],"curies":[{"name":"wp","href":"https:\/\/api.w.org\/{rel}","templated":true}]}}