{"id":111992,"date":"2024-08-19T14:36:03","date_gmt":"2024-08-19T14:36:03","guid":{"rendered":"https:\/\/quehacerpolitico.mx\/?p=111992"},"modified":"2024-08-19T14:36:07","modified_gmt":"2024-08-19T14:36:07","slug":"el-quehacer-politico-a-traves-jose-alberto-prado-angeles-a-mi-no-me-vengan-con-ese-cuento-de-que-la-ley-es-la-ley","status":"publish","type":"post","link":"https:\/\/quehacerpolitico.mx\/?p=111992","title":{"rendered":"El Quehacer Pol\u00edtico a trav\u00e9s\/\/\/Jose Alberto Prado \u00c1ngeles\/\/\/\u201cA mi no me vengan con ese cuento de que la ley es la ley\u201d"},"content":{"rendered":"\n<p>Por Jos\u00e9 Alberto Prado Angeles<\/p>\n\n\n\n<p>Director General y Editor<\/p>\n\n\n\n<p>En el proceso de enviarle una carta que L\u00f3pez Obrador enviar\u00e1 a su hom\u00f3logo Joe Biden, as\u00ed como la nota diplom\u00e1tica que la Canciller\u00eda redactar\u00e1 al Departamento de Estado norteamericano para reclamar el \u201cinjerencismo\u201d de Estados Unidos en las pasadas elecciones presidenciales, el inquilino de Palacio vuelve a \u201cpasarse por el arco del triunfo\u201d las leyes mexicanas, ratificando su frase -ya hist\u00f3rica- \u201ca mi no me vengan con ese cuento de que la ley es la ley\u201d.<\/p>\n\n\n\n<p>En el reclamo airado de AMLO al gobierno estadounidense de contribuir con organizaciones civiles, como Mexicanos Contra la Corrupci\u00f3n y la Impunidad (MCCI), durante la ma\u00f1ana del mi\u00e9rcoles el presidente L\u00f3pez Obrador le dio voz a Pablo G\u00f3mez, titular de la Unidad de Inteligencia Financiera (UIF) de la Secretar\u00eda de Hacienda y Cr\u00e9dito P\u00fablico, para hacer p\u00fablicas algunas transferencias que se han hecho, as\u00ed como dando a conocer los nombres de los apoderados, de decenas de personas y empresas particulares que han aportado de manera particular a esa causa. La ley es muy clara es lo que se refiere a difundir informaci\u00f3n personal, como lo se\u00f1ala la Ley Federal de Protecci\u00f3n de Datos Personales de los Particulares, que es un art\u00edculo 1 indica que la legislaci\u00f3n \u201ctiene por objeto la protecci\u00f3n de los datos personales en posesi\u00f3n de particulares, con la finalidad de regular su leg\u00edtimo, controlado e informado, a efecto de garantizar la privacidad de los contribuyentes y el derecho a la autodeterminaci\u00f3n informativa de las personas\u201d. Mientras que el art\u00edculo 69 del C\u00f3digo Federal Fiscal, habla de que se \u201cestar\u00e1 obligado a guardar absoluta reserva en lo concerniente a las declaraciones y datos suministrados por los contribuyentes o por terceros con ellos relacionados, as\u00ed como los obtenidos en el ejercicio de las facultades de comprobaci\u00f3n\u201d. Sencillamente, no se puede compartir, divulgar o dar a conocer informaci\u00f3n personal, punto.<\/p>\n\n\n\n<p>Y Pablo G\u00f3mez, entrevistado la tarde del mi\u00e9rcoles por la tarde en un programa de radio, queriendo aclarar el desaguisado, dijo: \u201cNo estoy dando a conocer nada de los contribuyentes, ESTOY DANDO A CONOCER PERSONAS EN LOS NOMBRES y las cantidades de personas que aportan a una organizaci\u00f3n que se dice no gubernamental y que se dice no tiene fines de lucro, que son para prevenir, investigar y combatir la corrupci\u00f3n, NO DI NING\u00daN DATO DE NING\u00daN CAUSANTE\u201d. NO, no dio ning\u00fan dato, solo SUS NOMBRES. Todos \u201cest\u00e1n cortados por la misma tijera\u201d, usando el mismo lenguaje cantinflesco -como su patr\u00f3n-, tratando de hablar \u201capropiadamente\u201d, pero transgiversando el sentido de las palabras y confirmando la m\u00e1xima -ya legendaria- del inquilino de Palacio, \u201ca m\u00ed\u00a0no me vengan con ese cuento de que la ley es la ley\u201d.<\/p>\n\n\n\n<p>As\u00ed el Quehacer Pol\u00edtico Desde 1980, 44 a\u00f1os inquiriendo en la pol\u00edtica de M\u00e9xico, cuestionando, exponiendo, revelando y razonando.Es cuanto.<\/p>\n","protected":false},"excerpt":{"rendered":"<p>Por Jos\u00e9 Alberto Prado Angeles Director General y Editor En el proceso de enviarle una&#8230;<\/p>\n","protected":false},"author":2,"featured_media":111993,"comment_status":"open","ping_status":"open","sticky":false,"template":"","format":"standard","meta":{"_monsterinsights_skip_tracking":false,"_monsterinsights_sitenote_active":false,"_monsterinsights_sitenote_note":"","_monsterinsights_sitenote_category":0,"footnotes":""},"categories":[2],"tags":[],"class_list":["post-111992","post","type-post","status-publish","format-standard","has-post-thumbnail","hentry","category-noticias"],"yoast_head":"<!-- This site is optimized with the Yoast SEO plugin v27.3 - https:\/\/yoast.com\/product\/yoast-seo-wordpress\/ -->\n<title>El Quehacer Pol\u00edtico a trav\u00e9s\/\/\/Jose Alberto Prado \u00c1ngeles\/\/\/\u201cA mi no me vengan con ese cuento de que la ley es la ley\u201d -<\/title>\n<meta name=\"robots\" content=\"index, follow, max-snippet:-1, max-image-preview:large, max-video-preview:-1\" \/>\n<link rel=\"canonical\" href=\"https:\/\/quehacerpolitico.mx\/?p=111992\" \/>\n<meta property=\"og:locale\" content=\"es_MX\" \/>\n<meta property=\"og:type\" content=\"article\" \/>\n<meta property=\"og:title\" content=\"El Quehacer Pol\u00edtico a trav\u00e9s\/\/\/Jose Alberto Prado \u00c1ngeles\/\/\/\u201cA mi no me vengan con ese cuento de que la ley es la ley\u201d -\" \/>\n<meta property=\"og:description\" content=\"Por Jos\u00e9 Alberto Prado Angeles Director General y Editor En el proceso de enviarle una...\" \/>\n<meta property=\"og:url\" content=\"https:\/\/quehacerpolitico.mx\/?p=111992\" \/>\n<meta property=\"article:published_time\" content=\"2024-08-19T14:36:03+00:00\" \/>\n<meta property=\"article:modified_time\" content=\"2024-08-19T14:36:07+00:00\" \/>\n<meta property=\"og:image\" content=\"https:\/\/quehacerpolitico.mx\/wp-content\/uploads\/2024\/08\/fb07bd44-0f95-41a8-8353-f61c55b6d960-2.jpeg\" \/>\n\t<meta property=\"og:image:width\" content=\"963\" \/>\n\t<meta property=\"og:image:height\" content=\"493\" \/>\n\t<meta property=\"og:image:type\" content=\"image\/jpeg\" \/>\n<meta name=\"author\" content=\"Redacci\u00f3n QP\" \/>\n<meta name=\"twitter:card\" content=\"summary_large_image\" \/>\n<meta name=\"twitter:label1\" content=\"Escrito por\" \/>\n\t<meta name=\"twitter:data1\" content=\"Redacci\u00f3n QP\" \/>\n\t<meta name=\"twitter:label2\" content=\"Tiempo de lectura\" \/>\n\t<meta name=\"twitter:data2\" content=\"3 minutos\" \/>\n<script type=\"application\/ld+json\" class=\"yoast-schema-graph\">{\"@context\":\"https:\\\/\\\/schema.org\",\"@graph\":[{\"@type\":\"Article\",\"@id\":\"https:\\\/\\\/quehacerpolitico.mx\\\/?p=111992#article\",\"isPartOf\":{\"@id\":\"https:\\\/\\\/quehacerpolitico.mx\\\/?p=111992\"},\"author\":{\"name\":\"Redacci\u00f3n QP\",\"@id\":\"https:\\\/\\\/quehacerpolitico.mx\\\/#\\\/schema\\\/person\\\/496d8ad2d1d3f8036101dca7ee39e585\"},\"headline\":\"El Quehacer Pol\u00edtico a trav\u00e9s\\\/\\\/\\\/Jose Alberto Prado \u00c1ngeles\\\/\\\/\\\/\u201cA mi no me vengan con ese cuento de que la ley es la ley\u201d\",\"datePublished\":\"2024-08-19T14:36:03+00:00\",\"dateModified\":\"2024-08-19T14:36:07+00:00\",\"mainEntityOfPage\":{\"@id\":\"https:\\\/\\\/quehacerpolitico.mx\\\/?p=111992\"},\"wordCount\":537,\"commentCount\":0,\"image\":{\"@id\":\"https:\\\/\\\/quehacerpolitico.mx\\\/?p=111992#primaryimage\"},\"thumbnailUrl\":\"https:\\\/\\\/quehacerpolitico.mx\\\/wp-content\\\/uploads\\\/2024\\\/08\\\/fb07bd44-0f95-41a8-8353-f61c55b6d960-2.jpeg\",\"articleSection\":[\"Noticias\"],\"inLanguage\":\"es\",\"potentialAction\":[{\"@type\":\"CommentAction\",\"name\":\"Comment\",\"target\":[\"https:\\\/\\\/quehacerpolitico.mx\\\/?p=111992#respond\"]}]},{\"@type\":\"WebPage\",\"@id\":\"https:\\\/\\\/quehacerpolitico.mx\\\/?p=111992\",\"url\":\"https:\\\/\\\/quehacerpolitico.mx\\\/?p=111992\",\"name\":\"El Quehacer Pol\u00edtico a trav\u00e9s\\\/\\\/\\\/Jose Alberto Prado \u00c1ngeles\\\/\\\/\\\/\u201cA mi no me vengan con ese cuento de que la ley es la ley\u201d -\",\"isPartOf\":{\"@id\":\"https:\\\/\\\/quehacerpolitico.mx\\\/#website\"},\"primaryImageOfPage\":{\"@id\":\"https:\\\/\\\/quehacerpolitico.mx\\\/?p=111992#primaryimage\"},\"image\":{\"@id\":\"https:\\\/\\\/quehacerpolitico.mx\\\/?p=111992#primaryimage\"},\"thumbnailUrl\":\"https:\\\/\\\/quehacerpolitico.mx\\\/wp-content\\\/uploads\\\/2024\\\/08\\\/fb07bd44-0f95-41a8-8353-f61c55b6d960-2.jpeg\",\"datePublished\":\"2024-08-19T14:36:03+00:00\",\"dateModified\":\"2024-08-19T14:36:07+00:00\",\"author\":{\"@id\":\"https:\\\/\\\/quehacerpolitico.mx\\\/#\\\/schema\\\/person\\\/496d8ad2d1d3f8036101dca7ee39e585\"},\"breadcrumb\":{\"@id\":\"https:\\\/\\\/quehacerpolitico.mx\\\/?p=111992#breadcrumb\"},\"inLanguage\":\"es\",\"potentialAction\":[{\"@type\":\"ReadAction\",\"target\":[\"https:\\\/\\\/quehacerpolitico.mx\\\/?p=111992\"]}]},{\"@type\":\"ImageObject\",\"inLanguage\":\"es\",\"@id\":\"https:\\\/\\\/quehacerpolitico.mx\\\/?p=111992#primaryimage\",\"url\":\"https:\\\/\\\/quehacerpolitico.mx\\\/wp-content\\\/uploads\\\/2024\\\/08\\\/fb07bd44-0f95-41a8-8353-f61c55b6d960-2.jpeg\",\"contentUrl\":\"https:\\\/\\\/quehacerpolitico.mx\\\/wp-content\\\/uploads\\\/2024\\\/08\\\/fb07bd44-0f95-41a8-8353-f61c55b6d960-2.jpeg\",\"width\":963,\"height\":493},{\"@type\":\"BreadcrumbList\",\"@id\":\"https:\\\/\\\/quehacerpolitico.mx\\\/?p=111992#breadcrumb\",\"itemListElement\":[{\"@type\":\"ListItem\",\"position\":1,\"name\":\"Inicio\",\"item\":\"https:\\\/\\\/quehacerpolitico.mx\\\/\"},{\"@type\":\"ListItem\",\"position\":2,\"name\":\"El Quehacer Pol\u00edtico a trav\u00e9s\\\/\\\/\\\/Jose Alberto Prado \u00c1ngeles\\\/\\\/\\\/\u201cA mi no me vengan con ese cuento de que la ley es la ley\u201d\"}]},{\"@type\":\"WebSite\",\"@id\":\"https:\\\/\\\/quehacerpolitico.mx\\\/#website\",\"url\":\"https:\\\/\\\/quehacerpolitico.mx\\\/\",\"name\":\"\",\"description\":\"\",\"potentialAction\":[{\"@type\":\"SearchAction\",\"target\":{\"@type\":\"EntryPoint\",\"urlTemplate\":\"https:\\\/\\\/quehacerpolitico.mx\\\/?s={search_term_string}\"},\"query-input\":{\"@type\":\"PropertyValueSpecification\",\"valueRequired\":true,\"valueName\":\"search_term_string\"}}],\"inLanguage\":\"es\"},{\"@type\":\"Person\",\"@id\":\"https:\\\/\\\/quehacerpolitico.mx\\\/#\\\/schema\\\/person\\\/496d8ad2d1d3f8036101dca7ee39e585\",\"name\":\"Redacci\u00f3n QP\",\"image\":{\"@type\":\"ImageObject\",\"inLanguage\":\"es\",\"@id\":\"https:\\\/\\\/secure.gravatar.com\\\/avatar\\\/c7164ed6fdec453195284ad24a5ae5b6e1eed2b848477fa2a4787ba9adf39a41?s=96&d=mm&r=g\",\"url\":\"https:\\\/\\\/secure.gravatar.com\\\/avatar\\\/c7164ed6fdec453195284ad24a5ae5b6e1eed2b848477fa2a4787ba9adf39a41?s=96&d=mm&r=g\",\"contentUrl\":\"https:\\\/\\\/secure.gravatar.com\\\/avatar\\\/c7164ed6fdec453195284ad24a5ae5b6e1eed2b848477fa2a4787ba9adf39a41?s=96&d=mm&r=g\",\"caption\":\"Redacci\u00f3n QP\"},\"url\":\"https:\\\/\\\/quehacerpolitico.mx\\\/?author=2\"}]}<\/script>\n<!-- \/ Yoast SEO plugin. -->","yoast_head_json":{"title":"El Quehacer Pol\u00edtico a trav\u00e9s\/\/\/Jose Alberto Prado \u00c1ngeles\/\/\/\u201cA mi no me vengan con ese cuento de que la ley es la ley\u201d -","robots":{"index":"index","follow":"follow","max-snippet":"max-snippet:-1","max-image-preview":"max-image-preview:large","max-video-preview":"max-video-preview:-1"},"canonical":"https:\/\/quehacerpolitico.mx\/?p=111992","og_locale":"es_MX","og_type":"article","og_title":"El Quehacer Pol\u00edtico a trav\u00e9s\/\/\/Jose Alberto Prado \u00c1ngeles\/\/\/\u201cA mi no me vengan con ese cuento de que la ley es la ley\u201d -","og_description":"Por Jos\u00e9 Alberto Prado Angeles Director General y Editor En el proceso de enviarle una...","og_url":"https:\/\/quehacerpolitico.mx\/?p=111992","article_published_time":"2024-08-19T14:36:03+00:00","article_modified_time":"2024-08-19T14:36:07+00:00","og_image":[{"width":963,"height":493,"url":"https:\/\/quehacerpolitico.mx\/wp-content\/uploads\/2024\/08\/fb07bd44-0f95-41a8-8353-f61c55b6d960-2.jpeg","type":"image\/jpeg"}],"author":"Redacci\u00f3n QP","twitter_card":"summary_large_image","twitter_misc":{"Escrito por":"Redacci\u00f3n QP","Tiempo de lectura":"3 minutos"},"schema":{"@context":"https:\/\/schema.org","@graph":[{"@type":"Article","@id":"https:\/\/quehacerpolitico.mx\/?p=111992#article","isPartOf":{"@id":"https:\/\/quehacerpolitico.mx\/?p=111992"},"author":{"name":"Redacci\u00f3n QP","@id":"https:\/\/quehacerpolitico.mx\/#\/schema\/person\/496d8ad2d1d3f8036101dca7ee39e585"},"headline":"El Quehacer Pol\u00edtico a trav\u00e9s\/\/\/Jose Alberto Prado \u00c1ngeles\/\/\/\u201cA mi no me vengan con ese cuento de que la ley es la ley\u201d","datePublished":"2024-08-19T14:36:03+00:00","dateModified":"2024-08-19T14:36:07+00:00","mainEntityOfPage":{"@id":"https:\/\/quehacerpolitico.mx\/?p=111992"},"wordCount":537,"commentCount":0,"image":{"@id":"https:\/\/quehacerpolitico.mx\/?p=111992#primaryimage"},"thumbnailUrl":"https:\/\/quehacerpolitico.mx\/wp-content\/uploads\/2024\/08\/fb07bd44-0f95-41a8-8353-f61c55b6d960-2.jpeg","articleSection":["Noticias"],"inLanguage":"es","potentialAction":[{"@type":"CommentAction","name":"Comment","target":["https:\/\/quehacerpolitico.mx\/?p=111992#respond"]}]},{"@type":"WebPage","@id":"https:\/\/quehacerpolitico.mx\/?p=111992","url":"https:\/\/quehacerpolitico.mx\/?p=111992","name":"El Quehacer Pol\u00edtico a trav\u00e9s\/\/\/Jose Alberto Prado \u00c1ngeles\/\/\/\u201cA mi no me vengan con ese cuento de que la ley es la ley\u201d -","isPartOf":{"@id":"https:\/\/quehacerpolitico.mx\/#website"},"primaryImageOfPage":{"@id":"https:\/\/quehacerpolitico.mx\/?p=111992#primaryimage"},"image":{"@id":"https:\/\/quehacerpolitico.mx\/?p=111992#primaryimage"},"thumbnailUrl":"https:\/\/quehacerpolitico.mx\/wp-content\/uploads\/2024\/08\/fb07bd44-0f95-41a8-8353-f61c55b6d960-2.jpeg","datePublished":"2024-08-19T14:36:03+00:00","dateModified":"2024-08-19T14:36:07+00:00","author":{"@id":"https:\/\/quehacerpolitico.mx\/#\/schema\/person\/496d8ad2d1d3f8036101dca7ee39e585"},"breadcrumb":{"@id":"https:\/\/quehacerpolitico.mx\/?p=111992#breadcrumb"},"inLanguage":"es","potentialAction":[{"@type":"ReadAction","target":["https:\/\/quehacerpolitico.mx\/?p=111992"]}]},{"@type":"ImageObject","inLanguage":"es","@id":"https:\/\/quehacerpolitico.mx\/?p=111992#primaryimage","url":"https:\/\/quehacerpolitico.mx\/wp-content\/uploads\/2024\/08\/fb07bd44-0f95-41a8-8353-f61c55b6d960-2.jpeg","contentUrl":"https:\/\/quehacerpolitico.mx\/wp-content\/uploads\/2024\/08\/fb07bd44-0f95-41a8-8353-f61c55b6d960-2.jpeg","width":963,"height":493},{"@type":"BreadcrumbList","@id":"https:\/\/quehacerpolitico.mx\/?p=111992#breadcrumb","itemListElement":[{"@type":"ListItem","position":1,"name":"Inicio","item":"https:\/\/quehacerpolitico.mx\/"},{"@type":"ListItem","position":2,"name":"El Quehacer Pol\u00edtico a trav\u00e9s\/\/\/Jose Alberto Prado \u00c1ngeles\/\/\/\u201cA mi no me vengan con ese cuento de que la ley es la ley\u201d"}]},{"@type":"WebSite","@id":"https:\/\/quehacerpolitico.mx\/#website","url":"https:\/\/quehacerpolitico.mx\/","name":"","description":"","potentialAction":[{"@type":"SearchAction","target":{"@type":"EntryPoint","urlTemplate":"https:\/\/quehacerpolitico.mx\/?s={search_term_string}"},"query-input":{"@type":"PropertyValueSpecification","valueRequired":true,"valueName":"search_term_string"}}],"inLanguage":"es"},{"@type":"Person","@id":"https:\/\/quehacerpolitico.mx\/#\/schema\/person\/496d8ad2d1d3f8036101dca7ee39e585","name":"Redacci\u00f3n QP","image":{"@type":"ImageObject","inLanguage":"es","@id":"https:\/\/secure.gravatar.com\/avatar\/c7164ed6fdec453195284ad24a5ae5b6e1eed2b848477fa2a4787ba9adf39a41?s=96&d=mm&r=g","url":"https:\/\/secure.gravatar.com\/avatar\/c7164ed6fdec453195284ad24a5ae5b6e1eed2b848477fa2a4787ba9adf39a41?s=96&d=mm&r=g","contentUrl":"https:\/\/secure.gravatar.com\/avatar\/c7164ed6fdec453195284ad24a5ae5b6e1eed2b848477fa2a4787ba9adf39a41?s=96&d=mm&r=g","caption":"Redacci\u00f3n QP"},"url":"https:\/\/quehacerpolitico.mx\/?author=2"}]}},"featured_image_urls":{"full":["https:\/\/quehacerpolitico.mx\/wp-content\/uploads\/2024\/08\/fb07bd44-0f95-41a8-8353-f61c55b6d960-2.jpeg",963,493,false],"thumbnail":["https:\/\/quehacerpolitico.mx\/wp-content\/uploads\/2024\/08\/fb07bd44-0f95-41a8-8353-f61c55b6d960-2-150x150.jpeg",150,150,true],"medium":["https:\/\/quehacerpolitico.mx\/wp-content\/uploads\/2024\/08\/fb07bd44-0f95-41a8-8353-f61c55b6d960-2-300x154.jpeg",300,154,true],"medium_large":["https:\/\/quehacerpolitico.mx\/wp-content\/uploads\/2024\/08\/fb07bd44-0f95-41a8-8353-f61c55b6d960-2-768x393.jpeg",640,328,true],"large":["https:\/\/quehacerpolitico.mx\/wp-content\/uploads\/2024\/08\/fb07bd44-0f95-41a8-8353-f61c55b6d960-2.jpeg",640,328,false],"1536x1536":["https:\/\/quehacerpolitico.mx\/wp-content\/uploads\/2024\/08\/fb07bd44-0f95-41a8-8353-f61c55b6d960-2.jpeg",963,493,false],"2048x2048":["https:\/\/quehacerpolitico.mx\/wp-content\/uploads\/2024\/08\/fb07bd44-0f95-41a8-8353-f61c55b6d960-2.jpeg",963,493,false],"covernews-featured":["https:\/\/quehacerpolitico.mx\/wp-content\/uploads\/2024\/08\/fb07bd44-0f95-41a8-8353-f61c55b6d960-2.jpeg",963,493,false],"covernews-medium":["https:\/\/quehacerpolitico.mx\/wp-content\/uploads\/2024\/08\/fb07bd44-0f95-41a8-8353-f61c55b6d960-2.jpeg",540,276,false]},"author_info":{"display_name":"Redacci\u00f3n QP","author_link":"https:\/\/quehacerpolitico.mx\/?author=2"},"category_info":"<a href=\"https:\/\/quehacerpolitico.mx\/?cat=2\" rel=\"category\">Noticias<\/a>","tag_info":"Noticias","comment_count":"0","_links":{"self":[{"href":"https:\/\/quehacerpolitico.mx\/index.php?rest_route=\/wp\/v2\/posts\/111992","targetHints":{"allow":["GET"]}}],"collection":[{"href":"https:\/\/quehacerpolitico.mx\/index.php?rest_route=\/wp\/v2\/posts"}],"about":[{"href":"https:\/\/quehacerpolitico.mx\/index.php?rest_route=\/wp\/v2\/types\/post"}],"author":[{"embeddable":true,"href":"https:\/\/quehacerpolitico.mx\/index.php?rest_route=\/wp\/v2\/users\/2"}],"replies":[{"embeddable":true,"href":"https:\/\/quehacerpolitico.mx\/index.php?rest_route=%2Fwp%2Fv2%2Fcomments&post=111992"}],"version-history":[{"count":1,"href":"https:\/\/quehacerpolitico.mx\/index.php?rest_route=\/wp\/v2\/posts\/111992\/revisions"}],"predecessor-version":[{"id":111994,"href":"https:\/\/quehacerpolitico.mx\/index.php?rest_route=\/wp\/v2\/posts\/111992\/revisions\/111994"}],"wp:featuredmedia":[{"embeddable":true,"href":"https:\/\/quehacerpolitico.mx\/index.php?rest_route=\/wp\/v2\/media\/111993"}],"wp:attachment":[{"href":"https:\/\/quehacerpolitico.mx\/index.php?rest_route=%2Fwp%2Fv2%2Fmedia&parent=111992"}],"wp:term":[{"taxonomy":"category","embeddable":true,"href":"https:\/\/quehacerpolitico.mx\/index.php?rest_route=%2Fwp%2Fv2%2Fcategories&post=111992"},{"taxonomy":"post_tag","embeddable":true,"href":"https:\/\/quehacerpolitico.mx\/index.php?rest_route=%2Fwp%2Fv2%2Ftags&post=111992"}],"curies":[{"name":"wp","href":"https:\/\/api.w.org\/{rel}","templated":true}]}}