{"id":111983,"date":"2024-08-16T14:56:10","date_gmt":"2024-08-16T14:56:10","guid":{"rendered":"https:\/\/quehacerpolitico.mx\/?p=111983"},"modified":"2024-08-16T14:56:13","modified_gmt":"2024-08-16T14:56:13","slug":"medicos-sin-fronteras-alerta-sobre-la-crisis-migrante-en-la-cdmx-la-capital-ya-no-es-un-santuario-seguro","status":"publish","type":"post","link":"https:\/\/quehacerpolitico.mx\/?p=111983","title":{"rendered":"M\u00e9dicos Sin Fronteras alerta sobre la crisis migrante en la CDMX: la capital ya no es un santuario seguro"},"content":{"rendered":"\n<p>Por Redacci\u00f3n QP<\/p>\n\n\n\n<p>MSF dijo que tan solo en julio, ante la negligencia institucional del gobierno de la capital mexicana para atender las necesidades de la poblaci\u00f3n en movimiento, &#8220;han proliferado o aumentado la cantidad de personas en los campamentos informales&#8221; en sitios como la Plaza de La Soledad y La Merced<\/p>\n\n\n\n<p>Debido a la escasez de albergues seguros, el complejo acceso a tr\u00e1mites migratorios y al aumento de la vulnerabilidad de miles de personas &#8220;ya no es posible hablar de la capital mexicana como un santuario para los migrantes&#8221;, apunt\u00f3 este martes la organizaci\u00f3n internacional M\u00e9dicos Sin Fronteras (MSF).<\/p>\n\n\n\n<p>La organizaci\u00f3n, que trabaja con poblaci\u00f3n migrante en Ciudad de M\u00e9xico desde agosto de 2021, comprob\u00f3 que esta situaci\u00f3n &#8220;est\u00e1 llegando a un l\u00edmite in\u00e9dito, con un impacto directo en la salud y seguridad a esta poblaci\u00f3n en la ciudad&#8221;.<\/p>\n\n\n\n<p>&#8220;Definitivamente, ya no es posible hablar de Ciudad de M\u00e9xico como un santuario para la poblaci\u00f3n migrante&#8221;, afirm\u00f3 Israel Res\u00e9ndiz, gestor de actividades m\u00f3viles de MSF, en un comunicado.<\/p>\n\n\n\n<figure class=\"wp-block-embed is-type-video is-provider-youtube wp-block-embed-youtube wp-embed-aspect-16-9 wp-has-aspect-ratio\"><div class=\"wp-block-embed__wrapper\">\n<iframe loading=\"lazy\" title=\"CDMX ya no es santuario para migrantes: MSF\" width=\"640\" height=\"360\" src=\"https:\/\/www.youtube.com\/embed\/zsSQKMU_BgM?feature=oembed\" frameborder=\"0\" allow=\"accelerometer; autoplay; clipboard-write; encrypted-media; gyroscope; picture-in-picture; web-share\" referrerpolicy=\"strict-origin-when-cross-origin\" allowfullscreen><\/iframe>\n<\/div><\/figure>\n\n\n\n<p>Record\u00f3 que hasta hace un tiempo las personas migrantes que llegaban a la capital mexicana &#8220;encontraban un respiro a las hostilidades del viaje&#8221; por cuenta de la oferta de servicios de salud, albergue y acceso a tr\u00e1mites migratorios que escasean en otras partes del pa\u00eds.<\/p>\n\n\n\n<p>&#8220;Hoy en d\u00eda es todo lo contrario; se ven obligados a vivir en la calle, con grandes limitaciones de acceso a atenci\u00f3n sanitaria y sin posibilidades de recibir protecci\u00f3n&#8221;, lament\u00f3 Res\u00e9ndiz.<\/p>\n\n\n\n<p>El representante se\u00f1al\u00f3 que desde hace varios meses, en MSF denunciaron la escasez de espacios de albergue seguros y dignos para la poblaci\u00f3n migrante en la Ciudad de M\u00e9xico.<\/p>\n\n\n\n<p>Sin embargo, &#8220;esta situaci\u00f3n no ha hecho m\u00e1s que empeorar en los \u00faltimos meses&#8221; y dijo que su equipo ha observado c\u00f3mo los intentos de las autoridades para atender la situaci\u00f3n han resultado fallidos, como en el caso de la apertura y cierre intempestivo del albergue de Tl\u00e1huac en 2023 y de la Casa del migrante en 2024.&nbsp;<\/p>\n\n\n\n<p>&#8220;Al mismo tiempo, los albergues de la sociedad civil se encuentran saturados y con grandes retos para su funcionamiento&#8221;, expuso.&nbsp;<\/p>\n\n\n\n<p>Adem\u00e1s, acus\u00f3 que justo la falta de espacios y cierres mencionados se ha traducido en un alza en casos de violencia sexual, cobro de suelo, extorsi\u00f3n, secuestro que victimizan a la poblaci\u00f3n migrante.&nbsp;<\/p>\n\n\n\n<p>Apunt\u00f3 que entre enero y junio de 2024 la ONG &#8220;detect\u00f3 83 casos de violencia sexual, lo cual configura un alza de 80.43% en comparaci\u00f3n con el mismo periodo del a\u00f1o anterior, donde registramos 46 casos&#8221;.&nbsp;<\/p>\n\n\n\n<p>A ello se le sum\u00f3 el hecho de que la violencia en cualquiera de sus formas es, con distancia, el principal motivo de consulta para las personas migrantes que se acercan a las cl\u00ednicas m\u00f3viles de MSF, ya que el 69% de las personas buscan atenci\u00f3n por este motivo.&nbsp;<\/p>\n\n\n\n<p>MSF dijo que tan solo en julio, ante la negligencia institucional del gobierno de la capital mexicana para atender las necesidades de la poblaci\u00f3n en movimiento, &#8220;han proliferado o aumentado la cantidad de personas en los campamentos informales&#8221; en sitios como la Plaza de La Soledad, colonia (barrio) La Merced, y El Camell\u00f3n y Las v\u00edas, cerca de la Terminal de Autobuses del Norte.&nbsp;<\/p>\n\n\n\n<p>\u201cEn cada uno de estos tres lugares se aglutinan aproximadamente entre 800 y mil 200 personas, entre las que se encuentra una gran proporci\u00f3n de menores de edad, mujeres embarazadas y personas con necesidades en salud, que son m\u00e1s vulnerables a los efectos negativos de vivir bajo estas p\u00e9simas condiciones de h\u00e1bitat y seguridad\u201d, se\u00f1al\u00f3 Res\u00e9ndiz.&nbsp;<\/p>\n\n\n\n<p>Ante este panorama, la ONG hizo un llamado en\u00e9rgico para que las autoridades de la Ciudad de M\u00e9xico respondan adecuadamente a las necesidades de la poblaci\u00f3n migrante en la ciudad.<\/p>\n\n\n\n<p>Con informaci\u00f3n de EFE<\/p>\n","protected":false},"excerpt":{"rendered":"<p>Por Redacci\u00f3n QP MSF dijo que tan solo en julio, ante la negligencia institucional del&#8230;<\/p>\n","protected":false},"author":2,"featured_media":111984,"comment_status":"open","ping_status":"open","sticky":false,"template":"","format":"standard","meta":{"_monsterinsights_skip_tracking":false,"_monsterinsights_sitenote_active":false,"_monsterinsights_sitenote_note":"","_monsterinsights_sitenote_category":0,"footnotes":""},"categories":[55],"tags":[],"class_list":["post-111983","post","type-post","status-publish","format-standard","has-post-thumbnail","hentry","category-cdmx"],"yoast_head":"<!-- This site is optimized with the Yoast SEO plugin v27.3 - https:\/\/yoast.com\/product\/yoast-seo-wordpress\/ -->\n<title>M\u00e9dicos Sin Fronteras alerta sobre la crisis migrante en la CDMX: la capital ya no es un santuario seguro -<\/title>\n<meta name=\"robots\" content=\"index, follow, max-snippet:-1, max-image-preview:large, max-video-preview:-1\" \/>\n<link rel=\"canonical\" href=\"https:\/\/quehacerpolitico.mx\/?p=111983\" \/>\n<meta property=\"og:locale\" content=\"es_MX\" \/>\n<meta property=\"og:type\" content=\"article\" \/>\n<meta property=\"og:title\" content=\"M\u00e9dicos Sin Fronteras alerta sobre la crisis migrante en la CDMX: la capital ya no es un santuario seguro -\" \/>\n<meta property=\"og:description\" content=\"Por Redacci\u00f3n QP MSF dijo que tan solo en julio, ante la negligencia institucional del...\" \/>\n<meta property=\"og:url\" content=\"https:\/\/quehacerpolitico.mx\/?p=111983\" \/>\n<meta property=\"article:published_time\" content=\"2024-08-16T14:56:10+00:00\" \/>\n<meta property=\"article:modified_time\" content=\"2024-08-16T14:56:13+00:00\" \/>\n<meta property=\"og:image\" content=\"https:\/\/quehacerpolitico.mx\/wp-content\/uploads\/2024\/08\/IMG_7444.jpeg\" \/>\n\t<meta property=\"og:image:width\" content=\"640\" \/>\n\t<meta property=\"og:image:height\" content=\"480\" \/>\n\t<meta property=\"og:image:type\" content=\"image\/jpeg\" \/>\n<meta name=\"author\" content=\"Redacci\u00f3n QP\" \/>\n<meta name=\"twitter:card\" content=\"summary_large_image\" \/>\n<meta name=\"twitter:label1\" content=\"Escrito por\" \/>\n\t<meta name=\"twitter:data1\" content=\"Redacci\u00f3n QP\" \/>\n\t<meta name=\"twitter:label2\" content=\"Tiempo de lectura\" \/>\n\t<meta name=\"twitter:data2\" content=\"3 minutos\" \/>\n<script type=\"application\/ld+json\" class=\"yoast-schema-graph\">{\"@context\":\"https:\\\/\\\/schema.org\",\"@graph\":[{\"@type\":\"Article\",\"@id\":\"https:\\\/\\\/quehacerpolitico.mx\\\/?p=111983#article\",\"isPartOf\":{\"@id\":\"https:\\\/\\\/quehacerpolitico.mx\\\/?p=111983\"},\"author\":{\"name\":\"Redacci\u00f3n QP\",\"@id\":\"https:\\\/\\\/quehacerpolitico.mx\\\/#\\\/schema\\\/person\\\/496d8ad2d1d3f8036101dca7ee39e585\"},\"headline\":\"M\u00e9dicos Sin Fronteras alerta sobre la crisis migrante en la CDMX: la capital ya no es un santuario seguro\",\"datePublished\":\"2024-08-16T14:56:10+00:00\",\"dateModified\":\"2024-08-16T14:56:13+00:00\",\"mainEntityOfPage\":{\"@id\":\"https:\\\/\\\/quehacerpolitico.mx\\\/?p=111983\"},\"wordCount\":703,\"commentCount\":0,\"image\":{\"@id\":\"https:\\\/\\\/quehacerpolitico.mx\\\/?p=111983#primaryimage\"},\"thumbnailUrl\":\"https:\\\/\\\/quehacerpolitico.mx\\\/wp-content\\\/uploads\\\/2024\\\/08\\\/IMG_7444.jpeg\",\"articleSection\":[\"CDMX\"],\"inLanguage\":\"es\",\"potentialAction\":[{\"@type\":\"CommentAction\",\"name\":\"Comment\",\"target\":[\"https:\\\/\\\/quehacerpolitico.mx\\\/?p=111983#respond\"]}]},{\"@type\":\"WebPage\",\"@id\":\"https:\\\/\\\/quehacerpolitico.mx\\\/?p=111983\",\"url\":\"https:\\\/\\\/quehacerpolitico.mx\\\/?p=111983\",\"name\":\"M\u00e9dicos Sin Fronteras alerta sobre la crisis migrante en la CDMX: la capital ya no es un santuario seguro -\",\"isPartOf\":{\"@id\":\"https:\\\/\\\/quehacerpolitico.mx\\\/#website\"},\"primaryImageOfPage\":{\"@id\":\"https:\\\/\\\/quehacerpolitico.mx\\\/?p=111983#primaryimage\"},\"image\":{\"@id\":\"https:\\\/\\\/quehacerpolitico.mx\\\/?p=111983#primaryimage\"},\"thumbnailUrl\":\"https:\\\/\\\/quehacerpolitico.mx\\\/wp-content\\\/uploads\\\/2024\\\/08\\\/IMG_7444.jpeg\",\"datePublished\":\"2024-08-16T14:56:10+00:00\",\"dateModified\":\"2024-08-16T14:56:13+00:00\",\"author\":{\"@id\":\"https:\\\/\\\/quehacerpolitico.mx\\\/#\\\/schema\\\/person\\\/496d8ad2d1d3f8036101dca7ee39e585\"},\"breadcrumb\":{\"@id\":\"https:\\\/\\\/quehacerpolitico.mx\\\/?p=111983#breadcrumb\"},\"inLanguage\":\"es\",\"potentialAction\":[{\"@type\":\"ReadAction\",\"target\":[\"https:\\\/\\\/quehacerpolitico.mx\\\/?p=111983\"]}]},{\"@type\":\"ImageObject\",\"inLanguage\":\"es\",\"@id\":\"https:\\\/\\\/quehacerpolitico.mx\\\/?p=111983#primaryimage\",\"url\":\"https:\\\/\\\/quehacerpolitico.mx\\\/wp-content\\\/uploads\\\/2024\\\/08\\\/IMG_7444.jpeg\",\"contentUrl\":\"https:\\\/\\\/quehacerpolitico.mx\\\/wp-content\\\/uploads\\\/2024\\\/08\\\/IMG_7444.jpeg\",\"width\":640,\"height\":480},{\"@type\":\"BreadcrumbList\",\"@id\":\"https:\\\/\\\/quehacerpolitico.mx\\\/?p=111983#breadcrumb\",\"itemListElement\":[{\"@type\":\"ListItem\",\"position\":1,\"name\":\"Inicio\",\"item\":\"https:\\\/\\\/quehacerpolitico.mx\\\/\"},{\"@type\":\"ListItem\",\"position\":2,\"name\":\"M\u00e9dicos Sin Fronteras alerta sobre la crisis migrante en la CDMX: la capital ya no es un santuario seguro\"}]},{\"@type\":\"WebSite\",\"@id\":\"https:\\\/\\\/quehacerpolitico.mx\\\/#website\",\"url\":\"https:\\\/\\\/quehacerpolitico.mx\\\/\",\"name\":\"\",\"description\":\"\",\"potentialAction\":[{\"@type\":\"SearchAction\",\"target\":{\"@type\":\"EntryPoint\",\"urlTemplate\":\"https:\\\/\\\/quehacerpolitico.mx\\\/?s={search_term_string}\"},\"query-input\":{\"@type\":\"PropertyValueSpecification\",\"valueRequired\":true,\"valueName\":\"search_term_string\"}}],\"inLanguage\":\"es\"},{\"@type\":\"Person\",\"@id\":\"https:\\\/\\\/quehacerpolitico.mx\\\/#\\\/schema\\\/person\\\/496d8ad2d1d3f8036101dca7ee39e585\",\"name\":\"Redacci\u00f3n QP\",\"image\":{\"@type\":\"ImageObject\",\"inLanguage\":\"es\",\"@id\":\"https:\\\/\\\/secure.gravatar.com\\\/avatar\\\/c7164ed6fdec453195284ad24a5ae5b6e1eed2b848477fa2a4787ba9adf39a41?s=96&d=mm&r=g\",\"url\":\"https:\\\/\\\/secure.gravatar.com\\\/avatar\\\/c7164ed6fdec453195284ad24a5ae5b6e1eed2b848477fa2a4787ba9adf39a41?s=96&d=mm&r=g\",\"contentUrl\":\"https:\\\/\\\/secure.gravatar.com\\\/avatar\\\/c7164ed6fdec453195284ad24a5ae5b6e1eed2b848477fa2a4787ba9adf39a41?s=96&d=mm&r=g\",\"caption\":\"Redacci\u00f3n QP\"},\"url\":\"https:\\\/\\\/quehacerpolitico.mx\\\/?author=2\"}]}<\/script>\n<!-- \/ Yoast SEO plugin. -->","yoast_head_json":{"title":"M\u00e9dicos Sin Fronteras alerta sobre la crisis migrante en la CDMX: la capital ya no es un santuario seguro -","robots":{"index":"index","follow":"follow","max-snippet":"max-snippet:-1","max-image-preview":"max-image-preview:large","max-video-preview":"max-video-preview:-1"},"canonical":"https:\/\/quehacerpolitico.mx\/?p=111983","og_locale":"es_MX","og_type":"article","og_title":"M\u00e9dicos Sin Fronteras alerta sobre la crisis migrante en la CDMX: la capital ya no es un santuario seguro -","og_description":"Por Redacci\u00f3n QP MSF dijo que tan solo en julio, ante la negligencia institucional del...","og_url":"https:\/\/quehacerpolitico.mx\/?p=111983","article_published_time":"2024-08-16T14:56:10+00:00","article_modified_time":"2024-08-16T14:56:13+00:00","og_image":[{"width":640,"height":480,"url":"https:\/\/quehacerpolitico.mx\/wp-content\/uploads\/2024\/08\/IMG_7444.jpeg","type":"image\/jpeg"}],"author":"Redacci\u00f3n QP","twitter_card":"summary_large_image","twitter_misc":{"Escrito por":"Redacci\u00f3n QP","Tiempo de lectura":"3 minutos"},"schema":{"@context":"https:\/\/schema.org","@graph":[{"@type":"Article","@id":"https:\/\/quehacerpolitico.mx\/?p=111983#article","isPartOf":{"@id":"https:\/\/quehacerpolitico.mx\/?p=111983"},"author":{"name":"Redacci\u00f3n QP","@id":"https:\/\/quehacerpolitico.mx\/#\/schema\/person\/496d8ad2d1d3f8036101dca7ee39e585"},"headline":"M\u00e9dicos Sin Fronteras alerta sobre la crisis migrante en la CDMX: la capital ya no es un santuario seguro","datePublished":"2024-08-16T14:56:10+00:00","dateModified":"2024-08-16T14:56:13+00:00","mainEntityOfPage":{"@id":"https:\/\/quehacerpolitico.mx\/?p=111983"},"wordCount":703,"commentCount":0,"image":{"@id":"https:\/\/quehacerpolitico.mx\/?p=111983#primaryimage"},"thumbnailUrl":"https:\/\/quehacerpolitico.mx\/wp-content\/uploads\/2024\/08\/IMG_7444.jpeg","articleSection":["CDMX"],"inLanguage":"es","potentialAction":[{"@type":"CommentAction","name":"Comment","target":["https:\/\/quehacerpolitico.mx\/?p=111983#respond"]}]},{"@type":"WebPage","@id":"https:\/\/quehacerpolitico.mx\/?p=111983","url":"https:\/\/quehacerpolitico.mx\/?p=111983","name":"M\u00e9dicos Sin Fronteras alerta sobre la crisis migrante en la CDMX: la capital ya no es un santuario seguro -","isPartOf":{"@id":"https:\/\/quehacerpolitico.mx\/#website"},"primaryImageOfPage":{"@id":"https:\/\/quehacerpolitico.mx\/?p=111983#primaryimage"},"image":{"@id":"https:\/\/quehacerpolitico.mx\/?p=111983#primaryimage"},"thumbnailUrl":"https:\/\/quehacerpolitico.mx\/wp-content\/uploads\/2024\/08\/IMG_7444.jpeg","datePublished":"2024-08-16T14:56:10+00:00","dateModified":"2024-08-16T14:56:13+00:00","author":{"@id":"https:\/\/quehacerpolitico.mx\/#\/schema\/person\/496d8ad2d1d3f8036101dca7ee39e585"},"breadcrumb":{"@id":"https:\/\/quehacerpolitico.mx\/?p=111983#breadcrumb"},"inLanguage":"es","potentialAction":[{"@type":"ReadAction","target":["https:\/\/quehacerpolitico.mx\/?p=111983"]}]},{"@type":"ImageObject","inLanguage":"es","@id":"https:\/\/quehacerpolitico.mx\/?p=111983#primaryimage","url":"https:\/\/quehacerpolitico.mx\/wp-content\/uploads\/2024\/08\/IMG_7444.jpeg","contentUrl":"https:\/\/quehacerpolitico.mx\/wp-content\/uploads\/2024\/08\/IMG_7444.jpeg","width":640,"height":480},{"@type":"BreadcrumbList","@id":"https:\/\/quehacerpolitico.mx\/?p=111983#breadcrumb","itemListElement":[{"@type":"ListItem","position":1,"name":"Inicio","item":"https:\/\/quehacerpolitico.mx\/"},{"@type":"ListItem","position":2,"name":"M\u00e9dicos Sin Fronteras alerta sobre la crisis migrante en la CDMX: la capital ya no es un santuario seguro"}]},{"@type":"WebSite","@id":"https:\/\/quehacerpolitico.mx\/#website","url":"https:\/\/quehacerpolitico.mx\/","name":"","description":"","potentialAction":[{"@type":"SearchAction","target":{"@type":"EntryPoint","urlTemplate":"https:\/\/quehacerpolitico.mx\/?s={search_term_string}"},"query-input":{"@type":"PropertyValueSpecification","valueRequired":true,"valueName":"search_term_string"}}],"inLanguage":"es"},{"@type":"Person","@id":"https:\/\/quehacerpolitico.mx\/#\/schema\/person\/496d8ad2d1d3f8036101dca7ee39e585","name":"Redacci\u00f3n QP","image":{"@type":"ImageObject","inLanguage":"es","@id":"https:\/\/secure.gravatar.com\/avatar\/c7164ed6fdec453195284ad24a5ae5b6e1eed2b848477fa2a4787ba9adf39a41?s=96&d=mm&r=g","url":"https:\/\/secure.gravatar.com\/avatar\/c7164ed6fdec453195284ad24a5ae5b6e1eed2b848477fa2a4787ba9adf39a41?s=96&d=mm&r=g","contentUrl":"https:\/\/secure.gravatar.com\/avatar\/c7164ed6fdec453195284ad24a5ae5b6e1eed2b848477fa2a4787ba9adf39a41?s=96&d=mm&r=g","caption":"Redacci\u00f3n QP"},"url":"https:\/\/quehacerpolitico.mx\/?author=2"}]}},"featured_image_urls":{"full":["https:\/\/quehacerpolitico.mx\/wp-content\/uploads\/2024\/08\/IMG_7444.jpeg",640,480,false],"thumbnail":["https:\/\/quehacerpolitico.mx\/wp-content\/uploads\/2024\/08\/IMG_7444-150x150.jpeg",150,150,true],"medium":["https:\/\/quehacerpolitico.mx\/wp-content\/uploads\/2024\/08\/IMG_7444-300x225.jpeg",300,225,true],"medium_large":["https:\/\/quehacerpolitico.mx\/wp-content\/uploads\/2024\/08\/IMG_7444.jpeg",640,480,false],"large":["https:\/\/quehacerpolitico.mx\/wp-content\/uploads\/2024\/08\/IMG_7444.jpeg",640,480,false],"1536x1536":["https:\/\/quehacerpolitico.mx\/wp-content\/uploads\/2024\/08\/IMG_7444.jpeg",640,480,false],"2048x2048":["https:\/\/quehacerpolitico.mx\/wp-content\/uploads\/2024\/08\/IMG_7444.jpeg",640,480,false],"covernews-featured":["https:\/\/quehacerpolitico.mx\/wp-content\/uploads\/2024\/08\/IMG_7444.jpeg",640,480,false],"covernews-medium":["https:\/\/quehacerpolitico.mx\/wp-content\/uploads\/2024\/08\/IMG_7444.jpeg",453,340,false]},"author_info":{"display_name":"Redacci\u00f3n QP","author_link":"https:\/\/quehacerpolitico.mx\/?author=2"},"category_info":"<a href=\"https:\/\/quehacerpolitico.mx\/?cat=55\" rel=\"category\">CDMX<\/a>","tag_info":"CDMX","comment_count":"0","_links":{"self":[{"href":"https:\/\/quehacerpolitico.mx\/index.php?rest_route=\/wp\/v2\/posts\/111983","targetHints":{"allow":["GET"]}}],"collection":[{"href":"https:\/\/quehacerpolitico.mx\/index.php?rest_route=\/wp\/v2\/posts"}],"about":[{"href":"https:\/\/quehacerpolitico.mx\/index.php?rest_route=\/wp\/v2\/types\/post"}],"author":[{"embeddable":true,"href":"https:\/\/quehacerpolitico.mx\/index.php?rest_route=\/wp\/v2\/users\/2"}],"replies":[{"embeddable":true,"href":"https:\/\/quehacerpolitico.mx\/index.php?rest_route=%2Fwp%2Fv2%2Fcomments&post=111983"}],"version-history":[{"count":1,"href":"https:\/\/quehacerpolitico.mx\/index.php?rest_route=\/wp\/v2\/posts\/111983\/revisions"}],"predecessor-version":[{"id":111985,"href":"https:\/\/quehacerpolitico.mx\/index.php?rest_route=\/wp\/v2\/posts\/111983\/revisions\/111985"}],"wp:featuredmedia":[{"embeddable":true,"href":"https:\/\/quehacerpolitico.mx\/index.php?rest_route=\/wp\/v2\/media\/111984"}],"wp:attachment":[{"href":"https:\/\/quehacerpolitico.mx\/index.php?rest_route=%2Fwp%2Fv2%2Fmedia&parent=111983"}],"wp:term":[{"taxonomy":"category","embeddable":true,"href":"https:\/\/quehacerpolitico.mx\/index.php?rest_route=%2Fwp%2Fv2%2Fcategories&post=111983"},{"taxonomy":"post_tag","embeddable":true,"href":"https:\/\/quehacerpolitico.mx\/index.php?rest_route=%2Fwp%2Fv2%2Ftags&post=111983"}],"curies":[{"name":"wp","href":"https:\/\/api.w.org\/{rel}","templated":true}]}}