{"id":111968,"date":"2024-08-15T15:39:47","date_gmt":"2024-08-15T15:39:47","guid":{"rendered":"https:\/\/quehacerpolitico.mx\/?p=111968"},"modified":"2024-08-15T15:39:49","modified_gmt":"2024-08-15T15:39:49","slug":"amlo-dice-que-intento-de-detencion-de-corral-fue-para-impedir-que-llegue-al-senado-es-promiscuidad-politica-de-los-ultimos-tiempos-entre-el-pan-y-el-pri","status":"publish","type":"post","link":"https:\/\/quehacerpolitico.mx\/?p=111968","title":{"rendered":"AMLO dice que intento de detenci\u00f3n de Corral fue para impedir que llegue al Senado es &#8220;promiscuidad pol\u00edtica\u00a0de los \u00faltimos tiempos&#8221; entre el\u00a0PAN\u00a0y el\u00a0PRI"},"content":{"rendered":"\n<p>Por Redacci\u00f3n QP<\/p>\n\n\n\n<p>El presidente atribuy\u00f3 el intento de detenci\u00f3n del senador electo por parte de la Fiscal\u00eda Anticorrupci\u00f3n de Chihuahua a una alianza entre Maru Campos y el exgobernador Duarte<\/p>\n\n\n\n<p>El presidente<strong>&nbsp;Andr\u00e9s Manuel L\u00f3pez Obrador<\/strong>&nbsp;atribuy\u00f3 el intento de detenci\u00f3n del senador electo&nbsp;<strong>Javier Corral<\/strong>&nbsp;por parte de la Fiscal\u00eda Anticorrupci\u00f3n de Chihuahua a una alianza entre la gobernadora&nbsp;<strong>Maru Campos<\/strong>y su antecesor&nbsp;<strong>C\u00e9sar Duarte<\/strong>, con el fin de impedir que llegue a la C\u00e1mara Alta.<\/p>\n\n\n\n<p>En su conferencia matutina, dijo que es parte de la &#8220;<strong>promiscuidad pol\u00edtica<\/strong>&nbsp;de los \u00faltimos tiempos&#8221; entre el&nbsp;<strong>PAN&nbsp;<\/strong>y el&nbsp;<strong>PRI,&nbsp;<\/strong>y que &#8220;no pueden venir polic\u00eda judiciales de ning\u00fan estado a detener a alguien aqu\u00ed sin llevar a cabo un procedimiento&nbsp;de colaboraci\u00f3n con la fiscal\u00eda o procuradur\u00eda, en este caso de la Ciudad de M\u00e9xico&#8221;.<\/p>\n\n\n\n<figure class=\"wp-block-embed is-type-video is-provider-youtube wp-block-embed-youtube wp-embed-aspect-16-9 wp-has-aspect-ratio\"><div class=\"wp-block-embed__wrapper\">\n<iframe loading=\"lazy\" title=\"AMLO \u2018le hace el paro\u2019 a Javier Corral tras intento de detenci\u00f3n en la CDMX\" width=\"640\" height=\"360\" src=\"https:\/\/www.youtube.com\/embed\/QKYXMfGFyGs?feature=oembed\" frameborder=\"0\" allow=\"accelerometer; autoplay; clipboard-write; encrypted-media; gyroscope; picture-in-picture; web-share\" referrerpolicy=\"strict-origin-when-cross-origin\" allowfullscreen><\/iframe>\n<\/div><\/figure>\n\n\n\n<p>Atribuy\u00f3 el hecho a una &#8220;<strong>venganza pol\u00edtica<\/strong>&#8221; contra Corral, exgobernador de Chihuahua&nbsp;acusado de corrupci\u00f3n cuando era opositor, pero que ahora ser\u00e1 senador del Movimiento Regeneraci\u00f3n Nacional (Morena).<br><br>Tras el intento fallido de polic\u00edas de&nbsp;<strong>Chihuahua<\/strong>, estado de la frontera norte, por detener el mi\u00e9rcoles a Corral en la Ciudad de M\u00e9xico, L\u00f3pez Obrador dijo&nbsp;que Campos &#8220;se ali\u00f3&#8221; al exgobernador priista&nbsp;<strong>C\u00e9sar Duarte<\/strong>, detenido en la ciudad estadounidense de Miami en 2020 por peculado, extraditado a M\u00e9xico en 2022 y que lleva su proceso en libertad desde junio pasado.<br><br>\u201cResulta que la actual gobernadora de Chihuahua y el exgobernador Duarte est\u00e1n aliados en contra de Corral porque Corral fue el que promovi\u00f3 las acusaciones en contra de Duarte, que tuvo que irse a&nbsp;<strong>Estados Unidos<\/strong>, all\u00e1 fue detenido y extraditado, se trajo a Chihuahua y aqu\u00ed se le liber\u00f3&#8221;, manifest\u00f3.<br><br>Ayer,&nbsp;los agentes de la Fiscal\u00eda Anticorrupci\u00f3n intentaron la detenci\u00f3n de Corral, pero el titular de la Fiscal\u00eda General de Justicia de la Ciudad de M\u00e9xico,&nbsp;<strong>Ulises Lara<\/strong>, presente en el restaurante, les dijo que la dependencia a su cargo rechazaba colaborar con ellos.<br><br>El fiscal capitalino argument\u00f3 que la instituci\u00f3n ten\u00eda que aceptar trabajar en conjunto y no hab\u00eda respondido formalmente a la petici\u00f3n hecha por los agentes estatales.<br><br>El presidente coincidi\u00f3 en que &#8220;no hab\u00eda un procedimiento&#8221; y que, m\u00e1s all\u00e1 de la &#8220;opini\u00f3n legal&#8221;, la &#8220;realidad pol\u00edtica&#8221; es que se trata de una &#8220;especie de&nbsp;<strong>venganza<\/strong>&#8220;.<br><br>Incluso, denunci\u00f3 que intentan impedir que Corral asuma su puesto en el Senado a partir del 1 de septiembre, adem\u00e1s de que la prensa nacional vaticina que el exgobernador ser\u00e1 parte del gabinete ampliado de la presidenta electa,&nbsp;<strong>Claudia Sheinbaum<\/strong>.<br><br>\u201cComo son asuntos de pleitos pol\u00edticos y de venganzas, ya ven c\u00f3mo son estas cosas, al estar a punto de tomar posesi\u00f3n como senador Corral, ya para enjuiciarlo tendr\u00edan que desaforarlo, entonces como faltan unos d\u00edas para que lo designen senador, pues se apresuraron, porque una vez que est\u00e9 en la c\u00e1rcel ya no puede ser senador&#8221;, dijo.<\/p>\n\n\n\n<p><em>Con informaci\u00f3n de EFE<\/em><\/p>\n","protected":false},"excerpt":{"rendered":"<p>Por Redacci\u00f3n QP El presidente atribuy\u00f3 el intento de detenci\u00f3n del senador electo por parte&#8230;<\/p>\n","protected":false},"author":2,"featured_media":111969,"comment_status":"open","ping_status":"open","sticky":false,"template":"","format":"standard","meta":{"_monsterinsights_skip_tracking":false,"_monsterinsights_sitenote_active":false,"_monsterinsights_sitenote_note":"","_monsterinsights_sitenote_category":0,"footnotes":""},"categories":[2],"tags":[],"class_list":["post-111968","post","type-post","status-publish","format-standard","has-post-thumbnail","hentry","category-noticias"],"yoast_head":"<!-- This site is optimized with the Yoast SEO plugin v27.3 - https:\/\/yoast.com\/product\/yoast-seo-wordpress\/ -->\n<title>AMLO dice que intento de detenci\u00f3n de Corral fue para impedir que llegue al Senado es &quot;promiscuidad pol\u00edtica\u00a0de los \u00faltimos tiempos&quot; entre el\u00a0PAN\u00a0y el\u00a0PRI -<\/title>\n<meta name=\"robots\" content=\"index, follow, max-snippet:-1, max-image-preview:large, max-video-preview:-1\" \/>\n<link rel=\"canonical\" href=\"https:\/\/quehacerpolitico.mx\/?p=111968\" \/>\n<meta property=\"og:locale\" content=\"es_MX\" \/>\n<meta property=\"og:type\" content=\"article\" \/>\n<meta property=\"og:title\" content=\"AMLO dice que intento de detenci\u00f3n de Corral fue para impedir que llegue al Senado es &quot;promiscuidad pol\u00edtica\u00a0de los \u00faltimos tiempos&quot; entre el\u00a0PAN\u00a0y el\u00a0PRI -\" \/>\n<meta property=\"og:description\" content=\"Por Redacci\u00f3n QP El presidente atribuy\u00f3 el intento de detenci\u00f3n del senador electo por parte...\" \/>\n<meta property=\"og:url\" content=\"https:\/\/quehacerpolitico.mx\/?p=111968\" \/>\n<meta property=\"article:published_time\" content=\"2024-08-15T15:39:47+00:00\" \/>\n<meta property=\"article:modified_time\" content=\"2024-08-15T15:39:49+00:00\" \/>\n<meta property=\"og:image\" content=\"https:\/\/quehacerpolitico.mx\/wp-content\/uploads\/2024\/08\/IMG_7433.jpeg\" \/>\n\t<meta property=\"og:image:width\" content=\"550\" \/>\n\t<meta property=\"og:image:height\" content=\"320\" \/>\n\t<meta property=\"og:image:type\" content=\"image\/jpeg\" \/>\n<meta name=\"author\" content=\"Redacci\u00f3n QP\" \/>\n<meta name=\"twitter:card\" content=\"summary_large_image\" \/>\n<meta name=\"twitter:label1\" content=\"Escrito por\" \/>\n\t<meta name=\"twitter:data1\" content=\"Redacci\u00f3n QP\" \/>\n\t<meta name=\"twitter:label2\" content=\"Tiempo de lectura\" \/>\n\t<meta name=\"twitter:data2\" content=\"3 minutos\" \/>\n<script type=\"application\/ld+json\" class=\"yoast-schema-graph\">{\"@context\":\"https:\\\/\\\/schema.org\",\"@graph\":[{\"@type\":\"Article\",\"@id\":\"https:\\\/\\\/quehacerpolitico.mx\\\/?p=111968#article\",\"isPartOf\":{\"@id\":\"https:\\\/\\\/quehacerpolitico.mx\\\/?p=111968\"},\"author\":{\"name\":\"Redacci\u00f3n QP\",\"@id\":\"https:\\\/\\\/quehacerpolitico.mx\\\/#\\\/schema\\\/person\\\/496d8ad2d1d3f8036101dca7ee39e585\"},\"headline\":\"AMLO dice que intento de detenci\u00f3n de Corral fue para impedir que llegue al Senado es &#8220;promiscuidad pol\u00edtica\u00a0de los \u00faltimos tiempos&#8221; entre el\u00a0PAN\u00a0y el\u00a0PRI\",\"datePublished\":\"2024-08-15T15:39:47+00:00\",\"dateModified\":\"2024-08-15T15:39:49+00:00\",\"mainEntityOfPage\":{\"@id\":\"https:\\\/\\\/quehacerpolitico.mx\\\/?p=111968\"},\"wordCount\":585,\"commentCount\":0,\"image\":{\"@id\":\"https:\\\/\\\/quehacerpolitico.mx\\\/?p=111968#primaryimage\"},\"thumbnailUrl\":\"https:\\\/\\\/quehacerpolitico.mx\\\/wp-content\\\/uploads\\\/2024\\\/08\\\/IMG_7433.jpeg\",\"articleSection\":[\"Noticias\"],\"inLanguage\":\"es\",\"potentialAction\":[{\"@type\":\"CommentAction\",\"name\":\"Comment\",\"target\":[\"https:\\\/\\\/quehacerpolitico.mx\\\/?p=111968#respond\"]}]},{\"@type\":\"WebPage\",\"@id\":\"https:\\\/\\\/quehacerpolitico.mx\\\/?p=111968\",\"url\":\"https:\\\/\\\/quehacerpolitico.mx\\\/?p=111968\",\"name\":\"AMLO dice que intento de detenci\u00f3n de Corral fue para impedir que llegue al Senado es \\\"promiscuidad pol\u00edtica\u00a0de los \u00faltimos tiempos\\\" entre el\u00a0PAN\u00a0y el\u00a0PRI -\",\"isPartOf\":{\"@id\":\"https:\\\/\\\/quehacerpolitico.mx\\\/#website\"},\"primaryImageOfPage\":{\"@id\":\"https:\\\/\\\/quehacerpolitico.mx\\\/?p=111968#primaryimage\"},\"image\":{\"@id\":\"https:\\\/\\\/quehacerpolitico.mx\\\/?p=111968#primaryimage\"},\"thumbnailUrl\":\"https:\\\/\\\/quehacerpolitico.mx\\\/wp-content\\\/uploads\\\/2024\\\/08\\\/IMG_7433.jpeg\",\"datePublished\":\"2024-08-15T15:39:47+00:00\",\"dateModified\":\"2024-08-15T15:39:49+00:00\",\"author\":{\"@id\":\"https:\\\/\\\/quehacerpolitico.mx\\\/#\\\/schema\\\/person\\\/496d8ad2d1d3f8036101dca7ee39e585\"},\"breadcrumb\":{\"@id\":\"https:\\\/\\\/quehacerpolitico.mx\\\/?p=111968#breadcrumb\"},\"inLanguage\":\"es\",\"potentialAction\":[{\"@type\":\"ReadAction\",\"target\":[\"https:\\\/\\\/quehacerpolitico.mx\\\/?p=111968\"]}]},{\"@type\":\"ImageObject\",\"inLanguage\":\"es\",\"@id\":\"https:\\\/\\\/quehacerpolitico.mx\\\/?p=111968#primaryimage\",\"url\":\"https:\\\/\\\/quehacerpolitico.mx\\\/wp-content\\\/uploads\\\/2024\\\/08\\\/IMG_7433.jpeg\",\"contentUrl\":\"https:\\\/\\\/quehacerpolitico.mx\\\/wp-content\\\/uploads\\\/2024\\\/08\\\/IMG_7433.jpeg\",\"width\":550,\"height\":320},{\"@type\":\"BreadcrumbList\",\"@id\":\"https:\\\/\\\/quehacerpolitico.mx\\\/?p=111968#breadcrumb\",\"itemListElement\":[{\"@type\":\"ListItem\",\"position\":1,\"name\":\"Inicio\",\"item\":\"https:\\\/\\\/quehacerpolitico.mx\\\/\"},{\"@type\":\"ListItem\",\"position\":2,\"name\":\"AMLO dice que intento de detenci\u00f3n de Corral fue para impedir que llegue al Senado es &#8220;promiscuidad pol\u00edtica\u00a0de los \u00faltimos tiempos&#8221; entre el\u00a0PAN\u00a0y el\u00a0PRI\"}]},{\"@type\":\"WebSite\",\"@id\":\"https:\\\/\\\/quehacerpolitico.mx\\\/#website\",\"url\":\"https:\\\/\\\/quehacerpolitico.mx\\\/\",\"name\":\"\",\"description\":\"\",\"potentialAction\":[{\"@type\":\"SearchAction\",\"target\":{\"@type\":\"EntryPoint\",\"urlTemplate\":\"https:\\\/\\\/quehacerpolitico.mx\\\/?s={search_term_string}\"},\"query-input\":{\"@type\":\"PropertyValueSpecification\",\"valueRequired\":true,\"valueName\":\"search_term_string\"}}],\"inLanguage\":\"es\"},{\"@type\":\"Person\",\"@id\":\"https:\\\/\\\/quehacerpolitico.mx\\\/#\\\/schema\\\/person\\\/496d8ad2d1d3f8036101dca7ee39e585\",\"name\":\"Redacci\u00f3n QP\",\"image\":{\"@type\":\"ImageObject\",\"inLanguage\":\"es\",\"@id\":\"https:\\\/\\\/secure.gravatar.com\\\/avatar\\\/c7164ed6fdec453195284ad24a5ae5b6e1eed2b848477fa2a4787ba9adf39a41?s=96&d=mm&r=g\",\"url\":\"https:\\\/\\\/secure.gravatar.com\\\/avatar\\\/c7164ed6fdec453195284ad24a5ae5b6e1eed2b848477fa2a4787ba9adf39a41?s=96&d=mm&r=g\",\"contentUrl\":\"https:\\\/\\\/secure.gravatar.com\\\/avatar\\\/c7164ed6fdec453195284ad24a5ae5b6e1eed2b848477fa2a4787ba9adf39a41?s=96&d=mm&r=g\",\"caption\":\"Redacci\u00f3n QP\"},\"url\":\"https:\\\/\\\/quehacerpolitico.mx\\\/?author=2\"}]}<\/script>\n<!-- \/ Yoast SEO plugin. -->","yoast_head_json":{"title":"AMLO dice que intento de detenci\u00f3n de Corral fue para impedir que llegue al Senado es \"promiscuidad pol\u00edtica\u00a0de los \u00faltimos tiempos\" entre el\u00a0PAN\u00a0y el\u00a0PRI -","robots":{"index":"index","follow":"follow","max-snippet":"max-snippet:-1","max-image-preview":"max-image-preview:large","max-video-preview":"max-video-preview:-1"},"canonical":"https:\/\/quehacerpolitico.mx\/?p=111968","og_locale":"es_MX","og_type":"article","og_title":"AMLO dice que intento de detenci\u00f3n de Corral fue para impedir que llegue al Senado es \"promiscuidad pol\u00edtica\u00a0de los \u00faltimos tiempos\" entre el\u00a0PAN\u00a0y el\u00a0PRI -","og_description":"Por Redacci\u00f3n QP El presidente atribuy\u00f3 el intento de detenci\u00f3n del senador electo por parte...","og_url":"https:\/\/quehacerpolitico.mx\/?p=111968","article_published_time":"2024-08-15T15:39:47+00:00","article_modified_time":"2024-08-15T15:39:49+00:00","og_image":[{"width":550,"height":320,"url":"https:\/\/quehacerpolitico.mx\/wp-content\/uploads\/2024\/08\/IMG_7433.jpeg","type":"image\/jpeg"}],"author":"Redacci\u00f3n QP","twitter_card":"summary_large_image","twitter_misc":{"Escrito por":"Redacci\u00f3n QP","Tiempo de lectura":"3 minutos"},"schema":{"@context":"https:\/\/schema.org","@graph":[{"@type":"Article","@id":"https:\/\/quehacerpolitico.mx\/?p=111968#article","isPartOf":{"@id":"https:\/\/quehacerpolitico.mx\/?p=111968"},"author":{"name":"Redacci\u00f3n QP","@id":"https:\/\/quehacerpolitico.mx\/#\/schema\/person\/496d8ad2d1d3f8036101dca7ee39e585"},"headline":"AMLO dice que intento de detenci\u00f3n de Corral fue para impedir que llegue al Senado es &#8220;promiscuidad pol\u00edtica\u00a0de los \u00faltimos tiempos&#8221; entre el\u00a0PAN\u00a0y el\u00a0PRI","datePublished":"2024-08-15T15:39:47+00:00","dateModified":"2024-08-15T15:39:49+00:00","mainEntityOfPage":{"@id":"https:\/\/quehacerpolitico.mx\/?p=111968"},"wordCount":585,"commentCount":0,"image":{"@id":"https:\/\/quehacerpolitico.mx\/?p=111968#primaryimage"},"thumbnailUrl":"https:\/\/quehacerpolitico.mx\/wp-content\/uploads\/2024\/08\/IMG_7433.jpeg","articleSection":["Noticias"],"inLanguage":"es","potentialAction":[{"@type":"CommentAction","name":"Comment","target":["https:\/\/quehacerpolitico.mx\/?p=111968#respond"]}]},{"@type":"WebPage","@id":"https:\/\/quehacerpolitico.mx\/?p=111968","url":"https:\/\/quehacerpolitico.mx\/?p=111968","name":"AMLO dice que intento de detenci\u00f3n de Corral fue para impedir que llegue al Senado es \"promiscuidad pol\u00edtica\u00a0de los \u00faltimos tiempos\" entre el\u00a0PAN\u00a0y el\u00a0PRI -","isPartOf":{"@id":"https:\/\/quehacerpolitico.mx\/#website"},"primaryImageOfPage":{"@id":"https:\/\/quehacerpolitico.mx\/?p=111968#primaryimage"},"image":{"@id":"https:\/\/quehacerpolitico.mx\/?p=111968#primaryimage"},"thumbnailUrl":"https:\/\/quehacerpolitico.mx\/wp-content\/uploads\/2024\/08\/IMG_7433.jpeg","datePublished":"2024-08-15T15:39:47+00:00","dateModified":"2024-08-15T15:39:49+00:00","author":{"@id":"https:\/\/quehacerpolitico.mx\/#\/schema\/person\/496d8ad2d1d3f8036101dca7ee39e585"},"breadcrumb":{"@id":"https:\/\/quehacerpolitico.mx\/?p=111968#breadcrumb"},"inLanguage":"es","potentialAction":[{"@type":"ReadAction","target":["https:\/\/quehacerpolitico.mx\/?p=111968"]}]},{"@type":"ImageObject","inLanguage":"es","@id":"https:\/\/quehacerpolitico.mx\/?p=111968#primaryimage","url":"https:\/\/quehacerpolitico.mx\/wp-content\/uploads\/2024\/08\/IMG_7433.jpeg","contentUrl":"https:\/\/quehacerpolitico.mx\/wp-content\/uploads\/2024\/08\/IMG_7433.jpeg","width":550,"height":320},{"@type":"BreadcrumbList","@id":"https:\/\/quehacerpolitico.mx\/?p=111968#breadcrumb","itemListElement":[{"@type":"ListItem","position":1,"name":"Inicio","item":"https:\/\/quehacerpolitico.mx\/"},{"@type":"ListItem","position":2,"name":"AMLO dice que intento de detenci\u00f3n de Corral fue para impedir que llegue al Senado es &#8220;promiscuidad pol\u00edtica\u00a0de los \u00faltimos tiempos&#8221; entre el\u00a0PAN\u00a0y el\u00a0PRI"}]},{"@type":"WebSite","@id":"https:\/\/quehacerpolitico.mx\/#website","url":"https:\/\/quehacerpolitico.mx\/","name":"","description":"","potentialAction":[{"@type":"SearchAction","target":{"@type":"EntryPoint","urlTemplate":"https:\/\/quehacerpolitico.mx\/?s={search_term_string}"},"query-input":{"@type":"PropertyValueSpecification","valueRequired":true,"valueName":"search_term_string"}}],"inLanguage":"es"},{"@type":"Person","@id":"https:\/\/quehacerpolitico.mx\/#\/schema\/person\/496d8ad2d1d3f8036101dca7ee39e585","name":"Redacci\u00f3n QP","image":{"@type":"ImageObject","inLanguage":"es","@id":"https:\/\/secure.gravatar.com\/avatar\/c7164ed6fdec453195284ad24a5ae5b6e1eed2b848477fa2a4787ba9adf39a41?s=96&d=mm&r=g","url":"https:\/\/secure.gravatar.com\/avatar\/c7164ed6fdec453195284ad24a5ae5b6e1eed2b848477fa2a4787ba9adf39a41?s=96&d=mm&r=g","contentUrl":"https:\/\/secure.gravatar.com\/avatar\/c7164ed6fdec453195284ad24a5ae5b6e1eed2b848477fa2a4787ba9adf39a41?s=96&d=mm&r=g","caption":"Redacci\u00f3n QP"},"url":"https:\/\/quehacerpolitico.mx\/?author=2"}]}},"featured_image_urls":{"full":["https:\/\/quehacerpolitico.mx\/wp-content\/uploads\/2024\/08\/IMG_7433.jpeg",550,320,false],"thumbnail":["https:\/\/quehacerpolitico.mx\/wp-content\/uploads\/2024\/08\/IMG_7433-150x150.jpeg",150,150,true],"medium":["https:\/\/quehacerpolitico.mx\/wp-content\/uploads\/2024\/08\/IMG_7433-300x175.jpeg",300,175,true],"medium_large":["https:\/\/quehacerpolitico.mx\/wp-content\/uploads\/2024\/08\/IMG_7433.jpeg",550,320,false],"large":["https:\/\/quehacerpolitico.mx\/wp-content\/uploads\/2024\/08\/IMG_7433.jpeg",550,320,false],"1536x1536":["https:\/\/quehacerpolitico.mx\/wp-content\/uploads\/2024\/08\/IMG_7433.jpeg",550,320,false],"2048x2048":["https:\/\/quehacerpolitico.mx\/wp-content\/uploads\/2024\/08\/IMG_7433.jpeg",550,320,false],"covernews-featured":["https:\/\/quehacerpolitico.mx\/wp-content\/uploads\/2024\/08\/IMG_7433.jpeg",550,320,false],"covernews-medium":["https:\/\/quehacerpolitico.mx\/wp-content\/uploads\/2024\/08\/IMG_7433.jpeg",540,314,false]},"author_info":{"display_name":"Redacci\u00f3n QP","author_link":"https:\/\/quehacerpolitico.mx\/?author=2"},"category_info":"<a href=\"https:\/\/quehacerpolitico.mx\/?cat=2\" rel=\"category\">Noticias<\/a>","tag_info":"Noticias","comment_count":"0","_links":{"self":[{"href":"https:\/\/quehacerpolitico.mx\/index.php?rest_route=\/wp\/v2\/posts\/111968","targetHints":{"allow":["GET"]}}],"collection":[{"href":"https:\/\/quehacerpolitico.mx\/index.php?rest_route=\/wp\/v2\/posts"}],"about":[{"href":"https:\/\/quehacerpolitico.mx\/index.php?rest_route=\/wp\/v2\/types\/post"}],"author":[{"embeddable":true,"href":"https:\/\/quehacerpolitico.mx\/index.php?rest_route=\/wp\/v2\/users\/2"}],"replies":[{"embeddable":true,"href":"https:\/\/quehacerpolitico.mx\/index.php?rest_route=%2Fwp%2Fv2%2Fcomments&post=111968"}],"version-history":[{"count":1,"href":"https:\/\/quehacerpolitico.mx\/index.php?rest_route=\/wp\/v2\/posts\/111968\/revisions"}],"predecessor-version":[{"id":111970,"href":"https:\/\/quehacerpolitico.mx\/index.php?rest_route=\/wp\/v2\/posts\/111968\/revisions\/111970"}],"wp:featuredmedia":[{"embeddable":true,"href":"https:\/\/quehacerpolitico.mx\/index.php?rest_route=\/wp\/v2\/media\/111969"}],"wp:attachment":[{"href":"https:\/\/quehacerpolitico.mx\/index.php?rest_route=%2Fwp%2Fv2%2Fmedia&parent=111968"}],"wp:term":[{"taxonomy":"category","embeddable":true,"href":"https:\/\/quehacerpolitico.mx\/index.php?rest_route=%2Fwp%2Fv2%2Fcategories&post=111968"},{"taxonomy":"post_tag","embeddable":true,"href":"https:\/\/quehacerpolitico.mx\/index.php?rest_route=%2Fwp%2Fv2%2Ftags&post=111968"}],"curies":[{"name":"wp","href":"https:\/\/api.w.org\/{rel}","templated":true}]}}