{"id":111955,"date":"2024-08-14T15:51:27","date_gmt":"2024-08-14T15:51:27","guid":{"rendered":"https:\/\/quehacerpolitico.mx\/?p=111955"},"modified":"2024-08-14T15:51:30","modified_gmt":"2024-08-14T15:51:30","slug":"amlo-defendio-nuevamente-al-gobernador-de-sinaloa-ruben-rocha-moya-tras-las-revelaciones-de-ismael-el-mayo-zambada","status":"publish","type":"post","link":"https:\/\/quehacerpolitico.mx\/?p=111955","title":{"rendered":"AMLO defendi\u00f3 nuevamente al gobernador de Sinaloa, Rub\u00e9n Rocha Moya, tras las revelaciones de Ismael &#8220;El Mayo&#8221; Zambada"},"content":{"rendered":"\n<p>Por Redacci\u00f3n QP<\/p>\n\n\n\n<p>Desde que se revel\u00f3 una carta del capo, todo el aparato del Estado se ha volcado para defender al gobernador de cualquier implicaci\u00f3n en el caso<\/p>\n\n\n\n<p>El Ejecutivo encabezado por Andr\u00e9s Manuel L\u00f3pez Obrador defendi\u00f3 nuevamente al gobernador de Sinaloa, Rub\u00e9n Rocha Moya, tras las revelaciones de Ismael &#8220;El Mayo&#8221; Zambada, quien asegur\u00f3 que&nbsp;Jos\u00e9 Rosario Heras, comandante de la polic\u00eda de investigaci\u00f3n, lo escoltaba el d\u00eda que fue llevado por la fuerza a Estados Unidos, seg\u00fan su versi\u00f3n.<\/p>\n\n\n\n<p>Elizabeth Vilchis, desde la secci\u00f3n &#8220;Qui\u00e9n es qui\u00e9n en las mentiras&#8221;, precis\u00f3 que el agente, desaparecido desde el 25 de julio, d\u00eda en que ocurrieron los hechos que llevaron a la detenci\u00f3n de &#8220;El Mayo&#8221;, est\u00e1 adscrito a la fiscal\u00eda de Sinaloa, y dijo que es &#8220;absolutamente falso&#8221; que el gobierno federal o estatal haya dado protecci\u00f3n al capo.<\/p>\n\n\n\n<p>El lunes, el presidente dijo estar seguro de que el gobernador no tiene nada que ver con el tema, y que fue \u00e9l mismo quien pidi\u00f3 que la Fiscal\u00eda General de la Rep\u00fablica atrajera el caso.<\/p>\n\n\n\n<p>Vilchis acus\u00f3 que &#8220;apenas se daba a conocer la supuesta carta de Ismael Zambada por los&nbsp;<em>\u00c1ngeles Times<\/em>&nbsp;dando su versi\u00f3n de los hechos cuando el domingo 11 de agosto casualmente se activ\u00f3 de nuevo la campa\u00f1a de narcopresidente en redes y a\u00fan hoy se mantiene como tendencia en la red social X&#8221;.<\/p>\n\n\n\n<figure class=\"wp-block-embed is-type-rich is-provider-twitter wp-block-embed-twitter\"><div class=\"wp-block-embed__wrapper\">\n<blockquote class=\"twitter-tweet\" data-width=\"550\" data-dnt=\"true\"><p lang=\"es\" dir=\"ltr\"><a href=\"https:\/\/twitter.com\/hashtag\/EnLaMa%C3%B1anera?src=hash&amp;ref_src=twsrc%5Etfw\">#EnLaMa\u00f1anera<\/a> | <a href=\"https:\/\/twitter.com\/_LizVilchis?ref_src=twsrc%5Etfw\">@_LizVilchis<\/a>, titular de la secci\u00f3n <a href=\"https:\/\/twitter.com\/QEQMentiras?ref_src=twsrc%5Etfw\">@QEQMentiras<\/a> del <a href=\"https:\/\/twitter.com\/GobiernoMX?ref_src=twsrc%5Etfw\">@GobiernoMx<\/a>, habl\u00f3 sobre la reactivaci\u00f3n de <a href=\"https:\/\/twitter.com\/hashtag\/NarcoPresidenteAMLO?src=hash&amp;ref_src=twsrc%5Etfw\">#NarcoPresidenteAMLO<\/a> en <a href=\"https:\/\/twitter.com\/hashtag\/RedesSociales?src=hash&amp;ref_src=twsrc%5Etfw\">#RedesSociales<\/a>, particularmente en X (Twitter); destaca que esta plataforma prioriza la desinformaci\u00f3n y mensajes pol\u00e9micos. <a href=\"https:\/\/t.co\/HK1RWUDUCe\">pic.twitter.com\/HK1RWUDUCe<\/a><\/p>&mdash; El Financiero (@ElFinanciero_Mx) <a href=\"https:\/\/twitter.com\/ElFinanciero_Mx\/status\/1823721147042607535?ref_src=twsrc%5Etfw\">August 14, 2024<\/a><\/blockquote><script async src=\"https:\/\/platform.twitter.com\/widgets.js\" charset=\"utf-8\"><\/script>\n<\/div><\/figure>\n\n\n\n<p>Hace dos dias, los 27&nbsp;gobernadores&nbsp;de&nbsp;Morena&nbsp;en funciones y electos;&nbsp;el jefe de Gobierno de la Ciudad de M\u00e9xico, Mart\u00ed Batres;&nbsp;la jefa de Gobierno electa, Clara Brugada, y el dirigente nacional del partido,&nbsp;Mario Delgado, manifestaron su respaldo al gobernador de Sinaloa tras los se\u00f1alamientos del&nbsp;l\u00edder del C\u00e1rtel de Sinaloa.<\/p>\n\n\n\n<p>\u201cLas gobernadoras y gobernadores constitucionales del\u00a0Movimiento de Regeneraci\u00f3n Nacional\u00a0y la dirigencia del mismo expresamos nuestro absoluto respaldo al compa\u00f1ero\u00a0Rub\u00e9n Rocha Moya, gobernador constitucional del Estado de Sinaloa, ante las mentiras y estigmatizaci\u00f3n de las que ha sido objeto en d\u00edas recientes\u201d, dec\u00eda el comunicado difundido por la cuenta de X de Delgado.<\/p>\n\n\n\n<p>Previamente, el s\u00e1bado, la virtual presidenta electa, Claudia Sheinbaum, reiter\u00f3 su apoyo y confianza al mandatario estatal:&nbsp;\u201cVamos a seguir apoyando al gobernador de Sinaloa, Rub\u00e9n Rocha Moya, y a su pueblo, que quien quiere estigmatizar a este bello estado que se quede con su historia porque hombres y mujeres de Sinaloa son buenos mexicanos y mexicanas, hombres y mujeres de trabajo\u201d,.<\/p>\n\n\n\n<p>Sheinbaum acompa\u00f1\u00f3 a&nbsp;L\u00f3pez Obrador en una gira por Sinaloa en la que tambi\u00e9n estuvo Rocha Moya, quien neg\u00f3 haber sido convocado a una reuni\u00f3n con los capos del c\u00e1rtel, como asegur\u00f3 Zambada, declaraciones que recibieron un reconocimiento del presidente.&nbsp;<\/p>\n\n\n\n<p>\u201cQu\u00e9 bien que se aclara cu\u00e1l es la situaci\u00f3n, en d\u00f3nde estabas y que nunca fuiste convocado a ning\u00fan evento, m\u00e1s claro ni el agua, y de todas maneras no van a parar porque est\u00e1n molestos, no le gusta la transformaci\u00f3n\u201d, afirm\u00f3 el mandatario.&nbsp;<\/p>\n","protected":false},"excerpt":{"rendered":"<p>Por Redacci\u00f3n QP Desde que se revel\u00f3 una carta del capo, todo el aparato del&#8230;<\/p>\n","protected":false},"author":2,"featured_media":111956,"comment_status":"open","ping_status":"open","sticky":false,"template":"","format":"standard","meta":{"_monsterinsights_skip_tracking":false,"_monsterinsights_sitenote_active":false,"_monsterinsights_sitenote_note":"","_monsterinsights_sitenote_category":0,"footnotes":""},"categories":[2],"tags":[],"class_list":["post-111955","post","type-post","status-publish","format-standard","has-post-thumbnail","hentry","category-noticias"],"yoast_head":"<!-- This site is optimized with the Yoast SEO plugin v27.3 - https:\/\/yoast.com\/product\/yoast-seo-wordpress\/ -->\n<title>AMLO defendi\u00f3 nuevamente al gobernador de Sinaloa, Rub\u00e9n Rocha Moya, tras las revelaciones de Ismael &quot;El Mayo&quot; Zambada -<\/title>\n<meta name=\"robots\" content=\"index, follow, max-snippet:-1, max-image-preview:large, max-video-preview:-1\" \/>\n<link rel=\"canonical\" href=\"https:\/\/quehacerpolitico.mx\/?p=111955\" \/>\n<meta property=\"og:locale\" content=\"es_MX\" \/>\n<meta property=\"og:type\" content=\"article\" \/>\n<meta property=\"og:title\" content=\"AMLO defendi\u00f3 nuevamente al gobernador de Sinaloa, Rub\u00e9n Rocha Moya, tras las revelaciones de Ismael &quot;El Mayo&quot; Zambada -\" \/>\n<meta property=\"og:description\" content=\"Por Redacci\u00f3n QP Desde que se revel\u00f3 una carta del capo, todo el aparato del...\" \/>\n<meta property=\"og:url\" content=\"https:\/\/quehacerpolitico.mx\/?p=111955\" \/>\n<meta property=\"article:published_time\" content=\"2024-08-14T15:51:27+00:00\" \/>\n<meta property=\"article:modified_time\" content=\"2024-08-14T15:51:30+00:00\" \/>\n<meta property=\"og:image\" content=\"https:\/\/quehacerpolitico.mx\/wp-content\/uploads\/2024\/08\/IMG_7412.jpeg\" \/>\n\t<meta property=\"og:image:width\" content=\"1119\" \/>\n\t<meta property=\"og:image:height\" content=\"705\" \/>\n\t<meta property=\"og:image:type\" content=\"image\/jpeg\" \/>\n<meta name=\"author\" content=\"Redacci\u00f3n QP\" \/>\n<meta name=\"twitter:card\" content=\"summary_large_image\" \/>\n<meta name=\"twitter:label1\" content=\"Escrito por\" \/>\n\t<meta name=\"twitter:data1\" content=\"Redacci\u00f3n QP\" \/>\n\t<meta name=\"twitter:label2\" content=\"Tiempo de lectura\" \/>\n\t<meta name=\"twitter:data2\" content=\"3 minutos\" \/>\n<script type=\"application\/ld+json\" class=\"yoast-schema-graph\">{\"@context\":\"https:\\\/\\\/schema.org\",\"@graph\":[{\"@type\":\"Article\",\"@id\":\"https:\\\/\\\/quehacerpolitico.mx\\\/?p=111955#article\",\"isPartOf\":{\"@id\":\"https:\\\/\\\/quehacerpolitico.mx\\\/?p=111955\"},\"author\":{\"name\":\"Redacci\u00f3n QP\",\"@id\":\"https:\\\/\\\/quehacerpolitico.mx\\\/#\\\/schema\\\/person\\\/496d8ad2d1d3f8036101dca7ee39e585\"},\"headline\":\"AMLO defendi\u00f3 nuevamente al gobernador de Sinaloa, Rub\u00e9n Rocha Moya, tras las revelaciones de Ismael &#8220;El Mayo&#8221; Zambada\",\"datePublished\":\"2024-08-14T15:51:27+00:00\",\"dateModified\":\"2024-08-14T15:51:30+00:00\",\"mainEntityOfPage\":{\"@id\":\"https:\\\/\\\/quehacerpolitico.mx\\\/?p=111955\"},\"wordCount\":573,\"commentCount\":0,\"image\":{\"@id\":\"https:\\\/\\\/quehacerpolitico.mx\\\/?p=111955#primaryimage\"},\"thumbnailUrl\":\"https:\\\/\\\/quehacerpolitico.mx\\\/wp-content\\\/uploads\\\/2024\\\/08\\\/IMG_7412.jpeg\",\"articleSection\":[\"Noticias\"],\"inLanguage\":\"es\",\"potentialAction\":[{\"@type\":\"CommentAction\",\"name\":\"Comment\",\"target\":[\"https:\\\/\\\/quehacerpolitico.mx\\\/?p=111955#respond\"]}]},{\"@type\":\"WebPage\",\"@id\":\"https:\\\/\\\/quehacerpolitico.mx\\\/?p=111955\",\"url\":\"https:\\\/\\\/quehacerpolitico.mx\\\/?p=111955\",\"name\":\"AMLO defendi\u00f3 nuevamente al gobernador de Sinaloa, Rub\u00e9n Rocha Moya, tras las revelaciones de Ismael \\\"El Mayo\\\" Zambada -\",\"isPartOf\":{\"@id\":\"https:\\\/\\\/quehacerpolitico.mx\\\/#website\"},\"primaryImageOfPage\":{\"@id\":\"https:\\\/\\\/quehacerpolitico.mx\\\/?p=111955#primaryimage\"},\"image\":{\"@id\":\"https:\\\/\\\/quehacerpolitico.mx\\\/?p=111955#primaryimage\"},\"thumbnailUrl\":\"https:\\\/\\\/quehacerpolitico.mx\\\/wp-content\\\/uploads\\\/2024\\\/08\\\/IMG_7412.jpeg\",\"datePublished\":\"2024-08-14T15:51:27+00:00\",\"dateModified\":\"2024-08-14T15:51:30+00:00\",\"author\":{\"@id\":\"https:\\\/\\\/quehacerpolitico.mx\\\/#\\\/schema\\\/person\\\/496d8ad2d1d3f8036101dca7ee39e585\"},\"breadcrumb\":{\"@id\":\"https:\\\/\\\/quehacerpolitico.mx\\\/?p=111955#breadcrumb\"},\"inLanguage\":\"es\",\"potentialAction\":[{\"@type\":\"ReadAction\",\"target\":[\"https:\\\/\\\/quehacerpolitico.mx\\\/?p=111955\"]}]},{\"@type\":\"ImageObject\",\"inLanguage\":\"es\",\"@id\":\"https:\\\/\\\/quehacerpolitico.mx\\\/?p=111955#primaryimage\",\"url\":\"https:\\\/\\\/quehacerpolitico.mx\\\/wp-content\\\/uploads\\\/2024\\\/08\\\/IMG_7412.jpeg\",\"contentUrl\":\"https:\\\/\\\/quehacerpolitico.mx\\\/wp-content\\\/uploads\\\/2024\\\/08\\\/IMG_7412.jpeg\",\"width\":1119,\"height\":705,\"caption\":\"Screenshot\"},{\"@type\":\"BreadcrumbList\",\"@id\":\"https:\\\/\\\/quehacerpolitico.mx\\\/?p=111955#breadcrumb\",\"itemListElement\":[{\"@type\":\"ListItem\",\"position\":1,\"name\":\"Inicio\",\"item\":\"https:\\\/\\\/quehacerpolitico.mx\\\/\"},{\"@type\":\"ListItem\",\"position\":2,\"name\":\"AMLO defendi\u00f3 nuevamente al gobernador de Sinaloa, Rub\u00e9n Rocha Moya, tras las revelaciones de Ismael &#8220;El Mayo&#8221; Zambada\"}]},{\"@type\":\"WebSite\",\"@id\":\"https:\\\/\\\/quehacerpolitico.mx\\\/#website\",\"url\":\"https:\\\/\\\/quehacerpolitico.mx\\\/\",\"name\":\"\",\"description\":\"\",\"potentialAction\":[{\"@type\":\"SearchAction\",\"target\":{\"@type\":\"EntryPoint\",\"urlTemplate\":\"https:\\\/\\\/quehacerpolitico.mx\\\/?s={search_term_string}\"},\"query-input\":{\"@type\":\"PropertyValueSpecification\",\"valueRequired\":true,\"valueName\":\"search_term_string\"}}],\"inLanguage\":\"es\"},{\"@type\":\"Person\",\"@id\":\"https:\\\/\\\/quehacerpolitico.mx\\\/#\\\/schema\\\/person\\\/496d8ad2d1d3f8036101dca7ee39e585\",\"name\":\"Redacci\u00f3n QP\",\"image\":{\"@type\":\"ImageObject\",\"inLanguage\":\"es\",\"@id\":\"https:\\\/\\\/secure.gravatar.com\\\/avatar\\\/c7164ed6fdec453195284ad24a5ae5b6e1eed2b848477fa2a4787ba9adf39a41?s=96&d=mm&r=g\",\"url\":\"https:\\\/\\\/secure.gravatar.com\\\/avatar\\\/c7164ed6fdec453195284ad24a5ae5b6e1eed2b848477fa2a4787ba9adf39a41?s=96&d=mm&r=g\",\"contentUrl\":\"https:\\\/\\\/secure.gravatar.com\\\/avatar\\\/c7164ed6fdec453195284ad24a5ae5b6e1eed2b848477fa2a4787ba9adf39a41?s=96&d=mm&r=g\",\"caption\":\"Redacci\u00f3n QP\"},\"url\":\"https:\\\/\\\/quehacerpolitico.mx\\\/?author=2\"}]}<\/script>\n<!-- \/ Yoast SEO plugin. -->","yoast_head_json":{"title":"AMLO defendi\u00f3 nuevamente al gobernador de Sinaloa, Rub\u00e9n Rocha Moya, tras las revelaciones de Ismael \"El Mayo\" Zambada -","robots":{"index":"index","follow":"follow","max-snippet":"max-snippet:-1","max-image-preview":"max-image-preview:large","max-video-preview":"max-video-preview:-1"},"canonical":"https:\/\/quehacerpolitico.mx\/?p=111955","og_locale":"es_MX","og_type":"article","og_title":"AMLO defendi\u00f3 nuevamente al gobernador de Sinaloa, Rub\u00e9n Rocha Moya, tras las revelaciones de Ismael \"El Mayo\" Zambada -","og_description":"Por Redacci\u00f3n QP Desde que se revel\u00f3 una carta del capo, todo el aparato del...","og_url":"https:\/\/quehacerpolitico.mx\/?p=111955","article_published_time":"2024-08-14T15:51:27+00:00","article_modified_time":"2024-08-14T15:51:30+00:00","og_image":[{"width":1119,"height":705,"url":"https:\/\/quehacerpolitico.mx\/wp-content\/uploads\/2024\/08\/IMG_7412.jpeg","type":"image\/jpeg"}],"author":"Redacci\u00f3n QP","twitter_card":"summary_large_image","twitter_misc":{"Escrito por":"Redacci\u00f3n QP","Tiempo de lectura":"3 minutos"},"schema":{"@context":"https:\/\/schema.org","@graph":[{"@type":"Article","@id":"https:\/\/quehacerpolitico.mx\/?p=111955#article","isPartOf":{"@id":"https:\/\/quehacerpolitico.mx\/?p=111955"},"author":{"name":"Redacci\u00f3n QP","@id":"https:\/\/quehacerpolitico.mx\/#\/schema\/person\/496d8ad2d1d3f8036101dca7ee39e585"},"headline":"AMLO defendi\u00f3 nuevamente al gobernador de Sinaloa, Rub\u00e9n Rocha Moya, tras las revelaciones de Ismael &#8220;El Mayo&#8221; Zambada","datePublished":"2024-08-14T15:51:27+00:00","dateModified":"2024-08-14T15:51:30+00:00","mainEntityOfPage":{"@id":"https:\/\/quehacerpolitico.mx\/?p=111955"},"wordCount":573,"commentCount":0,"image":{"@id":"https:\/\/quehacerpolitico.mx\/?p=111955#primaryimage"},"thumbnailUrl":"https:\/\/quehacerpolitico.mx\/wp-content\/uploads\/2024\/08\/IMG_7412.jpeg","articleSection":["Noticias"],"inLanguage":"es","potentialAction":[{"@type":"CommentAction","name":"Comment","target":["https:\/\/quehacerpolitico.mx\/?p=111955#respond"]}]},{"@type":"WebPage","@id":"https:\/\/quehacerpolitico.mx\/?p=111955","url":"https:\/\/quehacerpolitico.mx\/?p=111955","name":"AMLO defendi\u00f3 nuevamente al gobernador de Sinaloa, Rub\u00e9n Rocha Moya, tras las revelaciones de Ismael \"El Mayo\" Zambada -","isPartOf":{"@id":"https:\/\/quehacerpolitico.mx\/#website"},"primaryImageOfPage":{"@id":"https:\/\/quehacerpolitico.mx\/?p=111955#primaryimage"},"image":{"@id":"https:\/\/quehacerpolitico.mx\/?p=111955#primaryimage"},"thumbnailUrl":"https:\/\/quehacerpolitico.mx\/wp-content\/uploads\/2024\/08\/IMG_7412.jpeg","datePublished":"2024-08-14T15:51:27+00:00","dateModified":"2024-08-14T15:51:30+00:00","author":{"@id":"https:\/\/quehacerpolitico.mx\/#\/schema\/person\/496d8ad2d1d3f8036101dca7ee39e585"},"breadcrumb":{"@id":"https:\/\/quehacerpolitico.mx\/?p=111955#breadcrumb"},"inLanguage":"es","potentialAction":[{"@type":"ReadAction","target":["https:\/\/quehacerpolitico.mx\/?p=111955"]}]},{"@type":"ImageObject","inLanguage":"es","@id":"https:\/\/quehacerpolitico.mx\/?p=111955#primaryimage","url":"https:\/\/quehacerpolitico.mx\/wp-content\/uploads\/2024\/08\/IMG_7412.jpeg","contentUrl":"https:\/\/quehacerpolitico.mx\/wp-content\/uploads\/2024\/08\/IMG_7412.jpeg","width":1119,"height":705,"caption":"Screenshot"},{"@type":"BreadcrumbList","@id":"https:\/\/quehacerpolitico.mx\/?p=111955#breadcrumb","itemListElement":[{"@type":"ListItem","position":1,"name":"Inicio","item":"https:\/\/quehacerpolitico.mx\/"},{"@type":"ListItem","position":2,"name":"AMLO defendi\u00f3 nuevamente al gobernador de Sinaloa, Rub\u00e9n Rocha Moya, tras las revelaciones de Ismael &#8220;El Mayo&#8221; Zambada"}]},{"@type":"WebSite","@id":"https:\/\/quehacerpolitico.mx\/#website","url":"https:\/\/quehacerpolitico.mx\/","name":"","description":"","potentialAction":[{"@type":"SearchAction","target":{"@type":"EntryPoint","urlTemplate":"https:\/\/quehacerpolitico.mx\/?s={search_term_string}"},"query-input":{"@type":"PropertyValueSpecification","valueRequired":true,"valueName":"search_term_string"}}],"inLanguage":"es"},{"@type":"Person","@id":"https:\/\/quehacerpolitico.mx\/#\/schema\/person\/496d8ad2d1d3f8036101dca7ee39e585","name":"Redacci\u00f3n QP","image":{"@type":"ImageObject","inLanguage":"es","@id":"https:\/\/secure.gravatar.com\/avatar\/c7164ed6fdec453195284ad24a5ae5b6e1eed2b848477fa2a4787ba9adf39a41?s=96&d=mm&r=g","url":"https:\/\/secure.gravatar.com\/avatar\/c7164ed6fdec453195284ad24a5ae5b6e1eed2b848477fa2a4787ba9adf39a41?s=96&d=mm&r=g","contentUrl":"https:\/\/secure.gravatar.com\/avatar\/c7164ed6fdec453195284ad24a5ae5b6e1eed2b848477fa2a4787ba9adf39a41?s=96&d=mm&r=g","caption":"Redacci\u00f3n QP"},"url":"https:\/\/quehacerpolitico.mx\/?author=2"}]}},"featured_image_urls":{"full":["https:\/\/quehacerpolitico.mx\/wp-content\/uploads\/2024\/08\/IMG_7412.jpeg",1119,705,false],"thumbnail":["https:\/\/quehacerpolitico.mx\/wp-content\/uploads\/2024\/08\/IMG_7412-150x150.jpeg",150,150,true],"medium":["https:\/\/quehacerpolitico.mx\/wp-content\/uploads\/2024\/08\/IMG_7412-300x189.jpeg",300,189,true],"medium_large":["https:\/\/quehacerpolitico.mx\/wp-content\/uploads\/2024\/08\/IMG_7412-768x484.jpeg",640,403,true],"large":["https:\/\/quehacerpolitico.mx\/wp-content\/uploads\/2024\/08\/IMG_7412-1024x645.jpeg",640,403,true],"1536x1536":["https:\/\/quehacerpolitico.mx\/wp-content\/uploads\/2024\/08\/IMG_7412.jpeg",1119,705,false],"2048x2048":["https:\/\/quehacerpolitico.mx\/wp-content\/uploads\/2024\/08\/IMG_7412.jpeg",1119,705,false],"covernews-featured":["https:\/\/quehacerpolitico.mx\/wp-content\/uploads\/2024\/08\/IMG_7412.jpeg",1024,645,false],"covernews-medium":["https:\/\/quehacerpolitico.mx\/wp-content\/uploads\/2024\/08\/IMG_7412.jpeg",540,340,false]},"author_info":{"display_name":"Redacci\u00f3n QP","author_link":"https:\/\/quehacerpolitico.mx\/?author=2"},"category_info":"<a href=\"https:\/\/quehacerpolitico.mx\/?cat=2\" rel=\"category\">Noticias<\/a>","tag_info":"Noticias","comment_count":"0","_links":{"self":[{"href":"https:\/\/quehacerpolitico.mx\/index.php?rest_route=\/wp\/v2\/posts\/111955","targetHints":{"allow":["GET"]}}],"collection":[{"href":"https:\/\/quehacerpolitico.mx\/index.php?rest_route=\/wp\/v2\/posts"}],"about":[{"href":"https:\/\/quehacerpolitico.mx\/index.php?rest_route=\/wp\/v2\/types\/post"}],"author":[{"embeddable":true,"href":"https:\/\/quehacerpolitico.mx\/index.php?rest_route=\/wp\/v2\/users\/2"}],"replies":[{"embeddable":true,"href":"https:\/\/quehacerpolitico.mx\/index.php?rest_route=%2Fwp%2Fv2%2Fcomments&post=111955"}],"version-history":[{"count":1,"href":"https:\/\/quehacerpolitico.mx\/index.php?rest_route=\/wp\/v2\/posts\/111955\/revisions"}],"predecessor-version":[{"id":111957,"href":"https:\/\/quehacerpolitico.mx\/index.php?rest_route=\/wp\/v2\/posts\/111955\/revisions\/111957"}],"wp:featuredmedia":[{"embeddable":true,"href":"https:\/\/quehacerpolitico.mx\/index.php?rest_route=\/wp\/v2\/media\/111956"}],"wp:attachment":[{"href":"https:\/\/quehacerpolitico.mx\/index.php?rest_route=%2Fwp%2Fv2%2Fmedia&parent=111955"}],"wp:term":[{"taxonomy":"category","embeddable":true,"href":"https:\/\/quehacerpolitico.mx\/index.php?rest_route=%2Fwp%2Fv2%2Fcategories&post=111955"},{"taxonomy":"post_tag","embeddable":true,"href":"https:\/\/quehacerpolitico.mx\/index.php?rest_route=%2Fwp%2Fv2%2Ftags&post=111955"}],"curies":[{"name":"wp","href":"https:\/\/api.w.org\/{rel}","templated":true}]}}