{"id":11190,"date":"2018-12-07T16:33:30","date_gmt":"2018-12-07T16:33:30","guid":{"rendered":"http:\/\/quehacerpolitico.mx\/la-haya-acepta-demanda-contra-epn-por-corrupcion-sistematica-y-crimenes-de-lesa-humanidad\/"},"modified":"2018-12-07T16:33:30","modified_gmt":"2018-12-07T16:33:30","slug":"la-haya-acepta-demanda-contra-epn-por-corrupcion-sistematica-y-crimenes-de-lesa-humanidad","status":"publish","type":"post","link":"https:\/\/quehacerpolitico.mx\/?p=11190","title":{"rendered":"La Haya acepta demanda contra EPN por \u201ccorrupci\u00f3n sistem\u00e1tica\u201d y \u201ccr\u00edmenes de lesa humanidad\u201d"},"content":{"rendered":"<h1>La Haya acepta demanda contra EPN por \u201ccorrupci\u00f3n sistem\u00e1tica\u201d y \u201ccr\u00edmenes de lesa humanidad\u201d<\/h1>\n<p>Por Redacci\u00f3n QP<\/p>\n<p>Luego de dejar el cargo el pasado 1 de diciembre, el ex Presidente <strong>Enrique Pe\u00f1a Nieto<\/strong> se coloca en el centro del debate p\u00fablico porque podr\u00eda convertirse en el primer mandatario mexicano en ser juzgado <strong>por cr\u00edmenes de lesa humanidad<\/strong>.<\/p>\n<blockquote>\n<p>El originario de Atlacomulco, Estado de M\u00e9xico, abandon\u00f3 el Poder Ejecutivo dejando una sensaci\u00f3n de impunidad entre los mexicanos por los esc\u00e1ndalos sin castigo que envolvieron a su gesti\u00f3n. En la memoria popular todav\u00eda est\u00e1n presentes las masacres de Tlatlaya, Apatzing\u00e1n, Tanhuato, Ostula, la desaparici\u00f3n de los 43 estudiantes de Ayotzinapa o los sobornos millonarios de Odebrecht.<\/p>\n<div id=\"attachment_3468557\" class=\"wp-caption alignnone\"><img loading=\"lazy\" decoding=\"async\" class=\"size-full wp-image-3468557\" src=\"https:\/\/www.sinembargo.mx\/wp-content\/uploads\/2018\/09\/emilio-lozoya-pemex.jpeg\" sizes=\"auto, (max-width: 700px) 100vw, 700px\" srcset=\"https:\/\/www.sinembargo.mx\/wp-content\/uploads\/2018\/09\/emilio-lozoya-pemex.jpeg 700w, https:\/\/www.sinembargo.mx\/wp-content\/uploads\/2018\/09\/emilio-lozoya-pemex-300x199.jpeg 300w\" alt=\"\" width=\"700\" height=\"465\" \/><\/p>\n<p class=\"wp-caption-text\">Emilio Lozoya Austin, ex Director de Pemex. Foto: Diego Sim\u00f3n S\u00e1nchez, Cuartoscuro.<\/p>\n<\/div>\n<p>El nuevo Gobierno, encabezado por el Presidente Andr\u00e9s Manuel L\u00f3pez Obrador, ha aludido a la pol\u00edtica de \u201cpunto final\u201d para justificar su negativa a juzgar a ex funcionarios p\u00fablicos, a pesar de que una franja amplia de sus electores ha pedido aplicarles el peso de la Ley. En este contexto, la <strong>Corte Internacional de Justicia de<\/strong> <strong>La Haya<\/strong> admiti\u00f3 ayer analizar una demanda contra <strong>Pe\u00f1a Nieto<\/strong> por <strong>cr\u00edmenes de lesa humanidad<\/strong> y <strong>corrupci\u00f3n sistematizada<\/strong>.<\/p>\n<div id=\"attachment_3506386\" class=\"wp-caption alignnone\"><img loading=\"lazy\" decoding=\"async\" class=\"size-full wp-image-3506386\" src=\"https:\/\/www.sinembargo.mx\/wp-content\/uploads\/2018\/12\/conferencia_amlo-1_7.jpg\" sizes=\"auto, (max-width: 700px) 100vw, 700px\" srcset=\"https:\/\/www.sinembargo.mx\/wp-content\/uploads\/2018\/12\/conferencia_amlo-1_7.jpg 700w, https:\/\/www.sinembargo.mx\/wp-content\/uploads\/2018\/12\/conferencia_amlo-1_7-300x200.jpg 300w\" alt=\"\" width=\"700\" height=\"467\" \/><\/p>\n<p class=\"wp-caption-text\">El Presidente Andr\u00e9s Manuel L\u00f3pez Obrador durante una conferencia de prensa. Foto: Cuartoscuro<\/p>\n<\/div>\n<p>Por medio de una carta emitida desde la oficina del Fiscal Internacional, Gilberto Lozano, representante de la organizaci\u00f3n Congreso Nacional Ciudadano, fue notificado este jueves de que las acusaciones contra el ex Presidente y sus colaboradores ser\u00edan sometidas a evaluaci\u00f3n para resolver si son atra\u00eddas por la jurisdicci\u00f3n de la Corte y por ende se inicia una investigaci\u00f3n.<\/p>\n<blockquote>\n<p>\u201cLa oficina est\u00e1 analizando las acusaciones identificadas en su comunicaci\u00f3n, con la asistencia de otra comunicaci\u00f3n relacionada y otra informaci\u00f3n disponible. El prop\u00f3sito de este an\u00e1lisis es evaluar si, sobre la base de la informaci\u00f3n disponible, los presuntos delitos parecen estar dentro de la jurisdicci\u00f3n de la corte penal internacional y, por lo tanto, justifican la apertura de un examen preliminar de la situaci\u00f3n\u201d, se lee en el oficio fechado el 6 de diciembre del 2018.<\/p>\n<\/blockquote>\n<p>La admisi\u00f3n del organismo es relevante no s\u00f3lo porque contempla una posible investigaci\u00f3n contra un ex Presidente mexicano por <strong>cr\u00edmenes de lesa humanidad<\/strong>, sino adem\u00e1s lo har\u00eda por <strong>corrupci\u00f3n<\/strong>, el gran problema que marc\u00f3 a la administraci\u00f3n priista reci\u00e9n concluida.<\/p>\n<div id=\"attachment_3507839\" class=\"wp-caption alignnone\"><img loading=\"lazy\" decoding=\"async\" class=\"size-full wp-image-3507839\" src=\"https:\/\/www.sinembargo.mx\/wp-content\/uploads\/2018\/12\/epn-la-haya.png\" sizes=\"auto, (max-width: 700px) 100vw, 700px\" srcset=\"https:\/\/www.sinembargo.mx\/wp-content\/uploads\/2018\/12\/epn-la-haya.png 700w, https:\/\/www.sinembargo.mx\/wp-content\/uploads\/2018\/12\/epn-la-haya-255x300.png 255w\" alt=\"\" width=\"700\" height=\"822\" \/><\/p>\n<p class=\"wp-caption-text\">Foto: Vice<\/p>\n<\/div>\n<p>En caso de que la Corte de <strong>La Haya<\/strong> resuelva que las acusaciones son de su competencia y est\u00e1n fundamentadas, se comenzar\u00eda una investigaci\u00f3n en contra de Pe\u00f1a Nieto y quien resulte responsable de los delitos que se se\u00f1alan. \u201cEs in\u00e9dito, porque nunca hab\u00eda llegado un segundo oficio de la Corte Penal Internacional con casos mexicanos\u201d, dice Lozano a <em>VICE<\/em>.<\/p>\n<div id=\"attachment_3507811\" class=\"wp-caption alignnone\"><img loading=\"lazy\" decoding=\"async\" class=\"size-full wp-image-3507811\" src=\"https:\/\/www.sinembargo.mx\/wp-content\/uploads\/2018\/12\/caso-ayotzinapa.jpg\" sizes=\"auto, (max-width: 700px) 100vw, 700px\" srcset=\"https:\/\/www.sinembargo.mx\/wp-content\/uploads\/2018\/12\/caso-ayotzinapa.jpg 700w, https:\/\/www.sinembargo.mx\/wp-content\/uploads\/2018\/12\/caso-ayotzinapa-300x200.jpg 300w\" alt=\"\" width=\"700\" height=\"467\" \/><\/p>\n<p class=\"wp-caption-text\">Padres, madres y compa\u00f1eros de los 43 normalistas desaparecidos de Ayotzinapa exigen justicia a m\u00e1s de 50 meses de que ocurri\u00f3. Foto: Ilse Huesca, Cuartoscuro.<\/p>\n<\/div>\n<p><strong>G\u00c9NESIS DE UNA DENUNCIA<\/strong><\/p>\n<p>El 23 de diciembre de 2016, Gilberto Lozano inici\u00f3 el camino de las demandas al se\u00f1alar a <strong>Pe\u00f1a Nieto<\/strong> por pr\u00e1cticas corruptas en colusi\u00f3n con Grupo Higa, por lo que integrantes de la asociaci\u00f3n a la que pertenece solicitaron ante la Procuradur\u00eda General de la Rep\u00fablica (PGR) juicio pol\u00edtico en contra del entonces Presidente de M\u00e9xico, por traici\u00f3n a la patria.<\/p>\n<p>Aunque no les hicieron caso, ambas denuncias sirvieron como antecedente de inacci\u00f3n por parte de las autoridades locales, argumentos que luego fueron presentados en la corte holandesa.<\/p>\n<blockquote>\n<p>Para noviembre de 2017, con el apoyo moral de 87 mil firmantes que ped\u00edan juicio a EPN, Gilberto y un grupo de compa\u00f1eros se presentaron en <strong>La Haya<\/strong>con una denuncia formal donde acusaron al mandatario mexicano y a su Gobierno por dos temas fundamentales: cr\u00edmenes de lesa humanidad donde incluyeron los casos de Ayotzinapa, Tlatlaya, Tanhuato, Ostula, Apatzing\u00e1n y Nochixtl\u00e1n. Tambi\u00e9n formularon acusaciones por <strong>corrupci\u00f3n sistematizada<\/strong>, donde se\u00f1alan los casos de Grupo Higa, OHL y Odebrecht.<\/p>\n<\/blockquote>\n<p>Esa no fue la primera ocasi\u00f3n en que ciudadanos mexicanos acud\u00edan a La Haya a presentar una denuncia. En el ocaso de su Gobierno, un grupo de ciudadanos denunci\u00f3 a Felipe Calder\u00f3n por cr\u00edmenes de lesa humanidad cometidos durante la guerra contra las drogas que orden\u00f3. De igual forma, Samuel Garc\u00eda, Senador regiomontano por Movimiento Ciudadano (MC), denunci\u00f3 al ex Gobernador de Veracruz, Javier Duarte, por las presuntas quimioterapias con agua para ni\u00f1os. En dichos casos las denuncias fueron desechadas por la Corte Internacional.<\/p>\n<div id=\"attachment_3483171\" class=\"wp-caption alignnone\"><img loading=\"lazy\" decoding=\"async\" class=\"size-full wp-image-3483171\" src=\"https:\/\/www.sinembargo.mx\/wp-content\/uploads\/2018\/10\/javier_duarte_comparecencia_-3.jpg\" sizes=\"auto, (max-width: 700px) 100vw, 700px\" srcset=\"https:\/\/www.sinembargo.mx\/wp-content\/uploads\/2018\/10\/javier_duarte_comparecencia_-3.jpg 700w, https:\/\/www.sinembargo.mx\/wp-content\/uploads\/2018\/10\/javier_duarte_comparecencia_-3-300x159.jpg 300w\" alt=\"\" width=\"700\" height=\"370\" \/><\/p>\n<p class=\"wp-caption-text\">Javier Duarte de Ochoa, ex Gobernador de Veracruz, durante su arribo a Torre de Tribunales, y audiencia en el Organismo Judicial, para comparecer en su segunda audiencia de deportaci\u00f3n desde Guatemala. Foto: William Guliarte, Cuartoscuro<\/p>\n<\/div>\n<p><strong>TIEMPOS LARGOS\u00a0<\/strong><\/p>\n<p>La denuncia de Lozano y la organizaci\u00f3n Congreso Nacional Ciudadano tuvo respuesta m\u00e1s de un a\u00f1o despu\u00e9s de entregarse, pero es la primera que llega hasta esta instancia. \u201cYo pienso que ellos esperaron hasta que saliera Pe\u00f1a Nieto del poder, porque es demasiado coincidente que apenas entregando el poder el 1 de diciembre y el 6 ya me est\u00e1n mandando esto que esperamos meses\u201d, comenta Lozano a <em>VICE<\/em>.<\/p>\n<p>De acuerdo con el documento fechado el 6 de diciembre, a partir de ahora en Holanda comenzar\u00e1n a evaluar las denuncias presentadas contra EPN para determinar si los presuntos delitos entran en su jurisdicci\u00f3n.<\/p>\n<p>Lozano explica que s\u00f3lo existen dos caminos: en el peor de los casos la Corte desechar\u00e1 la denuncia, pero en caso de encontrar elementos podr\u00edan llamarlos para que fundamenten sus acusaciones y si encuentran elementos, una comitiva viajar\u00eda a M\u00e9xico para iniciar una investigaci\u00f3n independiente en los sitios se\u00f1alados.<\/p>\n<blockquote>\n<p>\u201cEllos tienen su c\u00e1rcel, su tribunal y en ese momento se escapa completamente de la influencia, c\u00f3mplices, perdonadores, la amnist\u00eda de L\u00f3pez Obrador\u201d, comenta Lozano sobre la credibilidad del Tribunal de La Haya, aunque por los tiempos que tardan sus procesos espera tener respuestas en cuatro o cinco meses.<\/p>\n<\/blockquote>\n<div id=\"attachment_3507810\" class=\"wp-caption alignnone\"><img loading=\"lazy\" decoding=\"async\" class=\"size-full wp-image-3507810\" src=\"https:\/\/www.sinembargo.mx\/wp-content\/uploads\/2018\/12\/bronco-investigacion.jpg\" sizes=\"auto, (max-width: 700px) 100vw, 700px\" srcset=\"https:\/\/www.sinembargo.mx\/wp-content\/uploads\/2018\/12\/bronco-investigacion.jpg 700w, https:\/\/www.sinembargo.mx\/wp-content\/uploads\/2018\/12\/bronco-investigacion-300x214.jpg 300w\" alt=\"\" width=\"700\" height=\"499\" \/><\/p>\n<p class=\"wp-caption-text\">Jaime Rodr\u00edguez Calder\u00f3n, conocido como \u201cEl Bronco\u201d. Foto: Sa\u00fal L\u00f3pez, Cuartoscuro.<\/p>\n<\/div>\n<p><strong>PODER REGIO\u00a0<\/strong><\/p>\n<p>Gilberto Lozano es integrante y el rostro m\u00e1s visible de la organizaci\u00f3n Congreso Nacional Ciudadano, una asociaci\u00f3n originaria de Monterrey que se define como un conjunto de redes ciudadanas independientes y apartidistas, quienes enarbolan el ejercicio del art\u00edculo 39 constitucional y el poder del pueblo sobre la clase pol\u00edtica y sus gobernantes.<\/p>\n<p>La organizaci\u00f3n que en su momento se pronunci\u00f3 por la eliminaci\u00f3n del fuero en la clase pol\u00edtica, por considerarlo motor de corrupci\u00f3n y violaciones de los derechos humanos, asegura contar con m\u00e1s de un mill\u00f3n de integrantes. Entre sus filas figura el activista chihuahuense Juli\u00e1n LeBar\u00f3n.<\/p>\n<blockquote>\n<p>Congreso Nacional Ciudadano, que en su momento denunci\u00f3 al Gobernador de Nuevo Le\u00f3n, Jaime Rodr\u00edguez, \u201cEl Bronco\u201d, por delitos electorales, cuenta en su sitio web con un dec\u00e1logo con acciones donde llaman a vigilar el trabajo de los servidores p\u00fablicos. Adem\u00e1s, cuentan con una lista de los integrantes expulsados por violar dicho dec\u00e1logo, donde resalta la Diputada de Morena, Tatiana Clouthier, por \u201candar de mandadera del Peje, cuando hab\u00eda firmado que no buscaba hueso\u201d.<\/p>\n<\/blockquote>\n<p>Aunque se sabe poco de sus dem\u00e1s miembros, esta organizaci\u00f3n ciudadana surgida en 2009 se ha colocado dentro del debate p\u00fablico debido a que el Presidente L\u00f3pez Obrador ha dicho que no est\u00e1 entre sus prioridades llevar a juicio a ex funcionarios p\u00fablicos, pero en una entrevista con la periodista Carmen Aristegui admiti\u00f3 que realizar\u00eda una consulta popular para saber si los mexicanos quieren que los ex presidentes de la Rep\u00fablica sean juzgados. En este contexto, la Corte de La Haya admiti\u00f3 analizar la demanda de la organizaci\u00f3n civil.<\/p>\n<p>Con Informaci\u00f3n de Vice.com<\/p>\n<\/blockquote>\n","protected":false},"excerpt":{"rendered":"<p>La Haya acepta demanda contra EPN por \u201ccorrupci\u00f3n sistem\u00e1tica\u201d y \u201ccr\u00edmenes de lesa humanidad\u201d<br \/>\nPor Redacci\u00f3n QP<\/p>\n","protected":false},"author":2,"featured_media":11189,"comment_status":"open","ping_status":"open","sticky":false,"template":"","format":"standard","meta":{"_monsterinsights_skip_tracking":false,"_monsterinsights_sitenote_active":false,"_monsterinsights_sitenote_note":"","_monsterinsights_sitenote_category":0,"footnotes":""},"categories":[2],"tags":[],"class_list":["post-11190","post","type-post","status-publish","format-standard","has-post-thumbnail","hentry","category-noticias"],"yoast_head":"<!-- This site is optimized with the Yoast SEO plugin v27.3 - https:\/\/yoast.com\/product\/yoast-seo-wordpress\/ -->\n<title>La Haya acepta demanda contra EPN por \u201ccorrupci\u00f3n sistem\u00e1tica\u201d y \u201ccr\u00edmenes de lesa humanidad\u201d -<\/title>\n<meta name=\"robots\" content=\"index, follow, max-snippet:-1, max-image-preview:large, max-video-preview:-1\" \/>\n<link rel=\"canonical\" href=\"https:\/\/quehacerpolitico.mx\/?p=11190\" \/>\n<meta property=\"og:locale\" content=\"es_MX\" \/>\n<meta property=\"og:type\" content=\"article\" \/>\n<meta property=\"og:title\" content=\"La Haya acepta demanda contra EPN por \u201ccorrupci\u00f3n sistem\u00e1tica\u201d y \u201ccr\u00edmenes de lesa humanidad\u201d -\" \/>\n<meta property=\"og:description\" content=\"La Haya acepta demanda contra EPN por \u201ccorrupci\u00f3n sistem\u00e1tica\u201d y \u201ccr\u00edmenes de lesa humanidad\u201d Por Redacci\u00f3n QP\" \/>\n<meta property=\"og:url\" content=\"https:\/\/quehacerpolitico.mx\/?p=11190\" \/>\n<meta property=\"article:published_time\" content=\"2018-12-07T16:33:30+00:00\" \/>\n<meta name=\"author\" content=\"Redacci\u00f3n QP\" \/>\n<meta name=\"twitter:card\" content=\"summary_large_image\" \/>\n<meta name=\"twitter:label1\" content=\"Escrito por\" \/>\n\t<meta name=\"twitter:data1\" content=\"Redacci\u00f3n QP\" \/>\n\t<meta name=\"twitter:label2\" content=\"Tiempo de lectura\" \/>\n\t<meta name=\"twitter:data2\" content=\"7 minutos\" \/>\n<script type=\"application\/ld+json\" class=\"yoast-schema-graph\">{\"@context\":\"https:\\\/\\\/schema.org\",\"@graph\":[{\"@type\":\"Article\",\"@id\":\"https:\\\/\\\/quehacerpolitico.mx\\\/?p=11190#article\",\"isPartOf\":{\"@id\":\"https:\\\/\\\/quehacerpolitico.mx\\\/?p=11190\"},\"author\":{\"name\":\"Redacci\u00f3n QP\",\"@id\":\"https:\\\/\\\/quehacerpolitico.mx\\\/#\\\/schema\\\/person\\\/496d8ad2d1d3f8036101dca7ee39e585\"},\"headline\":\"La Haya acepta demanda contra EPN por \u201ccorrupci\u00f3n sistem\u00e1tica\u201d y \u201ccr\u00edmenes de lesa humanidad\u201d\",\"datePublished\":\"2018-12-07T16:33:30+00:00\",\"mainEntityOfPage\":{\"@id\":\"https:\\\/\\\/quehacerpolitico.mx\\\/?p=11190\"},\"wordCount\":1381,\"commentCount\":0,\"image\":{\"@id\":\"https:\\\/\\\/quehacerpolitico.mx\\\/?p=11190#primaryimage\"},\"thumbnailUrl\":\"\",\"articleSection\":[\"Noticias\"],\"inLanguage\":\"es\",\"potentialAction\":[{\"@type\":\"CommentAction\",\"name\":\"Comment\",\"target\":[\"https:\\\/\\\/quehacerpolitico.mx\\\/?p=11190#respond\"]}]},{\"@type\":\"WebPage\",\"@id\":\"https:\\\/\\\/quehacerpolitico.mx\\\/?p=11190\",\"url\":\"https:\\\/\\\/quehacerpolitico.mx\\\/?p=11190\",\"name\":\"La Haya acepta demanda contra EPN por \u201ccorrupci\u00f3n sistem\u00e1tica\u201d y \u201ccr\u00edmenes de lesa humanidad\u201d -\",\"isPartOf\":{\"@id\":\"https:\\\/\\\/quehacerpolitico.mx\\\/#website\"},\"primaryImageOfPage\":{\"@id\":\"https:\\\/\\\/quehacerpolitico.mx\\\/?p=11190#primaryimage\"},\"image\":{\"@id\":\"https:\\\/\\\/quehacerpolitico.mx\\\/?p=11190#primaryimage\"},\"thumbnailUrl\":\"\",\"datePublished\":\"2018-12-07T16:33:30+00:00\",\"author\":{\"@id\":\"https:\\\/\\\/quehacerpolitico.mx\\\/#\\\/schema\\\/person\\\/496d8ad2d1d3f8036101dca7ee39e585\"},\"breadcrumb\":{\"@id\":\"https:\\\/\\\/quehacerpolitico.mx\\\/?p=11190#breadcrumb\"},\"inLanguage\":\"es\",\"potentialAction\":[{\"@type\":\"ReadAction\",\"target\":[\"https:\\\/\\\/quehacerpolitico.mx\\\/?p=11190\"]}]},{\"@type\":\"ImageObject\",\"inLanguage\":\"es\",\"@id\":\"https:\\\/\\\/quehacerpolitico.mx\\\/?p=11190#primaryimage\",\"url\":\"\",\"contentUrl\":\"\"},{\"@type\":\"BreadcrumbList\",\"@id\":\"https:\\\/\\\/quehacerpolitico.mx\\\/?p=11190#breadcrumb\",\"itemListElement\":[{\"@type\":\"ListItem\",\"position\":1,\"name\":\"Inicio\",\"item\":\"https:\\\/\\\/quehacerpolitico.mx\\\/\"},{\"@type\":\"ListItem\",\"position\":2,\"name\":\"La Haya acepta demanda contra EPN por \u201ccorrupci\u00f3n sistem\u00e1tica\u201d y \u201ccr\u00edmenes de lesa humanidad\u201d\"}]},{\"@type\":\"WebSite\",\"@id\":\"https:\\\/\\\/quehacerpolitico.mx\\\/#website\",\"url\":\"https:\\\/\\\/quehacerpolitico.mx\\\/\",\"name\":\"\",\"description\":\"\",\"potentialAction\":[{\"@type\":\"SearchAction\",\"target\":{\"@type\":\"EntryPoint\",\"urlTemplate\":\"https:\\\/\\\/quehacerpolitico.mx\\\/?s={search_term_string}\"},\"query-input\":{\"@type\":\"PropertyValueSpecification\",\"valueRequired\":true,\"valueName\":\"search_term_string\"}}],\"inLanguage\":\"es\"},{\"@type\":\"Person\",\"@id\":\"https:\\\/\\\/quehacerpolitico.mx\\\/#\\\/schema\\\/person\\\/496d8ad2d1d3f8036101dca7ee39e585\",\"name\":\"Redacci\u00f3n QP\",\"image\":{\"@type\":\"ImageObject\",\"inLanguage\":\"es\",\"@id\":\"https:\\\/\\\/secure.gravatar.com\\\/avatar\\\/c7164ed6fdec453195284ad24a5ae5b6e1eed2b848477fa2a4787ba9adf39a41?s=96&d=mm&r=g\",\"url\":\"https:\\\/\\\/secure.gravatar.com\\\/avatar\\\/c7164ed6fdec453195284ad24a5ae5b6e1eed2b848477fa2a4787ba9adf39a41?s=96&d=mm&r=g\",\"contentUrl\":\"https:\\\/\\\/secure.gravatar.com\\\/avatar\\\/c7164ed6fdec453195284ad24a5ae5b6e1eed2b848477fa2a4787ba9adf39a41?s=96&d=mm&r=g\",\"caption\":\"Redacci\u00f3n QP\"},\"url\":\"https:\\\/\\\/quehacerpolitico.mx\\\/?author=2\"}]}<\/script>\n<!-- \/ Yoast SEO plugin. -->","yoast_head_json":{"title":"La Haya acepta demanda contra EPN por \u201ccorrupci\u00f3n sistem\u00e1tica\u201d y \u201ccr\u00edmenes de lesa humanidad\u201d -","robots":{"index":"index","follow":"follow","max-snippet":"max-snippet:-1","max-image-preview":"max-image-preview:large","max-video-preview":"max-video-preview:-1"},"canonical":"https:\/\/quehacerpolitico.mx\/?p=11190","og_locale":"es_MX","og_type":"article","og_title":"La Haya acepta demanda contra EPN por \u201ccorrupci\u00f3n sistem\u00e1tica\u201d y \u201ccr\u00edmenes de lesa humanidad\u201d -","og_description":"La Haya acepta demanda contra EPN por \u201ccorrupci\u00f3n sistem\u00e1tica\u201d y \u201ccr\u00edmenes de lesa humanidad\u201d Por Redacci\u00f3n QP","og_url":"https:\/\/quehacerpolitico.mx\/?p=11190","article_published_time":"2018-12-07T16:33:30+00:00","author":"Redacci\u00f3n QP","twitter_card":"summary_large_image","twitter_misc":{"Escrito por":"Redacci\u00f3n QP","Tiempo de lectura":"7 minutos"},"schema":{"@context":"https:\/\/schema.org","@graph":[{"@type":"Article","@id":"https:\/\/quehacerpolitico.mx\/?p=11190#article","isPartOf":{"@id":"https:\/\/quehacerpolitico.mx\/?p=11190"},"author":{"name":"Redacci\u00f3n QP","@id":"https:\/\/quehacerpolitico.mx\/#\/schema\/person\/496d8ad2d1d3f8036101dca7ee39e585"},"headline":"La Haya acepta demanda contra EPN por \u201ccorrupci\u00f3n sistem\u00e1tica\u201d y \u201ccr\u00edmenes de lesa humanidad\u201d","datePublished":"2018-12-07T16:33:30+00:00","mainEntityOfPage":{"@id":"https:\/\/quehacerpolitico.mx\/?p=11190"},"wordCount":1381,"commentCount":0,"image":{"@id":"https:\/\/quehacerpolitico.mx\/?p=11190#primaryimage"},"thumbnailUrl":"","articleSection":["Noticias"],"inLanguage":"es","potentialAction":[{"@type":"CommentAction","name":"Comment","target":["https:\/\/quehacerpolitico.mx\/?p=11190#respond"]}]},{"@type":"WebPage","@id":"https:\/\/quehacerpolitico.mx\/?p=11190","url":"https:\/\/quehacerpolitico.mx\/?p=11190","name":"La Haya acepta demanda contra EPN por \u201ccorrupci\u00f3n sistem\u00e1tica\u201d y \u201ccr\u00edmenes de lesa humanidad\u201d -","isPartOf":{"@id":"https:\/\/quehacerpolitico.mx\/#website"},"primaryImageOfPage":{"@id":"https:\/\/quehacerpolitico.mx\/?p=11190#primaryimage"},"image":{"@id":"https:\/\/quehacerpolitico.mx\/?p=11190#primaryimage"},"thumbnailUrl":"","datePublished":"2018-12-07T16:33:30+00:00","author":{"@id":"https:\/\/quehacerpolitico.mx\/#\/schema\/person\/496d8ad2d1d3f8036101dca7ee39e585"},"breadcrumb":{"@id":"https:\/\/quehacerpolitico.mx\/?p=11190#breadcrumb"},"inLanguage":"es","potentialAction":[{"@type":"ReadAction","target":["https:\/\/quehacerpolitico.mx\/?p=11190"]}]},{"@type":"ImageObject","inLanguage":"es","@id":"https:\/\/quehacerpolitico.mx\/?p=11190#primaryimage","url":"","contentUrl":""},{"@type":"BreadcrumbList","@id":"https:\/\/quehacerpolitico.mx\/?p=11190#breadcrumb","itemListElement":[{"@type":"ListItem","position":1,"name":"Inicio","item":"https:\/\/quehacerpolitico.mx\/"},{"@type":"ListItem","position":2,"name":"La Haya acepta demanda contra EPN por \u201ccorrupci\u00f3n sistem\u00e1tica\u201d y \u201ccr\u00edmenes de lesa humanidad\u201d"}]},{"@type":"WebSite","@id":"https:\/\/quehacerpolitico.mx\/#website","url":"https:\/\/quehacerpolitico.mx\/","name":"","description":"","potentialAction":[{"@type":"SearchAction","target":{"@type":"EntryPoint","urlTemplate":"https:\/\/quehacerpolitico.mx\/?s={search_term_string}"},"query-input":{"@type":"PropertyValueSpecification","valueRequired":true,"valueName":"search_term_string"}}],"inLanguage":"es"},{"@type":"Person","@id":"https:\/\/quehacerpolitico.mx\/#\/schema\/person\/496d8ad2d1d3f8036101dca7ee39e585","name":"Redacci\u00f3n QP","image":{"@type":"ImageObject","inLanguage":"es","@id":"https:\/\/secure.gravatar.com\/avatar\/c7164ed6fdec453195284ad24a5ae5b6e1eed2b848477fa2a4787ba9adf39a41?s=96&d=mm&r=g","url":"https:\/\/secure.gravatar.com\/avatar\/c7164ed6fdec453195284ad24a5ae5b6e1eed2b848477fa2a4787ba9adf39a41?s=96&d=mm&r=g","contentUrl":"https:\/\/secure.gravatar.com\/avatar\/c7164ed6fdec453195284ad24a5ae5b6e1eed2b848477fa2a4787ba9adf39a41?s=96&d=mm&r=g","caption":"Redacci\u00f3n QP"},"url":"https:\/\/quehacerpolitico.mx\/?author=2"}]}},"featured_image_urls":{"full":"","thumbnail":"","medium":"","medium_large":"","large":"","1536x1536":"","2048x2048":"","covernews-featured":"","covernews-medium":""},"author_info":{"display_name":"Redacci\u00f3n QP","author_link":"https:\/\/quehacerpolitico.mx\/?author=2"},"category_info":"<a href=\"https:\/\/quehacerpolitico.mx\/?cat=2\" rel=\"category\">Noticias<\/a>","tag_info":"Noticias","comment_count":"0","_links":{"self":[{"href":"https:\/\/quehacerpolitico.mx\/index.php?rest_route=\/wp\/v2\/posts\/11190","targetHints":{"allow":["GET"]}}],"collection":[{"href":"https:\/\/quehacerpolitico.mx\/index.php?rest_route=\/wp\/v2\/posts"}],"about":[{"href":"https:\/\/quehacerpolitico.mx\/index.php?rest_route=\/wp\/v2\/types\/post"}],"author":[{"embeddable":true,"href":"https:\/\/quehacerpolitico.mx\/index.php?rest_route=\/wp\/v2\/users\/2"}],"replies":[{"embeddable":true,"href":"https:\/\/quehacerpolitico.mx\/index.php?rest_route=%2Fwp%2Fv2%2Fcomments&post=11190"}],"version-history":[{"count":0,"href":"https:\/\/quehacerpolitico.mx\/index.php?rest_route=\/wp\/v2\/posts\/11190\/revisions"}],"wp:featuredmedia":[{"embeddable":true,"href":"https:\/\/quehacerpolitico.mx\/index.php?rest_route=\/"}],"wp:attachment":[{"href":"https:\/\/quehacerpolitico.mx\/index.php?rest_route=%2Fwp%2Fv2%2Fmedia&parent=11190"}],"wp:term":[{"taxonomy":"category","embeddable":true,"href":"https:\/\/quehacerpolitico.mx\/index.php?rest_route=%2Fwp%2Fv2%2Fcategories&post=11190"},{"taxonomy":"post_tag","embeddable":true,"href":"https:\/\/quehacerpolitico.mx\/index.php?rest_route=%2Fwp%2Fv2%2Ftags&post=11190"}],"curies":[{"name":"wp","href":"https:\/\/api.w.org\/{rel}","templated":true}]}}