{"id":111897,"date":"2024-08-12T18:32:18","date_gmt":"2024-08-12T18:32:18","guid":{"rendered":"https:\/\/quehacerpolitico.mx\/?p=111897"},"modified":"2024-08-12T18:32:20","modified_gmt":"2024-08-12T18:32:20","slug":"amlo-dice-que-no-sabian-que-un-comandante-de-la-fiscalia-de-sinaloa-le-daba-proteccion-al-mayo-zambada","status":"publish","type":"post","link":"https:\/\/quehacerpolitico.mx\/?p=111897","title":{"rendered":"AMLO dice que no sab\u00edan que un comandante de la Fiscal\u00eda de Sinaloa le daba protecci\u00f3n al &#8220;Mayo&#8221; Zambada"},"content":{"rendered":"\n<p>Por Redacci\u00f3n QP<\/p>\n\n\n\n<p>El mandatario sigue sin recibir la informaci\u00f3n sobre la detenci\u00f3n de &#8220;El Mayo&#8221; y un hijo de &#8220;El Chapo&#8221; por parte de Estados Unidos y dijo que &#8220;al presidente de M\u00e9xico se le respeta&#8221;<\/p>\n\n\n\n<figure class=\"wp-block-embed is-type-rich is-provider-twitter wp-block-embed-twitter\"><div class=\"wp-block-embed__wrapper\">\n<blockquote class=\"twitter-tweet\" data-width=\"550\" data-dnt=\"true\"><p lang=\"es\" dir=\"ltr\">A m\u00e1s de dos semanas, el presidente sigue con m\u00e1s preguntas que respuestas sobre la detenci\u00f3n del &#39;Mayo&#39; y Joaqu\u00edn Guzm\u00e1n L\u00f3pez <br><br>Pide a EU \ud83c\uddfa\ud83c\uddf8 datos sobre cu\u00e1ndo, con qui\u00e9n y cu\u00e1l fue el acuerdo &quot;si hubo&quot; <a href=\"https:\/\/t.co\/HpgKQzS8Gf\">pic.twitter.com\/HpgKQzS8Gf<\/a><\/p>&mdash; Manuel Lopez San Martin (@MLopezSanMartin) <a href=\"https:\/\/twitter.com\/MLopezSanMartin\/status\/1823035940073300095?ref_src=twsrc%5Etfw\">August 12, 2024<\/a><\/blockquote><script async src=\"https:\/\/platform.twitter.com\/widgets.js\" charset=\"utf-8\"><\/script>\n<\/div><\/figure>\n\n\n\n<p>El presidente\u00a0<strong>Andr\u00e9s Manuel L\u00f3pez Obrador\u00a0<\/strong>confirm\u00f3 en su conferencia matutina que el polic\u00eda de investigaci\u00f3n que acompa\u00f1aba a\u00a0<strong>Ismael &#8220;El Mayo&#8221; Zambada<\/strong> cuando se reuni\u00f3\u00a0con Joaqu\u00edn Guzm\u00e1n L\u00f3pez previo a viajar a Estados Unidos, est\u00e1 desaparecido.<\/p>\n\n\n\n<p>Dijo que lo primero es encontrarlo &#8220;porque est\u00e1 desaparecido y ojal\u00e1 y se encuentre con vida,&nbsp;y luego hacer la investigaci\u00f3n sobre cu\u00e1ndo entr\u00f3 a trabajar a la&nbsp;<strong>Procuradur\u00eda de Sinaloa<\/strong>, desde cu\u00e1ndo est\u00e1, ah\u00ed qui\u00e9n lo comision\u00f3&#8221;.<\/p>\n\n\n\n<figure class=\"wp-block-embed is-type-rich is-provider-twitter wp-block-embed-twitter\"><div class=\"wp-block-embed__wrapper\">\n<blockquote class=\"twitter-tweet\" data-width=\"550\" data-dnt=\"true\"><p lang=\"es\" dir=\"ltr\">No sab\u00edamos que comandante de <a href=\"https:\/\/twitter.com\/hashtag\/Sinaloa?src=hash&amp;ref_src=twsrc%5Etfw\">#Sinaloa<\/a> daba protecci\u00f3n al &#39;Mayo&#39; Zambada, asegura AMLO <a href=\"https:\/\/t.co\/POuo5yMWvG\">pic.twitter.com\/POuo5yMWvG<\/a><\/p>&mdash; Manuel Lopez San Martin (@MLopezSanMartin) <a href=\"https:\/\/twitter.com\/MLopezSanMartin\/status\/1823031129215025342?ref_src=twsrc%5Etfw\">August 12, 2024<\/a><\/blockquote><script async src=\"https:\/\/platform.twitter.com\/widgets.js\" charset=\"utf-8\"><\/script>\n<\/div><\/figure>\n\n\n\n<p>Este s\u00e1bado, se&nbsp;difundi\u00f3&nbsp;una carta de&nbsp;<strong>\u201cEl Mayo\u201d&nbsp;Zambada<\/strong>, en la que declar\u00f3 que fue&nbsp;secuestrado&nbsp;tras ser citado por&nbsp;Joaqu\u00edn Guzm\u00e1n L\u00f3pez, hijo de&nbsp;<strong>Joaqu\u00edn \u201cEl Chapo\u201d Guzm\u00e1n<\/strong>, a una reuni\u00f3n con el gobernador&nbsp;<strong>Rub\u00e9n Rocha Moya<\/strong>&nbsp;y&nbsp;<strong>H\u00e9ctor Melesio Cu\u00e9n<\/strong>, y que en ese encuentro&nbsp;asesinaron&nbsp;al exrector.<\/p>\n\n\n\n<figure class=\"wp-block-embed is-type-rich is-provider-twitter wp-block-embed-twitter\"><div class=\"wp-block-embed__wrapper\">\n<blockquote class=\"twitter-tweet\" data-width=\"550\" data-dnt=\"true\"><p lang=\"es\" dir=\"ltr\">AMLO (<a href=\"https:\/\/twitter.com\/lopezobrador_?ref_src=twsrc%5Etfw\">@lopezobrador_<\/a>) se\u00f1ala que la supuesta carta del &quot;Mayo&quot; Zambada no era s\u00f3lo para involucrar a Rocha Moya, sino tambi\u00e9n para continuar con la campa\u00f1a donde vinculan al presidente con el narco. <a href=\"https:\/\/t.co\/wnn6jC6NfU\">pic.twitter.com\/wnn6jC6NfU<\/a><\/p>&mdash; Ruido en la Red (@RuidoEnLaRed) <a href=\"https:\/\/twitter.com\/RuidoEnLaRed\/status\/1823023746908635217?ref_src=twsrc%5Etfw\">August 12, 2024<\/a><\/blockquote><script async src=\"https:\/\/platform.twitter.com\/widgets.js\" charset=\"utf-8\"><\/script>\n<\/div><\/figure>\n\n\n\n<p>Adem\u00e1s, dijo a la&nbsp;reuni\u00f3n&nbsp;asisti\u00f3 tambi\u00e9n&nbsp;<strong>Jos\u00e9 Rosario Heras L\u00f3pez<\/strong>, comandante de la&nbsp;Polic\u00eda Judicial&nbsp;del estado de Sinaloa, quien acompa\u00f1\u00f3 a&nbsp;<strong>&#8220;El Mayo&#8221;<\/strong>&nbsp;como parte de su personal de seguridad.<\/p>\n\n\n\n<p>En este sentido, la&nbsp;fiscal\u00eda&nbsp;confirm\u00f3 que s\u00ed existe un agente activo de&nbsp;investigaci\u00f3n&nbsp;con ese nombre, adscrito a \u00f3rdenes de aprehensi\u00f3n, quien contaba con un&nbsp;<strong>periodo vacacional<\/strong>&nbsp;del 15 al 30 de julio de 2024.<\/p>\n\n\n\n<p>Sin embargo, la familia del&nbsp;polic\u00eda&nbsp;present\u00f3 una denuncia el pasado 28 de julio por&nbsp;desaparici\u00f3n&nbsp;desde el d\u00eda 25, cuando Heras L\u00f3pez&nbsp;sali\u00f3&nbsp;a visitar a sus padres en la&nbsp;sindicatura&nbsp;de&nbsp;<strong>Culiacancito<\/strong>.<\/p>\n\n\n\n<p>De acuerdo con la carta que difundi\u00f3 Zambada, los hechos ocurrieron as\u00ed: &#8220;Me acompa\u00f1aban cuatro miembros del personal de seguridad, de los cuales dos se quedaron fuera del per\u00edmetro. Los dos que entraron conmigo eran&nbsp;<strong>Jos\u00e9 Rosario Heras L\u00f3pez<\/strong>, comandante de la Polic\u00eda Judicial del Estado de Sinaloa, y&nbsp;<strong>Rodolfo Ch\u00e1idez<\/strong>, miembro de mi equipo de seguridad desde hac\u00eda mucho tiempo&#8221;.<\/p>\n\n\n\n<p>Sobre el comandante de la polic\u00eda, dijo que lamentaba &#8220;la desaparici\u00f3n de Jos\u00e9 Rosario Heras L\u00f3pez y Rodolfo Ch\u00e1idez, a quienes n<strong>adie ha vuelto a ver<\/strong>&nbsp;ni a saber de ellos&#8221;.&nbsp;<\/p>\n\n\n\n<p>Tambi\u00e9n pidi\u00f3 en aquella ocasi\u00f3n &#8220;a los gobiernos de M\u00e9xico y Estados Unidos para que sean transparentes y proporcionen la verdad sobre mi secuestro en Estados Unidos y sobre&nbsp;<strong>las muertes<\/strong>&nbsp;de H\u00e9ctor Cu\u00e9n, Rosario Heras, Rodolfo Ch\u00e1idez y cualquier otra persona que haya perdido la vida ese d\u00eda&#8221;.&nbsp;<\/p>\n\n\n\n<p>El presidente inform\u00f3 tambi\u00e9n&nbsp;<strong>Rocha Moya&nbsp;<\/strong>le pidi\u00f3 su intervenci\u00f3n para que la Fiscal\u00eda General de la Rep\u00fablica atrajera la investigaci\u00f3n sobre la detenci\u00f3n de Ismael &#8220;El Mayo&#8221; Zambada, luego de que el capo revelara que fue citado a una reuni\u00f3n con&nbsp;<strong>Joaqu\u00edn Guzm\u00e1n L\u00f3pez<\/strong>&nbsp;en la que participar\u00eda el mandatario estatal.&nbsp;<\/p>\n\n\n\n<p>L\u00f3pez Obrador hab\u00eda anticipado que en su conferencia de hoy hablar\u00eda sobre el tema, sin embargo, a\u00fan carece de la informaci\u00f3n que ha solicitado a&nbsp;<strong>Estados Unidos<\/strong>&nbsp;respecto a la detenci\u00f3n de ambos l\u00edderes del&nbsp;<strong>C\u00e1rtel de Sinaloa<\/strong>, y se limit\u00f3 a presentar algunas especulaciones en torno al caso, como el hecho de que la avioneta que los transport\u00f3 a Estados unidos parti\u00f3 de las cercan\u00edas de&nbsp;<strong>Culiac\u00e1n<\/strong>.&nbsp;<\/p>\n\n\n\n<p>El mandatario suscribi\u00f3 la versi\u00f3n presentada por Rocha Moya en el sentido de que el d\u00eda en que supuestamente fue convocado a la reuni\u00f3n, \u00e9l se encontraba fuera del pa\u00eds. &#8220;<strong>Andaba creo que en Los \u00c1ngeles<\/strong>&nbsp;y tuvo que regresarse cuando empezaron a llamarle&#8221;, dijo.&nbsp;<\/p>\n\n\n\n<p>Respecto a las declaraciones sobre el caso del embajador&nbsp;<strong>Ken Salazar<\/strong>, dijo que &#8220;nos ha tratado con respeto, como el gobierno de Estados Unidos, pero intervienen muchos intereses&#8221;.&nbsp;<\/p>\n\n\n\n<p>L\u00f3pez Obrador descart\u00f3 que se tratara de una operaci\u00f3n de la agencia antidrogas (<strong>DEA<\/strong>) y dijo entender &#8220;que pudo haber sido una operaci\u00f3n del&nbsp;<strong>Departamento de Justicia<\/strong>de Estados Unidos y eso lo tienen que aclarar, porque adem\u00e1s lo vamos a saber&#8221;.&nbsp;<\/p>\n\n\n\n<p>Dijo que ya es oficial que la fiscal\u00eda de Estados Unidos ha hablado de que ten\u00edan comunicaci\u00f3n con&nbsp;<strong>Guzm\u00e1n L\u00f3pez<\/strong>, lo que consider\u00f3&nbsp;&#8220;un asunto que es muy delicado&#8221;, y dijo sobre el caso que&nbsp;&#8220;aqu\u00ed lo vamos a estar tratando un diariamente&#8221;.&nbsp;<\/p>\n\n\n\n<p>Tambi\u00e9n dijo que &#8220;<strong>al presidente de M\u00e9xico se le respeta<\/strong>&#8220;, no por tratarse de \u00e9l, sino de la investidura, y pregunt\u00f3: &#8220;\u00bfSe va a resolver el problema del tr\u00e1fico de drogas y en especial el consumo de drogas? \u00bfPor qu\u00e9&nbsp;piensan que teniendo a un narcotraficante famoso o a dos o a tres o a 10, van a resolver su problema de la distribuci\u00f3n de las drogas y del fentanilo?&#8221;.<\/p>\n\n\n\n<figure class=\"wp-block-embed is-type-rich is-provider-twitter wp-block-embed-twitter\"><div class=\"wp-block-embed__wrapper\">\n<blockquote class=\"twitter-tweet\" data-width=\"550\" data-dnt=\"true\"><p lang=\"es\" dir=\"ltr\">AMLO acusa a EE.UU. de &quot;simulaci\u00f3n&quot; y calific\u00f3 como &quot;un asunto pol\u00edtico&quot; la detenci\u00f3n de l\u00edderes de c\u00e1rteles<br><br>&quot;\u00bfPor qu\u00e9 piensan que deteniendo a un narcotraficante famoso van a resolver su problema de la distribuci\u00f3n de drogas&quot;: <a href=\"https:\/\/twitter.com\/lopezobrador_?ref_src=twsrc%5Etfw\">@lopezobrador_<\/a> <a href=\"https:\/\/t.co\/isypY14Fls\">pic.twitter.com\/isypY14Fls<\/a><\/p>&mdash; Ruido en la Red (@RuidoEnLaRed) <a href=\"https:\/\/twitter.com\/RuidoEnLaRed\/status\/1823032988264722526?ref_src=twsrc%5Etfw\">August 12, 2024<\/a><\/blockquote><script async src=\"https:\/\/platform.twitter.com\/widgets.js\" charset=\"utf-8\"><\/script>\n<\/div><\/figure>\n","protected":false},"excerpt":{"rendered":"<p>Por Redacci\u00f3n QP El mandatario sigue sin recibir la informaci\u00f3n sobre la detenci\u00f3n de &#8220;El&#8230;<\/p>\n","protected":false},"author":2,"featured_media":111899,"comment_status":"open","ping_status":"open","sticky":false,"template":"","format":"standard","meta":{"_monsterinsights_skip_tracking":false,"_monsterinsights_sitenote_active":false,"_monsterinsights_sitenote_note":"","_monsterinsights_sitenote_category":0,"footnotes":""},"categories":[2],"tags":[],"class_list":["post-111897","post","type-post","status-publish","format-standard","has-post-thumbnail","hentry","category-noticias"],"yoast_head":"<!-- This site is optimized with the Yoast SEO plugin v27.3 - https:\/\/yoast.com\/product\/yoast-seo-wordpress\/ -->\n<title>AMLO dice que no sab\u00edan que un comandante de la Fiscal\u00eda de Sinaloa le daba protecci\u00f3n al &quot;Mayo&quot; Zambada -<\/title>\n<meta name=\"robots\" content=\"index, follow, max-snippet:-1, max-image-preview:large, max-video-preview:-1\" \/>\n<link rel=\"canonical\" href=\"https:\/\/quehacerpolitico.mx\/?p=111897\" \/>\n<meta property=\"og:locale\" content=\"es_MX\" \/>\n<meta property=\"og:type\" content=\"article\" \/>\n<meta property=\"og:title\" content=\"AMLO dice que no sab\u00edan que un comandante de la Fiscal\u00eda de Sinaloa le daba protecci\u00f3n al &quot;Mayo&quot; Zambada -\" \/>\n<meta property=\"og:description\" content=\"Por Redacci\u00f3n QP El mandatario sigue sin recibir la informaci\u00f3n sobre la detenci\u00f3n de &#8220;El...\" \/>\n<meta property=\"og:url\" content=\"https:\/\/quehacerpolitico.mx\/?p=111897\" \/>\n<meta property=\"article:published_time\" content=\"2024-08-12T18:32:18+00:00\" \/>\n<meta property=\"article:modified_time\" content=\"2024-08-12T18:32:20+00:00\" \/>\n<meta property=\"og:image\" content=\"https:\/\/quehacerpolitico.mx\/wp-content\/uploads\/2024\/08\/IMG_7337.jpeg\" \/>\n\t<meta property=\"og:image:width\" content=\"1284\" \/>\n\t<meta property=\"og:image:height\" content=\"716\" \/>\n\t<meta property=\"og:image:type\" content=\"image\/jpeg\" \/>\n<meta name=\"author\" content=\"Redacci\u00f3n QP\" \/>\n<meta name=\"twitter:card\" content=\"summary_large_image\" \/>\n<meta name=\"twitter:label1\" content=\"Escrito por\" \/>\n\t<meta name=\"twitter:data1\" content=\"Redacci\u00f3n QP\" \/>\n\t<meta name=\"twitter:label2\" content=\"Tiempo de lectura\" \/>\n\t<meta name=\"twitter:data2\" content=\"5 minutos\" \/>\n<script type=\"application\/ld+json\" class=\"yoast-schema-graph\">{\"@context\":\"https:\\\/\\\/schema.org\",\"@graph\":[{\"@type\":\"Article\",\"@id\":\"https:\\\/\\\/quehacerpolitico.mx\\\/?p=111897#article\",\"isPartOf\":{\"@id\":\"https:\\\/\\\/quehacerpolitico.mx\\\/?p=111897\"},\"author\":{\"name\":\"Redacci\u00f3n QP\",\"@id\":\"https:\\\/\\\/quehacerpolitico.mx\\\/#\\\/schema\\\/person\\\/496d8ad2d1d3f8036101dca7ee39e585\"},\"headline\":\"AMLO dice que no sab\u00edan que un comandante de la Fiscal\u00eda de Sinaloa le daba protecci\u00f3n al &#8220;Mayo&#8221; Zambada\",\"datePublished\":\"2024-08-12T18:32:18+00:00\",\"dateModified\":\"2024-08-12T18:32:20+00:00\",\"mainEntityOfPage\":{\"@id\":\"https:\\\/\\\/quehacerpolitico.mx\\\/?p=111897\"},\"wordCount\":973,\"commentCount\":0,\"image\":{\"@id\":\"https:\\\/\\\/quehacerpolitico.mx\\\/?p=111897#primaryimage\"},\"thumbnailUrl\":\"https:\\\/\\\/quehacerpolitico.mx\\\/wp-content\\\/uploads\\\/2024\\\/08\\\/IMG_7337.jpeg\",\"articleSection\":[\"Noticias\"],\"inLanguage\":\"es\",\"potentialAction\":[{\"@type\":\"CommentAction\",\"name\":\"Comment\",\"target\":[\"https:\\\/\\\/quehacerpolitico.mx\\\/?p=111897#respond\"]}]},{\"@type\":\"WebPage\",\"@id\":\"https:\\\/\\\/quehacerpolitico.mx\\\/?p=111897\",\"url\":\"https:\\\/\\\/quehacerpolitico.mx\\\/?p=111897\",\"name\":\"AMLO dice que no sab\u00edan que un comandante de la Fiscal\u00eda de Sinaloa le daba protecci\u00f3n al \\\"Mayo\\\" Zambada -\",\"isPartOf\":{\"@id\":\"https:\\\/\\\/quehacerpolitico.mx\\\/#website\"},\"primaryImageOfPage\":{\"@id\":\"https:\\\/\\\/quehacerpolitico.mx\\\/?p=111897#primaryimage\"},\"image\":{\"@id\":\"https:\\\/\\\/quehacerpolitico.mx\\\/?p=111897#primaryimage\"},\"thumbnailUrl\":\"https:\\\/\\\/quehacerpolitico.mx\\\/wp-content\\\/uploads\\\/2024\\\/08\\\/IMG_7337.jpeg\",\"datePublished\":\"2024-08-12T18:32:18+00:00\",\"dateModified\":\"2024-08-12T18:32:20+00:00\",\"author\":{\"@id\":\"https:\\\/\\\/quehacerpolitico.mx\\\/#\\\/schema\\\/person\\\/496d8ad2d1d3f8036101dca7ee39e585\"},\"breadcrumb\":{\"@id\":\"https:\\\/\\\/quehacerpolitico.mx\\\/?p=111897#breadcrumb\"},\"inLanguage\":\"es\",\"potentialAction\":[{\"@type\":\"ReadAction\",\"target\":[\"https:\\\/\\\/quehacerpolitico.mx\\\/?p=111897\"]}]},{\"@type\":\"ImageObject\",\"inLanguage\":\"es\",\"@id\":\"https:\\\/\\\/quehacerpolitico.mx\\\/?p=111897#primaryimage\",\"url\":\"https:\\\/\\\/quehacerpolitico.mx\\\/wp-content\\\/uploads\\\/2024\\\/08\\\/IMG_7337.jpeg\",\"contentUrl\":\"https:\\\/\\\/quehacerpolitico.mx\\\/wp-content\\\/uploads\\\/2024\\\/08\\\/IMG_7337.jpeg\",\"width\":1284,\"height\":716,\"caption\":\"Screenshot\"},{\"@type\":\"BreadcrumbList\",\"@id\":\"https:\\\/\\\/quehacerpolitico.mx\\\/?p=111897#breadcrumb\",\"itemListElement\":[{\"@type\":\"ListItem\",\"position\":1,\"name\":\"Inicio\",\"item\":\"https:\\\/\\\/quehacerpolitico.mx\\\/\"},{\"@type\":\"ListItem\",\"position\":2,\"name\":\"AMLO dice que no sab\u00edan que un comandante de la Fiscal\u00eda de Sinaloa le daba protecci\u00f3n al &#8220;Mayo&#8221; Zambada\"}]},{\"@type\":\"WebSite\",\"@id\":\"https:\\\/\\\/quehacerpolitico.mx\\\/#website\",\"url\":\"https:\\\/\\\/quehacerpolitico.mx\\\/\",\"name\":\"\",\"description\":\"\",\"potentialAction\":[{\"@type\":\"SearchAction\",\"target\":{\"@type\":\"EntryPoint\",\"urlTemplate\":\"https:\\\/\\\/quehacerpolitico.mx\\\/?s={search_term_string}\"},\"query-input\":{\"@type\":\"PropertyValueSpecification\",\"valueRequired\":true,\"valueName\":\"search_term_string\"}}],\"inLanguage\":\"es\"},{\"@type\":\"Person\",\"@id\":\"https:\\\/\\\/quehacerpolitico.mx\\\/#\\\/schema\\\/person\\\/496d8ad2d1d3f8036101dca7ee39e585\",\"name\":\"Redacci\u00f3n QP\",\"image\":{\"@type\":\"ImageObject\",\"inLanguage\":\"es\",\"@id\":\"https:\\\/\\\/secure.gravatar.com\\\/avatar\\\/c7164ed6fdec453195284ad24a5ae5b6e1eed2b848477fa2a4787ba9adf39a41?s=96&d=mm&r=g\",\"url\":\"https:\\\/\\\/secure.gravatar.com\\\/avatar\\\/c7164ed6fdec453195284ad24a5ae5b6e1eed2b848477fa2a4787ba9adf39a41?s=96&d=mm&r=g\",\"contentUrl\":\"https:\\\/\\\/secure.gravatar.com\\\/avatar\\\/c7164ed6fdec453195284ad24a5ae5b6e1eed2b848477fa2a4787ba9adf39a41?s=96&d=mm&r=g\",\"caption\":\"Redacci\u00f3n QP\"},\"url\":\"https:\\\/\\\/quehacerpolitico.mx\\\/?author=2\"}]}<\/script>\n<!-- \/ Yoast SEO plugin. -->","yoast_head_json":{"title":"AMLO dice que no sab\u00edan que un comandante de la Fiscal\u00eda de Sinaloa le daba protecci\u00f3n al \"Mayo\" Zambada -","robots":{"index":"index","follow":"follow","max-snippet":"max-snippet:-1","max-image-preview":"max-image-preview:large","max-video-preview":"max-video-preview:-1"},"canonical":"https:\/\/quehacerpolitico.mx\/?p=111897","og_locale":"es_MX","og_type":"article","og_title":"AMLO dice que no sab\u00edan que un comandante de la Fiscal\u00eda de Sinaloa le daba protecci\u00f3n al \"Mayo\" Zambada -","og_description":"Por Redacci\u00f3n QP El mandatario sigue sin recibir la informaci\u00f3n sobre la detenci\u00f3n de &#8220;El...","og_url":"https:\/\/quehacerpolitico.mx\/?p=111897","article_published_time":"2024-08-12T18:32:18+00:00","article_modified_time":"2024-08-12T18:32:20+00:00","og_image":[{"width":1284,"height":716,"url":"https:\/\/quehacerpolitico.mx\/wp-content\/uploads\/2024\/08\/IMG_7337.jpeg","type":"image\/jpeg"}],"author":"Redacci\u00f3n QP","twitter_card":"summary_large_image","twitter_misc":{"Escrito por":"Redacci\u00f3n QP","Tiempo de lectura":"5 minutos"},"schema":{"@context":"https:\/\/schema.org","@graph":[{"@type":"Article","@id":"https:\/\/quehacerpolitico.mx\/?p=111897#article","isPartOf":{"@id":"https:\/\/quehacerpolitico.mx\/?p=111897"},"author":{"name":"Redacci\u00f3n QP","@id":"https:\/\/quehacerpolitico.mx\/#\/schema\/person\/496d8ad2d1d3f8036101dca7ee39e585"},"headline":"AMLO dice que no sab\u00edan que un comandante de la Fiscal\u00eda de Sinaloa le daba protecci\u00f3n al &#8220;Mayo&#8221; Zambada","datePublished":"2024-08-12T18:32:18+00:00","dateModified":"2024-08-12T18:32:20+00:00","mainEntityOfPage":{"@id":"https:\/\/quehacerpolitico.mx\/?p=111897"},"wordCount":973,"commentCount":0,"image":{"@id":"https:\/\/quehacerpolitico.mx\/?p=111897#primaryimage"},"thumbnailUrl":"https:\/\/quehacerpolitico.mx\/wp-content\/uploads\/2024\/08\/IMG_7337.jpeg","articleSection":["Noticias"],"inLanguage":"es","potentialAction":[{"@type":"CommentAction","name":"Comment","target":["https:\/\/quehacerpolitico.mx\/?p=111897#respond"]}]},{"@type":"WebPage","@id":"https:\/\/quehacerpolitico.mx\/?p=111897","url":"https:\/\/quehacerpolitico.mx\/?p=111897","name":"AMLO dice que no sab\u00edan que un comandante de la Fiscal\u00eda de Sinaloa le daba protecci\u00f3n al \"Mayo\" Zambada -","isPartOf":{"@id":"https:\/\/quehacerpolitico.mx\/#website"},"primaryImageOfPage":{"@id":"https:\/\/quehacerpolitico.mx\/?p=111897#primaryimage"},"image":{"@id":"https:\/\/quehacerpolitico.mx\/?p=111897#primaryimage"},"thumbnailUrl":"https:\/\/quehacerpolitico.mx\/wp-content\/uploads\/2024\/08\/IMG_7337.jpeg","datePublished":"2024-08-12T18:32:18+00:00","dateModified":"2024-08-12T18:32:20+00:00","author":{"@id":"https:\/\/quehacerpolitico.mx\/#\/schema\/person\/496d8ad2d1d3f8036101dca7ee39e585"},"breadcrumb":{"@id":"https:\/\/quehacerpolitico.mx\/?p=111897#breadcrumb"},"inLanguage":"es","potentialAction":[{"@type":"ReadAction","target":["https:\/\/quehacerpolitico.mx\/?p=111897"]}]},{"@type":"ImageObject","inLanguage":"es","@id":"https:\/\/quehacerpolitico.mx\/?p=111897#primaryimage","url":"https:\/\/quehacerpolitico.mx\/wp-content\/uploads\/2024\/08\/IMG_7337.jpeg","contentUrl":"https:\/\/quehacerpolitico.mx\/wp-content\/uploads\/2024\/08\/IMG_7337.jpeg","width":1284,"height":716,"caption":"Screenshot"},{"@type":"BreadcrumbList","@id":"https:\/\/quehacerpolitico.mx\/?p=111897#breadcrumb","itemListElement":[{"@type":"ListItem","position":1,"name":"Inicio","item":"https:\/\/quehacerpolitico.mx\/"},{"@type":"ListItem","position":2,"name":"AMLO dice que no sab\u00edan que un comandante de la Fiscal\u00eda de Sinaloa le daba protecci\u00f3n al &#8220;Mayo&#8221; Zambada"}]},{"@type":"WebSite","@id":"https:\/\/quehacerpolitico.mx\/#website","url":"https:\/\/quehacerpolitico.mx\/","name":"","description":"","potentialAction":[{"@type":"SearchAction","target":{"@type":"EntryPoint","urlTemplate":"https:\/\/quehacerpolitico.mx\/?s={search_term_string}"},"query-input":{"@type":"PropertyValueSpecification","valueRequired":true,"valueName":"search_term_string"}}],"inLanguage":"es"},{"@type":"Person","@id":"https:\/\/quehacerpolitico.mx\/#\/schema\/person\/496d8ad2d1d3f8036101dca7ee39e585","name":"Redacci\u00f3n QP","image":{"@type":"ImageObject","inLanguage":"es","@id":"https:\/\/secure.gravatar.com\/avatar\/c7164ed6fdec453195284ad24a5ae5b6e1eed2b848477fa2a4787ba9adf39a41?s=96&d=mm&r=g","url":"https:\/\/secure.gravatar.com\/avatar\/c7164ed6fdec453195284ad24a5ae5b6e1eed2b848477fa2a4787ba9adf39a41?s=96&d=mm&r=g","contentUrl":"https:\/\/secure.gravatar.com\/avatar\/c7164ed6fdec453195284ad24a5ae5b6e1eed2b848477fa2a4787ba9adf39a41?s=96&d=mm&r=g","caption":"Redacci\u00f3n QP"},"url":"https:\/\/quehacerpolitico.mx\/?author=2"}]}},"featured_image_urls":{"full":["https:\/\/quehacerpolitico.mx\/wp-content\/uploads\/2024\/08\/IMG_7337.jpeg",1284,716,false],"thumbnail":["https:\/\/quehacerpolitico.mx\/wp-content\/uploads\/2024\/08\/IMG_7337-150x150.jpeg",150,150,true],"medium":["https:\/\/quehacerpolitico.mx\/wp-content\/uploads\/2024\/08\/IMG_7337-300x167.jpeg",300,167,true],"medium_large":["https:\/\/quehacerpolitico.mx\/wp-content\/uploads\/2024\/08\/IMG_7337-768x428.jpeg",640,357,true],"large":["https:\/\/quehacerpolitico.mx\/wp-content\/uploads\/2024\/08\/IMG_7337-1024x571.jpeg",640,357,true],"1536x1536":["https:\/\/quehacerpolitico.mx\/wp-content\/uploads\/2024\/08\/IMG_7337.jpeg",1284,716,false],"2048x2048":["https:\/\/quehacerpolitico.mx\/wp-content\/uploads\/2024\/08\/IMG_7337.jpeg",1284,716,false],"covernews-featured":["https:\/\/quehacerpolitico.mx\/wp-content\/uploads\/2024\/08\/IMG_7337.jpeg",1024,571,false],"covernews-medium":["https:\/\/quehacerpolitico.mx\/wp-content\/uploads\/2024\/08\/IMG_7337.jpeg",540,301,false]},"author_info":{"display_name":"Redacci\u00f3n QP","author_link":"https:\/\/quehacerpolitico.mx\/?author=2"},"category_info":"<a href=\"https:\/\/quehacerpolitico.mx\/?cat=2\" rel=\"category\">Noticias<\/a>","tag_info":"Noticias","comment_count":"0","_links":{"self":[{"href":"https:\/\/quehacerpolitico.mx\/index.php?rest_route=\/wp\/v2\/posts\/111897","targetHints":{"allow":["GET"]}}],"collection":[{"href":"https:\/\/quehacerpolitico.mx\/index.php?rest_route=\/wp\/v2\/posts"}],"about":[{"href":"https:\/\/quehacerpolitico.mx\/index.php?rest_route=\/wp\/v2\/types\/post"}],"author":[{"embeddable":true,"href":"https:\/\/quehacerpolitico.mx\/index.php?rest_route=\/wp\/v2\/users\/2"}],"replies":[{"embeddable":true,"href":"https:\/\/quehacerpolitico.mx\/index.php?rest_route=%2Fwp%2Fv2%2Fcomments&post=111897"}],"version-history":[{"count":1,"href":"https:\/\/quehacerpolitico.mx\/index.php?rest_route=\/wp\/v2\/posts\/111897\/revisions"}],"predecessor-version":[{"id":111900,"href":"https:\/\/quehacerpolitico.mx\/index.php?rest_route=\/wp\/v2\/posts\/111897\/revisions\/111900"}],"wp:featuredmedia":[{"embeddable":true,"href":"https:\/\/quehacerpolitico.mx\/index.php?rest_route=\/wp\/v2\/media\/111899"}],"wp:attachment":[{"href":"https:\/\/quehacerpolitico.mx\/index.php?rest_route=%2Fwp%2Fv2%2Fmedia&parent=111897"}],"wp:term":[{"taxonomy":"category","embeddable":true,"href":"https:\/\/quehacerpolitico.mx\/index.php?rest_route=%2Fwp%2Fv2%2Fcategories&post=111897"},{"taxonomy":"post_tag","embeddable":true,"href":"https:\/\/quehacerpolitico.mx\/index.php?rest_route=%2Fwp%2Fv2%2Ftags&post=111897"}],"curies":[{"name":"wp","href":"https:\/\/api.w.org\/{rel}","templated":true}]}}