{"id":111894,"date":"2024-08-12T17:56:15","date_gmt":"2024-08-12T17:56:15","guid":{"rendered":"https:\/\/quehacerpolitico.mx\/?p=111894"},"modified":"2024-08-12T17:56:18","modified_gmt":"2024-08-12T17:56:18","slug":"lopez-obrador-responde-a-acusaciones-de-la-carta-del-mayo-zambada","status":"publish","type":"post","link":"https:\/\/quehacerpolitico.mx\/?p=111894","title":{"rendered":"L\u00f3pez Obrador responde a acusaciones de la carta del &#8220;Mayo&#8221; Zambada"},"content":{"rendered":"\n<p>Por Redacci\u00f3n QP<\/p>\n\n\n\n<p>El Presidente de M\u00e9xico habla sobre los se\u00f1alamientos que hizo el cofundador del C\u00e1rtel de Sinaloa tras ser detenido en Estados Unidos<\/p>\n\n\n\n<p>Este lunes, el Presidente\u00a0Andres Manuel Lopez Obrador afirm\u00f3 en Palacio Nacional que la acusaci\u00f3n de Ismael &#8220;El Mayo&#8221; Zambada, cofundador del C\u00e1rtel de Sinaloa, sobre que el gobernador de\u00a0Sinaloa, Rub\u00e9n Rocha Moya, iba a reunirse con \u00e9l el d\u00eda que lo detuvieron, es parte de la campa\u00f1a en su contra.<\/p>\n\n\n\n<p>&#8220;Estaba consciente (el gobernador), eso tambi\u00e9n lo dijo, y es real, que&nbsp;<mark><strong>no era nada m\u00e1s involucrarlo a \u00e9l, sino tambi\u00e9n involucrar al titular del Ejecutivo, ya saben qui\u00e9n, y seguir con la misma campa\u00f1a de &#8216;narcopresidente'&#8221;,<\/strong><\/mark>&nbsp;dijo el Mandatario durante su conferencia ma\u00f1anera de hoy 12 de agosto.<\/p>\n\n\n\n<p>El Mandatario mexicano se refiri\u00f3 as\u00ed a la carta que difundi\u00f3 el pasado s\u00e1bado el abogado del &#8220;Mayo&#8221; Zambada, quien afirm\u00f3 que&nbsp;<mark><strong>lo llevaron a Estados Unidos &#8220;por la fuerza&#8221; tras un enga\u00f1o de Joaqu\u00edn Guzm\u00e1n L\u00f3pez,<\/strong><\/mark>&nbsp;hijo de su otrora socio, Joaqu\u00edn &#8220;Chapo&#8221; Guzm\u00e1n.<\/p>\n\n\n\n<figure class=\"wp-block-embed is-type-rich is-provider-twitter wp-block-embed-twitter\"><div class=\"wp-block-embed__wrapper\">\n<blockquote class=\"twitter-tweet\" data-width=\"550\" data-dnt=\"true\"><p lang=\"es\" dir=\"ltr\">AMLO dice que carta del &#39;Mayo&#39; tambi\u00e9n busca afectarlo a \u00e9l por la campa\u00f1a de <a href=\"https:\/\/twitter.com\/hashtag\/NarcoPresidente?src=hash&amp;ref_src=twsrc%5Etfw\">#NarcoPresidente<\/a><br><br>Da su espaldarazo al gobernador Rub\u00e9n Rocha y dice que tuvo &quot;mucho valor civil&quot; por responder a los se\u00f1alamientos de Zambada <a href=\"https:\/\/t.co\/Vilv5Mk0Qr\">pic.twitter.com\/Vilv5Mk0Qr<\/a><\/p>&mdash; Manuel Lopez San Martin (@MLopezSanMartin) <a href=\"https:\/\/twitter.com\/MLopezSanMartin\/status\/1823027391796801685?ref_src=twsrc%5Etfw\">August 12, 2024<\/a><\/blockquote><script async src=\"https:\/\/platform.twitter.com\/widgets.js\" charset=\"utf-8\"><\/script>\n<\/div><\/figure>\n\n\n\n<p><strong>En la misiva, Zambada revel\u00f3 detalles del 25 de julio, cuando lo detuvieron las autoridades estadounidenses al bajar de un avi\u00f3n privado en un aeropuerto a las afueras de El Paso, Texas.<\/strong><\/p>\n\n\n\n<p><strong>El capo cuenta que \u00e9l hab\u00eda acudido a un &#8220;rancho&#8221; en las afueras de Culiac\u00e1n, capital de Sinaloa, para reunirse con el gobernador morenista, y el fallecido diputado electo H\u00e9ctor Cu\u00e9n.<\/strong><\/p>\n\n\n\n<p>L\u00f3pez Obrador respald\u00f3 como un &#8220;acto de congruencia&#8221; y de &#8220;mucho valor civil&#8221; que Rocha Moya, de su mismo partido, haya enfrentado este s\u00e1bado los se\u00f1alamientos y haya pedido a la Fiscal\u00eda General de la Rep\u00fablica (FGR) que atraiga la investigaci\u00f3n del asesinato de Cu\u00e9n y de la supuesta reuni\u00f3n que tendr\u00eda con\u00a0Ismael \u201cEl Mayo\u201d Zambada.<\/p>\n\n\n\n<p>Asimismo, asegur\u00f3 que &#8220;desde que se dan estos hechos empieza la Fiscal\u00eda General (de la Rep\u00fablica) a investigar sobre lo sucedido y se pide informaci\u00f3n al Gobierno de Estados Unidos&#8221;.<\/p>\n\n\n\n<p>Enfatiz\u00f3 que ser\u00e1 la\u00a0FGR, un \u00f3rgano aut\u00f3nomo al que le tiene &#8220;toda la confianza&#8221;, la que dar\u00e1 seguimiento al caso y pidi\u00f3 que informe porque &#8220;no se pueden ocultar las cosas y hay que decir la verdad&#8221;.<\/p>\n\n\n\n<p><mark><strong>&#8220;Que se est\u00e9 informando lo m\u00e1s pronto posible, de manera peri\u00f3dica, que se llegue a conocer toda la verdad sobre este asunto y que se siga solicitando m\u00e1s informaci\u00f3n al Gobierno de Estados Unidos porque todav\u00eda no se tiene toda la informaci\u00f3n&#8221;<\/strong><\/mark>, dijo L\u00f3pez Obrador.<\/p>\n\n\n\n<p>Con informaci\u00f3n de EFE<\/p>\n","protected":false},"excerpt":{"rendered":"<p>Por Redacci\u00f3n QP El Presidente de M\u00e9xico habla sobre los se\u00f1alamientos que hizo el cofundador&#8230;<\/p>\n","protected":false},"author":2,"featured_media":111895,"comment_status":"open","ping_status":"open","sticky":false,"template":"","format":"standard","meta":{"_monsterinsights_skip_tracking":false,"_monsterinsights_sitenote_active":false,"_monsterinsights_sitenote_note":"","_monsterinsights_sitenote_category":0,"footnotes":""},"categories":[2],"tags":[],"class_list":["post-111894","post","type-post","status-publish","format-standard","has-post-thumbnail","hentry","category-noticias"],"yoast_head":"<!-- This site is optimized with the Yoast SEO plugin v27.3 - https:\/\/yoast.com\/product\/yoast-seo-wordpress\/ -->\n<title>L\u00f3pez Obrador responde a acusaciones de la carta del &quot;Mayo&quot; Zambada -<\/title>\n<meta name=\"robots\" content=\"index, follow, max-snippet:-1, max-image-preview:large, max-video-preview:-1\" \/>\n<link rel=\"canonical\" href=\"https:\/\/quehacerpolitico.mx\/?p=111894\" \/>\n<meta property=\"og:locale\" content=\"es_MX\" \/>\n<meta property=\"og:type\" content=\"article\" \/>\n<meta property=\"og:title\" content=\"L\u00f3pez Obrador responde a acusaciones de la carta del &quot;Mayo&quot; Zambada -\" \/>\n<meta property=\"og:description\" content=\"Por Redacci\u00f3n QP El Presidente de M\u00e9xico habla sobre los se\u00f1alamientos que hizo el cofundador...\" \/>\n<meta property=\"og:url\" content=\"https:\/\/quehacerpolitico.mx\/?p=111894\" \/>\n<meta property=\"article:published_time\" content=\"2024-08-12T17:56:15+00:00\" \/>\n<meta property=\"article:modified_time\" content=\"2024-08-12T17:56:18+00:00\" \/>\n<meta property=\"og:image\" content=\"https:\/\/quehacerpolitico.mx\/wp-content\/uploads\/2024\/08\/IMG_7333.jpeg\" \/>\n\t<meta property=\"og:image:width\" content=\"1284\" \/>\n\t<meta property=\"og:image:height\" content=\"698\" \/>\n\t<meta property=\"og:image:type\" content=\"image\/jpeg\" \/>\n<meta name=\"author\" content=\"Redacci\u00f3n QP\" \/>\n<meta name=\"twitter:card\" content=\"summary_large_image\" \/>\n<meta name=\"twitter:label1\" content=\"Escrito por\" \/>\n\t<meta name=\"twitter:data1\" content=\"Redacci\u00f3n QP\" \/>\n\t<meta name=\"twitter:label2\" content=\"Tiempo de lectura\" \/>\n\t<meta name=\"twitter:data2\" content=\"2 minutos\" \/>\n<script type=\"application\/ld+json\" class=\"yoast-schema-graph\">{\"@context\":\"https:\\\/\\\/schema.org\",\"@graph\":[{\"@type\":\"Article\",\"@id\":\"https:\\\/\\\/quehacerpolitico.mx\\\/?p=111894#article\",\"isPartOf\":{\"@id\":\"https:\\\/\\\/quehacerpolitico.mx\\\/?p=111894\"},\"author\":{\"name\":\"Redacci\u00f3n QP\",\"@id\":\"https:\\\/\\\/quehacerpolitico.mx\\\/#\\\/schema\\\/person\\\/496d8ad2d1d3f8036101dca7ee39e585\"},\"headline\":\"L\u00f3pez Obrador responde a acusaciones de la carta del &#8220;Mayo&#8221; Zambada\",\"datePublished\":\"2024-08-12T17:56:15+00:00\",\"dateModified\":\"2024-08-12T17:56:18+00:00\",\"mainEntityOfPage\":{\"@id\":\"https:\\\/\\\/quehacerpolitico.mx\\\/?p=111894\"},\"wordCount\":481,\"commentCount\":0,\"image\":{\"@id\":\"https:\\\/\\\/quehacerpolitico.mx\\\/?p=111894#primaryimage\"},\"thumbnailUrl\":\"https:\\\/\\\/quehacerpolitico.mx\\\/wp-content\\\/uploads\\\/2024\\\/08\\\/IMG_7333.jpeg\",\"articleSection\":[\"Noticias\"],\"inLanguage\":\"es\",\"potentialAction\":[{\"@type\":\"CommentAction\",\"name\":\"Comment\",\"target\":[\"https:\\\/\\\/quehacerpolitico.mx\\\/?p=111894#respond\"]}]},{\"@type\":\"WebPage\",\"@id\":\"https:\\\/\\\/quehacerpolitico.mx\\\/?p=111894\",\"url\":\"https:\\\/\\\/quehacerpolitico.mx\\\/?p=111894\",\"name\":\"L\u00f3pez Obrador responde a acusaciones de la carta del \\\"Mayo\\\" Zambada -\",\"isPartOf\":{\"@id\":\"https:\\\/\\\/quehacerpolitico.mx\\\/#website\"},\"primaryImageOfPage\":{\"@id\":\"https:\\\/\\\/quehacerpolitico.mx\\\/?p=111894#primaryimage\"},\"image\":{\"@id\":\"https:\\\/\\\/quehacerpolitico.mx\\\/?p=111894#primaryimage\"},\"thumbnailUrl\":\"https:\\\/\\\/quehacerpolitico.mx\\\/wp-content\\\/uploads\\\/2024\\\/08\\\/IMG_7333.jpeg\",\"datePublished\":\"2024-08-12T17:56:15+00:00\",\"dateModified\":\"2024-08-12T17:56:18+00:00\",\"author\":{\"@id\":\"https:\\\/\\\/quehacerpolitico.mx\\\/#\\\/schema\\\/person\\\/496d8ad2d1d3f8036101dca7ee39e585\"},\"breadcrumb\":{\"@id\":\"https:\\\/\\\/quehacerpolitico.mx\\\/?p=111894#breadcrumb\"},\"inLanguage\":\"es\",\"potentialAction\":[{\"@type\":\"ReadAction\",\"target\":[\"https:\\\/\\\/quehacerpolitico.mx\\\/?p=111894\"]}]},{\"@type\":\"ImageObject\",\"inLanguage\":\"es\",\"@id\":\"https:\\\/\\\/quehacerpolitico.mx\\\/?p=111894#primaryimage\",\"url\":\"https:\\\/\\\/quehacerpolitico.mx\\\/wp-content\\\/uploads\\\/2024\\\/08\\\/IMG_7333.jpeg\",\"contentUrl\":\"https:\\\/\\\/quehacerpolitico.mx\\\/wp-content\\\/uploads\\\/2024\\\/08\\\/IMG_7333.jpeg\",\"width\":1284,\"height\":698,\"caption\":\"Screenshot\"},{\"@type\":\"BreadcrumbList\",\"@id\":\"https:\\\/\\\/quehacerpolitico.mx\\\/?p=111894#breadcrumb\",\"itemListElement\":[{\"@type\":\"ListItem\",\"position\":1,\"name\":\"Inicio\",\"item\":\"https:\\\/\\\/quehacerpolitico.mx\\\/\"},{\"@type\":\"ListItem\",\"position\":2,\"name\":\"L\u00f3pez Obrador responde a acusaciones de la carta del &#8220;Mayo&#8221; Zambada\"}]},{\"@type\":\"WebSite\",\"@id\":\"https:\\\/\\\/quehacerpolitico.mx\\\/#website\",\"url\":\"https:\\\/\\\/quehacerpolitico.mx\\\/\",\"name\":\"\",\"description\":\"\",\"potentialAction\":[{\"@type\":\"SearchAction\",\"target\":{\"@type\":\"EntryPoint\",\"urlTemplate\":\"https:\\\/\\\/quehacerpolitico.mx\\\/?s={search_term_string}\"},\"query-input\":{\"@type\":\"PropertyValueSpecification\",\"valueRequired\":true,\"valueName\":\"search_term_string\"}}],\"inLanguage\":\"es\"},{\"@type\":\"Person\",\"@id\":\"https:\\\/\\\/quehacerpolitico.mx\\\/#\\\/schema\\\/person\\\/496d8ad2d1d3f8036101dca7ee39e585\",\"name\":\"Redacci\u00f3n QP\",\"image\":{\"@type\":\"ImageObject\",\"inLanguage\":\"es\",\"@id\":\"https:\\\/\\\/secure.gravatar.com\\\/avatar\\\/c7164ed6fdec453195284ad24a5ae5b6e1eed2b848477fa2a4787ba9adf39a41?s=96&d=mm&r=g\",\"url\":\"https:\\\/\\\/secure.gravatar.com\\\/avatar\\\/c7164ed6fdec453195284ad24a5ae5b6e1eed2b848477fa2a4787ba9adf39a41?s=96&d=mm&r=g\",\"contentUrl\":\"https:\\\/\\\/secure.gravatar.com\\\/avatar\\\/c7164ed6fdec453195284ad24a5ae5b6e1eed2b848477fa2a4787ba9adf39a41?s=96&d=mm&r=g\",\"caption\":\"Redacci\u00f3n QP\"},\"url\":\"https:\\\/\\\/quehacerpolitico.mx\\\/?author=2\"}]}<\/script>\n<!-- \/ Yoast SEO plugin. -->","yoast_head_json":{"title":"L\u00f3pez Obrador responde a acusaciones de la carta del \"Mayo\" Zambada -","robots":{"index":"index","follow":"follow","max-snippet":"max-snippet:-1","max-image-preview":"max-image-preview:large","max-video-preview":"max-video-preview:-1"},"canonical":"https:\/\/quehacerpolitico.mx\/?p=111894","og_locale":"es_MX","og_type":"article","og_title":"L\u00f3pez Obrador responde a acusaciones de la carta del \"Mayo\" Zambada -","og_description":"Por Redacci\u00f3n QP El Presidente de M\u00e9xico habla sobre los se\u00f1alamientos que hizo el cofundador...","og_url":"https:\/\/quehacerpolitico.mx\/?p=111894","article_published_time":"2024-08-12T17:56:15+00:00","article_modified_time":"2024-08-12T17:56:18+00:00","og_image":[{"width":1284,"height":698,"url":"https:\/\/quehacerpolitico.mx\/wp-content\/uploads\/2024\/08\/IMG_7333.jpeg","type":"image\/jpeg"}],"author":"Redacci\u00f3n QP","twitter_card":"summary_large_image","twitter_misc":{"Escrito por":"Redacci\u00f3n QP","Tiempo de lectura":"2 minutos"},"schema":{"@context":"https:\/\/schema.org","@graph":[{"@type":"Article","@id":"https:\/\/quehacerpolitico.mx\/?p=111894#article","isPartOf":{"@id":"https:\/\/quehacerpolitico.mx\/?p=111894"},"author":{"name":"Redacci\u00f3n QP","@id":"https:\/\/quehacerpolitico.mx\/#\/schema\/person\/496d8ad2d1d3f8036101dca7ee39e585"},"headline":"L\u00f3pez Obrador responde a acusaciones de la carta del &#8220;Mayo&#8221; Zambada","datePublished":"2024-08-12T17:56:15+00:00","dateModified":"2024-08-12T17:56:18+00:00","mainEntityOfPage":{"@id":"https:\/\/quehacerpolitico.mx\/?p=111894"},"wordCount":481,"commentCount":0,"image":{"@id":"https:\/\/quehacerpolitico.mx\/?p=111894#primaryimage"},"thumbnailUrl":"https:\/\/quehacerpolitico.mx\/wp-content\/uploads\/2024\/08\/IMG_7333.jpeg","articleSection":["Noticias"],"inLanguage":"es","potentialAction":[{"@type":"CommentAction","name":"Comment","target":["https:\/\/quehacerpolitico.mx\/?p=111894#respond"]}]},{"@type":"WebPage","@id":"https:\/\/quehacerpolitico.mx\/?p=111894","url":"https:\/\/quehacerpolitico.mx\/?p=111894","name":"L\u00f3pez Obrador responde a acusaciones de la carta del \"Mayo\" Zambada -","isPartOf":{"@id":"https:\/\/quehacerpolitico.mx\/#website"},"primaryImageOfPage":{"@id":"https:\/\/quehacerpolitico.mx\/?p=111894#primaryimage"},"image":{"@id":"https:\/\/quehacerpolitico.mx\/?p=111894#primaryimage"},"thumbnailUrl":"https:\/\/quehacerpolitico.mx\/wp-content\/uploads\/2024\/08\/IMG_7333.jpeg","datePublished":"2024-08-12T17:56:15+00:00","dateModified":"2024-08-12T17:56:18+00:00","author":{"@id":"https:\/\/quehacerpolitico.mx\/#\/schema\/person\/496d8ad2d1d3f8036101dca7ee39e585"},"breadcrumb":{"@id":"https:\/\/quehacerpolitico.mx\/?p=111894#breadcrumb"},"inLanguage":"es","potentialAction":[{"@type":"ReadAction","target":["https:\/\/quehacerpolitico.mx\/?p=111894"]}]},{"@type":"ImageObject","inLanguage":"es","@id":"https:\/\/quehacerpolitico.mx\/?p=111894#primaryimage","url":"https:\/\/quehacerpolitico.mx\/wp-content\/uploads\/2024\/08\/IMG_7333.jpeg","contentUrl":"https:\/\/quehacerpolitico.mx\/wp-content\/uploads\/2024\/08\/IMG_7333.jpeg","width":1284,"height":698,"caption":"Screenshot"},{"@type":"BreadcrumbList","@id":"https:\/\/quehacerpolitico.mx\/?p=111894#breadcrumb","itemListElement":[{"@type":"ListItem","position":1,"name":"Inicio","item":"https:\/\/quehacerpolitico.mx\/"},{"@type":"ListItem","position":2,"name":"L\u00f3pez Obrador responde a acusaciones de la carta del &#8220;Mayo&#8221; Zambada"}]},{"@type":"WebSite","@id":"https:\/\/quehacerpolitico.mx\/#website","url":"https:\/\/quehacerpolitico.mx\/","name":"","description":"","potentialAction":[{"@type":"SearchAction","target":{"@type":"EntryPoint","urlTemplate":"https:\/\/quehacerpolitico.mx\/?s={search_term_string}"},"query-input":{"@type":"PropertyValueSpecification","valueRequired":true,"valueName":"search_term_string"}}],"inLanguage":"es"},{"@type":"Person","@id":"https:\/\/quehacerpolitico.mx\/#\/schema\/person\/496d8ad2d1d3f8036101dca7ee39e585","name":"Redacci\u00f3n QP","image":{"@type":"ImageObject","inLanguage":"es","@id":"https:\/\/secure.gravatar.com\/avatar\/c7164ed6fdec453195284ad24a5ae5b6e1eed2b848477fa2a4787ba9adf39a41?s=96&d=mm&r=g","url":"https:\/\/secure.gravatar.com\/avatar\/c7164ed6fdec453195284ad24a5ae5b6e1eed2b848477fa2a4787ba9adf39a41?s=96&d=mm&r=g","contentUrl":"https:\/\/secure.gravatar.com\/avatar\/c7164ed6fdec453195284ad24a5ae5b6e1eed2b848477fa2a4787ba9adf39a41?s=96&d=mm&r=g","caption":"Redacci\u00f3n QP"},"url":"https:\/\/quehacerpolitico.mx\/?author=2"}]}},"featured_image_urls":{"full":["https:\/\/quehacerpolitico.mx\/wp-content\/uploads\/2024\/08\/IMG_7333.jpeg",1284,698,false],"thumbnail":["https:\/\/quehacerpolitico.mx\/wp-content\/uploads\/2024\/08\/IMG_7333-150x150.jpeg",150,150,true],"medium":["https:\/\/quehacerpolitico.mx\/wp-content\/uploads\/2024\/08\/IMG_7333-300x163.jpeg",300,163,true],"medium_large":["https:\/\/quehacerpolitico.mx\/wp-content\/uploads\/2024\/08\/IMG_7333-768x417.jpeg",640,348,true],"large":["https:\/\/quehacerpolitico.mx\/wp-content\/uploads\/2024\/08\/IMG_7333-1024x557.jpeg",640,348,true],"1536x1536":["https:\/\/quehacerpolitico.mx\/wp-content\/uploads\/2024\/08\/IMG_7333.jpeg",1284,698,false],"2048x2048":["https:\/\/quehacerpolitico.mx\/wp-content\/uploads\/2024\/08\/IMG_7333.jpeg",1284,698,false],"covernews-featured":["https:\/\/quehacerpolitico.mx\/wp-content\/uploads\/2024\/08\/IMG_7333.jpeg",1024,557,false],"covernews-medium":["https:\/\/quehacerpolitico.mx\/wp-content\/uploads\/2024\/08\/IMG_7333.jpeg",540,294,false]},"author_info":{"display_name":"Redacci\u00f3n QP","author_link":"https:\/\/quehacerpolitico.mx\/?author=2"},"category_info":"<a href=\"https:\/\/quehacerpolitico.mx\/?cat=2\" rel=\"category\">Noticias<\/a>","tag_info":"Noticias","comment_count":"0","_links":{"self":[{"href":"https:\/\/quehacerpolitico.mx\/index.php?rest_route=\/wp\/v2\/posts\/111894","targetHints":{"allow":["GET"]}}],"collection":[{"href":"https:\/\/quehacerpolitico.mx\/index.php?rest_route=\/wp\/v2\/posts"}],"about":[{"href":"https:\/\/quehacerpolitico.mx\/index.php?rest_route=\/wp\/v2\/types\/post"}],"author":[{"embeddable":true,"href":"https:\/\/quehacerpolitico.mx\/index.php?rest_route=\/wp\/v2\/users\/2"}],"replies":[{"embeddable":true,"href":"https:\/\/quehacerpolitico.mx\/index.php?rest_route=%2Fwp%2Fv2%2Fcomments&post=111894"}],"version-history":[{"count":1,"href":"https:\/\/quehacerpolitico.mx\/index.php?rest_route=\/wp\/v2\/posts\/111894\/revisions"}],"predecessor-version":[{"id":111896,"href":"https:\/\/quehacerpolitico.mx\/index.php?rest_route=\/wp\/v2\/posts\/111894\/revisions\/111896"}],"wp:featuredmedia":[{"embeddable":true,"href":"https:\/\/quehacerpolitico.mx\/index.php?rest_route=\/wp\/v2\/media\/111895"}],"wp:attachment":[{"href":"https:\/\/quehacerpolitico.mx\/index.php?rest_route=%2Fwp%2Fv2%2Fmedia&parent=111894"}],"wp:term":[{"taxonomy":"category","embeddable":true,"href":"https:\/\/quehacerpolitico.mx\/index.php?rest_route=%2Fwp%2Fv2%2Fcategories&post=111894"},{"taxonomy":"post_tag","embeddable":true,"href":"https:\/\/quehacerpolitico.mx\/index.php?rest_route=%2Fwp%2Fv2%2Ftags&post=111894"}],"curies":[{"name":"wp","href":"https:\/\/api.w.org\/{rel}","templated":true}]}}