{"id":111890,"date":"2024-08-12T17:42:19","date_gmt":"2024-08-12T17:42:19","guid":{"rendered":"https:\/\/quehacerpolitico.mx\/?p=111890"},"modified":"2024-08-12T17:42:21","modified_gmt":"2024-08-12T17:42:21","slug":"los-27-gobernadores-de-morena-en-funciones-y-electos-dan-su-respaldo-al-gobernador-de-sinaloa-ruben-rocha-moya-tras-los-senalamientos-de-ismael-el-mayo-zambada","status":"publish","type":"post","link":"https:\/\/quehacerpolitico.mx\/?p=111890","title":{"rendered":"Los 27\u00a0gobernadores\u00a0de\u00a0Morena\u00a0en funciones y electos dan su respaldo al gobernador de Sinaloa Rub\u00e9n Rocha Moya tras los se\u00f1alamientos de Ismael \u201cEl Mayo\u201d Zambada"},"content":{"rendered":"\n<p>Por Redacci\u00f3n QP<\/p>\n\n\n\n<p>Rocha Moya fue\u00a0se\u00f1alado por Ismael \u201cEl Mayo\u201d Zambada por medio de una carta en la que asegur\u00f3 que el d\u00eda de su detenci\u00f3n se reunir\u00eda con\u00a0\u00e9l y el diputado elector H\u00e9ctor Melesio Cu\u00e9n<\/p>\n\n\n\n<p>Los 27&nbsp;<strong>gobernadores&nbsp;<\/strong>de&nbsp;<strong>Morena&nbsp;<\/strong>en funciones y electos;&nbsp;el jefe de Gobierno de la Ciudad de M\u00e9xico, Mart\u00ed Batres;&nbsp;la jefa de Gobierno electa, Clara Brugada, y el dirigente nacional del partido,&nbsp;<strong>Mario Delgado<\/strong>, manifestaron este lunes su respaldo al gobernador de Sinaloa, Rub\u00e9n Rocha Moya, tras los se\u00f1alamientos de&nbsp;<strong>Ismael \u201cEl Mayo\u201d Zambada,<\/strong>&nbsp;l\u00edder del C\u00e1rtel de Sinaloa,&nbsp;el pasado s\u00e1bado.&nbsp;<\/p>\n\n\n\n<p>\u201cLas gobernadoras y gobernadores constitucionales del\u00a0<strong>Movimiento de Regeneraci\u00f3n Nacional<\/strong>\u00a0y la dirigencia del mismo expresamos nuestro absoluto respaldo al compa\u00f1ero\u00a0<strong>Rub\u00e9n Rocha Moya<\/strong>, gobernador constitucional del Estado de Sinaloa, ante las mentiras y estigmatizaci\u00f3n de las que ha sido objeto en d\u00edas recientes\u201d, dice el comunicado difundido por la cuenta de X de Delgado.<\/p>\n\n\n\n<figure class=\"wp-block-embed is-type-rich is-provider-twitter wp-block-embed-twitter\"><div class=\"wp-block-embed__wrapper\">\n<blockquote class=\"twitter-tweet\" data-width=\"550\" data-dnt=\"true\"><p lang=\"es\" dir=\"ltr\">Expresamos nuestro absoluto respaldo al gobernador de Sinaloa, nuestro compa\u00f1ero <a href=\"https:\/\/twitter.com\/rochamoya_?ref_src=twsrc%5Etfw\">@rochamoya_<\/a>. <a href=\"https:\/\/t.co\/eTayjduKmk\">pic.twitter.com\/eTayjduKmk<\/a><\/p>&mdash; Mario Delgado (@mario_delgado) <a href=\"https:\/\/twitter.com\/mario_delgado\/status\/1823009585629954452?ref_src=twsrc%5Etfw\">August 12, 2024<\/a><\/blockquote><script async src=\"https:\/\/platform.twitter.com\/widgets.js\" charset=\"utf-8\"><\/script>\n<\/div><\/figure>\n\n\n\n<p>En ese sentido, rechazaron \u201clos falsos se\u00f1alamientos supuestamente realizados por el se\u00f1or Ismael \u2018El Mayo\u2019 Zambada\u201d en la carta difundida el fin de semana\u00a0por el periodista<strong>\u00a0Keegan Hamilton.<\/strong><\/p>\n\n\n\n<p>Adem\u00e1s, los morenistas pidieron<strong>&nbsp;detener la estigmatizaci\u00f3n al estado de Sinaloa<\/strong>, entidad en la que el c\u00e1rtel liderado por Zambada opera, y aseguraron que &#8220;la historia y grandeza del pueblo sinaloense siempre trascender\u00e1&nbsp;las acciones de unos cuantos&#8221;.&nbsp;<\/p>\n\n\n\n<p>En el comunicado, se destac\u00f3 el labor y vocaci\u00f3n de Rub\u00e9n Rocha Moya en sus m\u00e1s de tres d\u00e9cadas como servidor p\u00fablico y lo calificaron como una persona &#8220;honesta y con un\u00a0respeto irrestricto a la ley&#8221;.<\/p>\n\n\n\n<p>&#8220;Ratificamos nuestra confianza al gobernador Rocha Moya cuya probidad y vocaci\u00f3n de servicio est\u00e1n m\u00e1s que acreditadas (&#8230;) En este proceso de transformaci\u00f3n siempre ha desempe\u00f1ado sus funciones bajo los principios del movimiento&#8221;, aseguraron los morenistas.<\/p>\n\n\n\n<figure class=\"wp-block-image size-large\"><img loading=\"lazy\" decoding=\"async\" width=\"701\" height=\"1024\" src=\"https:\/\/quehacerpolitico.mx\/wp-content\/uploads\/2024\/08\/image-30-701x1024.jpeg\" alt=\"\" class=\"wp-image-111891\" srcset=\"https:\/\/quehacerpolitico.mx\/wp-content\/uploads\/2024\/08\/image-30-701x1024.jpeg 701w, https:\/\/quehacerpolitico.mx\/wp-content\/uploads\/2024\/08\/image-30-205x300.jpeg 205w, https:\/\/quehacerpolitico.mx\/wp-content\/uploads\/2024\/08\/image-30-768x1122.jpeg 768w, https:\/\/quehacerpolitico.mx\/wp-content\/uploads\/2024\/08\/image-30-100x146.jpeg 100w, https:\/\/quehacerpolitico.mx\/wp-content\/uploads\/2024\/08\/image-30-34x50.jpeg 34w, https:\/\/quehacerpolitico.mx\/wp-content\/uploads\/2024\/08\/image-30-51x75.jpeg 51w, https:\/\/quehacerpolitico.mx\/wp-content\/uploads\/2024\/08\/image-30.jpeg 876w\" sizes=\"auto, (max-width: 701px) 100vw, 701px\" \/><\/figure>\n\n\n\n<p>Rub\u00e9n Rocha Moya fue&nbsp;se\u00f1alado por&nbsp;<strong>Ismael \u201cEl Mayo\u201d Zambada<\/strong>&nbsp;por medio de una carta difundida por su asesor legal, en la que asegur\u00f3 que el d\u00eda de su detenci\u00f3n se reunir\u00eda con \u00e9l, el diputado elector&nbsp;<strong>H\u00e9ctor Melesio Cu\u00e9n<\/strong>&nbsp;y Joaqu\u00edn Guzm\u00e1n L\u00f3pez para resolver un conflicto pol\u00edtico.&nbsp;<\/p>\n\n\n\n<p>Derivado de la naturaleza del encuentro y las personas involucradas, &#8220;El Mayo&#8221; asisti\u00f3 a la reuni\u00f3n en un rancho a las afueras de&nbsp;<strong>Culiac\u00e1n, Sinaloa,&nbsp;<\/strong>donde despu\u00e9s ser\u00eda emboscado y llevado a<strong>&nbsp;El Paso, Texas, p<\/strong>ara ser entregado a las autoridades estadounidenses, seg\u00fan acus\u00f3&nbsp;<\/p>\n\n\n\n<p>El capo asegur\u00f3 tambi\u00e9n en su declaraci\u00f3n&nbsp;que&nbsp;H\u00e9ctor Melesio Cu\u00e9n&nbsp;fue&nbsp;<strong>asesinado en el mismo rancho en el que fue secuestrado&nbsp;<\/strong>y no en una gasolinera, como lo aseguran las autoridades locales.<\/p>\n","protected":false},"excerpt":{"rendered":"<p>Por Redacci\u00f3n QP Rocha Moya fue\u00a0se\u00f1alado por Ismael \u201cEl Mayo\u201d Zambada por medio de una&#8230;<\/p>\n","protected":false},"author":2,"featured_media":111892,"comment_status":"open","ping_status":"open","sticky":false,"template":"","format":"standard","meta":{"_monsterinsights_skip_tracking":false,"_monsterinsights_sitenote_active":false,"_monsterinsights_sitenote_note":"","_monsterinsights_sitenote_category":0,"footnotes":""},"categories":[2],"tags":[],"class_list":["post-111890","post","type-post","status-publish","format-standard","has-post-thumbnail","hentry","category-noticias"],"yoast_head":"<!-- This site is optimized with the Yoast SEO plugin v27.3 - https:\/\/yoast.com\/product\/yoast-seo-wordpress\/ -->\n<title>Los 27\u00a0gobernadores\u00a0de\u00a0Morena\u00a0en funciones y electos dan su respaldo al gobernador de Sinaloa Rub\u00e9n Rocha Moya tras los se\u00f1alamientos de Ismael \u201cEl Mayo\u201d Zambada -<\/title>\n<meta name=\"robots\" content=\"index, follow, max-snippet:-1, max-image-preview:large, max-video-preview:-1\" \/>\n<link rel=\"canonical\" href=\"https:\/\/quehacerpolitico.mx\/?p=111890\" \/>\n<meta property=\"og:locale\" content=\"es_MX\" \/>\n<meta property=\"og:type\" content=\"article\" \/>\n<meta property=\"og:title\" content=\"Los 27\u00a0gobernadores\u00a0de\u00a0Morena\u00a0en funciones y electos dan su respaldo al gobernador de Sinaloa Rub\u00e9n Rocha Moya tras los se\u00f1alamientos de Ismael \u201cEl Mayo\u201d Zambada -\" \/>\n<meta property=\"og:description\" content=\"Por Redacci\u00f3n QP Rocha Moya fue\u00a0se\u00f1alado por Ismael \u201cEl Mayo\u201d Zambada por medio de una...\" \/>\n<meta property=\"og:url\" content=\"https:\/\/quehacerpolitico.mx\/?p=111890\" \/>\n<meta property=\"article:published_time\" content=\"2024-08-12T17:42:19+00:00\" \/>\n<meta property=\"article:modified_time\" content=\"2024-08-12T17:42:21+00:00\" \/>\n<meta property=\"og:image\" content=\"https:\/\/quehacerpolitico.mx\/wp-content\/uploads\/2024\/08\/IMG_7332.jpeg\" \/>\n\t<meta property=\"og:image:width\" content=\"764\" \/>\n\t<meta property=\"og:image:height\" content=\"401\" \/>\n\t<meta property=\"og:image:type\" content=\"image\/jpeg\" \/>\n<meta name=\"author\" content=\"Redacci\u00f3n QP\" \/>\n<meta name=\"twitter:card\" content=\"summary_large_image\" \/>\n<meta name=\"twitter:label1\" content=\"Escrito por\" \/>\n\t<meta name=\"twitter:data1\" content=\"Redacci\u00f3n QP\" \/>\n\t<meta name=\"twitter:label2\" content=\"Tiempo de lectura\" \/>\n\t<meta name=\"twitter:data2\" content=\"3 minutos\" \/>\n<script type=\"application\/ld+json\" class=\"yoast-schema-graph\">{\"@context\":\"https:\\\/\\\/schema.org\",\"@graph\":[{\"@type\":\"Article\",\"@id\":\"https:\\\/\\\/quehacerpolitico.mx\\\/?p=111890#article\",\"isPartOf\":{\"@id\":\"https:\\\/\\\/quehacerpolitico.mx\\\/?p=111890\"},\"author\":{\"name\":\"Redacci\u00f3n QP\",\"@id\":\"https:\\\/\\\/quehacerpolitico.mx\\\/#\\\/schema\\\/person\\\/496d8ad2d1d3f8036101dca7ee39e585\"},\"headline\":\"Los 27\u00a0gobernadores\u00a0de\u00a0Morena\u00a0en funciones y electos dan su respaldo al gobernador de Sinaloa Rub\u00e9n Rocha Moya tras los se\u00f1alamientos de Ismael \u201cEl Mayo\u201d Zambada\",\"datePublished\":\"2024-08-12T17:42:19+00:00\",\"dateModified\":\"2024-08-12T17:42:21+00:00\",\"mainEntityOfPage\":{\"@id\":\"https:\\\/\\\/quehacerpolitico.mx\\\/?p=111890\"},\"wordCount\":542,\"commentCount\":0,\"image\":{\"@id\":\"https:\\\/\\\/quehacerpolitico.mx\\\/?p=111890#primaryimage\"},\"thumbnailUrl\":\"https:\\\/\\\/quehacerpolitico.mx\\\/wp-content\\\/uploads\\\/2024\\\/08\\\/IMG_7332.jpeg\",\"articleSection\":[\"Noticias\"],\"inLanguage\":\"es\",\"potentialAction\":[{\"@type\":\"CommentAction\",\"name\":\"Comment\",\"target\":[\"https:\\\/\\\/quehacerpolitico.mx\\\/?p=111890#respond\"]}]},{\"@type\":\"WebPage\",\"@id\":\"https:\\\/\\\/quehacerpolitico.mx\\\/?p=111890\",\"url\":\"https:\\\/\\\/quehacerpolitico.mx\\\/?p=111890\",\"name\":\"Los 27\u00a0gobernadores\u00a0de\u00a0Morena\u00a0en funciones y electos dan su respaldo al gobernador de Sinaloa Rub\u00e9n Rocha Moya tras los se\u00f1alamientos de Ismael \u201cEl Mayo\u201d Zambada -\",\"isPartOf\":{\"@id\":\"https:\\\/\\\/quehacerpolitico.mx\\\/#website\"},\"primaryImageOfPage\":{\"@id\":\"https:\\\/\\\/quehacerpolitico.mx\\\/?p=111890#primaryimage\"},\"image\":{\"@id\":\"https:\\\/\\\/quehacerpolitico.mx\\\/?p=111890#primaryimage\"},\"thumbnailUrl\":\"https:\\\/\\\/quehacerpolitico.mx\\\/wp-content\\\/uploads\\\/2024\\\/08\\\/IMG_7332.jpeg\",\"datePublished\":\"2024-08-12T17:42:19+00:00\",\"dateModified\":\"2024-08-12T17:42:21+00:00\",\"author\":{\"@id\":\"https:\\\/\\\/quehacerpolitico.mx\\\/#\\\/schema\\\/person\\\/496d8ad2d1d3f8036101dca7ee39e585\"},\"breadcrumb\":{\"@id\":\"https:\\\/\\\/quehacerpolitico.mx\\\/?p=111890#breadcrumb\"},\"inLanguage\":\"es\",\"potentialAction\":[{\"@type\":\"ReadAction\",\"target\":[\"https:\\\/\\\/quehacerpolitico.mx\\\/?p=111890\"]}]},{\"@type\":\"ImageObject\",\"inLanguage\":\"es\",\"@id\":\"https:\\\/\\\/quehacerpolitico.mx\\\/?p=111890#primaryimage\",\"url\":\"https:\\\/\\\/quehacerpolitico.mx\\\/wp-content\\\/uploads\\\/2024\\\/08\\\/IMG_7332.jpeg\",\"contentUrl\":\"https:\\\/\\\/quehacerpolitico.mx\\\/wp-content\\\/uploads\\\/2024\\\/08\\\/IMG_7332.jpeg\",\"width\":764,\"height\":401},{\"@type\":\"BreadcrumbList\",\"@id\":\"https:\\\/\\\/quehacerpolitico.mx\\\/?p=111890#breadcrumb\",\"itemListElement\":[{\"@type\":\"ListItem\",\"position\":1,\"name\":\"Inicio\",\"item\":\"https:\\\/\\\/quehacerpolitico.mx\\\/\"},{\"@type\":\"ListItem\",\"position\":2,\"name\":\"Los 27\u00a0gobernadores\u00a0de\u00a0Morena\u00a0en funciones y electos dan su respaldo al gobernador de Sinaloa Rub\u00e9n Rocha Moya tras los se\u00f1alamientos de Ismael \u201cEl Mayo\u201d Zambada\"}]},{\"@type\":\"WebSite\",\"@id\":\"https:\\\/\\\/quehacerpolitico.mx\\\/#website\",\"url\":\"https:\\\/\\\/quehacerpolitico.mx\\\/\",\"name\":\"\",\"description\":\"\",\"potentialAction\":[{\"@type\":\"SearchAction\",\"target\":{\"@type\":\"EntryPoint\",\"urlTemplate\":\"https:\\\/\\\/quehacerpolitico.mx\\\/?s={search_term_string}\"},\"query-input\":{\"@type\":\"PropertyValueSpecification\",\"valueRequired\":true,\"valueName\":\"search_term_string\"}}],\"inLanguage\":\"es\"},{\"@type\":\"Person\",\"@id\":\"https:\\\/\\\/quehacerpolitico.mx\\\/#\\\/schema\\\/person\\\/496d8ad2d1d3f8036101dca7ee39e585\",\"name\":\"Redacci\u00f3n QP\",\"image\":{\"@type\":\"ImageObject\",\"inLanguage\":\"es\",\"@id\":\"https:\\\/\\\/secure.gravatar.com\\\/avatar\\\/c7164ed6fdec453195284ad24a5ae5b6e1eed2b848477fa2a4787ba9adf39a41?s=96&d=mm&r=g\",\"url\":\"https:\\\/\\\/secure.gravatar.com\\\/avatar\\\/c7164ed6fdec453195284ad24a5ae5b6e1eed2b848477fa2a4787ba9adf39a41?s=96&d=mm&r=g\",\"contentUrl\":\"https:\\\/\\\/secure.gravatar.com\\\/avatar\\\/c7164ed6fdec453195284ad24a5ae5b6e1eed2b848477fa2a4787ba9adf39a41?s=96&d=mm&r=g\",\"caption\":\"Redacci\u00f3n QP\"},\"url\":\"https:\\\/\\\/quehacerpolitico.mx\\\/?author=2\"}]}<\/script>\n<!-- \/ Yoast SEO plugin. -->","yoast_head_json":{"title":"Los 27\u00a0gobernadores\u00a0de\u00a0Morena\u00a0en funciones y electos dan su respaldo al gobernador de Sinaloa Rub\u00e9n Rocha Moya tras los se\u00f1alamientos de Ismael \u201cEl Mayo\u201d Zambada -","robots":{"index":"index","follow":"follow","max-snippet":"max-snippet:-1","max-image-preview":"max-image-preview:large","max-video-preview":"max-video-preview:-1"},"canonical":"https:\/\/quehacerpolitico.mx\/?p=111890","og_locale":"es_MX","og_type":"article","og_title":"Los 27\u00a0gobernadores\u00a0de\u00a0Morena\u00a0en funciones y electos dan su respaldo al gobernador de Sinaloa Rub\u00e9n Rocha Moya tras los se\u00f1alamientos de Ismael \u201cEl Mayo\u201d Zambada -","og_description":"Por Redacci\u00f3n QP Rocha Moya fue\u00a0se\u00f1alado por Ismael \u201cEl Mayo\u201d Zambada por medio de una...","og_url":"https:\/\/quehacerpolitico.mx\/?p=111890","article_published_time":"2024-08-12T17:42:19+00:00","article_modified_time":"2024-08-12T17:42:21+00:00","og_image":[{"width":764,"height":401,"url":"https:\/\/quehacerpolitico.mx\/wp-content\/uploads\/2024\/08\/IMG_7332.jpeg","type":"image\/jpeg"}],"author":"Redacci\u00f3n QP","twitter_card":"summary_large_image","twitter_misc":{"Escrito por":"Redacci\u00f3n QP","Tiempo de lectura":"3 minutos"},"schema":{"@context":"https:\/\/schema.org","@graph":[{"@type":"Article","@id":"https:\/\/quehacerpolitico.mx\/?p=111890#article","isPartOf":{"@id":"https:\/\/quehacerpolitico.mx\/?p=111890"},"author":{"name":"Redacci\u00f3n QP","@id":"https:\/\/quehacerpolitico.mx\/#\/schema\/person\/496d8ad2d1d3f8036101dca7ee39e585"},"headline":"Los 27\u00a0gobernadores\u00a0de\u00a0Morena\u00a0en funciones y electos dan su respaldo al gobernador de Sinaloa Rub\u00e9n Rocha Moya tras los se\u00f1alamientos de Ismael \u201cEl Mayo\u201d Zambada","datePublished":"2024-08-12T17:42:19+00:00","dateModified":"2024-08-12T17:42:21+00:00","mainEntityOfPage":{"@id":"https:\/\/quehacerpolitico.mx\/?p=111890"},"wordCount":542,"commentCount":0,"image":{"@id":"https:\/\/quehacerpolitico.mx\/?p=111890#primaryimage"},"thumbnailUrl":"https:\/\/quehacerpolitico.mx\/wp-content\/uploads\/2024\/08\/IMG_7332.jpeg","articleSection":["Noticias"],"inLanguage":"es","potentialAction":[{"@type":"CommentAction","name":"Comment","target":["https:\/\/quehacerpolitico.mx\/?p=111890#respond"]}]},{"@type":"WebPage","@id":"https:\/\/quehacerpolitico.mx\/?p=111890","url":"https:\/\/quehacerpolitico.mx\/?p=111890","name":"Los 27\u00a0gobernadores\u00a0de\u00a0Morena\u00a0en funciones y electos dan su respaldo al gobernador de Sinaloa Rub\u00e9n Rocha Moya tras los se\u00f1alamientos de Ismael \u201cEl Mayo\u201d Zambada -","isPartOf":{"@id":"https:\/\/quehacerpolitico.mx\/#website"},"primaryImageOfPage":{"@id":"https:\/\/quehacerpolitico.mx\/?p=111890#primaryimage"},"image":{"@id":"https:\/\/quehacerpolitico.mx\/?p=111890#primaryimage"},"thumbnailUrl":"https:\/\/quehacerpolitico.mx\/wp-content\/uploads\/2024\/08\/IMG_7332.jpeg","datePublished":"2024-08-12T17:42:19+00:00","dateModified":"2024-08-12T17:42:21+00:00","author":{"@id":"https:\/\/quehacerpolitico.mx\/#\/schema\/person\/496d8ad2d1d3f8036101dca7ee39e585"},"breadcrumb":{"@id":"https:\/\/quehacerpolitico.mx\/?p=111890#breadcrumb"},"inLanguage":"es","potentialAction":[{"@type":"ReadAction","target":["https:\/\/quehacerpolitico.mx\/?p=111890"]}]},{"@type":"ImageObject","inLanguage":"es","@id":"https:\/\/quehacerpolitico.mx\/?p=111890#primaryimage","url":"https:\/\/quehacerpolitico.mx\/wp-content\/uploads\/2024\/08\/IMG_7332.jpeg","contentUrl":"https:\/\/quehacerpolitico.mx\/wp-content\/uploads\/2024\/08\/IMG_7332.jpeg","width":764,"height":401},{"@type":"BreadcrumbList","@id":"https:\/\/quehacerpolitico.mx\/?p=111890#breadcrumb","itemListElement":[{"@type":"ListItem","position":1,"name":"Inicio","item":"https:\/\/quehacerpolitico.mx\/"},{"@type":"ListItem","position":2,"name":"Los 27\u00a0gobernadores\u00a0de\u00a0Morena\u00a0en funciones y electos dan su respaldo al gobernador de Sinaloa Rub\u00e9n Rocha Moya tras los se\u00f1alamientos de Ismael \u201cEl Mayo\u201d Zambada"}]},{"@type":"WebSite","@id":"https:\/\/quehacerpolitico.mx\/#website","url":"https:\/\/quehacerpolitico.mx\/","name":"","description":"","potentialAction":[{"@type":"SearchAction","target":{"@type":"EntryPoint","urlTemplate":"https:\/\/quehacerpolitico.mx\/?s={search_term_string}"},"query-input":{"@type":"PropertyValueSpecification","valueRequired":true,"valueName":"search_term_string"}}],"inLanguage":"es"},{"@type":"Person","@id":"https:\/\/quehacerpolitico.mx\/#\/schema\/person\/496d8ad2d1d3f8036101dca7ee39e585","name":"Redacci\u00f3n QP","image":{"@type":"ImageObject","inLanguage":"es","@id":"https:\/\/secure.gravatar.com\/avatar\/c7164ed6fdec453195284ad24a5ae5b6e1eed2b848477fa2a4787ba9adf39a41?s=96&d=mm&r=g","url":"https:\/\/secure.gravatar.com\/avatar\/c7164ed6fdec453195284ad24a5ae5b6e1eed2b848477fa2a4787ba9adf39a41?s=96&d=mm&r=g","contentUrl":"https:\/\/secure.gravatar.com\/avatar\/c7164ed6fdec453195284ad24a5ae5b6e1eed2b848477fa2a4787ba9adf39a41?s=96&d=mm&r=g","caption":"Redacci\u00f3n QP"},"url":"https:\/\/quehacerpolitico.mx\/?author=2"}]}},"featured_image_urls":{"full":["https:\/\/quehacerpolitico.mx\/wp-content\/uploads\/2024\/08\/IMG_7332.jpeg",764,401,false],"thumbnail":["https:\/\/quehacerpolitico.mx\/wp-content\/uploads\/2024\/08\/IMG_7332-150x150.jpeg",150,150,true],"medium":["https:\/\/quehacerpolitico.mx\/wp-content\/uploads\/2024\/08\/IMG_7332-300x157.jpeg",300,157,true],"medium_large":["https:\/\/quehacerpolitico.mx\/wp-content\/uploads\/2024\/08\/IMG_7332.jpeg",640,336,false],"large":["https:\/\/quehacerpolitico.mx\/wp-content\/uploads\/2024\/08\/IMG_7332.jpeg",640,336,false],"1536x1536":["https:\/\/quehacerpolitico.mx\/wp-content\/uploads\/2024\/08\/IMG_7332.jpeg",764,401,false],"2048x2048":["https:\/\/quehacerpolitico.mx\/wp-content\/uploads\/2024\/08\/IMG_7332.jpeg",764,401,false],"covernews-featured":["https:\/\/quehacerpolitico.mx\/wp-content\/uploads\/2024\/08\/IMG_7332.jpeg",764,401,false],"covernews-medium":["https:\/\/quehacerpolitico.mx\/wp-content\/uploads\/2024\/08\/IMG_7332.jpeg",540,283,false]},"author_info":{"display_name":"Redacci\u00f3n QP","author_link":"https:\/\/quehacerpolitico.mx\/?author=2"},"category_info":"<a href=\"https:\/\/quehacerpolitico.mx\/?cat=2\" rel=\"category\">Noticias<\/a>","tag_info":"Noticias","comment_count":"0","_links":{"self":[{"href":"https:\/\/quehacerpolitico.mx\/index.php?rest_route=\/wp\/v2\/posts\/111890","targetHints":{"allow":["GET"]}}],"collection":[{"href":"https:\/\/quehacerpolitico.mx\/index.php?rest_route=\/wp\/v2\/posts"}],"about":[{"href":"https:\/\/quehacerpolitico.mx\/index.php?rest_route=\/wp\/v2\/types\/post"}],"author":[{"embeddable":true,"href":"https:\/\/quehacerpolitico.mx\/index.php?rest_route=\/wp\/v2\/users\/2"}],"replies":[{"embeddable":true,"href":"https:\/\/quehacerpolitico.mx\/index.php?rest_route=%2Fwp%2Fv2%2Fcomments&post=111890"}],"version-history":[{"count":1,"href":"https:\/\/quehacerpolitico.mx\/index.php?rest_route=\/wp\/v2\/posts\/111890\/revisions"}],"predecessor-version":[{"id":111893,"href":"https:\/\/quehacerpolitico.mx\/index.php?rest_route=\/wp\/v2\/posts\/111890\/revisions\/111893"}],"wp:featuredmedia":[{"embeddable":true,"href":"https:\/\/quehacerpolitico.mx\/index.php?rest_route=\/wp\/v2\/media\/111892"}],"wp:attachment":[{"href":"https:\/\/quehacerpolitico.mx\/index.php?rest_route=%2Fwp%2Fv2%2Fmedia&parent=111890"}],"wp:term":[{"taxonomy":"category","embeddable":true,"href":"https:\/\/quehacerpolitico.mx\/index.php?rest_route=%2Fwp%2Fv2%2Fcategories&post=111890"},{"taxonomy":"post_tag","embeddable":true,"href":"https:\/\/quehacerpolitico.mx\/index.php?rest_route=%2Fwp%2Fv2%2Ftags&post=111890"}],"curies":[{"name":"wp","href":"https:\/\/api.w.org\/{rel}","templated":true}]}}