{"id":111884,"date":"2024-08-12T17:09:21","date_gmt":"2024-08-12T17:09:21","guid":{"rendered":"https:\/\/quehacerpolitico.mx\/?p=111884"},"modified":"2024-08-12T17:09:23","modified_gmt":"2024-08-12T17:09:23","slug":"lopez-obrador-reacciona-a-prision-domiciliaria-de-mario-marin-otro-sabadazo","status":"publish","type":"post","link":"https:\/\/quehacerpolitico.mx\/?p=111884","title":{"rendered":"L\u00f3pez Obrador reacciona a prisi\u00f3n domiciliaria de Mario Mar\u00edn, &#8220;otro sabadazo&#8221;"},"content":{"rendered":"\n<p>Por Redacci\u00f3n QP<\/p>\n\n\n\n<p>El exgobernador de puebla est\u00e1 acusado de los delitos de tortura y protecci\u00f3n de redes de trata infantil<\/p>\n\n\n\n<p>Al expresar que se trata de\u00a0<strong>&#8220;otro sabadazo&#8221;<\/strong>, el Presidente de M\u00e9xico,\u00a0Andres Manuel L\u00f3pez Obrador critic\u00f3 el hecho de que Ang\u00e9lica del Carmen Ortu\u00f1o Su\u00e1rez, jueza del Juzgado Segundo de Distrito del Estado de Quintana Roo, le haya concedido prisi\u00f3n domiciliaria al exgobernador de puebla,\u00a0Mario Mar\u00edn, acusado de los delitos de tortura y protecci\u00f3n de redes de trata infantil.<\/p>\n\n\n\n<p>En la ma\u00f1anera de hoy lunes 12 de agosto, el jefe del Ejecutivo federal acus\u00f3 a la oposici\u00f3n de proteger al exgobernador poblano al afirmar que ayud\u00f3 en el supuesto fraude en la elecci\u00f3n presidencial de 2006.<\/p>\n\n\n\n<p>&#8220;Est\u00e1 el caso reciente del fin de semana, otro sabadazo, de un juez o jueza que les est\u00e1n dando libertad al se\u00f1or Mar\u00edn, que fue gobernador de Puebla, ya dio la orden de que se libere un juez.&nbsp;<mark><strong>\u00bfSaben que hac\u00edan estos porque son lo mismo, sobre todo en pensamiento? Proteg\u00edan al se\u00f1or Mar\u00edn y saben, \u00bfpor qu\u00e9 lo proteg\u00edan? Porque el se\u00f1or Mar\u00edn les ayud\u00f3 en el fraude electoral de 2006.<\/strong><\/mark>&nbsp;Primero lo acusan, viene una denuncia de Lidia Cacho y va de candidato del PAN, Felipe Calder\u00f3n a Puebla a decir &#8216;si gan\u00f3 voy a meter a la c\u00e1rcel a Mar\u00edn&#8217;. Busquen, porque se dice &#8216;Ni perd\u00f3n ni olvido&#8217;, perd\u00f3n s\u00ed, olvido no&#8221;.<\/p>\n\n\n\n<figure class=\"wp-block-embed is-type-rich is-provider-twitter wp-block-embed-twitter\"><div class=\"wp-block-embed__wrapper\">\n<blockquote class=\"twitter-tweet\" data-width=\"550\" data-dnt=\"true\"><p lang=\"es\" dir=\"ltr\">En <a href=\"https:\/\/twitter.com\/hashtag\/LaMa%C3%B1anera?src=hash&amp;ref_src=twsrc%5Etfw\">#LaMa\u00f1anera<\/a> | El presidente L\u00f3pez Obrador volvi\u00f3 a cuestionar al Poder Judicial al afirmar que en otro \u201cSabadazo\u201d, una jueza est\u00e1 ordenando la liberaci\u00f3n del exgobernador de Puebla, Mario Marin, acusado de torturar a la periodista Lydia Cacho. <a href=\"https:\/\/t.co\/In9xK7H1ox\">pic.twitter.com\/In9xK7H1ox<\/a><\/p>&mdash; Azucena Uresti (@azucenau) <a href=\"https:\/\/twitter.com\/azucenau\/status\/1823010994823794786?ref_src=twsrc%5Etfw\">August 12, 2024<\/a><\/blockquote><script async src=\"https:\/\/platform.twitter.com\/widgets.js\" charset=\"utf-8\"><\/script>\n<\/div><\/figure>\n\n\n\n<p>&#8220;De repente viene la elecci\u00f3n y como les ayuda en el fraude electoral, o sea, lo someten, lo exoneran, ya Calder\u00f3n no vuelve a decir nada, porque les ayud\u00f3 en el fraude electoral; pasa el tiempo lo vuelven meter a la c\u00e1rcel porque contin\u00faa el juicio y ahora lo liberan.&nbsp;<mark><strong>Pues por eso no quieren que se reforme el Poder Judicial, pero eso es una cuestiona vamos a decir &#8216;rutinaria&#8217;, ya hemos aqu\u00ed demostrado como aplican los sabadazos, y este es otro sabadazo&#8221;.<\/strong><\/mark><\/p>\n\n\n\n<p>La organizaci\u00f3n en defensa de los derechos de libertad de expresi\u00f3n, Art\u00edculo 19, anunci\u00f3 que impugnar\u00e1 la liberaci\u00f3n de Mario Mar\u00edn luego de que Ang\u00e9lica del Carmen Ortu\u00f1o Su\u00e1rez, jueza del Juzgado Segundo de Distrito del Estado de Quintana Roo, decidiera que&nbsp;<mark><strong>el exgobernador de Puebla pueda llevar en libertad los procesos judiciales por los delitos que se le imputan contra la periodista Lydia Cacho.<\/strong><\/mark><\/p>\n\n\n\n<p>Art\u00edculo 19 expres\u00f3 que, aunque reconoce &#8220;que la prisi\u00f3n preventiva oficiosa, como pol\u00edtica punitiva de Estado en cientos de casos, puede ser violatoria a los derechos humanos en este pa\u00eds, existen situaciones particulares como la presente, donde, se amerita esta medida.<\/p>\n\n\n\n<p>&#8220;En el caso actual se han presentado por la defensa de\u00a0Lydia Cacho una serie de pruebas que acreditan no s\u00f3lo los posibles riesgos de fuga del procesado, sino tambi\u00e9n de riesgos contra la v\u00edctima, una mujer periodista v\u00edctima de tortura&#8221;.<\/p>\n\n\n\n<p>Con informaci\u00f3n de SUN<\/p>\n","protected":false},"excerpt":{"rendered":"<p>Por Redacci\u00f3n QP El exgobernador de puebla est\u00e1 acusado de los delitos de tortura y&#8230;<\/p>\n","protected":false},"author":2,"featured_media":111885,"comment_status":"open","ping_status":"open","sticky":false,"template":"","format":"standard","meta":{"_monsterinsights_skip_tracking":false,"_monsterinsights_sitenote_active":false,"_monsterinsights_sitenote_note":"","_monsterinsights_sitenote_category":0,"footnotes":""},"categories":[2],"tags":[],"class_list":["post-111884","post","type-post","status-publish","format-standard","has-post-thumbnail","hentry","category-noticias"],"yoast_head":"<!-- This site is optimized with the Yoast SEO plugin v27.3 - https:\/\/yoast.com\/product\/yoast-seo-wordpress\/ -->\n<title>L\u00f3pez Obrador reacciona a prisi\u00f3n domiciliaria de Mario Mar\u00edn, &quot;otro sabadazo&quot; -<\/title>\n<meta name=\"robots\" content=\"index, follow, max-snippet:-1, max-image-preview:large, max-video-preview:-1\" \/>\n<link rel=\"canonical\" href=\"https:\/\/quehacerpolitico.mx\/?p=111884\" \/>\n<meta property=\"og:locale\" content=\"es_MX\" \/>\n<meta property=\"og:type\" content=\"article\" \/>\n<meta property=\"og:title\" content=\"L\u00f3pez Obrador reacciona a prisi\u00f3n domiciliaria de Mario Mar\u00edn, &quot;otro sabadazo&quot; -\" \/>\n<meta property=\"og:description\" content=\"Por Redacci\u00f3n QP El exgobernador de puebla est\u00e1 acusado de los delitos de tortura y...\" \/>\n<meta property=\"og:url\" content=\"https:\/\/quehacerpolitico.mx\/?p=111884\" \/>\n<meta property=\"article:published_time\" content=\"2024-08-12T17:09:21+00:00\" \/>\n<meta property=\"article:modified_time\" content=\"2024-08-12T17:09:23+00:00\" \/>\n<meta property=\"og:image\" content=\"https:\/\/quehacerpolitico.mx\/wp-content\/uploads\/2024\/08\/IMG_7329.jpeg\" \/>\n\t<meta property=\"og:image:width\" content=\"945\" \/>\n\t<meta property=\"og:image:height\" content=\"714\" \/>\n\t<meta property=\"og:image:type\" content=\"image\/jpeg\" \/>\n<meta name=\"author\" content=\"Redacci\u00f3n QP\" \/>\n<meta name=\"twitter:card\" content=\"summary_large_image\" \/>\n<meta name=\"twitter:label1\" content=\"Escrito por\" \/>\n\t<meta name=\"twitter:data1\" content=\"Redacci\u00f3n QP\" \/>\n\t<meta name=\"twitter:label2\" content=\"Tiempo de lectura\" \/>\n\t<meta name=\"twitter:data2\" content=\"3 minutos\" \/>\n<script type=\"application\/ld+json\" class=\"yoast-schema-graph\">{\"@context\":\"https:\\\/\\\/schema.org\",\"@graph\":[{\"@type\":\"Article\",\"@id\":\"https:\\\/\\\/quehacerpolitico.mx\\\/?p=111884#article\",\"isPartOf\":{\"@id\":\"https:\\\/\\\/quehacerpolitico.mx\\\/?p=111884\"},\"author\":{\"name\":\"Redacci\u00f3n QP\",\"@id\":\"https:\\\/\\\/quehacerpolitico.mx\\\/#\\\/schema\\\/person\\\/496d8ad2d1d3f8036101dca7ee39e585\"},\"headline\":\"L\u00f3pez Obrador reacciona a prisi\u00f3n domiciliaria de Mario Mar\u00edn, &#8220;otro sabadazo&#8221;\",\"datePublished\":\"2024-08-12T17:09:21+00:00\",\"dateModified\":\"2024-08-12T17:09:23+00:00\",\"mainEntityOfPage\":{\"@id\":\"https:\\\/\\\/quehacerpolitico.mx\\\/?p=111884\"},\"wordCount\":541,\"commentCount\":0,\"image\":{\"@id\":\"https:\\\/\\\/quehacerpolitico.mx\\\/?p=111884#primaryimage\"},\"thumbnailUrl\":\"https:\\\/\\\/quehacerpolitico.mx\\\/wp-content\\\/uploads\\\/2024\\\/08\\\/IMG_7329.jpeg\",\"articleSection\":[\"Noticias\"],\"inLanguage\":\"es\",\"potentialAction\":[{\"@type\":\"CommentAction\",\"name\":\"Comment\",\"target\":[\"https:\\\/\\\/quehacerpolitico.mx\\\/?p=111884#respond\"]}]},{\"@type\":\"WebPage\",\"@id\":\"https:\\\/\\\/quehacerpolitico.mx\\\/?p=111884\",\"url\":\"https:\\\/\\\/quehacerpolitico.mx\\\/?p=111884\",\"name\":\"L\u00f3pez Obrador reacciona a prisi\u00f3n domiciliaria de Mario Mar\u00edn, \\\"otro sabadazo\\\" -\",\"isPartOf\":{\"@id\":\"https:\\\/\\\/quehacerpolitico.mx\\\/#website\"},\"primaryImageOfPage\":{\"@id\":\"https:\\\/\\\/quehacerpolitico.mx\\\/?p=111884#primaryimage\"},\"image\":{\"@id\":\"https:\\\/\\\/quehacerpolitico.mx\\\/?p=111884#primaryimage\"},\"thumbnailUrl\":\"https:\\\/\\\/quehacerpolitico.mx\\\/wp-content\\\/uploads\\\/2024\\\/08\\\/IMG_7329.jpeg\",\"datePublished\":\"2024-08-12T17:09:21+00:00\",\"dateModified\":\"2024-08-12T17:09:23+00:00\",\"author\":{\"@id\":\"https:\\\/\\\/quehacerpolitico.mx\\\/#\\\/schema\\\/person\\\/496d8ad2d1d3f8036101dca7ee39e585\"},\"breadcrumb\":{\"@id\":\"https:\\\/\\\/quehacerpolitico.mx\\\/?p=111884#breadcrumb\"},\"inLanguage\":\"es\",\"potentialAction\":[{\"@type\":\"ReadAction\",\"target\":[\"https:\\\/\\\/quehacerpolitico.mx\\\/?p=111884\"]}]},{\"@type\":\"ImageObject\",\"inLanguage\":\"es\",\"@id\":\"https:\\\/\\\/quehacerpolitico.mx\\\/?p=111884#primaryimage\",\"url\":\"https:\\\/\\\/quehacerpolitico.mx\\\/wp-content\\\/uploads\\\/2024\\\/08\\\/IMG_7329.jpeg\",\"contentUrl\":\"https:\\\/\\\/quehacerpolitico.mx\\\/wp-content\\\/uploads\\\/2024\\\/08\\\/IMG_7329.jpeg\",\"width\":945,\"height\":714,\"caption\":\"Screenshot\"},{\"@type\":\"BreadcrumbList\",\"@id\":\"https:\\\/\\\/quehacerpolitico.mx\\\/?p=111884#breadcrumb\",\"itemListElement\":[{\"@type\":\"ListItem\",\"position\":1,\"name\":\"Inicio\",\"item\":\"https:\\\/\\\/quehacerpolitico.mx\\\/\"},{\"@type\":\"ListItem\",\"position\":2,\"name\":\"L\u00f3pez Obrador reacciona a prisi\u00f3n domiciliaria de Mario Mar\u00edn, &#8220;otro sabadazo&#8221;\"}]},{\"@type\":\"WebSite\",\"@id\":\"https:\\\/\\\/quehacerpolitico.mx\\\/#website\",\"url\":\"https:\\\/\\\/quehacerpolitico.mx\\\/\",\"name\":\"\",\"description\":\"\",\"potentialAction\":[{\"@type\":\"SearchAction\",\"target\":{\"@type\":\"EntryPoint\",\"urlTemplate\":\"https:\\\/\\\/quehacerpolitico.mx\\\/?s={search_term_string}\"},\"query-input\":{\"@type\":\"PropertyValueSpecification\",\"valueRequired\":true,\"valueName\":\"search_term_string\"}}],\"inLanguage\":\"es\"},{\"@type\":\"Person\",\"@id\":\"https:\\\/\\\/quehacerpolitico.mx\\\/#\\\/schema\\\/person\\\/496d8ad2d1d3f8036101dca7ee39e585\",\"name\":\"Redacci\u00f3n QP\",\"image\":{\"@type\":\"ImageObject\",\"inLanguage\":\"es\",\"@id\":\"https:\\\/\\\/secure.gravatar.com\\\/avatar\\\/c7164ed6fdec453195284ad24a5ae5b6e1eed2b848477fa2a4787ba9adf39a41?s=96&d=mm&r=g\",\"url\":\"https:\\\/\\\/secure.gravatar.com\\\/avatar\\\/c7164ed6fdec453195284ad24a5ae5b6e1eed2b848477fa2a4787ba9adf39a41?s=96&d=mm&r=g\",\"contentUrl\":\"https:\\\/\\\/secure.gravatar.com\\\/avatar\\\/c7164ed6fdec453195284ad24a5ae5b6e1eed2b848477fa2a4787ba9adf39a41?s=96&d=mm&r=g\",\"caption\":\"Redacci\u00f3n QP\"},\"url\":\"https:\\\/\\\/quehacerpolitico.mx\\\/?author=2\"}]}<\/script>\n<!-- \/ Yoast SEO plugin. -->","yoast_head_json":{"title":"L\u00f3pez Obrador reacciona a prisi\u00f3n domiciliaria de Mario Mar\u00edn, \"otro sabadazo\" -","robots":{"index":"index","follow":"follow","max-snippet":"max-snippet:-1","max-image-preview":"max-image-preview:large","max-video-preview":"max-video-preview:-1"},"canonical":"https:\/\/quehacerpolitico.mx\/?p=111884","og_locale":"es_MX","og_type":"article","og_title":"L\u00f3pez Obrador reacciona a prisi\u00f3n domiciliaria de Mario Mar\u00edn, \"otro sabadazo\" -","og_description":"Por Redacci\u00f3n QP El exgobernador de puebla est\u00e1 acusado de los delitos de tortura y...","og_url":"https:\/\/quehacerpolitico.mx\/?p=111884","article_published_time":"2024-08-12T17:09:21+00:00","article_modified_time":"2024-08-12T17:09:23+00:00","og_image":[{"width":945,"height":714,"url":"https:\/\/quehacerpolitico.mx\/wp-content\/uploads\/2024\/08\/IMG_7329.jpeg","type":"image\/jpeg"}],"author":"Redacci\u00f3n QP","twitter_card":"summary_large_image","twitter_misc":{"Escrito por":"Redacci\u00f3n QP","Tiempo de lectura":"3 minutos"},"schema":{"@context":"https:\/\/schema.org","@graph":[{"@type":"Article","@id":"https:\/\/quehacerpolitico.mx\/?p=111884#article","isPartOf":{"@id":"https:\/\/quehacerpolitico.mx\/?p=111884"},"author":{"name":"Redacci\u00f3n QP","@id":"https:\/\/quehacerpolitico.mx\/#\/schema\/person\/496d8ad2d1d3f8036101dca7ee39e585"},"headline":"L\u00f3pez Obrador reacciona a prisi\u00f3n domiciliaria de Mario Mar\u00edn, &#8220;otro sabadazo&#8221;","datePublished":"2024-08-12T17:09:21+00:00","dateModified":"2024-08-12T17:09:23+00:00","mainEntityOfPage":{"@id":"https:\/\/quehacerpolitico.mx\/?p=111884"},"wordCount":541,"commentCount":0,"image":{"@id":"https:\/\/quehacerpolitico.mx\/?p=111884#primaryimage"},"thumbnailUrl":"https:\/\/quehacerpolitico.mx\/wp-content\/uploads\/2024\/08\/IMG_7329.jpeg","articleSection":["Noticias"],"inLanguage":"es","potentialAction":[{"@type":"CommentAction","name":"Comment","target":["https:\/\/quehacerpolitico.mx\/?p=111884#respond"]}]},{"@type":"WebPage","@id":"https:\/\/quehacerpolitico.mx\/?p=111884","url":"https:\/\/quehacerpolitico.mx\/?p=111884","name":"L\u00f3pez Obrador reacciona a prisi\u00f3n domiciliaria de Mario Mar\u00edn, \"otro sabadazo\" -","isPartOf":{"@id":"https:\/\/quehacerpolitico.mx\/#website"},"primaryImageOfPage":{"@id":"https:\/\/quehacerpolitico.mx\/?p=111884#primaryimage"},"image":{"@id":"https:\/\/quehacerpolitico.mx\/?p=111884#primaryimage"},"thumbnailUrl":"https:\/\/quehacerpolitico.mx\/wp-content\/uploads\/2024\/08\/IMG_7329.jpeg","datePublished":"2024-08-12T17:09:21+00:00","dateModified":"2024-08-12T17:09:23+00:00","author":{"@id":"https:\/\/quehacerpolitico.mx\/#\/schema\/person\/496d8ad2d1d3f8036101dca7ee39e585"},"breadcrumb":{"@id":"https:\/\/quehacerpolitico.mx\/?p=111884#breadcrumb"},"inLanguage":"es","potentialAction":[{"@type":"ReadAction","target":["https:\/\/quehacerpolitico.mx\/?p=111884"]}]},{"@type":"ImageObject","inLanguage":"es","@id":"https:\/\/quehacerpolitico.mx\/?p=111884#primaryimage","url":"https:\/\/quehacerpolitico.mx\/wp-content\/uploads\/2024\/08\/IMG_7329.jpeg","contentUrl":"https:\/\/quehacerpolitico.mx\/wp-content\/uploads\/2024\/08\/IMG_7329.jpeg","width":945,"height":714,"caption":"Screenshot"},{"@type":"BreadcrumbList","@id":"https:\/\/quehacerpolitico.mx\/?p=111884#breadcrumb","itemListElement":[{"@type":"ListItem","position":1,"name":"Inicio","item":"https:\/\/quehacerpolitico.mx\/"},{"@type":"ListItem","position":2,"name":"L\u00f3pez Obrador reacciona a prisi\u00f3n domiciliaria de Mario Mar\u00edn, &#8220;otro sabadazo&#8221;"}]},{"@type":"WebSite","@id":"https:\/\/quehacerpolitico.mx\/#website","url":"https:\/\/quehacerpolitico.mx\/","name":"","description":"","potentialAction":[{"@type":"SearchAction","target":{"@type":"EntryPoint","urlTemplate":"https:\/\/quehacerpolitico.mx\/?s={search_term_string}"},"query-input":{"@type":"PropertyValueSpecification","valueRequired":true,"valueName":"search_term_string"}}],"inLanguage":"es"},{"@type":"Person","@id":"https:\/\/quehacerpolitico.mx\/#\/schema\/person\/496d8ad2d1d3f8036101dca7ee39e585","name":"Redacci\u00f3n QP","image":{"@type":"ImageObject","inLanguage":"es","@id":"https:\/\/secure.gravatar.com\/avatar\/c7164ed6fdec453195284ad24a5ae5b6e1eed2b848477fa2a4787ba9adf39a41?s=96&d=mm&r=g","url":"https:\/\/secure.gravatar.com\/avatar\/c7164ed6fdec453195284ad24a5ae5b6e1eed2b848477fa2a4787ba9adf39a41?s=96&d=mm&r=g","contentUrl":"https:\/\/secure.gravatar.com\/avatar\/c7164ed6fdec453195284ad24a5ae5b6e1eed2b848477fa2a4787ba9adf39a41?s=96&d=mm&r=g","caption":"Redacci\u00f3n QP"},"url":"https:\/\/quehacerpolitico.mx\/?author=2"}]}},"featured_image_urls":{"full":["https:\/\/quehacerpolitico.mx\/wp-content\/uploads\/2024\/08\/IMG_7329.jpeg",945,714,false],"thumbnail":["https:\/\/quehacerpolitico.mx\/wp-content\/uploads\/2024\/08\/IMG_7329-150x150.jpeg",150,150,true],"medium":["https:\/\/quehacerpolitico.mx\/wp-content\/uploads\/2024\/08\/IMG_7329-300x227.jpeg",300,227,true],"medium_large":["https:\/\/quehacerpolitico.mx\/wp-content\/uploads\/2024\/08\/IMG_7329-768x580.jpeg",640,483,true],"large":["https:\/\/quehacerpolitico.mx\/wp-content\/uploads\/2024\/08\/IMG_7329.jpeg",640,484,false],"1536x1536":["https:\/\/quehacerpolitico.mx\/wp-content\/uploads\/2024\/08\/IMG_7329.jpeg",945,714,false],"2048x2048":["https:\/\/quehacerpolitico.mx\/wp-content\/uploads\/2024\/08\/IMG_7329.jpeg",945,714,false],"covernews-featured":["https:\/\/quehacerpolitico.mx\/wp-content\/uploads\/2024\/08\/IMG_7329.jpeg",945,714,false],"covernews-medium":["https:\/\/quehacerpolitico.mx\/wp-content\/uploads\/2024\/08\/IMG_7329.jpeg",450,340,false]},"author_info":{"display_name":"Redacci\u00f3n QP","author_link":"https:\/\/quehacerpolitico.mx\/?author=2"},"category_info":"<a href=\"https:\/\/quehacerpolitico.mx\/?cat=2\" rel=\"category\">Noticias<\/a>","tag_info":"Noticias","comment_count":"0","_links":{"self":[{"href":"https:\/\/quehacerpolitico.mx\/index.php?rest_route=\/wp\/v2\/posts\/111884","targetHints":{"allow":["GET"]}}],"collection":[{"href":"https:\/\/quehacerpolitico.mx\/index.php?rest_route=\/wp\/v2\/posts"}],"about":[{"href":"https:\/\/quehacerpolitico.mx\/index.php?rest_route=\/wp\/v2\/types\/post"}],"author":[{"embeddable":true,"href":"https:\/\/quehacerpolitico.mx\/index.php?rest_route=\/wp\/v2\/users\/2"}],"replies":[{"embeddable":true,"href":"https:\/\/quehacerpolitico.mx\/index.php?rest_route=%2Fwp%2Fv2%2Fcomments&post=111884"}],"version-history":[{"count":1,"href":"https:\/\/quehacerpolitico.mx\/index.php?rest_route=\/wp\/v2\/posts\/111884\/revisions"}],"predecessor-version":[{"id":111886,"href":"https:\/\/quehacerpolitico.mx\/index.php?rest_route=\/wp\/v2\/posts\/111884\/revisions\/111886"}],"wp:featuredmedia":[{"embeddable":true,"href":"https:\/\/quehacerpolitico.mx\/index.php?rest_route=\/wp\/v2\/media\/111885"}],"wp:attachment":[{"href":"https:\/\/quehacerpolitico.mx\/index.php?rest_route=%2Fwp%2Fv2%2Fmedia&parent=111884"}],"wp:term":[{"taxonomy":"category","embeddable":true,"href":"https:\/\/quehacerpolitico.mx\/index.php?rest_route=%2Fwp%2Fv2%2Fcategories&post=111884"},{"taxonomy":"post_tag","embeddable":true,"href":"https:\/\/quehacerpolitico.mx\/index.php?rest_route=%2Fwp%2Fv2%2Ftags&post=111884"}],"curies":[{"name":"wp","href":"https:\/\/api.w.org\/{rel}","templated":true}]}}