{"id":111878,"date":"2024-08-12T16:21:29","date_gmt":"2024-08-12T16:21:29","guid":{"rendered":"https:\/\/quehacerpolitico.mx\/?p=111878"},"modified":"2024-08-12T16:21:32","modified_gmt":"2024-08-12T16:21:32","slug":"el-quehacer-politico-a-traves-jose-alberto-prado-angeles-la-austeridad-republicana-alcanzo-al-segundo-piso-de-la-4t-la-dejo-sin-recursos","status":"publish","type":"post","link":"https:\/\/quehacerpolitico.mx\/?p=111878","title":{"rendered":"El Quehacer Pol\u00edtico a trav\u00e9s\/\/\/Jose Alberto Prado \u00c1ngeles\/\/\/La austeridad republicana alcanz\u00f3 al segundo piso de la 4T la dej\u00f3 sin recursos"},"content":{"rendered":"\n<p>Por Jos\u00e9 Alberto Prado \u00c1ngeles <\/p>\n\n\n\n<p>Director General y Editor<\/p>\n\n\n\n<p>Todo apunta a que la virtual presidenta electa ya se dio cuenta de que no le dejaron recursos econ\u00f3micos ni margen de maniobra para hacer frente a las promesas que alegremente hizo durante su extensa campa\u00f1a electoral. De ah\u00ed que, a\u00fan sin siquiera haber sido investida con la banda presidencial, ya comenz\u00f3 por recular, cancelar y postergar promesas, porque simple y sencillamente no hay dinero de d\u00f3nde echar mano, al menos no lo hay en las arcas de Palacio Nacional.<\/p>\n\n\n\n<p>Y en su descarga, habr\u00e1 que decir que, seguramente, el tema no pasa porque Claudia Sheinbaum Pardo no quiera o no est\u00e9 dispuesta a cumplir las m\u00faltiples promesas que hizo, sino que ha preferido, como dicen por ah\u00ed, \u201cponerse colorada\u201d y hacer frente a la situaci\u00f3n, a seguir hundiendo la econom\u00eda del pa\u00eds.<\/p>\n\n\n\n<p>La ex candidata de la coalici\u00f3n \u201cJuntos Haremos Historia\u201d, conformada por Morena y sus aliados, el Partido Verde Ecologista de M\u00e9xico y el Partido del Trabajo, propuso en materia de econom\u00eda mantener la \u201causteridad republicana\u201d, insignia del Gobierno de Andr\u00e9s Manuel L\u00f3pez Obrador.<\/p>\n\n\n\n<p>En pr\u00e1cticamente cada foro y escenario en que se present\u00f3, prometi\u00f3 que de llegar a ser presidenta implementar\u00eda una orientaci\u00f3n social del gasto para garantizar que los programas sociales llegasen a la poblaci\u00f3n que los necesita. Asimismo, sostendr\u00eda la iniciativa de reforma constitucional en materia de pensiones y el mantenimiento de la Pensi\u00f3n para el Bienestar que beneficia a las personas adultas mayores.<\/p>\n\n\n\n<p>Sheinbaum, adem\u00e1s, se pronunci\u00f3 por el mantenimiento de los programas sociales, los aumentos al salario m\u00ednimo en t\u00e9rminos reales y la inversi\u00f3n en el sur y sureste de M\u00e9xico. En el eje de g\u00e9nero, Sheinbaum incluy\u00f3 un apoyo bimestral para mujeres de 60 a 64 a\u00f1os, equivalente a la mitad de la pensi\u00f3n de 65 y m\u00e1s.<\/p>\n\n\n\n<p>Y es aqu\u00ed donde ya tropez\u00f3.<\/p>\n\n\n\n<p>La virtual presidenta anunci\u00f3 en d\u00edas pasados que, por \u201cresponsabilidad presupuestaria\u201d, uno de los programas que ofreci\u00f3 en su campa\u00f1a, el apoyo econ\u00f3mico bimestral de tres mil para mujeres de 60 a 64 a\u00f1os, ser\u00eda corregido.<\/p>\n\n\n\n<p>\u201cEl programa de 60-64 va a tener un mill\u00f3n de mujeres. Estamos evaluando si lo hacemos por edad; por ejemplo, las de 63 y 64, y ya el siguiente a\u00f1o ser\u00eda de 60 a 64 a\u00f1os. (Esto es) por los recursos econ\u00f3micos. No queremos ser irresponsables de proponer algo que no podamos cumplir\u201d, dijo en conferencia.<\/p>\n\n\n\n<p>Coment\u00f3 que est\u00e1n viendo a qu\u00e9 mujeres beneficiar con estos recursos, pues comenzar\u00e1n s\u00f3lo con un mill\u00f3n de ellas, por lo que dijo que analizan si la divisi\u00f3n ser\u00e1 por edad o por zona, pero asegur\u00f3 que en cualquiera de los casos \u00fanicamente las ind\u00edgenas de 60 a 64 a\u00f1os contar\u00e1n con este apoyo a partir de 2025.<\/p>\n\n\n\n<p>La morenista coment\u00f3 que en M\u00e9xico hay cerca de 3 millones de mujeres de 60 a 64 a\u00f1os, las cuales ser\u00e1n beneficiadas por completo hasta 2026.<\/p>\n\n\n\n<p>Esto se suma a que la pr\u00f3xima presidenta tambi\u00e9n adelant\u00f3 el domingo 14 de julio que ser\u00e1 hasta el a\u00f1o 2026 cuando se aplicar\u00e1 por completo la beca universal para estudiantes de escuelas p\u00fablicas, el cual fue otro de sus compromisos de campa\u00f1a.<\/p>\n\n\n\n<p>\u201cA este programa nos vamos a dedicar durante los siguientes a\u00f1os. El primer a\u00f1o, 2025, vamos a iniciar con los adolescentes de secundaria y el siguiente (2026) ya la vamos a hacer universal: preescolar, primaria y secundaria. Ya tenemos la beca para preparatoria\u201d, dijo.<\/p>\n\n\n\n<p>Claudia insisti\u00f3 vehementemente en que dar\u00eda continuidad a la pol\u00edtica social impulsada por el actual Gobierno del presidente Andr\u00e9s Manuel L\u00f3pez Obrador. \u201cLa cuarta transformaci\u00f3n sigue en nuestro pa\u00eds; al siguiente escal\u00f3n, el segundo piso, vamos a darle continuidad a la cuarta transformaci\u00f3n\u201d.<\/p>\n\n\n\n<p>Era su pretensi\u00f3n preservar los programas y proyectos de L\u00f3pez Obrador, como ya se ha dicho, la pensi\u00f3n para adultos mayores, becas para j\u00f3venes, proyectos de infraestructura, entre otros, y dar paso a nuevos proyectos.<\/p>\n\n\n\n<p>Todav\u00eda retumban en el Z\u00f3calo de la Ciudad de M\u00e9xico las promesas que hizo el pasado mes de abril, cuando en un evento masivo present\u00f3 los 100 puntos que delinear\u00edan su proyecto de Gobierno en caso de ganar las elecciones.<\/p>\n\n\n\n<p>En \u201c100 pasos para la transformaci\u00f3n\u201d, se propone una reducci\u00f3n considerable de la deuda p\u00fablica que actualmente representa un 3.7% del Producto Interno Bruto (PIB), para pasar a un 2.5% para 2029, lo que permitir\u00e1, seg\u00fan afirm\u00f3, liberar recursos p\u00fablicos a objetivos prioritarios.<\/p>\n\n\n\n<p>Sheinbaum expuso que aumentar\u00eda el salario m\u00ednimo para que en los siguientes a\u00f1os tuviese un aumento nominal del 11% anual. Durante el actual gobierno, el salario m\u00ednimo ha tenido seis aumentos, el m\u00e1s reciente entr\u00f3 en vigor el pasado 1 de enero, cuando pas\u00f3 de 207.44 (US$ 12.06) a 248.93 (US$ 14.48) pesos diarios, y en la Zona Libre de la Frontera Norte pas\u00f3 de 312.41 (US$ 18.17) a 374.89 (US$ 21.80) pesos diarios.<\/p>\n\n\n\n<p>Dicen tambi\u00e9n que, \u201cprometer no empobrece\u201d, y eso fue lo que hizo Claudia durante su campa\u00f1a. Prometer y prometer. No se puede saber si lo hizo con plena conciencia de que no podr\u00eda cumplir porque las arcas del gobierno fueron saqueadas, o si realmente ha sido una sorpresa darse cuenta de que no existen recursos para sostener sus promesas.<\/p>\n\n\n\n<p>\u00bfImporta? Por supuesto:<\/p>\n\n\n\n<p>Importa porque esta actitud nos muestra de pies a cabeza a quien llevar\u00e1 las riendas del pa\u00eds durante los pr\u00f3ximos seis a\u00f1os.<\/p>\n\n\n\n<p>Importa porque nos deja ver a una gobernante que le da lo mismo prometer sin bases que incumplir sin inmutarse.<\/p>\n\n\n\n<p>Importa porque ya se vio que es capaz de hacer cualquier cosa para llegar al poder. Lo mismo que su jefe y mentor, Andr\u00e9s Manuel L\u00f3pez Obrador.<\/p>\n\n\n\n<p>La mala noticia, muy mala noticia para Sheinbaum, es que se acaba de dar a conocer en d\u00edas pasados que, de acuerdo con estimaciones al concluir la administraci\u00f3n de L\u00f3pez Obrador, la deuda neta del gobierno se ubicar\u00eda en 16.4 billones de pesos, cifra equivalente al 49.7% del Producto Interno Bruto (PIB) de M\u00e9xico, el porcentaje m\u00e1s alto de las \u00faltimas seis administraciones.<\/p>\n\n\n\n<p>As\u00ed, superar\u00eda la deuda de su predecesor Enrique Pe\u00f1a Nieto en 4.9 puntos porcentuales del PIB, de acuerdo con el reporte trimestral de las finanzas p\u00fablicas, as\u00ed como con los Precriterios Generales de Pol\u00edtica Econ\u00f3mica para 2024.<\/p>\n\n\n\n<p>La deuda nominal por habitante llegar\u00eda a 126 mil 277 pesos, 44.6% m\u00e1s que al cierre del gobierno de Pe\u00f1a Nieto.<\/p>\n\n\n\n<p>Dicho saldo tambi\u00e9n representa una cifra hist\u00f3rica.<\/p>\n\n\n\n<p>As\u00ed las cosas, nadie puede estar seguro ni de sus pensiones ni de los apoyos gubernamentales que recibe del gobierno federal porque a Claudia Sheinbaum haya sido como haya sido, le dejaron las arcas vac\u00edas.<\/p>\n\n\n\n<p>As\u00ed el Quehacer Pol\u00edtico Desde 1980, 44 a\u00f1os inquiriendo en la pol\u00edtica de M\u00e9xico, cuestionando, exponiendo, revelando y razonando.Es cuanto.<\/p>\n","protected":false},"excerpt":{"rendered":"<p>Por Jos\u00e9 Alberto Prado \u00c1ngeles Director General y Editor Todo apunta a que la virtual&#8230;<\/p>\n","protected":false},"author":2,"featured_media":111879,"comment_status":"open","ping_status":"open","sticky":false,"template":"","format":"standard","meta":{"_monsterinsights_skip_tracking":false,"_monsterinsights_sitenote_active":false,"_monsterinsights_sitenote_note":"","_monsterinsights_sitenote_category":0,"footnotes":""},"categories":[2],"tags":[],"class_list":["post-111878","post","type-post","status-publish","format-standard","has-post-thumbnail","hentry","category-noticias"],"yoast_head":"<!-- This site is optimized with the Yoast SEO plugin v27.3 - https:\/\/yoast.com\/product\/yoast-seo-wordpress\/ -->\n<title>El Quehacer Pol\u00edtico a trav\u00e9s\/\/\/Jose Alberto Prado \u00c1ngeles\/\/\/La austeridad republicana alcanz\u00f3 al segundo piso de la 4T la dej\u00f3 sin recursos -<\/title>\n<meta name=\"robots\" content=\"index, follow, max-snippet:-1, max-image-preview:large, max-video-preview:-1\" \/>\n<link rel=\"canonical\" href=\"https:\/\/quehacerpolitico.mx\/?p=111878\" \/>\n<meta property=\"og:locale\" content=\"es_MX\" \/>\n<meta property=\"og:type\" content=\"article\" \/>\n<meta property=\"og:title\" content=\"El Quehacer Pol\u00edtico a trav\u00e9s\/\/\/Jose Alberto Prado \u00c1ngeles\/\/\/La austeridad republicana alcanz\u00f3 al segundo piso de la 4T la dej\u00f3 sin recursos -\" \/>\n<meta property=\"og:description\" content=\"Por Jos\u00e9 Alberto Prado \u00c1ngeles Director General y Editor Todo apunta a que la virtual...\" \/>\n<meta property=\"og:url\" content=\"https:\/\/quehacerpolitico.mx\/?p=111878\" \/>\n<meta property=\"article:published_time\" content=\"2024-08-12T16:21:29+00:00\" \/>\n<meta property=\"article:modified_time\" content=\"2024-08-12T16:21:32+00:00\" \/>\n<meta property=\"og:image\" content=\"https:\/\/quehacerpolitico.mx\/wp-content\/uploads\/2024\/08\/fb07bd44-0f95-41a8-8353-f61c55b6d960-1.jpeg\" \/>\n\t<meta property=\"og:image:width\" content=\"963\" \/>\n\t<meta property=\"og:image:height\" content=\"493\" \/>\n\t<meta property=\"og:image:type\" content=\"image\/jpeg\" \/>\n<meta name=\"author\" content=\"Redacci\u00f3n QP\" \/>\n<meta name=\"twitter:card\" content=\"summary_large_image\" \/>\n<meta name=\"twitter:label1\" content=\"Escrito por\" \/>\n\t<meta name=\"twitter:data1\" content=\"Redacci\u00f3n QP\" \/>\n\t<meta name=\"twitter:label2\" content=\"Tiempo de lectura\" \/>\n\t<meta name=\"twitter:data2\" content=\"6 minutos\" \/>\n<script type=\"application\/ld+json\" class=\"yoast-schema-graph\">{\"@context\":\"https:\\\/\\\/schema.org\",\"@graph\":[{\"@type\":\"Article\",\"@id\":\"https:\\\/\\\/quehacerpolitico.mx\\\/?p=111878#article\",\"isPartOf\":{\"@id\":\"https:\\\/\\\/quehacerpolitico.mx\\\/?p=111878\"},\"author\":{\"name\":\"Redacci\u00f3n QP\",\"@id\":\"https:\\\/\\\/quehacerpolitico.mx\\\/#\\\/schema\\\/person\\\/496d8ad2d1d3f8036101dca7ee39e585\"},\"headline\":\"El Quehacer Pol\u00edtico a trav\u00e9s\\\/\\\/\\\/Jose Alberto Prado \u00c1ngeles\\\/\\\/\\\/La austeridad republicana alcanz\u00f3 al segundo piso de la 4T la dej\u00f3 sin recursos\",\"datePublished\":\"2024-08-12T16:21:29+00:00\",\"dateModified\":\"2024-08-12T16:21:32+00:00\",\"mainEntityOfPage\":{\"@id\":\"https:\\\/\\\/quehacerpolitico.mx\\\/?p=111878\"},\"wordCount\":1216,\"commentCount\":0,\"image\":{\"@id\":\"https:\\\/\\\/quehacerpolitico.mx\\\/?p=111878#primaryimage\"},\"thumbnailUrl\":\"https:\\\/\\\/quehacerpolitico.mx\\\/wp-content\\\/uploads\\\/2024\\\/08\\\/fb07bd44-0f95-41a8-8353-f61c55b6d960-1.jpeg\",\"articleSection\":[\"Noticias\"],\"inLanguage\":\"es\",\"potentialAction\":[{\"@type\":\"CommentAction\",\"name\":\"Comment\",\"target\":[\"https:\\\/\\\/quehacerpolitico.mx\\\/?p=111878#respond\"]}]},{\"@type\":\"WebPage\",\"@id\":\"https:\\\/\\\/quehacerpolitico.mx\\\/?p=111878\",\"url\":\"https:\\\/\\\/quehacerpolitico.mx\\\/?p=111878\",\"name\":\"El Quehacer Pol\u00edtico a trav\u00e9s\\\/\\\/\\\/Jose Alberto Prado \u00c1ngeles\\\/\\\/\\\/La austeridad republicana alcanz\u00f3 al segundo piso de la 4T la dej\u00f3 sin recursos -\",\"isPartOf\":{\"@id\":\"https:\\\/\\\/quehacerpolitico.mx\\\/#website\"},\"primaryImageOfPage\":{\"@id\":\"https:\\\/\\\/quehacerpolitico.mx\\\/?p=111878#primaryimage\"},\"image\":{\"@id\":\"https:\\\/\\\/quehacerpolitico.mx\\\/?p=111878#primaryimage\"},\"thumbnailUrl\":\"https:\\\/\\\/quehacerpolitico.mx\\\/wp-content\\\/uploads\\\/2024\\\/08\\\/fb07bd44-0f95-41a8-8353-f61c55b6d960-1.jpeg\",\"datePublished\":\"2024-08-12T16:21:29+00:00\",\"dateModified\":\"2024-08-12T16:21:32+00:00\",\"author\":{\"@id\":\"https:\\\/\\\/quehacerpolitico.mx\\\/#\\\/schema\\\/person\\\/496d8ad2d1d3f8036101dca7ee39e585\"},\"breadcrumb\":{\"@id\":\"https:\\\/\\\/quehacerpolitico.mx\\\/?p=111878#breadcrumb\"},\"inLanguage\":\"es\",\"potentialAction\":[{\"@type\":\"ReadAction\",\"target\":[\"https:\\\/\\\/quehacerpolitico.mx\\\/?p=111878\"]}]},{\"@type\":\"ImageObject\",\"inLanguage\":\"es\",\"@id\":\"https:\\\/\\\/quehacerpolitico.mx\\\/?p=111878#primaryimage\",\"url\":\"https:\\\/\\\/quehacerpolitico.mx\\\/wp-content\\\/uploads\\\/2024\\\/08\\\/fb07bd44-0f95-41a8-8353-f61c55b6d960-1.jpeg\",\"contentUrl\":\"https:\\\/\\\/quehacerpolitico.mx\\\/wp-content\\\/uploads\\\/2024\\\/08\\\/fb07bd44-0f95-41a8-8353-f61c55b6d960-1.jpeg\",\"width\":963,\"height\":493},{\"@type\":\"BreadcrumbList\",\"@id\":\"https:\\\/\\\/quehacerpolitico.mx\\\/?p=111878#breadcrumb\",\"itemListElement\":[{\"@type\":\"ListItem\",\"position\":1,\"name\":\"Inicio\",\"item\":\"https:\\\/\\\/quehacerpolitico.mx\\\/\"},{\"@type\":\"ListItem\",\"position\":2,\"name\":\"El Quehacer Pol\u00edtico a trav\u00e9s\\\/\\\/\\\/Jose Alberto Prado \u00c1ngeles\\\/\\\/\\\/La austeridad republicana alcanz\u00f3 al segundo piso de la 4T la dej\u00f3 sin recursos\"}]},{\"@type\":\"WebSite\",\"@id\":\"https:\\\/\\\/quehacerpolitico.mx\\\/#website\",\"url\":\"https:\\\/\\\/quehacerpolitico.mx\\\/\",\"name\":\"\",\"description\":\"\",\"potentialAction\":[{\"@type\":\"SearchAction\",\"target\":{\"@type\":\"EntryPoint\",\"urlTemplate\":\"https:\\\/\\\/quehacerpolitico.mx\\\/?s={search_term_string}\"},\"query-input\":{\"@type\":\"PropertyValueSpecification\",\"valueRequired\":true,\"valueName\":\"search_term_string\"}}],\"inLanguage\":\"es\"},{\"@type\":\"Person\",\"@id\":\"https:\\\/\\\/quehacerpolitico.mx\\\/#\\\/schema\\\/person\\\/496d8ad2d1d3f8036101dca7ee39e585\",\"name\":\"Redacci\u00f3n QP\",\"image\":{\"@type\":\"ImageObject\",\"inLanguage\":\"es\",\"@id\":\"https:\\\/\\\/secure.gravatar.com\\\/avatar\\\/c7164ed6fdec453195284ad24a5ae5b6e1eed2b848477fa2a4787ba9adf39a41?s=96&d=mm&r=g\",\"url\":\"https:\\\/\\\/secure.gravatar.com\\\/avatar\\\/c7164ed6fdec453195284ad24a5ae5b6e1eed2b848477fa2a4787ba9adf39a41?s=96&d=mm&r=g\",\"contentUrl\":\"https:\\\/\\\/secure.gravatar.com\\\/avatar\\\/c7164ed6fdec453195284ad24a5ae5b6e1eed2b848477fa2a4787ba9adf39a41?s=96&d=mm&r=g\",\"caption\":\"Redacci\u00f3n QP\"},\"url\":\"https:\\\/\\\/quehacerpolitico.mx\\\/?author=2\"}]}<\/script>\n<!-- \/ Yoast SEO plugin. -->","yoast_head_json":{"title":"El Quehacer Pol\u00edtico a trav\u00e9s\/\/\/Jose Alberto Prado \u00c1ngeles\/\/\/La austeridad republicana alcanz\u00f3 al segundo piso de la 4T la dej\u00f3 sin recursos -","robots":{"index":"index","follow":"follow","max-snippet":"max-snippet:-1","max-image-preview":"max-image-preview:large","max-video-preview":"max-video-preview:-1"},"canonical":"https:\/\/quehacerpolitico.mx\/?p=111878","og_locale":"es_MX","og_type":"article","og_title":"El Quehacer Pol\u00edtico a trav\u00e9s\/\/\/Jose Alberto Prado \u00c1ngeles\/\/\/La austeridad republicana alcanz\u00f3 al segundo piso de la 4T la dej\u00f3 sin recursos -","og_description":"Por Jos\u00e9 Alberto Prado \u00c1ngeles Director General y Editor Todo apunta a que la virtual...","og_url":"https:\/\/quehacerpolitico.mx\/?p=111878","article_published_time":"2024-08-12T16:21:29+00:00","article_modified_time":"2024-08-12T16:21:32+00:00","og_image":[{"width":963,"height":493,"url":"https:\/\/quehacerpolitico.mx\/wp-content\/uploads\/2024\/08\/fb07bd44-0f95-41a8-8353-f61c55b6d960-1.jpeg","type":"image\/jpeg"}],"author":"Redacci\u00f3n QP","twitter_card":"summary_large_image","twitter_misc":{"Escrito por":"Redacci\u00f3n QP","Tiempo de lectura":"6 minutos"},"schema":{"@context":"https:\/\/schema.org","@graph":[{"@type":"Article","@id":"https:\/\/quehacerpolitico.mx\/?p=111878#article","isPartOf":{"@id":"https:\/\/quehacerpolitico.mx\/?p=111878"},"author":{"name":"Redacci\u00f3n QP","@id":"https:\/\/quehacerpolitico.mx\/#\/schema\/person\/496d8ad2d1d3f8036101dca7ee39e585"},"headline":"El Quehacer Pol\u00edtico a trav\u00e9s\/\/\/Jose Alberto Prado \u00c1ngeles\/\/\/La austeridad republicana alcanz\u00f3 al segundo piso de la 4T la dej\u00f3 sin recursos","datePublished":"2024-08-12T16:21:29+00:00","dateModified":"2024-08-12T16:21:32+00:00","mainEntityOfPage":{"@id":"https:\/\/quehacerpolitico.mx\/?p=111878"},"wordCount":1216,"commentCount":0,"image":{"@id":"https:\/\/quehacerpolitico.mx\/?p=111878#primaryimage"},"thumbnailUrl":"https:\/\/quehacerpolitico.mx\/wp-content\/uploads\/2024\/08\/fb07bd44-0f95-41a8-8353-f61c55b6d960-1.jpeg","articleSection":["Noticias"],"inLanguage":"es","potentialAction":[{"@type":"CommentAction","name":"Comment","target":["https:\/\/quehacerpolitico.mx\/?p=111878#respond"]}]},{"@type":"WebPage","@id":"https:\/\/quehacerpolitico.mx\/?p=111878","url":"https:\/\/quehacerpolitico.mx\/?p=111878","name":"El Quehacer Pol\u00edtico a trav\u00e9s\/\/\/Jose Alberto Prado \u00c1ngeles\/\/\/La austeridad republicana alcanz\u00f3 al segundo piso de la 4T la dej\u00f3 sin recursos -","isPartOf":{"@id":"https:\/\/quehacerpolitico.mx\/#website"},"primaryImageOfPage":{"@id":"https:\/\/quehacerpolitico.mx\/?p=111878#primaryimage"},"image":{"@id":"https:\/\/quehacerpolitico.mx\/?p=111878#primaryimage"},"thumbnailUrl":"https:\/\/quehacerpolitico.mx\/wp-content\/uploads\/2024\/08\/fb07bd44-0f95-41a8-8353-f61c55b6d960-1.jpeg","datePublished":"2024-08-12T16:21:29+00:00","dateModified":"2024-08-12T16:21:32+00:00","author":{"@id":"https:\/\/quehacerpolitico.mx\/#\/schema\/person\/496d8ad2d1d3f8036101dca7ee39e585"},"breadcrumb":{"@id":"https:\/\/quehacerpolitico.mx\/?p=111878#breadcrumb"},"inLanguage":"es","potentialAction":[{"@type":"ReadAction","target":["https:\/\/quehacerpolitico.mx\/?p=111878"]}]},{"@type":"ImageObject","inLanguage":"es","@id":"https:\/\/quehacerpolitico.mx\/?p=111878#primaryimage","url":"https:\/\/quehacerpolitico.mx\/wp-content\/uploads\/2024\/08\/fb07bd44-0f95-41a8-8353-f61c55b6d960-1.jpeg","contentUrl":"https:\/\/quehacerpolitico.mx\/wp-content\/uploads\/2024\/08\/fb07bd44-0f95-41a8-8353-f61c55b6d960-1.jpeg","width":963,"height":493},{"@type":"BreadcrumbList","@id":"https:\/\/quehacerpolitico.mx\/?p=111878#breadcrumb","itemListElement":[{"@type":"ListItem","position":1,"name":"Inicio","item":"https:\/\/quehacerpolitico.mx\/"},{"@type":"ListItem","position":2,"name":"El Quehacer Pol\u00edtico a trav\u00e9s\/\/\/Jose Alberto Prado \u00c1ngeles\/\/\/La austeridad republicana alcanz\u00f3 al segundo piso de la 4T la dej\u00f3 sin recursos"}]},{"@type":"WebSite","@id":"https:\/\/quehacerpolitico.mx\/#website","url":"https:\/\/quehacerpolitico.mx\/","name":"","description":"","potentialAction":[{"@type":"SearchAction","target":{"@type":"EntryPoint","urlTemplate":"https:\/\/quehacerpolitico.mx\/?s={search_term_string}"},"query-input":{"@type":"PropertyValueSpecification","valueRequired":true,"valueName":"search_term_string"}}],"inLanguage":"es"},{"@type":"Person","@id":"https:\/\/quehacerpolitico.mx\/#\/schema\/person\/496d8ad2d1d3f8036101dca7ee39e585","name":"Redacci\u00f3n QP","image":{"@type":"ImageObject","inLanguage":"es","@id":"https:\/\/secure.gravatar.com\/avatar\/c7164ed6fdec453195284ad24a5ae5b6e1eed2b848477fa2a4787ba9adf39a41?s=96&d=mm&r=g","url":"https:\/\/secure.gravatar.com\/avatar\/c7164ed6fdec453195284ad24a5ae5b6e1eed2b848477fa2a4787ba9adf39a41?s=96&d=mm&r=g","contentUrl":"https:\/\/secure.gravatar.com\/avatar\/c7164ed6fdec453195284ad24a5ae5b6e1eed2b848477fa2a4787ba9adf39a41?s=96&d=mm&r=g","caption":"Redacci\u00f3n QP"},"url":"https:\/\/quehacerpolitico.mx\/?author=2"}]}},"featured_image_urls":{"full":["https:\/\/quehacerpolitico.mx\/wp-content\/uploads\/2024\/08\/fb07bd44-0f95-41a8-8353-f61c55b6d960-1.jpeg",963,493,false],"thumbnail":["https:\/\/quehacerpolitico.mx\/wp-content\/uploads\/2024\/08\/fb07bd44-0f95-41a8-8353-f61c55b6d960-1-150x150.jpeg",150,150,true],"medium":["https:\/\/quehacerpolitico.mx\/wp-content\/uploads\/2024\/08\/fb07bd44-0f95-41a8-8353-f61c55b6d960-1-300x154.jpeg",300,154,true],"medium_large":["https:\/\/quehacerpolitico.mx\/wp-content\/uploads\/2024\/08\/fb07bd44-0f95-41a8-8353-f61c55b6d960-1-768x393.jpeg",640,328,true],"large":["https:\/\/quehacerpolitico.mx\/wp-content\/uploads\/2024\/08\/fb07bd44-0f95-41a8-8353-f61c55b6d960-1.jpeg",640,328,false],"1536x1536":["https:\/\/quehacerpolitico.mx\/wp-content\/uploads\/2024\/08\/fb07bd44-0f95-41a8-8353-f61c55b6d960-1.jpeg",963,493,false],"2048x2048":["https:\/\/quehacerpolitico.mx\/wp-content\/uploads\/2024\/08\/fb07bd44-0f95-41a8-8353-f61c55b6d960-1.jpeg",963,493,false],"covernews-featured":["https:\/\/quehacerpolitico.mx\/wp-content\/uploads\/2024\/08\/fb07bd44-0f95-41a8-8353-f61c55b6d960-1.jpeg",963,493,false],"covernews-medium":["https:\/\/quehacerpolitico.mx\/wp-content\/uploads\/2024\/08\/fb07bd44-0f95-41a8-8353-f61c55b6d960-1.jpeg",540,276,false]},"author_info":{"display_name":"Redacci\u00f3n QP","author_link":"https:\/\/quehacerpolitico.mx\/?author=2"},"category_info":"<a href=\"https:\/\/quehacerpolitico.mx\/?cat=2\" rel=\"category\">Noticias<\/a>","tag_info":"Noticias","comment_count":"0","_links":{"self":[{"href":"https:\/\/quehacerpolitico.mx\/index.php?rest_route=\/wp\/v2\/posts\/111878","targetHints":{"allow":["GET"]}}],"collection":[{"href":"https:\/\/quehacerpolitico.mx\/index.php?rest_route=\/wp\/v2\/posts"}],"about":[{"href":"https:\/\/quehacerpolitico.mx\/index.php?rest_route=\/wp\/v2\/types\/post"}],"author":[{"embeddable":true,"href":"https:\/\/quehacerpolitico.mx\/index.php?rest_route=\/wp\/v2\/users\/2"}],"replies":[{"embeddable":true,"href":"https:\/\/quehacerpolitico.mx\/index.php?rest_route=%2Fwp%2Fv2%2Fcomments&post=111878"}],"version-history":[{"count":1,"href":"https:\/\/quehacerpolitico.mx\/index.php?rest_route=\/wp\/v2\/posts\/111878\/revisions"}],"predecessor-version":[{"id":111880,"href":"https:\/\/quehacerpolitico.mx\/index.php?rest_route=\/wp\/v2\/posts\/111878\/revisions\/111880"}],"wp:featuredmedia":[{"embeddable":true,"href":"https:\/\/quehacerpolitico.mx\/index.php?rest_route=\/wp\/v2\/media\/111879"}],"wp:attachment":[{"href":"https:\/\/quehacerpolitico.mx\/index.php?rest_route=%2Fwp%2Fv2%2Fmedia&parent=111878"}],"wp:term":[{"taxonomy":"category","embeddable":true,"href":"https:\/\/quehacerpolitico.mx\/index.php?rest_route=%2Fwp%2Fv2%2Fcategories&post=111878"},{"taxonomy":"post_tag","embeddable":true,"href":"https:\/\/quehacerpolitico.mx\/index.php?rest_route=%2Fwp%2Fv2%2Ftags&post=111878"}],"curies":[{"name":"wp","href":"https:\/\/api.w.org\/{rel}","templated":true}]}}