{"id":111868,"date":"2024-08-10T03:21:45","date_gmt":"2024-08-10T03:21:45","guid":{"rendered":"https:\/\/quehacerpolitico.mx\/?p=111868"},"modified":"2024-08-10T03:21:46","modified_gmt":"2024-08-10T03:21:46","slug":"el-mayo-zambada-fue-llevado-a-eu-contra-su-voluntad-ken-salazar","status":"publish","type":"post","link":"https:\/\/quehacerpolitico.mx\/?p=111868","title":{"rendered":"&#8216;El Mayo&#8217; Zambada fue llevado a EU contra su voluntad: Ken Salazar"},"content":{"rendered":"\n<p>Por Redacci\u00f3n QP<\/p>\n\n\n\n<p>Fue una operaci\u00f3n de los c\u00e1rteles, dijo Ken Salazar tras el arresto de &#8220;El Mayo&#8221; y el hijo de \u201cEl Chapo\u201d<\/p>\n\n\n\n<p>Luego de 15 de la detenci\u00f3n de Ismael &#8220;El Mayo&#8221; Zambada y Joaqu\u00edn Guzm\u00e1n L\u00f3pez,&nbsp;<mark><strong>el embajador Ken Salazar neg\u00f3 que Estados Unidos haya puestos o que agentes estadounidenses hayan entrado a M\u00e9xico por los capos.<\/strong><\/mark><\/p>\n\n\n\n<p>Adem\u00e1s, Salazar inform\u00f3 que Joaqu\u00edn Guzm\u00e1n L\u00f3pez se entreg\u00f3 y\u00a0<strong>a &#8220;El Mayo&#8221; Zambada fue llevado a EU contra su voluntad.<\/strong><\/p>\n\n\n\n<p>Fue una operaci\u00f3n de los c\u00e1rteles, dijo Ken Salazar tras el arresto de &#8220;El Mayo&#8221; y el hijo de &#8220;El Chapo&#8221;.<\/p>\n\n\n\n<p><mark><strong>&#8220;Nosotros estamos cooperando con informaci\u00f3n&#8221;<\/strong><\/mark>, respondi\u00f3 el embajador Ken Salazar, luego de que el Presidente Andr\u00e9s Manuel L\u00f3pez Obrador afirm\u00f3 en su ma\u00f1anera de hoy viernes que no ha habido cooperaci\u00f3n de las autoridades de EU.<\/p>\n\n\n\n<figure class=\"wp-block-embed is-type-video is-provider-youtube wp-block-embed-youtube wp-embed-aspect-16-9 wp-has-aspect-ratio\"><div class=\"wp-block-embed__wrapper\">\n<iframe loading=\"lazy\" title=\"El Mayo Zambada fue llevado a EU contra su voluntad no intervinieron autoridades de EUA: Ken Salazar\" width=\"640\" height=\"360\" src=\"https:\/\/www.youtube.com\/embed\/ydVVmg6AMls?feature=oembed\" frameborder=\"0\" allow=\"accelerometer; autoplay; clipboard-write; encrypted-media; gyroscope; picture-in-picture; web-share\" referrerpolicy=\"strict-origin-when-cross-origin\" allowfullscreen><\/iframe>\n<\/div><\/figure>\n\n\n\n<h2 class=\"wp-block-heading\">Detenci\u00f3n de &#8220;El Mayo&#8221; y el hijo de \u201cEl Chapo\u201d<\/h2>\n\n\n\n<p>El 25 de agosto, autoridades estadounidenses confirmaron la detenci\u00f3n de &#8220;El Mayo&#8221; y Joaqu\u00edn Guzm\u00e1n L\u00f3pez, hijo de &#8220;El Chapo&#8221; Joaqu\u00edn Guzm\u00e1n Loera, en Texas.<\/p>\n\n\n\n<figure class=\"wp-block-embed is-type-rich is-provider-twitter wp-block-embed-twitter\"><div class=\"wp-block-embed__wrapper\">\n<blockquote class=\"twitter-tweet\" data-width=\"550\" data-dnt=\"true\"><p lang=\"es\" dir=\"ltr\">Mi declaraci\u00f3n acerca de los hallazgos sobre la custodia de Ismael Zambada Garc\u00eda \u201cEl Mayo\u201d y Joaqu\u00edn Guzm\u00e1n L\u00f3pez <a href=\"https:\/\/twitter.com\/hashtag\/SeguridadCompartida?src=hash&amp;ref_src=twsrc%5Etfw\">#SeguridadCompartida<\/a> <br><br>\ud83d\udc49 <a href=\"https:\/\/t.co\/uLrKBQrLRM\">https:\/\/t.co\/uLrKBQrLRM<\/a> <a href=\"https:\/\/t.co\/vMof6OLfGR\">pic.twitter.com\/vMof6OLfGR<\/a><\/p>&mdash; Embajador Ken Salazar (@USAmbMex) <a href=\"https:\/\/twitter.com\/USAmbMex\/status\/1822051048066052416?ref_src=twsrc%5Etfw\">August 9, 2024<\/a><\/blockquote><script async src=\"https:\/\/platform.twitter.com\/widgets.js\" charset=\"utf-8\"><\/script>\n<\/div><\/figure>\n\n\n\n<p>Hubo al menos cuatro versiones sobre como se dio el arresto del fundador del C\u00e1rtel de Sinaloa.\u00a0<mark><strong>Una entrega pactada, una captura, fue enga\u00f1ado y la \u00faltima es que fue secuestrado por uno de &#8220;Los Chapitos&#8221; para llevarlo a EU.<\/strong><\/mark><\/p>\n\n\n\n<p>\u201cNo fue un avi\u00f3n de los Estados Unidos, no fue un piloto de los&nbsp;<strong>Estados Unidos,<\/strong>&nbsp;no fueron nuestros agentes o nuestra gente en M\u00e9xico, era operaci\u00f3n entre los c\u00e1rteles donde uno se entreg\u00f3 al otro.\u201d, recalc\u00f3.&nbsp;<\/p>\n\n\n\n<p>Tambi\u00e9n se\u00f1al\u00f3 que no hubo un plan de vuelo que se pudiera registrar con las agencias estadounidenses, de acuerdo con el embajador, el avi\u00f3n sali\u00f3 de&nbsp;<strong>Sinaloa&nbsp;<\/strong>y lleg\u00f3 a Santa Teresa.<\/p>\n\n\n\n<p>Asimismo, se\u00f1al\u00f3 que el piloto del avi\u00f3n donde fueron trasladados \u201cEl Mayo\u201d y Guzm\u00e1n L\u00f3pez&nbsp;no es&nbsp;un empleado del gobierno estadounidense o ciudadano de ese pa\u00eds.&nbsp;<\/p>\n\n\n\n<p>\u201cEl trabajo de la&nbsp;<strong>seguridad&nbsp;<\/strong>lo llevamos nosotros como socios con M\u00e9xico y regresando los principios que nos ha llevado al \u00e9xito que hemos tenido, es que llevamos este trabajo como socios y con respeto a la soberan\u00eda de M\u00e9xico\u201d, coment\u00f3.<\/p>\n\n\n\n<p>Con informaci\u00f3n de SUN<\/p>\n","protected":false},"excerpt":{"rendered":"<p>Por Redacci\u00f3n QP Fue una operaci\u00f3n de los c\u00e1rteles, dijo Ken Salazar tras el arresto&#8230;<\/p>\n","protected":false},"author":2,"featured_media":111869,"comment_status":"open","ping_status":"open","sticky":false,"template":"","format":"standard","meta":{"_monsterinsights_skip_tracking":false,"_monsterinsights_sitenote_active":false,"_monsterinsights_sitenote_note":"","_monsterinsights_sitenote_category":0,"footnotes":""},"categories":[2],"tags":[],"class_list":["post-111868","post","type-post","status-publish","format-standard","has-post-thumbnail","hentry","category-noticias"],"yoast_head":"<!-- This site is optimized with the Yoast SEO plugin v27.3 - https:\/\/yoast.com\/product\/yoast-seo-wordpress\/ -->\n<title>&#039;El Mayo&#039; Zambada fue llevado a EU contra su voluntad: Ken Salazar -<\/title>\n<meta name=\"robots\" content=\"index, follow, max-snippet:-1, max-image-preview:large, max-video-preview:-1\" \/>\n<link rel=\"canonical\" href=\"https:\/\/quehacerpolitico.mx\/?p=111868\" \/>\n<meta property=\"og:locale\" content=\"es_MX\" \/>\n<meta property=\"og:type\" content=\"article\" \/>\n<meta property=\"og:title\" content=\"&#039;El Mayo&#039; Zambada fue llevado a EU contra su voluntad: Ken Salazar -\" \/>\n<meta property=\"og:description\" content=\"Por Redacci\u00f3n QP Fue una operaci\u00f3n de los c\u00e1rteles, dijo Ken Salazar tras el arresto...\" \/>\n<meta property=\"og:url\" content=\"https:\/\/quehacerpolitico.mx\/?p=111868\" \/>\n<meta property=\"article:published_time\" content=\"2024-08-10T03:21:45+00:00\" \/>\n<meta property=\"article:modified_time\" content=\"2024-08-10T03:21:46+00:00\" \/>\n<meta property=\"og:image\" content=\"https:\/\/quehacerpolitico.mx\/wp-content\/uploads\/2024\/08\/IMG_7273.jpeg\" \/>\n\t<meta property=\"og:image:width\" content=\"700\" \/>\n\t<meta property=\"og:image:height\" content=\"430\" \/>\n\t<meta property=\"og:image:type\" content=\"image\/jpeg\" \/>\n<meta name=\"author\" content=\"Redacci\u00f3n QP\" \/>\n<meta name=\"twitter:card\" content=\"summary_large_image\" \/>\n<meta name=\"twitter:label1\" content=\"Escrito por\" \/>\n\t<meta name=\"twitter:data1\" content=\"Redacci\u00f3n QP\" \/>\n\t<meta name=\"twitter:label2\" content=\"Tiempo de lectura\" \/>\n\t<meta name=\"twitter:data2\" content=\"2 minutos\" \/>\n<script type=\"application\/ld+json\" class=\"yoast-schema-graph\">{\"@context\":\"https:\\\/\\\/schema.org\",\"@graph\":[{\"@type\":\"Article\",\"@id\":\"https:\\\/\\\/quehacerpolitico.mx\\\/?p=111868#article\",\"isPartOf\":{\"@id\":\"https:\\\/\\\/quehacerpolitico.mx\\\/?p=111868\"},\"author\":{\"name\":\"Redacci\u00f3n QP\",\"@id\":\"https:\\\/\\\/quehacerpolitico.mx\\\/#\\\/schema\\\/person\\\/496d8ad2d1d3f8036101dca7ee39e585\"},\"headline\":\"&#8216;El Mayo&#8217; Zambada fue llevado a EU contra su voluntad: Ken Salazar\",\"datePublished\":\"2024-08-10T03:21:45+00:00\",\"dateModified\":\"2024-08-10T03:21:46+00:00\",\"mainEntityOfPage\":{\"@id\":\"https:\\\/\\\/quehacerpolitico.mx\\\/?p=111868\"},\"wordCount\":441,\"commentCount\":0,\"image\":{\"@id\":\"https:\\\/\\\/quehacerpolitico.mx\\\/?p=111868#primaryimage\"},\"thumbnailUrl\":\"https:\\\/\\\/quehacerpolitico.mx\\\/wp-content\\\/uploads\\\/2024\\\/08\\\/IMG_7273.jpeg\",\"articleSection\":[\"Noticias\"],\"inLanguage\":\"es\",\"potentialAction\":[{\"@type\":\"CommentAction\",\"name\":\"Comment\",\"target\":[\"https:\\\/\\\/quehacerpolitico.mx\\\/?p=111868#respond\"]}]},{\"@type\":\"WebPage\",\"@id\":\"https:\\\/\\\/quehacerpolitico.mx\\\/?p=111868\",\"url\":\"https:\\\/\\\/quehacerpolitico.mx\\\/?p=111868\",\"name\":\"'El Mayo' Zambada fue llevado a EU contra su voluntad: Ken Salazar -\",\"isPartOf\":{\"@id\":\"https:\\\/\\\/quehacerpolitico.mx\\\/#website\"},\"primaryImageOfPage\":{\"@id\":\"https:\\\/\\\/quehacerpolitico.mx\\\/?p=111868#primaryimage\"},\"image\":{\"@id\":\"https:\\\/\\\/quehacerpolitico.mx\\\/?p=111868#primaryimage\"},\"thumbnailUrl\":\"https:\\\/\\\/quehacerpolitico.mx\\\/wp-content\\\/uploads\\\/2024\\\/08\\\/IMG_7273.jpeg\",\"datePublished\":\"2024-08-10T03:21:45+00:00\",\"dateModified\":\"2024-08-10T03:21:46+00:00\",\"author\":{\"@id\":\"https:\\\/\\\/quehacerpolitico.mx\\\/#\\\/schema\\\/person\\\/496d8ad2d1d3f8036101dca7ee39e585\"},\"breadcrumb\":{\"@id\":\"https:\\\/\\\/quehacerpolitico.mx\\\/?p=111868#breadcrumb\"},\"inLanguage\":\"es\",\"potentialAction\":[{\"@type\":\"ReadAction\",\"target\":[\"https:\\\/\\\/quehacerpolitico.mx\\\/?p=111868\"]}]},{\"@type\":\"ImageObject\",\"inLanguage\":\"es\",\"@id\":\"https:\\\/\\\/quehacerpolitico.mx\\\/?p=111868#primaryimage\",\"url\":\"https:\\\/\\\/quehacerpolitico.mx\\\/wp-content\\\/uploads\\\/2024\\\/08\\\/IMG_7273.jpeg\",\"contentUrl\":\"https:\\\/\\\/quehacerpolitico.mx\\\/wp-content\\\/uploads\\\/2024\\\/08\\\/IMG_7273.jpeg\",\"width\":700,\"height\":430},{\"@type\":\"BreadcrumbList\",\"@id\":\"https:\\\/\\\/quehacerpolitico.mx\\\/?p=111868#breadcrumb\",\"itemListElement\":[{\"@type\":\"ListItem\",\"position\":1,\"name\":\"Inicio\",\"item\":\"https:\\\/\\\/quehacerpolitico.mx\\\/\"},{\"@type\":\"ListItem\",\"position\":2,\"name\":\"&#8216;El Mayo&#8217; Zambada fue llevado a EU contra su voluntad: Ken Salazar\"}]},{\"@type\":\"WebSite\",\"@id\":\"https:\\\/\\\/quehacerpolitico.mx\\\/#website\",\"url\":\"https:\\\/\\\/quehacerpolitico.mx\\\/\",\"name\":\"\",\"description\":\"\",\"potentialAction\":[{\"@type\":\"SearchAction\",\"target\":{\"@type\":\"EntryPoint\",\"urlTemplate\":\"https:\\\/\\\/quehacerpolitico.mx\\\/?s={search_term_string}\"},\"query-input\":{\"@type\":\"PropertyValueSpecification\",\"valueRequired\":true,\"valueName\":\"search_term_string\"}}],\"inLanguage\":\"es\"},{\"@type\":\"Person\",\"@id\":\"https:\\\/\\\/quehacerpolitico.mx\\\/#\\\/schema\\\/person\\\/496d8ad2d1d3f8036101dca7ee39e585\",\"name\":\"Redacci\u00f3n QP\",\"image\":{\"@type\":\"ImageObject\",\"inLanguage\":\"es\",\"@id\":\"https:\\\/\\\/secure.gravatar.com\\\/avatar\\\/c7164ed6fdec453195284ad24a5ae5b6e1eed2b848477fa2a4787ba9adf39a41?s=96&d=mm&r=g\",\"url\":\"https:\\\/\\\/secure.gravatar.com\\\/avatar\\\/c7164ed6fdec453195284ad24a5ae5b6e1eed2b848477fa2a4787ba9adf39a41?s=96&d=mm&r=g\",\"contentUrl\":\"https:\\\/\\\/secure.gravatar.com\\\/avatar\\\/c7164ed6fdec453195284ad24a5ae5b6e1eed2b848477fa2a4787ba9adf39a41?s=96&d=mm&r=g\",\"caption\":\"Redacci\u00f3n QP\"},\"url\":\"https:\\\/\\\/quehacerpolitico.mx\\\/?author=2\"}]}<\/script>\n<!-- \/ Yoast SEO plugin. -->","yoast_head_json":{"title":"'El Mayo' Zambada fue llevado a EU contra su voluntad: Ken Salazar -","robots":{"index":"index","follow":"follow","max-snippet":"max-snippet:-1","max-image-preview":"max-image-preview:large","max-video-preview":"max-video-preview:-1"},"canonical":"https:\/\/quehacerpolitico.mx\/?p=111868","og_locale":"es_MX","og_type":"article","og_title":"'El Mayo' Zambada fue llevado a EU contra su voluntad: Ken Salazar -","og_description":"Por Redacci\u00f3n QP Fue una operaci\u00f3n de los c\u00e1rteles, dijo Ken Salazar tras el arresto...","og_url":"https:\/\/quehacerpolitico.mx\/?p=111868","article_published_time":"2024-08-10T03:21:45+00:00","article_modified_time":"2024-08-10T03:21:46+00:00","og_image":[{"width":700,"height":430,"url":"https:\/\/quehacerpolitico.mx\/wp-content\/uploads\/2024\/08\/IMG_7273.jpeg","type":"image\/jpeg"}],"author":"Redacci\u00f3n QP","twitter_card":"summary_large_image","twitter_misc":{"Escrito por":"Redacci\u00f3n QP","Tiempo de lectura":"2 minutos"},"schema":{"@context":"https:\/\/schema.org","@graph":[{"@type":"Article","@id":"https:\/\/quehacerpolitico.mx\/?p=111868#article","isPartOf":{"@id":"https:\/\/quehacerpolitico.mx\/?p=111868"},"author":{"name":"Redacci\u00f3n QP","@id":"https:\/\/quehacerpolitico.mx\/#\/schema\/person\/496d8ad2d1d3f8036101dca7ee39e585"},"headline":"&#8216;El Mayo&#8217; Zambada fue llevado a EU contra su voluntad: Ken Salazar","datePublished":"2024-08-10T03:21:45+00:00","dateModified":"2024-08-10T03:21:46+00:00","mainEntityOfPage":{"@id":"https:\/\/quehacerpolitico.mx\/?p=111868"},"wordCount":441,"commentCount":0,"image":{"@id":"https:\/\/quehacerpolitico.mx\/?p=111868#primaryimage"},"thumbnailUrl":"https:\/\/quehacerpolitico.mx\/wp-content\/uploads\/2024\/08\/IMG_7273.jpeg","articleSection":["Noticias"],"inLanguage":"es","potentialAction":[{"@type":"CommentAction","name":"Comment","target":["https:\/\/quehacerpolitico.mx\/?p=111868#respond"]}]},{"@type":"WebPage","@id":"https:\/\/quehacerpolitico.mx\/?p=111868","url":"https:\/\/quehacerpolitico.mx\/?p=111868","name":"'El Mayo' Zambada fue llevado a EU contra su voluntad: Ken Salazar -","isPartOf":{"@id":"https:\/\/quehacerpolitico.mx\/#website"},"primaryImageOfPage":{"@id":"https:\/\/quehacerpolitico.mx\/?p=111868#primaryimage"},"image":{"@id":"https:\/\/quehacerpolitico.mx\/?p=111868#primaryimage"},"thumbnailUrl":"https:\/\/quehacerpolitico.mx\/wp-content\/uploads\/2024\/08\/IMG_7273.jpeg","datePublished":"2024-08-10T03:21:45+00:00","dateModified":"2024-08-10T03:21:46+00:00","author":{"@id":"https:\/\/quehacerpolitico.mx\/#\/schema\/person\/496d8ad2d1d3f8036101dca7ee39e585"},"breadcrumb":{"@id":"https:\/\/quehacerpolitico.mx\/?p=111868#breadcrumb"},"inLanguage":"es","potentialAction":[{"@type":"ReadAction","target":["https:\/\/quehacerpolitico.mx\/?p=111868"]}]},{"@type":"ImageObject","inLanguage":"es","@id":"https:\/\/quehacerpolitico.mx\/?p=111868#primaryimage","url":"https:\/\/quehacerpolitico.mx\/wp-content\/uploads\/2024\/08\/IMG_7273.jpeg","contentUrl":"https:\/\/quehacerpolitico.mx\/wp-content\/uploads\/2024\/08\/IMG_7273.jpeg","width":700,"height":430},{"@type":"BreadcrumbList","@id":"https:\/\/quehacerpolitico.mx\/?p=111868#breadcrumb","itemListElement":[{"@type":"ListItem","position":1,"name":"Inicio","item":"https:\/\/quehacerpolitico.mx\/"},{"@type":"ListItem","position":2,"name":"&#8216;El Mayo&#8217; Zambada fue llevado a EU contra su voluntad: Ken Salazar"}]},{"@type":"WebSite","@id":"https:\/\/quehacerpolitico.mx\/#website","url":"https:\/\/quehacerpolitico.mx\/","name":"","description":"","potentialAction":[{"@type":"SearchAction","target":{"@type":"EntryPoint","urlTemplate":"https:\/\/quehacerpolitico.mx\/?s={search_term_string}"},"query-input":{"@type":"PropertyValueSpecification","valueRequired":true,"valueName":"search_term_string"}}],"inLanguage":"es"},{"@type":"Person","@id":"https:\/\/quehacerpolitico.mx\/#\/schema\/person\/496d8ad2d1d3f8036101dca7ee39e585","name":"Redacci\u00f3n QP","image":{"@type":"ImageObject","inLanguage":"es","@id":"https:\/\/secure.gravatar.com\/avatar\/c7164ed6fdec453195284ad24a5ae5b6e1eed2b848477fa2a4787ba9adf39a41?s=96&d=mm&r=g","url":"https:\/\/secure.gravatar.com\/avatar\/c7164ed6fdec453195284ad24a5ae5b6e1eed2b848477fa2a4787ba9adf39a41?s=96&d=mm&r=g","contentUrl":"https:\/\/secure.gravatar.com\/avatar\/c7164ed6fdec453195284ad24a5ae5b6e1eed2b848477fa2a4787ba9adf39a41?s=96&d=mm&r=g","caption":"Redacci\u00f3n QP"},"url":"https:\/\/quehacerpolitico.mx\/?author=2"}]}},"featured_image_urls":{"full":["https:\/\/quehacerpolitico.mx\/wp-content\/uploads\/2024\/08\/IMG_7273.jpeg",700,430,false],"thumbnail":["https:\/\/quehacerpolitico.mx\/wp-content\/uploads\/2024\/08\/IMG_7273-150x150.jpeg",150,150,true],"medium":["https:\/\/quehacerpolitico.mx\/wp-content\/uploads\/2024\/08\/IMG_7273-300x184.jpeg",300,184,true],"medium_large":["https:\/\/quehacerpolitico.mx\/wp-content\/uploads\/2024\/08\/IMG_7273.jpeg",640,393,false],"large":["https:\/\/quehacerpolitico.mx\/wp-content\/uploads\/2024\/08\/IMG_7273.jpeg",640,393,false],"1536x1536":["https:\/\/quehacerpolitico.mx\/wp-content\/uploads\/2024\/08\/IMG_7273.jpeg",700,430,false],"2048x2048":["https:\/\/quehacerpolitico.mx\/wp-content\/uploads\/2024\/08\/IMG_7273.jpeg",700,430,false],"covernews-featured":["https:\/\/quehacerpolitico.mx\/wp-content\/uploads\/2024\/08\/IMG_7273.jpeg",700,430,false],"covernews-medium":["https:\/\/quehacerpolitico.mx\/wp-content\/uploads\/2024\/08\/IMG_7273.jpeg",540,332,false]},"author_info":{"display_name":"Redacci\u00f3n QP","author_link":"https:\/\/quehacerpolitico.mx\/?author=2"},"category_info":"<a href=\"https:\/\/quehacerpolitico.mx\/?cat=2\" rel=\"category\">Noticias<\/a>","tag_info":"Noticias","comment_count":"0","_links":{"self":[{"href":"https:\/\/quehacerpolitico.mx\/index.php?rest_route=\/wp\/v2\/posts\/111868","targetHints":{"allow":["GET"]}}],"collection":[{"href":"https:\/\/quehacerpolitico.mx\/index.php?rest_route=\/wp\/v2\/posts"}],"about":[{"href":"https:\/\/quehacerpolitico.mx\/index.php?rest_route=\/wp\/v2\/types\/post"}],"author":[{"embeddable":true,"href":"https:\/\/quehacerpolitico.mx\/index.php?rest_route=\/wp\/v2\/users\/2"}],"replies":[{"embeddable":true,"href":"https:\/\/quehacerpolitico.mx\/index.php?rest_route=%2Fwp%2Fv2%2Fcomments&post=111868"}],"version-history":[{"count":1,"href":"https:\/\/quehacerpolitico.mx\/index.php?rest_route=\/wp\/v2\/posts\/111868\/revisions"}],"predecessor-version":[{"id":111870,"href":"https:\/\/quehacerpolitico.mx\/index.php?rest_route=\/wp\/v2\/posts\/111868\/revisions\/111870"}],"wp:featuredmedia":[{"embeddable":true,"href":"https:\/\/quehacerpolitico.mx\/index.php?rest_route=\/wp\/v2\/media\/111869"}],"wp:attachment":[{"href":"https:\/\/quehacerpolitico.mx\/index.php?rest_route=%2Fwp%2Fv2%2Fmedia&parent=111868"}],"wp:term":[{"taxonomy":"category","embeddable":true,"href":"https:\/\/quehacerpolitico.mx\/index.php?rest_route=%2Fwp%2Fv2%2Fcategories&post=111868"},{"taxonomy":"post_tag","embeddable":true,"href":"https:\/\/quehacerpolitico.mx\/index.php?rest_route=%2Fwp%2Fv2%2Ftags&post=111868"}],"curies":[{"name":"wp","href":"https:\/\/api.w.org\/{rel}","templated":true}]}}