{"id":111851,"date":"2024-08-10T02:28:09","date_gmt":"2024-08-10T02:28:09","guid":{"rendered":"https:\/\/quehacerpolitico.mx\/?p=111851"},"modified":"2024-08-10T02:28:11","modified_gmt":"2024-08-10T02:28:11","slug":"la-riqueza-cultural-de-ninas-ninos-y-jovenes-se-refleja-en-tengo-un-sueno-puebla-2024","status":"publish","type":"post","link":"https:\/\/quehacerpolitico.mx\/?p=111851","title":{"rendered":"La riqueza cultural de ni\u00f1as, ni\u00f1os y j\u00f3venes se refleja en Tengo un sue\u00f1o Puebla 2024"},"content":{"rendered":"\n<p>Por Redacci\u00f3n QP<\/p>\n\n\n\n<ul class=\"wp-block-list\">\n<li><strong>La Secretar\u00eda de Cultura del Gobierno de M\u00e9xico y el gobierno de Puebla unieron fuerzas para llevar a cabo esta emotiva muestra art\u00edstica<\/strong><\/li>\n<\/ul>\n\n\n\n<p>Con gran j\u00fabilo, ni\u00f1as, ni\u00f1os y j\u00f3venes integrantes de los Semilleros Creativos del estado ofrecieron una demostraci\u00f3n art\u00edstica, que comenz\u00f3 en el Teatro Principal de Puebla y prosigui\u00f3 en la Casa de la Cultura Pedro \u00c1ngel Palou P\u00e9rez, a trav\u00e9s de Tengo un sue\u00f1o Puebla 2024 \u201cEsta es mi tierra&#8221;.<\/p>\n\n\n\n<p>Este evento, organizado por la Secretar\u00eda de Cultura del Gobierno de M\u00e9xico, a trav\u00e9s del programa Cultura Comunitaria, en colaboraci\u00f3n con el gobierno de Puebla y sus municipios, hace gala de los avances que en este a\u00f1o tuvieron los Semilleros Creativos -grupos de formaci\u00f3n art\u00edstica gratuita para la ni\u00f1ez y las juventudes del pa\u00eds-, que presentaron diversos montajes esc\u00e9nicos. Tal es el caso de las obras presentadas por los Semilleros Creativos de Dibujo y Pintura en Puebla y de Teatro en Atlixco:&nbsp;<em>El origen de la humanidad en el quinto Sol<\/em>&nbsp;y&nbsp;<em>Citlalli: la primera estrella del firmamento<\/em>, inspiradas en leyendas n\u00e1huatl.<\/p>\n\n\n\n<p>De igual forma, el Semillero Creativo de Dibujo, Pintura y Muralismo en Ixcamilpa de Guerrero interpret\u00f3 la<em>&nbsp;Danza de los tigritos<\/em>, mientras que los Semilleros de Producci\u00f3n audiovisual, Pintura, Literatura creativa en Palmar de Bravo y de Lengua N\u00e1huatl y Dibujo en Zoquitl\u00e1n presentaron el poema en espa\u00f1ol y n\u00e1huatl&nbsp;<em>Ni yolo se Xochitl Ixpolitok<\/em>&nbsp;(<em>El coraz\u00f3n de una flor muriendo<\/em>). La parte esc\u00e9nica concluy\u00f3 con el Semillero Creativo de Teatro y Dibujo en Yehualtepec que interpret\u00f3 el&nbsp;<em>performance<\/em>&nbsp;<em>Chijnii nthudachrii, Cuentos de los abuelos<\/em>.<\/p>\n\n\n\n<figure class=\"wp-block-image size-large\"><img loading=\"lazy\" decoding=\"async\" width=\"1024\" height=\"683\" src=\"https:\/\/quehacerpolitico.mx\/wp-content\/uploads\/2024\/08\/image-26-1024x683.jpeg\" alt=\"\" class=\"wp-image-111865\" srcset=\"https:\/\/quehacerpolitico.mx\/wp-content\/uploads\/2024\/08\/image-26-1024x683.jpeg 1024w, https:\/\/quehacerpolitico.mx\/wp-content\/uploads\/2024\/08\/image-26-300x200.jpeg 300w, https:\/\/quehacerpolitico.mx\/wp-content\/uploads\/2024\/08\/image-26-768x512.jpeg 768w, https:\/\/quehacerpolitico.mx\/wp-content\/uploads\/2024\/08\/image-26-219x146.jpeg 219w, https:\/\/quehacerpolitico.mx\/wp-content\/uploads\/2024\/08\/image-26-50x33.jpeg 50w, https:\/\/quehacerpolitico.mx\/wp-content\/uploads\/2024\/08\/image-26-113x75.jpeg 113w, https:\/\/quehacerpolitico.mx\/wp-content\/uploads\/2024\/08\/image-26.jpeg 1200w\" sizes=\"auto, (max-width: 1024px) 100vw, 1024px\" \/><\/figure>\n\n\n\n<figure class=\"wp-block-image size-large\"><img loading=\"lazy\" decoding=\"async\" width=\"1024\" height=\"683\" src=\"https:\/\/quehacerpolitico.mx\/wp-content\/uploads\/2024\/08\/image-25-1024x683.jpeg\" alt=\"\" class=\"wp-image-111864\" srcset=\"https:\/\/quehacerpolitico.mx\/wp-content\/uploads\/2024\/08\/image-25-1024x683.jpeg 1024w, https:\/\/quehacerpolitico.mx\/wp-content\/uploads\/2024\/08\/image-25-300x200.jpeg 300w, https:\/\/quehacerpolitico.mx\/wp-content\/uploads\/2024\/08\/image-25-768x512.jpeg 768w, https:\/\/quehacerpolitico.mx\/wp-content\/uploads\/2024\/08\/image-25-219x146.jpeg 219w, https:\/\/quehacerpolitico.mx\/wp-content\/uploads\/2024\/08\/image-25-50x33.jpeg 50w, https:\/\/quehacerpolitico.mx\/wp-content\/uploads\/2024\/08\/image-25-113x75.jpeg 113w, https:\/\/quehacerpolitico.mx\/wp-content\/uploads\/2024\/08\/image-25.jpeg 1056w\" sizes=\"auto, (max-width: 1024px) 100vw, 1024px\" \/><\/figure>\n\n\n\n<p>Previo a las presentaciones esc\u00e9nicas, la secretaria de Cultura federal, Alejandra Frausto Guerrero, afirm\u00f3 que el programa Cultura Comunitaria y sus Semilleros Creativos, as\u00ed como ORIGINAL son muestra del trabajo que esta administraci\u00f3n ha realizado en defensa de los derechos culturales. \u201cLa cultura no es un privilegio, sino un derecho que vivimos desde nuestra identidad, desde lo que somos\u201d.<\/p>\n\n\n\n<p>Mientras que, Tengo un sue\u00f1o en los estados, dijo, permite a la ni\u00f1ez y juventudes de estos grupos, mostrar a sus familias, amigos y compa\u00f1eros todo lo aprendido y difundir el poder de la cultura.&nbsp;<\/p>\n\n\n\n<p>\u201cHemos honrado esas ra\u00edces culturales que han resistido cientos de a\u00f1os; esas ra\u00edces profundas, que vamos a ver en el escenario, a trav\u00e9s de las lenguas, con el se\u00f1or\u00edo que los ni\u00f1os est\u00e1n mostrando en sus creaciones po\u00e9ticas; que tambi\u00e9n las encontramos en el telar, los bordados y el trabajo brocado del Semillero de Hueyapan, en el trabajo de Tere Lino y de todo su colectivo, esas ra\u00edces est\u00e1n vivas\u201d.<\/p>\n\n\n\n<figure class=\"wp-block-image size-large\"><img loading=\"lazy\" decoding=\"async\" width=\"1024\" height=\"683\" src=\"https:\/\/quehacerpolitico.mx\/wp-content\/uploads\/2024\/08\/image-24-1024x683.jpeg\" alt=\"\" class=\"wp-image-111863\" srcset=\"https:\/\/quehacerpolitico.mx\/wp-content\/uploads\/2024\/08\/image-24-1024x683.jpeg 1024w, https:\/\/quehacerpolitico.mx\/wp-content\/uploads\/2024\/08\/image-24-300x200.jpeg 300w, https:\/\/quehacerpolitico.mx\/wp-content\/uploads\/2024\/08\/image-24-768x512.jpeg 768w, https:\/\/quehacerpolitico.mx\/wp-content\/uploads\/2024\/08\/image-24-219x146.jpeg 219w, https:\/\/quehacerpolitico.mx\/wp-content\/uploads\/2024\/08\/image-24-50x33.jpeg 50w, https:\/\/quehacerpolitico.mx\/wp-content\/uploads\/2024\/08\/image-24-113x75.jpeg 113w, https:\/\/quehacerpolitico.mx\/wp-content\/uploads\/2024\/08\/image-24.jpeg 1200w\" sizes=\"auto, (max-width: 1024px) 100vw, 1024px\" \/><\/figure>\n\n\n\n<figure class=\"wp-block-image size-large\"><img loading=\"lazy\" decoding=\"async\" width=\"1024\" height=\"683\" src=\"https:\/\/quehacerpolitico.mx\/wp-content\/uploads\/2024\/08\/image-23-1024x683.jpeg\" alt=\"\" class=\"wp-image-111862\" srcset=\"https:\/\/quehacerpolitico.mx\/wp-content\/uploads\/2024\/08\/image-23-1024x683.jpeg 1024w, https:\/\/quehacerpolitico.mx\/wp-content\/uploads\/2024\/08\/image-23-300x200.jpeg 300w, https:\/\/quehacerpolitico.mx\/wp-content\/uploads\/2024\/08\/image-23-768x512.jpeg 768w, https:\/\/quehacerpolitico.mx\/wp-content\/uploads\/2024\/08\/image-23-219x146.jpeg 219w, https:\/\/quehacerpolitico.mx\/wp-content\/uploads\/2024\/08\/image-23-50x33.jpeg 50w, https:\/\/quehacerpolitico.mx\/wp-content\/uploads\/2024\/08\/image-23-113x75.jpeg 113w, https:\/\/quehacerpolitico.mx\/wp-content\/uploads\/2024\/08\/image-23.jpeg 1200w\" sizes=\"auto, (max-width: 1024px) 100vw, 1024px\" \/><\/figure>\n\n\n\n<figure class=\"wp-block-image size-large\"><img loading=\"lazy\" decoding=\"async\" width=\"1024\" height=\"683\" src=\"https:\/\/quehacerpolitico.mx\/wp-content\/uploads\/2024\/08\/image-22-1024x683.jpeg\" alt=\"\" class=\"wp-image-111861\" srcset=\"https:\/\/quehacerpolitico.mx\/wp-content\/uploads\/2024\/08\/image-22-1024x683.jpeg 1024w, https:\/\/quehacerpolitico.mx\/wp-content\/uploads\/2024\/08\/image-22-300x200.jpeg 300w, https:\/\/quehacerpolitico.mx\/wp-content\/uploads\/2024\/08\/image-22-768x512.jpeg 768w, https:\/\/quehacerpolitico.mx\/wp-content\/uploads\/2024\/08\/image-22-219x146.jpeg 219w, https:\/\/quehacerpolitico.mx\/wp-content\/uploads\/2024\/08\/image-22-50x33.jpeg 50w, https:\/\/quehacerpolitico.mx\/wp-content\/uploads\/2024\/08\/image-22-113x75.jpeg 113w, https:\/\/quehacerpolitico.mx\/wp-content\/uploads\/2024\/08\/image-22.jpeg 1200w\" sizes=\"auto, (max-width: 1024px) 100vw, 1024px\" \/><\/figure>\n\n\n\n<figure class=\"wp-block-image size-large\"><img loading=\"lazy\" decoding=\"async\" width=\"1024\" height=\"683\" src=\"https:\/\/quehacerpolitico.mx\/wp-content\/uploads\/2024\/08\/image-21-1024x683.jpeg\" alt=\"\" class=\"wp-image-111860\" srcset=\"https:\/\/quehacerpolitico.mx\/wp-content\/uploads\/2024\/08\/image-21-1024x683.jpeg 1024w, https:\/\/quehacerpolitico.mx\/wp-content\/uploads\/2024\/08\/image-21-300x200.jpeg 300w, https:\/\/quehacerpolitico.mx\/wp-content\/uploads\/2024\/08\/image-21-768x512.jpeg 768w, https:\/\/quehacerpolitico.mx\/wp-content\/uploads\/2024\/08\/image-21-219x146.jpeg 219w, https:\/\/quehacerpolitico.mx\/wp-content\/uploads\/2024\/08\/image-21-50x33.jpeg 50w, https:\/\/quehacerpolitico.mx\/wp-content\/uploads\/2024\/08\/image-21-113x75.jpeg 113w, https:\/\/quehacerpolitico.mx\/wp-content\/uploads\/2024\/08\/image-21.jpeg 1200w\" sizes=\"auto, (max-width: 1024px) 100vw, 1024px\" \/><\/figure>\n\n\n\n<p>Al hacer uso de la voz, el gobernador del estado de Puebla, Sergio Salom\u00f3n C\u00e9spedes Peregrina, indic\u00f3 que \u201cel arte y la cultura son factores esenciales en el desarrollo humano porque promueven la construcci\u00f3n de una sociedad armoniosa, sensible y humanista\u201d. Agreg\u00f3 que esta muestra es un ejemplo de lo que se puede lograr si todas y todos generan condiciones para que las pr\u00f3ximas generaciones canalicen su energ\u00eda en la construcci\u00f3n de entornos de paz y de sensibilidad art\u00edstica. \u201cLos Semilleros Creativos han proporcionado un espacio seguro donde las y los j\u00f3venes pueden desarrollar sus habilidades y construir relaciones significativas\u201d.<\/p>\n\n\n\n<p>Por su parte, el secretario de Cultura del gobierno del estado de Puebla, Enrique Glockner Corte, coment\u00f3: \u201cSemilleros Creativos tiene presencia en 10 municipios del estado y su objetivo es reconstruir el tejido social y mantener los lazos en las comunidades\u201d. Esta estrategia -dijo- \u201cha generado entre ni\u00f1as, ni\u00f1os y j\u00f3venes un sentido de identidad y ha permitido entender qu\u00e9 es la cultura y c\u00f3mo se manifiesta a trav\u00e9s del arte\u201d.<\/p>\n\n\n\n<p>En su oportunidad, la directora general de Vinculaci\u00f3n Cultural de la Secretar\u00eda de Cultura federal, Esther Hern\u00e1ndez Torres, destac\u00f3 que a trav\u00e9s de este evento estatal se celebra \u201cla diversidad cultural y el poder de la cultura que las ni\u00f1as, ni\u00f1os y j\u00f3venes poblanos est\u00e1n haciendo en sus comunidades, una transformaci\u00f3n social profunda\u201d. Y les dijo: \u201cEspero que desde que est\u00e1n en Semilleros sus vidas sean mucho m\u00e1s felices, est\u00e9n m\u00e1s contentos y la expresi\u00f3n art\u00edstica les est\u00e9 llevando a gozar y a disfrutar de la vida\u201d.<\/p>\n\n\n\n<p>En su oportunidad, la integrante del Semillero Creativo de Teatro en Atlixco Mildret asever\u00f3 que \u201ces un orgullo para todas las peque\u00f1as semillas mostrarles nuestro arte\u201d. Agreg\u00f3 que d\u00eda a d\u00eda conviven con personas que les demuestran su amor y les ayudan a formar su futuro, \u201crealzando nuestro presente, como cuando las docentes se convierten en nuestra segunda familia. Juntos formamos el orgullo de nuestros Semilleros que continuamente germinan\u201d.<\/p>\n\n\n\n<figure class=\"wp-block-image size-large\"><img loading=\"lazy\" decoding=\"async\" width=\"1024\" height=\"683\" src=\"https:\/\/quehacerpolitico.mx\/wp-content\/uploads\/2024\/08\/image-20-1024x683.jpeg\" alt=\"\" class=\"wp-image-111859\" srcset=\"https:\/\/quehacerpolitico.mx\/wp-content\/uploads\/2024\/08\/image-20-1024x683.jpeg 1024w, https:\/\/quehacerpolitico.mx\/wp-content\/uploads\/2024\/08\/image-20-300x200.jpeg 300w, https:\/\/quehacerpolitico.mx\/wp-content\/uploads\/2024\/08\/image-20-768x512.jpeg 768w, https:\/\/quehacerpolitico.mx\/wp-content\/uploads\/2024\/08\/image-20-219x146.jpeg 219w, https:\/\/quehacerpolitico.mx\/wp-content\/uploads\/2024\/08\/image-20-50x33.jpeg 50w, https:\/\/quehacerpolitico.mx\/wp-content\/uploads\/2024\/08\/image-20-113x75.jpeg 113w, https:\/\/quehacerpolitico.mx\/wp-content\/uploads\/2024\/08\/image-20.jpeg 1200w\" sizes=\"auto, (max-width: 1024px) 100vw, 1024px\" \/><\/figure>\n\n\n\n<figure class=\"wp-block-image size-large\"><img loading=\"lazy\" decoding=\"async\" width=\"1024\" height=\"683\" src=\"https:\/\/quehacerpolitico.mx\/wp-content\/uploads\/2024\/08\/image-19-1024x683.jpeg\" alt=\"\" class=\"wp-image-111858\" srcset=\"https:\/\/quehacerpolitico.mx\/wp-content\/uploads\/2024\/08\/image-19-1024x683.jpeg 1024w, https:\/\/quehacerpolitico.mx\/wp-content\/uploads\/2024\/08\/image-19-300x200.jpeg 300w, https:\/\/quehacerpolitico.mx\/wp-content\/uploads\/2024\/08\/image-19-768x512.jpeg 768w, https:\/\/quehacerpolitico.mx\/wp-content\/uploads\/2024\/08\/image-19-219x146.jpeg 219w, https:\/\/quehacerpolitico.mx\/wp-content\/uploads\/2024\/08\/image-19-50x33.jpeg 50w, https:\/\/quehacerpolitico.mx\/wp-content\/uploads\/2024\/08\/image-19-113x75.jpeg 113w, https:\/\/quehacerpolitico.mx\/wp-content\/uploads\/2024\/08\/image-19.jpeg 1200w\" sizes=\"auto, (max-width: 1024px) 100vw, 1024px\" \/><\/figure>\n\n\n\n<figure class=\"wp-block-image size-large\"><img loading=\"lazy\" decoding=\"async\" width=\"1024\" height=\"682\" src=\"https:\/\/quehacerpolitico.mx\/wp-content\/uploads\/2024\/08\/image-18-1024x682.jpeg\" alt=\"\" class=\"wp-image-111857\" srcset=\"https:\/\/quehacerpolitico.mx\/wp-content\/uploads\/2024\/08\/image-18-1024x682.jpeg 1024w, https:\/\/quehacerpolitico.mx\/wp-content\/uploads\/2024\/08\/image-18-300x200.jpeg 300w, https:\/\/quehacerpolitico.mx\/wp-content\/uploads\/2024\/08\/image-18-768x511.jpeg 768w, https:\/\/quehacerpolitico.mx\/wp-content\/uploads\/2024\/08\/image-18-219x146.jpeg 219w, https:\/\/quehacerpolitico.mx\/wp-content\/uploads\/2024\/08\/image-18-50x33.jpeg 50w, https:\/\/quehacerpolitico.mx\/wp-content\/uploads\/2024\/08\/image-18-113x75.jpeg 113w, https:\/\/quehacerpolitico.mx\/wp-content\/uploads\/2024\/08\/image-18.jpeg 1280w\" sizes=\"auto, (max-width: 1024px) 100vw, 1024px\" \/><\/figure>\n\n\n\n<figure class=\"wp-block-image size-large\"><img loading=\"lazy\" decoding=\"async\" width=\"1024\" height=\"707\" src=\"https:\/\/quehacerpolitico.mx\/wp-content\/uploads\/2024\/08\/image-17-1024x707.jpeg\" alt=\"\" class=\"wp-image-111856\" srcset=\"https:\/\/quehacerpolitico.mx\/wp-content\/uploads\/2024\/08\/image-17-1024x707.jpeg 1024w, https:\/\/quehacerpolitico.mx\/wp-content\/uploads\/2024\/08\/image-17-300x207.jpeg 300w, https:\/\/quehacerpolitico.mx\/wp-content\/uploads\/2024\/08\/image-17-768x530.jpeg 768w, https:\/\/quehacerpolitico.mx\/wp-content\/uploads\/2024\/08\/image-17-212x146.jpeg 212w, https:\/\/quehacerpolitico.mx\/wp-content\/uploads\/2024\/08\/image-17-50x35.jpeg 50w, https:\/\/quehacerpolitico.mx\/wp-content\/uploads\/2024\/08\/image-17-109x75.jpeg 109w, https:\/\/quehacerpolitico.mx\/wp-content\/uploads\/2024\/08\/image-17.jpeg 1159w\" sizes=\"auto, (max-width: 1024px) 100vw, 1024px\" \/><\/figure>\n\n\n\n<p>Como parte de Tengo un sue\u00f1o Puebla, el Semillero Banda Sinf\u00f3nica Comunitaria \u201cSan Antonio Portezuelo\u201d present\u00f3 un popurr\u00ed de canciones tradicionales mexicanas con melod\u00edas como: el vals&nbsp;<em>Alejandra<\/em>&nbsp;y&nbsp;<em>Qu\u00e9 chula es Puebla<\/em>. Finalmente, interpret\u00f3 el rap&nbsp;<em>El poder de la cultura<\/em>, canci\u00f3n representativa de los Semilleros en donde plasman su identidad como \u201csemillas de cultura\u201d.<\/p>\n\n\n\n<p>Para seguir con el programa, el p\u00fablico se traslad\u00f3 a la Casa de la Cultura Pedro \u00c1ngel Palou P\u00e9rez, para recorrer la exposici\u00f3n \u201cMi tierra, mis ra\u00edces, mi entorno\u201d, compuesta por poco m\u00e1s de 200 obras pl\u00e1sticas de las y los integrantes los Semilleros Creativos en las disciplinas de dibujo, fotograf\u00eda, lengua n\u00e1huatl, literatura creativa, muralismo, pintura, producci\u00f3n audiovisual, teatro y textiles, provenientes de los municipios de Hueyapan, Ixcamilpa de Guerrero, Palmar de Bravo, Puebla, San Andr\u00e9s Cholula, Yehualtepec y Zoquitl\u00e1n.<\/p>\n\n\n\n<p>Al t\u00e9rmino del recorrido, se realiz\u00f3 la entrega simb\u00f3lica de donaci\u00f3n de libros por parte de Alas y Ra\u00edces al Semillero Creativo de Producci\u00f3n audiovisual, Pintura y Literatura creativa en Palmar de Bravo, Puebla.<\/p>\n\n\n\n<figure class=\"wp-block-image size-large\"><img loading=\"lazy\" decoding=\"async\" width=\"1024\" height=\"699\" src=\"https:\/\/quehacerpolitico.mx\/wp-content\/uploads\/2024\/08\/image-16-1024x699.jpeg\" alt=\"\" class=\"wp-image-111855\" srcset=\"https:\/\/quehacerpolitico.mx\/wp-content\/uploads\/2024\/08\/image-16-1024x699.jpeg 1024w, https:\/\/quehacerpolitico.mx\/wp-content\/uploads\/2024\/08\/image-16-300x205.jpeg 300w, https:\/\/quehacerpolitico.mx\/wp-content\/uploads\/2024\/08\/image-16-768x524.jpeg 768w, https:\/\/quehacerpolitico.mx\/wp-content\/uploads\/2024\/08\/image-16-214x146.jpeg 214w, https:\/\/quehacerpolitico.mx\/wp-content\/uploads\/2024\/08\/image-16-50x34.jpeg 50w, https:\/\/quehacerpolitico.mx\/wp-content\/uploads\/2024\/08\/image-16-110x75.jpeg 110w, https:\/\/quehacerpolitico.mx\/wp-content\/uploads\/2024\/08\/image-16.jpeg 1172w\" sizes=\"auto, (max-width: 1024px) 100vw, 1024px\" \/><\/figure>\n\n\n\n<figure class=\"wp-block-image size-large\"><img loading=\"lazy\" decoding=\"async\" width=\"1024\" height=\"683\" src=\"https:\/\/quehacerpolitico.mx\/wp-content\/uploads\/2024\/08\/image-15-1024x683.jpeg\" alt=\"\" class=\"wp-image-111854\" srcset=\"https:\/\/quehacerpolitico.mx\/wp-content\/uploads\/2024\/08\/image-15-1024x683.jpeg 1024w, https:\/\/quehacerpolitico.mx\/wp-content\/uploads\/2024\/08\/image-15-300x200.jpeg 300w, https:\/\/quehacerpolitico.mx\/wp-content\/uploads\/2024\/08\/image-15-768x512.jpeg 768w, https:\/\/quehacerpolitico.mx\/wp-content\/uploads\/2024\/08\/image-15-219x146.jpeg 219w, https:\/\/quehacerpolitico.mx\/wp-content\/uploads\/2024\/08\/image-15-50x33.jpeg 50w, https:\/\/quehacerpolitico.mx\/wp-content\/uploads\/2024\/08\/image-15-113x75.jpeg 113w, https:\/\/quehacerpolitico.mx\/wp-content\/uploads\/2024\/08\/image-15.jpeg 1200w\" sizes=\"auto, (max-width: 1024px) 100vw, 1024px\" \/><\/figure>\n\n\n\n<figure class=\"wp-block-image size-large\"><img loading=\"lazy\" decoding=\"async\" width=\"1024\" height=\"768\" src=\"https:\/\/quehacerpolitico.mx\/wp-content\/uploads\/2024\/08\/image-14-1024x768.jpeg\" alt=\"\" class=\"wp-image-111853\" srcset=\"https:\/\/quehacerpolitico.mx\/wp-content\/uploads\/2024\/08\/image-14-1024x768.jpeg 1024w, https:\/\/quehacerpolitico.mx\/wp-content\/uploads\/2024\/08\/image-14-300x225.jpeg 300w, https:\/\/quehacerpolitico.mx\/wp-content\/uploads\/2024\/08\/image-14-768x576.jpeg 768w, https:\/\/quehacerpolitico.mx\/wp-content\/uploads\/2024\/08\/image-14-195x146.jpeg 195w, https:\/\/quehacerpolitico.mx\/wp-content\/uploads\/2024\/08\/image-14-50x38.jpeg 50w, https:\/\/quehacerpolitico.mx\/wp-content\/uploads\/2024\/08\/image-14-100x75.jpeg 100w, https:\/\/quehacerpolitico.mx\/wp-content\/uploads\/2024\/08\/image-14-960x720.jpeg 960w, https:\/\/quehacerpolitico.mx\/wp-content\/uploads\/2024\/08\/image-14.jpeg 1280w\" sizes=\"auto, (max-width: 1024px) 100vw, 1024px\" \/><\/figure>\n\n\n\n<figure class=\"wp-block-image size-large\"><img loading=\"lazy\" decoding=\"async\" width=\"1024\" height=\"768\" src=\"https:\/\/quehacerpolitico.mx\/wp-content\/uploads\/2024\/08\/image-13-1024x768.jpeg\" alt=\"\" class=\"wp-image-111852\" srcset=\"https:\/\/quehacerpolitico.mx\/wp-content\/uploads\/2024\/08\/image-13-1024x768.jpeg 1024w, https:\/\/quehacerpolitico.mx\/wp-content\/uploads\/2024\/08\/image-13-300x225.jpeg 300w, https:\/\/quehacerpolitico.mx\/wp-content\/uploads\/2024\/08\/image-13-768x576.jpeg 768w, https:\/\/quehacerpolitico.mx\/wp-content\/uploads\/2024\/08\/image-13-195x146.jpeg 195w, https:\/\/quehacerpolitico.mx\/wp-content\/uploads\/2024\/08\/image-13-50x38.jpeg 50w, https:\/\/quehacerpolitico.mx\/wp-content\/uploads\/2024\/08\/image-13-100x75.jpeg 100w, https:\/\/quehacerpolitico.mx\/wp-content\/uploads\/2024\/08\/image-13-960x720.jpeg 960w, https:\/\/quehacerpolitico.mx\/wp-content\/uploads\/2024\/08\/image-13.jpeg 1280w\" sizes=\"auto, (max-width: 1024px) 100vw, 1024px\" \/><\/figure>\n\n\n\n<p>Entre el p\u00fablico se cont\u00f3 con la presencia de artesanas y artesanos parte del proyecto ORIGINAL; la presidenta honoraria del Sistema Estatal DIF, Gabriela Bonilla Parada; el secretario de Gobernaci\u00f3n de Puebla, Javier Aquino Lim\u00f3n, as\u00ed como miembros del gabinete del gobierno del estado, y en representaci\u00f3n del gobernador electo de Puebla, Alejandro Armenta Mier, Celina Pe\u00f1a Guzm\u00e1n.<\/p>\n\n\n\n<p>Para conocer la cartelera del Festival Tengo un sue\u00f1o 2024, se puede consultar la p\u00e1gina de Cultura Comunitaria:&nbsp;<a href=\"http:\/\/culturacomunitaria.gob.mx\/\" target=\"_blank\" rel=\"noreferrer noopener\">culturacomunitaria.gob.mx<\/a>, y mediante las redes sociales de la Direcci\u00f3n General de Vinculaci\u00f3n Cultural (Facebook y X@VinculaCultura) y el Sistema Nacional de Fomento Musical (Facebook y X, @FomentoMusical).&nbsp;<\/p>\n","protected":false},"excerpt":{"rendered":"<p>Por Redacci\u00f3n QP Con gran j\u00fabilo, ni\u00f1as, ni\u00f1os y j\u00f3venes integrantes de los Semilleros Creativos&#8230;<\/p>\n","protected":false},"author":2,"featured_media":111866,"comment_status":"open","ping_status":"open","sticky":false,"template":"","format":"standard","meta":{"_monsterinsights_skip_tracking":false,"_monsterinsights_sitenote_active":false,"_monsterinsights_sitenote_note":"","_monsterinsights_sitenote_category":0,"footnotes":""},"categories":[58],"tags":[],"class_list":["post-111851","post","type-post","status-publish","format-standard","has-post-thumbnail","hentry","category-cultura"],"yoast_head":"<!-- This site is optimized with the Yoast SEO plugin v27.3 - https:\/\/yoast.com\/product\/yoast-seo-wordpress\/ -->\n<title>La riqueza cultural de ni\u00f1as, ni\u00f1os y j\u00f3venes se refleja en Tengo un sue\u00f1o Puebla 2024 -<\/title>\n<meta name=\"robots\" content=\"index, follow, max-snippet:-1, max-image-preview:large, max-video-preview:-1\" \/>\n<link rel=\"canonical\" href=\"https:\/\/quehacerpolitico.mx\/?p=111851\" \/>\n<meta property=\"og:locale\" content=\"es_MX\" \/>\n<meta property=\"og:type\" content=\"article\" \/>\n<meta property=\"og:title\" content=\"La riqueza cultural de ni\u00f1as, ni\u00f1os y j\u00f3venes se refleja en Tengo un sue\u00f1o Puebla 2024 -\" \/>\n<meta property=\"og:description\" content=\"Por Redacci\u00f3n QP Con gran j\u00fabilo, ni\u00f1as, ni\u00f1os y j\u00f3venes integrantes de los Semilleros Creativos...\" \/>\n<meta property=\"og:url\" content=\"https:\/\/quehacerpolitico.mx\/?p=111851\" \/>\n<meta property=\"article:published_time\" content=\"2024-08-10T02:28:09+00:00\" \/>\n<meta property=\"article:modified_time\" content=\"2024-08-10T02:28:11+00:00\" \/>\n<meta property=\"og:image\" content=\"https:\/\/quehacerpolitico.mx\/wp-content\/uploads\/2024\/08\/IMG_7259.jpeg\" \/>\n\t<meta property=\"og:image:width\" content=\"1200\" \/>\n\t<meta property=\"og:image:height\" content=\"800\" \/>\n\t<meta property=\"og:image:type\" content=\"image\/jpeg\" \/>\n<meta name=\"author\" content=\"Redacci\u00f3n QP\" \/>\n<meta name=\"twitter:card\" content=\"summary_large_image\" \/>\n<meta name=\"twitter:label1\" content=\"Escrito por\" \/>\n\t<meta name=\"twitter:data1\" content=\"Redacci\u00f3n QP\" \/>\n\t<meta name=\"twitter:label2\" content=\"Tiempo de lectura\" \/>\n\t<meta name=\"twitter:data2\" content=\"6 minutos\" \/>\n<script type=\"application\/ld+json\" class=\"yoast-schema-graph\">{\"@context\":\"https:\\\/\\\/schema.org\",\"@graph\":[{\"@type\":\"Article\",\"@id\":\"https:\\\/\\\/quehacerpolitico.mx\\\/?p=111851#article\",\"isPartOf\":{\"@id\":\"https:\\\/\\\/quehacerpolitico.mx\\\/?p=111851\"},\"author\":{\"name\":\"Redacci\u00f3n QP\",\"@id\":\"https:\\\/\\\/quehacerpolitico.mx\\\/#\\\/schema\\\/person\\\/496d8ad2d1d3f8036101dca7ee39e585\"},\"headline\":\"La riqueza cultural de ni\u00f1as, ni\u00f1os y j\u00f3venes se refleja en Tengo un sue\u00f1o Puebla 2024\",\"datePublished\":\"2024-08-10T02:28:09+00:00\",\"dateModified\":\"2024-08-10T02:28:11+00:00\",\"mainEntityOfPage\":{\"@id\":\"https:\\\/\\\/quehacerpolitico.mx\\\/?p=111851\"},\"wordCount\":1170,\"commentCount\":0,\"image\":{\"@id\":\"https:\\\/\\\/quehacerpolitico.mx\\\/?p=111851#primaryimage\"},\"thumbnailUrl\":\"https:\\\/\\\/quehacerpolitico.mx\\\/wp-content\\\/uploads\\\/2024\\\/08\\\/IMG_7259.jpeg\",\"articleSection\":[\"Cultura y Entretenimiento\"],\"inLanguage\":\"es\",\"potentialAction\":[{\"@type\":\"CommentAction\",\"name\":\"Comment\",\"target\":[\"https:\\\/\\\/quehacerpolitico.mx\\\/?p=111851#respond\"]}]},{\"@type\":\"WebPage\",\"@id\":\"https:\\\/\\\/quehacerpolitico.mx\\\/?p=111851\",\"url\":\"https:\\\/\\\/quehacerpolitico.mx\\\/?p=111851\",\"name\":\"La riqueza cultural de ni\u00f1as, ni\u00f1os y j\u00f3venes se refleja en Tengo un sue\u00f1o Puebla 2024 -\",\"isPartOf\":{\"@id\":\"https:\\\/\\\/quehacerpolitico.mx\\\/#website\"},\"primaryImageOfPage\":{\"@id\":\"https:\\\/\\\/quehacerpolitico.mx\\\/?p=111851#primaryimage\"},\"image\":{\"@id\":\"https:\\\/\\\/quehacerpolitico.mx\\\/?p=111851#primaryimage\"},\"thumbnailUrl\":\"https:\\\/\\\/quehacerpolitico.mx\\\/wp-content\\\/uploads\\\/2024\\\/08\\\/IMG_7259.jpeg\",\"datePublished\":\"2024-08-10T02:28:09+00:00\",\"dateModified\":\"2024-08-10T02:28:11+00:00\",\"author\":{\"@id\":\"https:\\\/\\\/quehacerpolitico.mx\\\/#\\\/schema\\\/person\\\/496d8ad2d1d3f8036101dca7ee39e585\"},\"breadcrumb\":{\"@id\":\"https:\\\/\\\/quehacerpolitico.mx\\\/?p=111851#breadcrumb\"},\"inLanguage\":\"es\",\"potentialAction\":[{\"@type\":\"ReadAction\",\"target\":[\"https:\\\/\\\/quehacerpolitico.mx\\\/?p=111851\"]}]},{\"@type\":\"ImageObject\",\"inLanguage\":\"es\",\"@id\":\"https:\\\/\\\/quehacerpolitico.mx\\\/?p=111851#primaryimage\",\"url\":\"https:\\\/\\\/quehacerpolitico.mx\\\/wp-content\\\/uploads\\\/2024\\\/08\\\/IMG_7259.jpeg\",\"contentUrl\":\"https:\\\/\\\/quehacerpolitico.mx\\\/wp-content\\\/uploads\\\/2024\\\/08\\\/IMG_7259.jpeg\",\"width\":1200,\"height\":800},{\"@type\":\"BreadcrumbList\",\"@id\":\"https:\\\/\\\/quehacerpolitico.mx\\\/?p=111851#breadcrumb\",\"itemListElement\":[{\"@type\":\"ListItem\",\"position\":1,\"name\":\"Inicio\",\"item\":\"https:\\\/\\\/quehacerpolitico.mx\\\/\"},{\"@type\":\"ListItem\",\"position\":2,\"name\":\"La riqueza cultural de ni\u00f1as, ni\u00f1os y j\u00f3venes se refleja en Tengo un sue\u00f1o Puebla 2024\"}]},{\"@type\":\"WebSite\",\"@id\":\"https:\\\/\\\/quehacerpolitico.mx\\\/#website\",\"url\":\"https:\\\/\\\/quehacerpolitico.mx\\\/\",\"name\":\"\",\"description\":\"\",\"potentialAction\":[{\"@type\":\"SearchAction\",\"target\":{\"@type\":\"EntryPoint\",\"urlTemplate\":\"https:\\\/\\\/quehacerpolitico.mx\\\/?s={search_term_string}\"},\"query-input\":{\"@type\":\"PropertyValueSpecification\",\"valueRequired\":true,\"valueName\":\"search_term_string\"}}],\"inLanguage\":\"es\"},{\"@type\":\"Person\",\"@id\":\"https:\\\/\\\/quehacerpolitico.mx\\\/#\\\/schema\\\/person\\\/496d8ad2d1d3f8036101dca7ee39e585\",\"name\":\"Redacci\u00f3n QP\",\"image\":{\"@type\":\"ImageObject\",\"inLanguage\":\"es\",\"@id\":\"https:\\\/\\\/secure.gravatar.com\\\/avatar\\\/c7164ed6fdec453195284ad24a5ae5b6e1eed2b848477fa2a4787ba9adf39a41?s=96&d=mm&r=g\",\"url\":\"https:\\\/\\\/secure.gravatar.com\\\/avatar\\\/c7164ed6fdec453195284ad24a5ae5b6e1eed2b848477fa2a4787ba9adf39a41?s=96&d=mm&r=g\",\"contentUrl\":\"https:\\\/\\\/secure.gravatar.com\\\/avatar\\\/c7164ed6fdec453195284ad24a5ae5b6e1eed2b848477fa2a4787ba9adf39a41?s=96&d=mm&r=g\",\"caption\":\"Redacci\u00f3n QP\"},\"url\":\"https:\\\/\\\/quehacerpolitico.mx\\\/?author=2\"}]}<\/script>\n<!-- \/ Yoast SEO plugin. -->","yoast_head_json":{"title":"La riqueza cultural de ni\u00f1as, ni\u00f1os y j\u00f3venes se refleja en Tengo un sue\u00f1o Puebla 2024 -","robots":{"index":"index","follow":"follow","max-snippet":"max-snippet:-1","max-image-preview":"max-image-preview:large","max-video-preview":"max-video-preview:-1"},"canonical":"https:\/\/quehacerpolitico.mx\/?p=111851","og_locale":"es_MX","og_type":"article","og_title":"La riqueza cultural de ni\u00f1as, ni\u00f1os y j\u00f3venes se refleja en Tengo un sue\u00f1o Puebla 2024 -","og_description":"Por Redacci\u00f3n QP Con gran j\u00fabilo, ni\u00f1as, ni\u00f1os y j\u00f3venes integrantes de los Semilleros Creativos...","og_url":"https:\/\/quehacerpolitico.mx\/?p=111851","article_published_time":"2024-08-10T02:28:09+00:00","article_modified_time":"2024-08-10T02:28:11+00:00","og_image":[{"width":1200,"height":800,"url":"https:\/\/quehacerpolitico.mx\/wp-content\/uploads\/2024\/08\/IMG_7259.jpeg","type":"image\/jpeg"}],"author":"Redacci\u00f3n QP","twitter_card":"summary_large_image","twitter_misc":{"Escrito por":"Redacci\u00f3n QP","Tiempo de lectura":"6 minutos"},"schema":{"@context":"https:\/\/schema.org","@graph":[{"@type":"Article","@id":"https:\/\/quehacerpolitico.mx\/?p=111851#article","isPartOf":{"@id":"https:\/\/quehacerpolitico.mx\/?p=111851"},"author":{"name":"Redacci\u00f3n QP","@id":"https:\/\/quehacerpolitico.mx\/#\/schema\/person\/496d8ad2d1d3f8036101dca7ee39e585"},"headline":"La riqueza cultural de ni\u00f1as, ni\u00f1os y j\u00f3venes se refleja en Tengo un sue\u00f1o Puebla 2024","datePublished":"2024-08-10T02:28:09+00:00","dateModified":"2024-08-10T02:28:11+00:00","mainEntityOfPage":{"@id":"https:\/\/quehacerpolitico.mx\/?p=111851"},"wordCount":1170,"commentCount":0,"image":{"@id":"https:\/\/quehacerpolitico.mx\/?p=111851#primaryimage"},"thumbnailUrl":"https:\/\/quehacerpolitico.mx\/wp-content\/uploads\/2024\/08\/IMG_7259.jpeg","articleSection":["Cultura y Entretenimiento"],"inLanguage":"es","potentialAction":[{"@type":"CommentAction","name":"Comment","target":["https:\/\/quehacerpolitico.mx\/?p=111851#respond"]}]},{"@type":"WebPage","@id":"https:\/\/quehacerpolitico.mx\/?p=111851","url":"https:\/\/quehacerpolitico.mx\/?p=111851","name":"La riqueza cultural de ni\u00f1as, ni\u00f1os y j\u00f3venes se refleja en Tengo un sue\u00f1o Puebla 2024 -","isPartOf":{"@id":"https:\/\/quehacerpolitico.mx\/#website"},"primaryImageOfPage":{"@id":"https:\/\/quehacerpolitico.mx\/?p=111851#primaryimage"},"image":{"@id":"https:\/\/quehacerpolitico.mx\/?p=111851#primaryimage"},"thumbnailUrl":"https:\/\/quehacerpolitico.mx\/wp-content\/uploads\/2024\/08\/IMG_7259.jpeg","datePublished":"2024-08-10T02:28:09+00:00","dateModified":"2024-08-10T02:28:11+00:00","author":{"@id":"https:\/\/quehacerpolitico.mx\/#\/schema\/person\/496d8ad2d1d3f8036101dca7ee39e585"},"breadcrumb":{"@id":"https:\/\/quehacerpolitico.mx\/?p=111851#breadcrumb"},"inLanguage":"es","potentialAction":[{"@type":"ReadAction","target":["https:\/\/quehacerpolitico.mx\/?p=111851"]}]},{"@type":"ImageObject","inLanguage":"es","@id":"https:\/\/quehacerpolitico.mx\/?p=111851#primaryimage","url":"https:\/\/quehacerpolitico.mx\/wp-content\/uploads\/2024\/08\/IMG_7259.jpeg","contentUrl":"https:\/\/quehacerpolitico.mx\/wp-content\/uploads\/2024\/08\/IMG_7259.jpeg","width":1200,"height":800},{"@type":"BreadcrumbList","@id":"https:\/\/quehacerpolitico.mx\/?p=111851#breadcrumb","itemListElement":[{"@type":"ListItem","position":1,"name":"Inicio","item":"https:\/\/quehacerpolitico.mx\/"},{"@type":"ListItem","position":2,"name":"La riqueza cultural de ni\u00f1as, ni\u00f1os y j\u00f3venes se refleja en Tengo un sue\u00f1o Puebla 2024"}]},{"@type":"WebSite","@id":"https:\/\/quehacerpolitico.mx\/#website","url":"https:\/\/quehacerpolitico.mx\/","name":"","description":"","potentialAction":[{"@type":"SearchAction","target":{"@type":"EntryPoint","urlTemplate":"https:\/\/quehacerpolitico.mx\/?s={search_term_string}"},"query-input":{"@type":"PropertyValueSpecification","valueRequired":true,"valueName":"search_term_string"}}],"inLanguage":"es"},{"@type":"Person","@id":"https:\/\/quehacerpolitico.mx\/#\/schema\/person\/496d8ad2d1d3f8036101dca7ee39e585","name":"Redacci\u00f3n QP","image":{"@type":"ImageObject","inLanguage":"es","@id":"https:\/\/secure.gravatar.com\/avatar\/c7164ed6fdec453195284ad24a5ae5b6e1eed2b848477fa2a4787ba9adf39a41?s=96&d=mm&r=g","url":"https:\/\/secure.gravatar.com\/avatar\/c7164ed6fdec453195284ad24a5ae5b6e1eed2b848477fa2a4787ba9adf39a41?s=96&d=mm&r=g","contentUrl":"https:\/\/secure.gravatar.com\/avatar\/c7164ed6fdec453195284ad24a5ae5b6e1eed2b848477fa2a4787ba9adf39a41?s=96&d=mm&r=g","caption":"Redacci\u00f3n QP"},"url":"https:\/\/quehacerpolitico.mx\/?author=2"}]}},"featured_image_urls":{"full":["https:\/\/quehacerpolitico.mx\/wp-content\/uploads\/2024\/08\/IMG_7259.jpeg",1200,800,false],"thumbnail":["https:\/\/quehacerpolitico.mx\/wp-content\/uploads\/2024\/08\/IMG_7259-150x150.jpeg",150,150,true],"medium":["https:\/\/quehacerpolitico.mx\/wp-content\/uploads\/2024\/08\/IMG_7259-300x200.jpeg",300,200,true],"medium_large":["https:\/\/quehacerpolitico.mx\/wp-content\/uploads\/2024\/08\/IMG_7259-768x512.jpeg",640,427,true],"large":["https:\/\/quehacerpolitico.mx\/wp-content\/uploads\/2024\/08\/IMG_7259-1024x683.jpeg",640,427,true],"1536x1536":["https:\/\/quehacerpolitico.mx\/wp-content\/uploads\/2024\/08\/IMG_7259.jpeg",1200,800,false],"2048x2048":["https:\/\/quehacerpolitico.mx\/wp-content\/uploads\/2024\/08\/IMG_7259.jpeg",1200,800,false],"covernews-featured":["https:\/\/quehacerpolitico.mx\/wp-content\/uploads\/2024\/08\/IMG_7259.jpeg",1024,683,false],"covernews-medium":["https:\/\/quehacerpolitico.mx\/wp-content\/uploads\/2024\/08\/IMG_7259.jpeg",510,340,false]},"author_info":{"display_name":"Redacci\u00f3n QP","author_link":"https:\/\/quehacerpolitico.mx\/?author=2"},"category_info":"<a href=\"https:\/\/quehacerpolitico.mx\/?cat=58\" rel=\"category\">Cultura y Entretenimiento<\/a>","tag_info":"Cultura y Entretenimiento","comment_count":"0","_links":{"self":[{"href":"https:\/\/quehacerpolitico.mx\/index.php?rest_route=\/wp\/v2\/posts\/111851","targetHints":{"allow":["GET"]}}],"collection":[{"href":"https:\/\/quehacerpolitico.mx\/index.php?rest_route=\/wp\/v2\/posts"}],"about":[{"href":"https:\/\/quehacerpolitico.mx\/index.php?rest_route=\/wp\/v2\/types\/post"}],"author":[{"embeddable":true,"href":"https:\/\/quehacerpolitico.mx\/index.php?rest_route=\/wp\/v2\/users\/2"}],"replies":[{"embeddable":true,"href":"https:\/\/quehacerpolitico.mx\/index.php?rest_route=%2Fwp%2Fv2%2Fcomments&post=111851"}],"version-history":[{"count":1,"href":"https:\/\/quehacerpolitico.mx\/index.php?rest_route=\/wp\/v2\/posts\/111851\/revisions"}],"predecessor-version":[{"id":111867,"href":"https:\/\/quehacerpolitico.mx\/index.php?rest_route=\/wp\/v2\/posts\/111851\/revisions\/111867"}],"wp:featuredmedia":[{"embeddable":true,"href":"https:\/\/quehacerpolitico.mx\/index.php?rest_route=\/wp\/v2\/media\/111866"}],"wp:attachment":[{"href":"https:\/\/quehacerpolitico.mx\/index.php?rest_route=%2Fwp%2Fv2%2Fmedia&parent=111851"}],"wp:term":[{"taxonomy":"category","embeddable":true,"href":"https:\/\/quehacerpolitico.mx\/index.php?rest_route=%2Fwp%2Fv2%2Fcategories&post=111851"},{"taxonomy":"post_tag","embeddable":true,"href":"https:\/\/quehacerpolitico.mx\/index.php?rest_route=%2Fwp%2Fv2%2Ftags&post=111851"}],"curies":[{"name":"wp","href":"https:\/\/api.w.org\/{rel}","templated":true}]}}