{"id":111784,"date":"2024-08-06T18:55:15","date_gmt":"2024-08-06T18:55:15","guid":{"rendered":"https:\/\/quehacerpolitico.mx\/?p=111784"},"modified":"2024-08-06T18:55:17","modified_gmt":"2024-08-06T18:55:17","slug":"lopez-obrador-culpa-a-la-cij-de-demorar-el-juicio-por-el-asilo-a-jorge-glas-pero-omite-que-mexico-pidio-un-ano-para-presentar-sus-alegatos","status":"publish","type":"post","link":"https:\/\/quehacerpolitico.mx\/?p=111784","title":{"rendered":"L\u00f3pez Obrador culpa a la CIJ de demorar el juicio por el asilo a Jorge Glas, pero omite que M\u00e9xico pidi\u00f3 un a\u00f1o para presentar sus alegatos"},"content":{"rendered":"\n<p>Por Redacci\u00f3n QP<\/p>\n\n\n\n<p>El presidente\u00a0<strong>Andr\u00e9s Manuel L\u00f3pez Obrador<\/strong> critic\u00f3 a la<strong>\u00a0Corte Internacional de Justicia\u00a0<\/strong>(CIJ) por no haber resuelto a\u00fan respecto al\u00a0<strong>asilo\u00a0<\/strong>otorgado al exvicepresidente de Ecuador,\u00a0<strong>Jorge Glas<\/strong>, y haber fijado fecha para el a\u00f1o entrante, sin embargo, omiti\u00f3 informar que fue\u00a0<strong>M\u00e9xico\u00a0<\/strong>el que solicit\u00f3 un plazo de nueve a 12 meses para presentar sus alegatos iniciales.<\/p>\n\n\n\n<p>En su conferencia matutina, el mandatario dijo que M\u00e9xico est\u00e1 en la&nbsp;<strong>mejor disposici\u00f3n de recibir a Jorge Glas<\/strong>, luego de que en d\u00edas pasados solicit\u00f3 al gobierno de Ecuador que le otorgara&nbsp;<strong>salvoconducto<\/strong>, y critic\u00f3 al organismo por no dar justicia r\u00e1pida y expedita.<\/p>\n\n\n\n<figure class=\"wp-block-embed is-type-rich is-provider-twitter wp-block-embed-twitter\"><div class=\"wp-block-embed__wrapper\">\n<blockquote class=\"twitter-tweet\" data-width=\"550\" data-dnt=\"true\"><p lang=\"es\" dir=\"ltr\"><a href=\"https:\/\/twitter.com\/hashtag\/EnLaMa%C3%B1anera?src=hash&amp;ref_src=twsrc%5Etfw\">#EnLaMa\u00f1anera<\/a> | &quot;Estamos en la mejor disposici\u00f3n de recibirlo&quot;: <a href=\"https:\/\/twitter.com\/hashtag\/AMLO?src=hash&amp;ref_src=twsrc%5Etfw\">#AMLO<\/a> sobre la solicitud de asilo del expresidente de <a href=\"https:\/\/twitter.com\/hashtag\/Ecuador?src=hash&amp;ref_src=twsrc%5Etfw\">#Ecuador<\/a>, Jorge Glas; el mandatario recuerda que a\u00fan se tiene una denuncia contra el gobierno de <a href=\"https:\/\/twitter.com\/hashtag\/Ecuador?src=hash&amp;ref_src=twsrc%5Etfw\">#Ecuador<\/a> por &quot;violaci\u00f3n a la soberan\u00eda&quot;, tras irrumpir en Quito. <a href=\"https:\/\/t.co\/J5TY6KlTLQ\">pic.twitter.com\/J5TY6KlTLQ<\/a><\/p>&mdash; El Financiero (@ElFinanciero_Mx) <a href=\"https:\/\/twitter.com\/ElFinanciero_Mx\/status\/1820827926704631880?ref_src=twsrc%5Etfw\">August 6, 2024<\/a><\/blockquote><script async src=\"https:\/\/platform.twitter.com\/widgets.js\" charset=\"utf-8\"><\/script>\n<\/div><\/figure>\n\n\n\n<p>No obstante, de acuerdo con informaci\u00f3n de la CIJ en una reuni\u00f3n celebrada el 25 de junio con representantes de ambos pa\u00edses, Ecuador propuso un plazo para presentar sus alegatos iniciales de seis meses, mientras que&nbsp;<strong>M\u00e9xico pidi\u00f3 que fuera de nueve a 12 meses<\/strong><a href=\"https:\/\/x.com\/latinus_us\" target=\"_blank\" rel=\"noreferrer noopener\">.<\/a><\/p>\n\n\n\n<p>En atenci\u00f3n a ello, la CIJ determin\u00f3 el 22 de abril de 2025 para la memoria de Ecuador, que es el pa\u00eds que&nbsp;<strong>demand\u00f3 violaciones a convenios internacionales<\/strong>&nbsp;por el otorgamiento del asilo a Glas pese a que ten\u00eda condenas judiciales, y el 22 de enero de 2026 para la&nbsp;<strong>contramemoria&nbsp;<\/strong>de M\u00e9xico.<\/p>\n\n\n\n<p>El mandatario cuestion\u00f3 tambi\u00e9n la tardanza para resolver la demanda que M\u00e9xico hizo contra Ecuador tras la irrupci\u00f3n en abril de la&nbsp;<strong>polic\u00eda ecuatoriana&nbsp;<\/strong>en la embajada mexicana en Quito, donde se llevaron a la fuerza a&nbsp;<strong>Glas<\/strong>, quien se resguardaba ah\u00ed desde&nbsp;<strong>diciembre&nbsp;<\/strong>pasado.<\/p>\n\n\n\n<p>L\u00f3pez Obrador y la presidenta electa,&nbsp;<strong>Claudia Sh<\/strong>einbaum, han rechazado las solicitudes de di\u00e1logo del gobierno ecuatoriano de<strong>&nbsp;Daniel Noboa<\/strong>&nbsp;al argumentar que la&nbsp;<strong>demanda&nbsp;<\/strong>debe resolverse en la CIJ, y que Ecuador debe ofrecer disculpas por la irrupci\u00f3n a la sede diplom\u00e1tica.<\/p>\n\n\n\n<p>El mandatario mexicano indic\u00f3 que la Corte Internacional es uno \u201cde estos organismos de la&nbsp;<strong>ONU&nbsp;<\/strong>que deben renovarse\u201d porque \u201c\u00bfde qu\u00e9 sirve todo ese andamiaje burocr\u00e1tico?\u201d.<\/p>\n\n\n\n<p>\u201cEst\u00e1 nom\u00e1s ah\u00ed de adorno (la ONU), de&nbsp;<strong>florero<\/strong>, un aparato&nbsp;<strong>burocr\u00e1tico&nbsp;<\/strong>oneroso, deficiente, que no ayuda a evitar el que se violen los&nbsp;<strong>derechos humanos<\/strong>, el que se evite la confrontaci\u00f3n pol\u00edtica entre estados, la violencia, las guerras, nada\u201d, expres\u00f3.<\/p>\n\n\n\n<p>Tras la&nbsp;<strong>detenci\u00f3n<\/strong>, el exvicepresidente Glas, quien sirvi\u00f3 con el exmandatario&nbsp;<strong>Rafael Correa<\/strong>, qued\u00f3 confinado en La Roca, la c\u00e1rcel de m\u00e1xima seguridad de Ecuador, en la ciudad de&nbsp;<strong>Guayaquil<\/strong>, por tener pendiente de purgar una pena de ocho a\u00f1os por dos condenas en casos de corrupci\u00f3n.<\/p>\n\n\n\n<p><em>Con informaci\u00f3n de EFE<\/em><\/p>\n","protected":false},"excerpt":{"rendered":"<p>Por Redacci\u00f3n QP El presidente\u00a0Andr\u00e9s Manuel L\u00f3pez Obrador critic\u00f3 a la\u00a0Corte Internacional de Justicia\u00a0(CIJ) por&#8230;<\/p>\n","protected":false},"author":2,"featured_media":111785,"comment_status":"open","ping_status":"open","sticky":false,"template":"","format":"standard","meta":{"_monsterinsights_skip_tracking":false,"_monsterinsights_sitenote_active":false,"_monsterinsights_sitenote_note":"","_monsterinsights_sitenote_category":0,"footnotes":""},"categories":[2],"tags":[],"class_list":["post-111784","post","type-post","status-publish","format-standard","has-post-thumbnail","hentry","category-noticias"],"yoast_head":"<!-- This site is optimized with the Yoast SEO plugin v27.3 - https:\/\/yoast.com\/product\/yoast-seo-wordpress\/ -->\n<title>L\u00f3pez Obrador culpa a la CIJ de demorar el juicio por el asilo a Jorge Glas, pero omite que M\u00e9xico pidi\u00f3 un a\u00f1o para presentar sus alegatos -<\/title>\n<meta name=\"robots\" content=\"index, follow, max-snippet:-1, max-image-preview:large, max-video-preview:-1\" \/>\n<link rel=\"canonical\" href=\"https:\/\/quehacerpolitico.mx\/?p=111784\" \/>\n<meta property=\"og:locale\" content=\"es_MX\" \/>\n<meta property=\"og:type\" content=\"article\" \/>\n<meta property=\"og:title\" content=\"L\u00f3pez Obrador culpa a la CIJ de demorar el juicio por el asilo a Jorge Glas, pero omite que M\u00e9xico pidi\u00f3 un a\u00f1o para presentar sus alegatos -\" \/>\n<meta property=\"og:description\" content=\"Por Redacci\u00f3n QP El presidente\u00a0Andr\u00e9s Manuel L\u00f3pez Obrador critic\u00f3 a la\u00a0Corte Internacional de Justicia\u00a0(CIJ) por...\" \/>\n<meta property=\"og:url\" content=\"https:\/\/quehacerpolitico.mx\/?p=111784\" \/>\n<meta property=\"article:published_time\" content=\"2024-08-06T18:55:15+00:00\" \/>\n<meta property=\"article:modified_time\" content=\"2024-08-06T18:55:17+00:00\" \/>\n<meta property=\"og:image\" content=\"https:\/\/quehacerpolitico.mx\/wp-content\/uploads\/2024\/08\/IMG_7189.jpeg\" \/>\n\t<meta property=\"og:image:width\" content=\"739\" \/>\n\t<meta property=\"og:image:height\" content=\"415\" \/>\n\t<meta property=\"og:image:type\" content=\"image\/jpeg\" \/>\n<meta name=\"author\" content=\"Redacci\u00f3n QP\" \/>\n<meta name=\"twitter:card\" content=\"summary_large_image\" \/>\n<meta name=\"twitter:label1\" content=\"Escrito por\" \/>\n\t<meta name=\"twitter:data1\" content=\"Redacci\u00f3n QP\" \/>\n\t<meta name=\"twitter:label2\" content=\"Tiempo de lectura\" \/>\n\t<meta name=\"twitter:data2\" content=\"2 minutos\" \/>\n<script type=\"application\/ld+json\" class=\"yoast-schema-graph\">{\"@context\":\"https:\\\/\\\/schema.org\",\"@graph\":[{\"@type\":\"Article\",\"@id\":\"https:\\\/\\\/quehacerpolitico.mx\\\/?p=111784#article\",\"isPartOf\":{\"@id\":\"https:\\\/\\\/quehacerpolitico.mx\\\/?p=111784\"},\"author\":{\"name\":\"Redacci\u00f3n QP\",\"@id\":\"https:\\\/\\\/quehacerpolitico.mx\\\/#\\\/schema\\\/person\\\/496d8ad2d1d3f8036101dca7ee39e585\"},\"headline\":\"L\u00f3pez Obrador culpa a la CIJ de demorar el juicio por el asilo a Jorge Glas, pero omite que M\u00e9xico pidi\u00f3 un a\u00f1o para presentar sus alegatos\",\"datePublished\":\"2024-08-06T18:55:15+00:00\",\"dateModified\":\"2024-08-06T18:55:17+00:00\",\"mainEntityOfPage\":{\"@id\":\"https:\\\/\\\/quehacerpolitico.mx\\\/?p=111784\"},\"wordCount\":510,\"commentCount\":0,\"image\":{\"@id\":\"https:\\\/\\\/quehacerpolitico.mx\\\/?p=111784#primaryimage\"},\"thumbnailUrl\":\"https:\\\/\\\/quehacerpolitico.mx\\\/wp-content\\\/uploads\\\/2024\\\/08\\\/IMG_7189.jpeg\",\"articleSection\":[\"Noticias\"],\"inLanguage\":\"es\",\"potentialAction\":[{\"@type\":\"CommentAction\",\"name\":\"Comment\",\"target\":[\"https:\\\/\\\/quehacerpolitico.mx\\\/?p=111784#respond\"]}]},{\"@type\":\"WebPage\",\"@id\":\"https:\\\/\\\/quehacerpolitico.mx\\\/?p=111784\",\"url\":\"https:\\\/\\\/quehacerpolitico.mx\\\/?p=111784\",\"name\":\"L\u00f3pez Obrador culpa a la CIJ de demorar el juicio por el asilo a Jorge Glas, pero omite que M\u00e9xico pidi\u00f3 un a\u00f1o para presentar sus alegatos -\",\"isPartOf\":{\"@id\":\"https:\\\/\\\/quehacerpolitico.mx\\\/#website\"},\"primaryImageOfPage\":{\"@id\":\"https:\\\/\\\/quehacerpolitico.mx\\\/?p=111784#primaryimage\"},\"image\":{\"@id\":\"https:\\\/\\\/quehacerpolitico.mx\\\/?p=111784#primaryimage\"},\"thumbnailUrl\":\"https:\\\/\\\/quehacerpolitico.mx\\\/wp-content\\\/uploads\\\/2024\\\/08\\\/IMG_7189.jpeg\",\"datePublished\":\"2024-08-06T18:55:15+00:00\",\"dateModified\":\"2024-08-06T18:55:17+00:00\",\"author\":{\"@id\":\"https:\\\/\\\/quehacerpolitico.mx\\\/#\\\/schema\\\/person\\\/496d8ad2d1d3f8036101dca7ee39e585\"},\"breadcrumb\":{\"@id\":\"https:\\\/\\\/quehacerpolitico.mx\\\/?p=111784#breadcrumb\"},\"inLanguage\":\"es\",\"potentialAction\":[{\"@type\":\"ReadAction\",\"target\":[\"https:\\\/\\\/quehacerpolitico.mx\\\/?p=111784\"]}]},{\"@type\":\"ImageObject\",\"inLanguage\":\"es\",\"@id\":\"https:\\\/\\\/quehacerpolitico.mx\\\/?p=111784#primaryimage\",\"url\":\"https:\\\/\\\/quehacerpolitico.mx\\\/wp-content\\\/uploads\\\/2024\\\/08\\\/IMG_7189.jpeg\",\"contentUrl\":\"https:\\\/\\\/quehacerpolitico.mx\\\/wp-content\\\/uploads\\\/2024\\\/08\\\/IMG_7189.jpeg\",\"width\":739,\"height\":415},{\"@type\":\"BreadcrumbList\",\"@id\":\"https:\\\/\\\/quehacerpolitico.mx\\\/?p=111784#breadcrumb\",\"itemListElement\":[{\"@type\":\"ListItem\",\"position\":1,\"name\":\"Inicio\",\"item\":\"https:\\\/\\\/quehacerpolitico.mx\\\/\"},{\"@type\":\"ListItem\",\"position\":2,\"name\":\"L\u00f3pez Obrador culpa a la CIJ de demorar el juicio por el asilo a Jorge Glas, pero omite que M\u00e9xico pidi\u00f3 un a\u00f1o para presentar sus alegatos\"}]},{\"@type\":\"WebSite\",\"@id\":\"https:\\\/\\\/quehacerpolitico.mx\\\/#website\",\"url\":\"https:\\\/\\\/quehacerpolitico.mx\\\/\",\"name\":\"\",\"description\":\"\",\"potentialAction\":[{\"@type\":\"SearchAction\",\"target\":{\"@type\":\"EntryPoint\",\"urlTemplate\":\"https:\\\/\\\/quehacerpolitico.mx\\\/?s={search_term_string}\"},\"query-input\":{\"@type\":\"PropertyValueSpecification\",\"valueRequired\":true,\"valueName\":\"search_term_string\"}}],\"inLanguage\":\"es\"},{\"@type\":\"Person\",\"@id\":\"https:\\\/\\\/quehacerpolitico.mx\\\/#\\\/schema\\\/person\\\/496d8ad2d1d3f8036101dca7ee39e585\",\"name\":\"Redacci\u00f3n QP\",\"image\":{\"@type\":\"ImageObject\",\"inLanguage\":\"es\",\"@id\":\"https:\\\/\\\/secure.gravatar.com\\\/avatar\\\/c7164ed6fdec453195284ad24a5ae5b6e1eed2b848477fa2a4787ba9adf39a41?s=96&d=mm&r=g\",\"url\":\"https:\\\/\\\/secure.gravatar.com\\\/avatar\\\/c7164ed6fdec453195284ad24a5ae5b6e1eed2b848477fa2a4787ba9adf39a41?s=96&d=mm&r=g\",\"contentUrl\":\"https:\\\/\\\/secure.gravatar.com\\\/avatar\\\/c7164ed6fdec453195284ad24a5ae5b6e1eed2b848477fa2a4787ba9adf39a41?s=96&d=mm&r=g\",\"caption\":\"Redacci\u00f3n QP\"},\"url\":\"https:\\\/\\\/quehacerpolitico.mx\\\/?author=2\"}]}<\/script>\n<!-- \/ Yoast SEO plugin. -->","yoast_head_json":{"title":"L\u00f3pez Obrador culpa a la CIJ de demorar el juicio por el asilo a Jorge Glas, pero omite que M\u00e9xico pidi\u00f3 un a\u00f1o para presentar sus alegatos -","robots":{"index":"index","follow":"follow","max-snippet":"max-snippet:-1","max-image-preview":"max-image-preview:large","max-video-preview":"max-video-preview:-1"},"canonical":"https:\/\/quehacerpolitico.mx\/?p=111784","og_locale":"es_MX","og_type":"article","og_title":"L\u00f3pez Obrador culpa a la CIJ de demorar el juicio por el asilo a Jorge Glas, pero omite que M\u00e9xico pidi\u00f3 un a\u00f1o para presentar sus alegatos -","og_description":"Por Redacci\u00f3n QP El presidente\u00a0Andr\u00e9s Manuel L\u00f3pez Obrador critic\u00f3 a la\u00a0Corte Internacional de Justicia\u00a0(CIJ) por...","og_url":"https:\/\/quehacerpolitico.mx\/?p=111784","article_published_time":"2024-08-06T18:55:15+00:00","article_modified_time":"2024-08-06T18:55:17+00:00","og_image":[{"width":739,"height":415,"url":"https:\/\/quehacerpolitico.mx\/wp-content\/uploads\/2024\/08\/IMG_7189.jpeg","type":"image\/jpeg"}],"author":"Redacci\u00f3n QP","twitter_card":"summary_large_image","twitter_misc":{"Escrito por":"Redacci\u00f3n QP","Tiempo de lectura":"2 minutos"},"schema":{"@context":"https:\/\/schema.org","@graph":[{"@type":"Article","@id":"https:\/\/quehacerpolitico.mx\/?p=111784#article","isPartOf":{"@id":"https:\/\/quehacerpolitico.mx\/?p=111784"},"author":{"name":"Redacci\u00f3n QP","@id":"https:\/\/quehacerpolitico.mx\/#\/schema\/person\/496d8ad2d1d3f8036101dca7ee39e585"},"headline":"L\u00f3pez Obrador culpa a la CIJ de demorar el juicio por el asilo a Jorge Glas, pero omite que M\u00e9xico pidi\u00f3 un a\u00f1o para presentar sus alegatos","datePublished":"2024-08-06T18:55:15+00:00","dateModified":"2024-08-06T18:55:17+00:00","mainEntityOfPage":{"@id":"https:\/\/quehacerpolitico.mx\/?p=111784"},"wordCount":510,"commentCount":0,"image":{"@id":"https:\/\/quehacerpolitico.mx\/?p=111784#primaryimage"},"thumbnailUrl":"https:\/\/quehacerpolitico.mx\/wp-content\/uploads\/2024\/08\/IMG_7189.jpeg","articleSection":["Noticias"],"inLanguage":"es","potentialAction":[{"@type":"CommentAction","name":"Comment","target":["https:\/\/quehacerpolitico.mx\/?p=111784#respond"]}]},{"@type":"WebPage","@id":"https:\/\/quehacerpolitico.mx\/?p=111784","url":"https:\/\/quehacerpolitico.mx\/?p=111784","name":"L\u00f3pez Obrador culpa a la CIJ de demorar el juicio por el asilo a Jorge Glas, pero omite que M\u00e9xico pidi\u00f3 un a\u00f1o para presentar sus alegatos -","isPartOf":{"@id":"https:\/\/quehacerpolitico.mx\/#website"},"primaryImageOfPage":{"@id":"https:\/\/quehacerpolitico.mx\/?p=111784#primaryimage"},"image":{"@id":"https:\/\/quehacerpolitico.mx\/?p=111784#primaryimage"},"thumbnailUrl":"https:\/\/quehacerpolitico.mx\/wp-content\/uploads\/2024\/08\/IMG_7189.jpeg","datePublished":"2024-08-06T18:55:15+00:00","dateModified":"2024-08-06T18:55:17+00:00","author":{"@id":"https:\/\/quehacerpolitico.mx\/#\/schema\/person\/496d8ad2d1d3f8036101dca7ee39e585"},"breadcrumb":{"@id":"https:\/\/quehacerpolitico.mx\/?p=111784#breadcrumb"},"inLanguage":"es","potentialAction":[{"@type":"ReadAction","target":["https:\/\/quehacerpolitico.mx\/?p=111784"]}]},{"@type":"ImageObject","inLanguage":"es","@id":"https:\/\/quehacerpolitico.mx\/?p=111784#primaryimage","url":"https:\/\/quehacerpolitico.mx\/wp-content\/uploads\/2024\/08\/IMG_7189.jpeg","contentUrl":"https:\/\/quehacerpolitico.mx\/wp-content\/uploads\/2024\/08\/IMG_7189.jpeg","width":739,"height":415},{"@type":"BreadcrumbList","@id":"https:\/\/quehacerpolitico.mx\/?p=111784#breadcrumb","itemListElement":[{"@type":"ListItem","position":1,"name":"Inicio","item":"https:\/\/quehacerpolitico.mx\/"},{"@type":"ListItem","position":2,"name":"L\u00f3pez Obrador culpa a la CIJ de demorar el juicio por el asilo a Jorge Glas, pero omite que M\u00e9xico pidi\u00f3 un a\u00f1o para presentar sus alegatos"}]},{"@type":"WebSite","@id":"https:\/\/quehacerpolitico.mx\/#website","url":"https:\/\/quehacerpolitico.mx\/","name":"","description":"","potentialAction":[{"@type":"SearchAction","target":{"@type":"EntryPoint","urlTemplate":"https:\/\/quehacerpolitico.mx\/?s={search_term_string}"},"query-input":{"@type":"PropertyValueSpecification","valueRequired":true,"valueName":"search_term_string"}}],"inLanguage":"es"},{"@type":"Person","@id":"https:\/\/quehacerpolitico.mx\/#\/schema\/person\/496d8ad2d1d3f8036101dca7ee39e585","name":"Redacci\u00f3n QP","image":{"@type":"ImageObject","inLanguage":"es","@id":"https:\/\/secure.gravatar.com\/avatar\/c7164ed6fdec453195284ad24a5ae5b6e1eed2b848477fa2a4787ba9adf39a41?s=96&d=mm&r=g","url":"https:\/\/secure.gravatar.com\/avatar\/c7164ed6fdec453195284ad24a5ae5b6e1eed2b848477fa2a4787ba9adf39a41?s=96&d=mm&r=g","contentUrl":"https:\/\/secure.gravatar.com\/avatar\/c7164ed6fdec453195284ad24a5ae5b6e1eed2b848477fa2a4787ba9adf39a41?s=96&d=mm&r=g","caption":"Redacci\u00f3n QP"},"url":"https:\/\/quehacerpolitico.mx\/?author=2"}]}},"featured_image_urls":{"full":["https:\/\/quehacerpolitico.mx\/wp-content\/uploads\/2024\/08\/IMG_7189.jpeg",739,415,false],"thumbnail":["https:\/\/quehacerpolitico.mx\/wp-content\/uploads\/2024\/08\/IMG_7189-150x150.jpeg",150,150,true],"medium":["https:\/\/quehacerpolitico.mx\/wp-content\/uploads\/2024\/08\/IMG_7189-300x168.jpeg",300,168,true],"medium_large":["https:\/\/quehacerpolitico.mx\/wp-content\/uploads\/2024\/08\/IMG_7189.jpeg",640,359,false],"large":["https:\/\/quehacerpolitico.mx\/wp-content\/uploads\/2024\/08\/IMG_7189.jpeg",640,359,false],"1536x1536":["https:\/\/quehacerpolitico.mx\/wp-content\/uploads\/2024\/08\/IMG_7189.jpeg",739,415,false],"2048x2048":["https:\/\/quehacerpolitico.mx\/wp-content\/uploads\/2024\/08\/IMG_7189.jpeg",739,415,false],"covernews-featured":["https:\/\/quehacerpolitico.mx\/wp-content\/uploads\/2024\/08\/IMG_7189.jpeg",739,415,false],"covernews-medium":["https:\/\/quehacerpolitico.mx\/wp-content\/uploads\/2024\/08\/IMG_7189.jpeg",540,303,false]},"author_info":{"display_name":"Redacci\u00f3n QP","author_link":"https:\/\/quehacerpolitico.mx\/?author=2"},"category_info":"<a href=\"https:\/\/quehacerpolitico.mx\/?cat=2\" rel=\"category\">Noticias<\/a>","tag_info":"Noticias","comment_count":"0","_links":{"self":[{"href":"https:\/\/quehacerpolitico.mx\/index.php?rest_route=\/wp\/v2\/posts\/111784","targetHints":{"allow":["GET"]}}],"collection":[{"href":"https:\/\/quehacerpolitico.mx\/index.php?rest_route=\/wp\/v2\/posts"}],"about":[{"href":"https:\/\/quehacerpolitico.mx\/index.php?rest_route=\/wp\/v2\/types\/post"}],"author":[{"embeddable":true,"href":"https:\/\/quehacerpolitico.mx\/index.php?rest_route=\/wp\/v2\/users\/2"}],"replies":[{"embeddable":true,"href":"https:\/\/quehacerpolitico.mx\/index.php?rest_route=%2Fwp%2Fv2%2Fcomments&post=111784"}],"version-history":[{"count":1,"href":"https:\/\/quehacerpolitico.mx\/index.php?rest_route=\/wp\/v2\/posts\/111784\/revisions"}],"predecessor-version":[{"id":111786,"href":"https:\/\/quehacerpolitico.mx\/index.php?rest_route=\/wp\/v2\/posts\/111784\/revisions\/111786"}],"wp:featuredmedia":[{"embeddable":true,"href":"https:\/\/quehacerpolitico.mx\/index.php?rest_route=\/wp\/v2\/media\/111785"}],"wp:attachment":[{"href":"https:\/\/quehacerpolitico.mx\/index.php?rest_route=%2Fwp%2Fv2%2Fmedia&parent=111784"}],"wp:term":[{"taxonomy":"category","embeddable":true,"href":"https:\/\/quehacerpolitico.mx\/index.php?rest_route=%2Fwp%2Fv2%2Fcategories&post=111784"},{"taxonomy":"post_tag","embeddable":true,"href":"https:\/\/quehacerpolitico.mx\/index.php?rest_route=%2Fwp%2Fv2%2Ftags&post=111784"}],"curies":[{"name":"wp","href":"https:\/\/api.w.org\/{rel}","templated":true}]}}