{"id":111768,"date":"2024-08-06T01:28:20","date_gmt":"2024-08-06T01:28:20","guid":{"rendered":"https:\/\/quehacerpolitico.mx\/?p=111768"},"modified":"2024-08-06T01:28:23","modified_gmt":"2024-08-06T01:28:23","slug":"el-gobierno-mexicano-pide-a-ecuador-un-salvoconducto-para-jorge-glas","status":"publish","type":"post","link":"https:\/\/quehacerpolitico.mx\/?p=111768","title":{"rendered":"El Gobierno mexicano pide a Ecuador un salvoconducto para Jorge Glas"},"content":{"rendered":"\n<p>Por Redacci\u00f3n QP<\/p>\n\n\n\n<p>Adem\u00e1s solicit\u00f3 que se adopten las medidas humanitarias necesarias para que Glas sea liberado y protegido en un lugar seguro<\/p>\n\n\n\n<p>Este lunes, el Gobierno de M\u00e9xico, a trav\u00e9s de la Secretar\u00eda de Relaciones Exteriores (SRE), pidi\u00f3 al Gobierno de Ecuador un salvoconducto para el exvicepresidente Jorge Glas, para que pueda ser entregado y trasladado a un tercer pa\u00eds de acuerdo con el art\u00edculo XIX de la Convenci\u00f3n de Caracas.&nbsp;<\/p>\n\n\n\n<p><strong>Adem\u00e1s, M\u00e9xico solicit\u00f3 que, mientras se emite el salvoconducto, se adopten las medidas humanitarias necesarias para que Glas sea liberado y protegido en un lugar seguro<\/strong>, debido a su delicado estado de salud.<\/p>\n\n\n\n<p>En un comunicado, la SRE inform\u00f3 que, con base en el acuerdo suscrito con Suiza el 15 de junio de 2024 para salvaguardar los intereses mexicanos en Ecuador, &#8220;el Gobierno de M\u00e9xico ha solicitado formalmente al Gobierno de Ecuador un salvoconducto en favor del se\u00f1or Jorge David Glas Espinel, asilado pol\u00edtico mexicano, en t\u00e9rminos de los art\u00edculos IX, XII y XIII de la Convenci\u00f3n sobre Asilo Diplom\u00e1tico de 1954 (Convenci\u00f3n de Caracas), tratado internacional vinculante para M\u00e9xico y Ecuador&#8221;.<\/p>\n\n\n\n<figure class=\"wp-block-image size-large\"><img loading=\"lazy\" decoding=\"async\" width=\"784\" height=\"1024\" src=\"https:\/\/quehacerpolitico.mx\/wp-content\/uploads\/2024\/08\/image-11-784x1024.jpeg\" alt=\"\" class=\"wp-image-111769\" srcset=\"https:\/\/quehacerpolitico.mx\/wp-content\/uploads\/2024\/08\/image-11-784x1024.jpeg 784w, https:\/\/quehacerpolitico.mx\/wp-content\/uploads\/2024\/08\/image-11-230x300.jpeg 230w, https:\/\/quehacerpolitico.mx\/wp-content\/uploads\/2024\/08\/image-11-768x1003.jpeg 768w, https:\/\/quehacerpolitico.mx\/wp-content\/uploads\/2024\/08\/image-11-112x146.jpeg 112w, https:\/\/quehacerpolitico.mx\/wp-content\/uploads\/2024\/08\/image-11-38x50.jpeg 38w, https:\/\/quehacerpolitico.mx\/wp-content\/uploads\/2024\/08\/image-11-57x75.jpeg 57w, https:\/\/quehacerpolitico.mx\/wp-content\/uploads\/2024\/08\/image-11.jpeg 1137w\" sizes=\"auto, (max-width: 784px) 100vw, 784px\" \/><\/figure>\n\n\n\n<p>Lo anterior,&nbsp;<mark>&#8220;a fin de que el se\u00f1or Glas Espinel, a petici\u00f3n de la parte interesada, sea entregado y trasladado a un tercer pa\u00eds conforme al art\u00edculo XIX de la Convenci\u00f3n de Caracas&#8221;<\/mark>.<\/p>\n\n\n\n<p><strong>La Canciller\u00eda mexicana record\u00f3 que M\u00e9xico otorg\u00f3 asilo pol\u00edtico a Glas Espinel el 4 de abril de 2024,<\/strong>&nbsp;lo cual fue anunciado p\u00fablicamente el d\u00eda siguiente mediante un comunicado de prensa de la SRE, y transmitido oficialmente al Ministerio de Relaciones Exteriores y Movilidad Humana de Ecuador mediante nota diplom\u00e1tica el 6 de abril de 2024.<\/p>\n\n\n\n<p>&#8220;La procedencia y necesidad de otorgar la protecci\u00f3n internacional del Estado mexicano al se\u00f1or Glas Espinel fue resultado de una evaluaci\u00f3n exhaustiva de la informaci\u00f3n recibida por su parte y por parte del Gobierno de Ecuador desde diciembre de 2023&#8221;, apunt\u00f3 la SRE.&nbsp;<\/p>\n\n\n\n<p>Y dijo que esto se bas\u00f3 en los fundamentos del asilo pol\u00edtico y en la verificaci\u00f3n del cumplimiento de sus requisitos en el caso en cuesti\u00f3n, de conformidad con los art\u00edculos I, IV y IX de la Convenci\u00f3n de Caracas.<\/p>\n\n\n\n<p>Asimismo, dijo la SRE, &#8220;la decisi\u00f3n se apoya en la observancia del principio pro persona, consagrado en la Constituci\u00f3n Pol\u00edtica de los Estados Unidos Mexicanos, y parte de la hist\u00f3rica tradici\u00f3n humanista de M\u00e9xico de protecci\u00f3n a personas perseguidas por razones pol\u00edticas&#8221;.<\/p>\n\n\n\n<p><strong>La SRE finaliz\u00f3 la comunicaci\u00f3n se\u00f1alando que&nbsp;<\/strong><mark>&#8220;M\u00e9xico continuar\u00e1 honrando su compromiso indeclinable de asegurar el respeto y protecci\u00f3n de los derechos de las personas a las que ha estimado necesario asilar y proteger, como es el caso del se\u00f1or Glas Espinel&#8221;.<\/mark><\/p>\n\n\n\n<p>Con informaci\u00f3n de EFE<\/p>\n","protected":false},"excerpt":{"rendered":"<p>Por Redacci\u00f3n QP Adem\u00e1s solicit\u00f3 que se adopten las medidas humanitarias necesarias para que Glas&#8230;<\/p>\n","protected":false},"author":2,"featured_media":111770,"comment_status":"open","ping_status":"open","sticky":false,"template":"","format":"standard","meta":{"_monsterinsights_skip_tracking":false,"_monsterinsights_sitenote_active":false,"_monsterinsights_sitenote_note":"","_monsterinsights_sitenote_category":0,"footnotes":""},"categories":[2],"tags":[],"class_list":["post-111768","post","type-post","status-publish","format-standard","has-post-thumbnail","hentry","category-noticias"],"yoast_head":"<!-- This site is optimized with the Yoast SEO plugin v27.3 - https:\/\/yoast.com\/product\/yoast-seo-wordpress\/ -->\n<title>El Gobierno mexicano pide a Ecuador un salvoconducto para Jorge Glas -<\/title>\n<meta name=\"robots\" content=\"index, follow, max-snippet:-1, max-image-preview:large, max-video-preview:-1\" \/>\n<link rel=\"canonical\" href=\"https:\/\/quehacerpolitico.mx\/?p=111768\" \/>\n<meta property=\"og:locale\" content=\"es_MX\" \/>\n<meta property=\"og:type\" content=\"article\" \/>\n<meta property=\"og:title\" content=\"El Gobierno mexicano pide a Ecuador un salvoconducto para Jorge Glas -\" \/>\n<meta property=\"og:description\" content=\"Por Redacci\u00f3n QP Adem\u00e1s solicit\u00f3 que se adopten las medidas humanitarias necesarias para que Glas...\" \/>\n<meta property=\"og:url\" content=\"https:\/\/quehacerpolitico.mx\/?p=111768\" \/>\n<meta property=\"article:published_time\" content=\"2024-08-06T01:28:20+00:00\" \/>\n<meta property=\"article:modified_time\" content=\"2024-08-06T01:28:23+00:00\" \/>\n<meta property=\"og:image\" content=\"https:\/\/quehacerpolitico.mx\/wp-content\/uploads\/2024\/08\/IMG_7182.jpeg\" \/>\n\t<meta property=\"og:image:width\" content=\"1327\" \/>\n\t<meta property=\"og:image:height\" content=\"747\" \/>\n\t<meta property=\"og:image:type\" content=\"image\/jpeg\" \/>\n<meta name=\"author\" content=\"Redacci\u00f3n QP\" \/>\n<meta name=\"twitter:card\" content=\"summary_large_image\" \/>\n<meta name=\"twitter:label1\" content=\"Escrito por\" \/>\n\t<meta name=\"twitter:data1\" content=\"Redacci\u00f3n QP\" \/>\n\t<meta name=\"twitter:label2\" content=\"Tiempo de lectura\" \/>\n\t<meta name=\"twitter:data2\" content=\"2 minutos\" \/>\n<script type=\"application\/ld+json\" class=\"yoast-schema-graph\">{\"@context\":\"https:\\\/\\\/schema.org\",\"@graph\":[{\"@type\":\"Article\",\"@id\":\"https:\\\/\\\/quehacerpolitico.mx\\\/?p=111768#article\",\"isPartOf\":{\"@id\":\"https:\\\/\\\/quehacerpolitico.mx\\\/?p=111768\"},\"author\":{\"name\":\"Redacci\u00f3n QP\",\"@id\":\"https:\\\/\\\/quehacerpolitico.mx\\\/#\\\/schema\\\/person\\\/496d8ad2d1d3f8036101dca7ee39e585\"},\"headline\":\"El Gobierno mexicano pide a Ecuador un salvoconducto para Jorge Glas\",\"datePublished\":\"2024-08-06T01:28:20+00:00\",\"dateModified\":\"2024-08-06T01:28:23+00:00\",\"mainEntityOfPage\":{\"@id\":\"https:\\\/\\\/quehacerpolitico.mx\\\/?p=111768\"},\"wordCount\":505,\"commentCount\":0,\"image\":{\"@id\":\"https:\\\/\\\/quehacerpolitico.mx\\\/?p=111768#primaryimage\"},\"thumbnailUrl\":\"https:\\\/\\\/quehacerpolitico.mx\\\/wp-content\\\/uploads\\\/2024\\\/08\\\/IMG_7182.jpeg\",\"articleSection\":[\"Noticias\"],\"inLanguage\":\"es\",\"potentialAction\":[{\"@type\":\"CommentAction\",\"name\":\"Comment\",\"target\":[\"https:\\\/\\\/quehacerpolitico.mx\\\/?p=111768#respond\"]}]},{\"@type\":\"WebPage\",\"@id\":\"https:\\\/\\\/quehacerpolitico.mx\\\/?p=111768\",\"url\":\"https:\\\/\\\/quehacerpolitico.mx\\\/?p=111768\",\"name\":\"El Gobierno mexicano pide a Ecuador un salvoconducto para Jorge Glas -\",\"isPartOf\":{\"@id\":\"https:\\\/\\\/quehacerpolitico.mx\\\/#website\"},\"primaryImageOfPage\":{\"@id\":\"https:\\\/\\\/quehacerpolitico.mx\\\/?p=111768#primaryimage\"},\"image\":{\"@id\":\"https:\\\/\\\/quehacerpolitico.mx\\\/?p=111768#primaryimage\"},\"thumbnailUrl\":\"https:\\\/\\\/quehacerpolitico.mx\\\/wp-content\\\/uploads\\\/2024\\\/08\\\/IMG_7182.jpeg\",\"datePublished\":\"2024-08-06T01:28:20+00:00\",\"dateModified\":\"2024-08-06T01:28:23+00:00\",\"author\":{\"@id\":\"https:\\\/\\\/quehacerpolitico.mx\\\/#\\\/schema\\\/person\\\/496d8ad2d1d3f8036101dca7ee39e585\"},\"breadcrumb\":{\"@id\":\"https:\\\/\\\/quehacerpolitico.mx\\\/?p=111768#breadcrumb\"},\"inLanguage\":\"es\",\"potentialAction\":[{\"@type\":\"ReadAction\",\"target\":[\"https:\\\/\\\/quehacerpolitico.mx\\\/?p=111768\"]}]},{\"@type\":\"ImageObject\",\"inLanguage\":\"es\",\"@id\":\"https:\\\/\\\/quehacerpolitico.mx\\\/?p=111768#primaryimage\",\"url\":\"https:\\\/\\\/quehacerpolitico.mx\\\/wp-content\\\/uploads\\\/2024\\\/08\\\/IMG_7182.jpeg\",\"contentUrl\":\"https:\\\/\\\/quehacerpolitico.mx\\\/wp-content\\\/uploads\\\/2024\\\/08\\\/IMG_7182.jpeg\",\"width\":1327,\"height\":747},{\"@type\":\"BreadcrumbList\",\"@id\":\"https:\\\/\\\/quehacerpolitico.mx\\\/?p=111768#breadcrumb\",\"itemListElement\":[{\"@type\":\"ListItem\",\"position\":1,\"name\":\"Inicio\",\"item\":\"https:\\\/\\\/quehacerpolitico.mx\\\/\"},{\"@type\":\"ListItem\",\"position\":2,\"name\":\"El Gobierno mexicano pide a Ecuador un salvoconducto para Jorge Glas\"}]},{\"@type\":\"WebSite\",\"@id\":\"https:\\\/\\\/quehacerpolitico.mx\\\/#website\",\"url\":\"https:\\\/\\\/quehacerpolitico.mx\\\/\",\"name\":\"\",\"description\":\"\",\"potentialAction\":[{\"@type\":\"SearchAction\",\"target\":{\"@type\":\"EntryPoint\",\"urlTemplate\":\"https:\\\/\\\/quehacerpolitico.mx\\\/?s={search_term_string}\"},\"query-input\":{\"@type\":\"PropertyValueSpecification\",\"valueRequired\":true,\"valueName\":\"search_term_string\"}}],\"inLanguage\":\"es\"},{\"@type\":\"Person\",\"@id\":\"https:\\\/\\\/quehacerpolitico.mx\\\/#\\\/schema\\\/person\\\/496d8ad2d1d3f8036101dca7ee39e585\",\"name\":\"Redacci\u00f3n QP\",\"image\":{\"@type\":\"ImageObject\",\"inLanguage\":\"es\",\"@id\":\"https:\\\/\\\/secure.gravatar.com\\\/avatar\\\/c7164ed6fdec453195284ad24a5ae5b6e1eed2b848477fa2a4787ba9adf39a41?s=96&d=mm&r=g\",\"url\":\"https:\\\/\\\/secure.gravatar.com\\\/avatar\\\/c7164ed6fdec453195284ad24a5ae5b6e1eed2b848477fa2a4787ba9adf39a41?s=96&d=mm&r=g\",\"contentUrl\":\"https:\\\/\\\/secure.gravatar.com\\\/avatar\\\/c7164ed6fdec453195284ad24a5ae5b6e1eed2b848477fa2a4787ba9adf39a41?s=96&d=mm&r=g\",\"caption\":\"Redacci\u00f3n QP\"},\"url\":\"https:\\\/\\\/quehacerpolitico.mx\\\/?author=2\"}]}<\/script>\n<!-- \/ Yoast SEO plugin. -->","yoast_head_json":{"title":"El Gobierno mexicano pide a Ecuador un salvoconducto para Jorge Glas -","robots":{"index":"index","follow":"follow","max-snippet":"max-snippet:-1","max-image-preview":"max-image-preview:large","max-video-preview":"max-video-preview:-1"},"canonical":"https:\/\/quehacerpolitico.mx\/?p=111768","og_locale":"es_MX","og_type":"article","og_title":"El Gobierno mexicano pide a Ecuador un salvoconducto para Jorge Glas -","og_description":"Por Redacci\u00f3n QP Adem\u00e1s solicit\u00f3 que se adopten las medidas humanitarias necesarias para que Glas...","og_url":"https:\/\/quehacerpolitico.mx\/?p=111768","article_published_time":"2024-08-06T01:28:20+00:00","article_modified_time":"2024-08-06T01:28:23+00:00","og_image":[{"width":1327,"height":747,"url":"https:\/\/quehacerpolitico.mx\/wp-content\/uploads\/2024\/08\/IMG_7182.jpeg","type":"image\/jpeg"}],"author":"Redacci\u00f3n QP","twitter_card":"summary_large_image","twitter_misc":{"Escrito por":"Redacci\u00f3n QP","Tiempo de lectura":"2 minutos"},"schema":{"@context":"https:\/\/schema.org","@graph":[{"@type":"Article","@id":"https:\/\/quehacerpolitico.mx\/?p=111768#article","isPartOf":{"@id":"https:\/\/quehacerpolitico.mx\/?p=111768"},"author":{"name":"Redacci\u00f3n QP","@id":"https:\/\/quehacerpolitico.mx\/#\/schema\/person\/496d8ad2d1d3f8036101dca7ee39e585"},"headline":"El Gobierno mexicano pide a Ecuador un salvoconducto para Jorge Glas","datePublished":"2024-08-06T01:28:20+00:00","dateModified":"2024-08-06T01:28:23+00:00","mainEntityOfPage":{"@id":"https:\/\/quehacerpolitico.mx\/?p=111768"},"wordCount":505,"commentCount":0,"image":{"@id":"https:\/\/quehacerpolitico.mx\/?p=111768#primaryimage"},"thumbnailUrl":"https:\/\/quehacerpolitico.mx\/wp-content\/uploads\/2024\/08\/IMG_7182.jpeg","articleSection":["Noticias"],"inLanguage":"es","potentialAction":[{"@type":"CommentAction","name":"Comment","target":["https:\/\/quehacerpolitico.mx\/?p=111768#respond"]}]},{"@type":"WebPage","@id":"https:\/\/quehacerpolitico.mx\/?p=111768","url":"https:\/\/quehacerpolitico.mx\/?p=111768","name":"El Gobierno mexicano pide a Ecuador un salvoconducto para Jorge Glas -","isPartOf":{"@id":"https:\/\/quehacerpolitico.mx\/#website"},"primaryImageOfPage":{"@id":"https:\/\/quehacerpolitico.mx\/?p=111768#primaryimage"},"image":{"@id":"https:\/\/quehacerpolitico.mx\/?p=111768#primaryimage"},"thumbnailUrl":"https:\/\/quehacerpolitico.mx\/wp-content\/uploads\/2024\/08\/IMG_7182.jpeg","datePublished":"2024-08-06T01:28:20+00:00","dateModified":"2024-08-06T01:28:23+00:00","author":{"@id":"https:\/\/quehacerpolitico.mx\/#\/schema\/person\/496d8ad2d1d3f8036101dca7ee39e585"},"breadcrumb":{"@id":"https:\/\/quehacerpolitico.mx\/?p=111768#breadcrumb"},"inLanguage":"es","potentialAction":[{"@type":"ReadAction","target":["https:\/\/quehacerpolitico.mx\/?p=111768"]}]},{"@type":"ImageObject","inLanguage":"es","@id":"https:\/\/quehacerpolitico.mx\/?p=111768#primaryimage","url":"https:\/\/quehacerpolitico.mx\/wp-content\/uploads\/2024\/08\/IMG_7182.jpeg","contentUrl":"https:\/\/quehacerpolitico.mx\/wp-content\/uploads\/2024\/08\/IMG_7182.jpeg","width":1327,"height":747},{"@type":"BreadcrumbList","@id":"https:\/\/quehacerpolitico.mx\/?p=111768#breadcrumb","itemListElement":[{"@type":"ListItem","position":1,"name":"Inicio","item":"https:\/\/quehacerpolitico.mx\/"},{"@type":"ListItem","position":2,"name":"El Gobierno mexicano pide a Ecuador un salvoconducto para Jorge Glas"}]},{"@type":"WebSite","@id":"https:\/\/quehacerpolitico.mx\/#website","url":"https:\/\/quehacerpolitico.mx\/","name":"","description":"","potentialAction":[{"@type":"SearchAction","target":{"@type":"EntryPoint","urlTemplate":"https:\/\/quehacerpolitico.mx\/?s={search_term_string}"},"query-input":{"@type":"PropertyValueSpecification","valueRequired":true,"valueName":"search_term_string"}}],"inLanguage":"es"},{"@type":"Person","@id":"https:\/\/quehacerpolitico.mx\/#\/schema\/person\/496d8ad2d1d3f8036101dca7ee39e585","name":"Redacci\u00f3n QP","image":{"@type":"ImageObject","inLanguage":"es","@id":"https:\/\/secure.gravatar.com\/avatar\/c7164ed6fdec453195284ad24a5ae5b6e1eed2b848477fa2a4787ba9adf39a41?s=96&d=mm&r=g","url":"https:\/\/secure.gravatar.com\/avatar\/c7164ed6fdec453195284ad24a5ae5b6e1eed2b848477fa2a4787ba9adf39a41?s=96&d=mm&r=g","contentUrl":"https:\/\/secure.gravatar.com\/avatar\/c7164ed6fdec453195284ad24a5ae5b6e1eed2b848477fa2a4787ba9adf39a41?s=96&d=mm&r=g","caption":"Redacci\u00f3n QP"},"url":"https:\/\/quehacerpolitico.mx\/?author=2"}]}},"featured_image_urls":{"full":["https:\/\/quehacerpolitico.mx\/wp-content\/uploads\/2024\/08\/IMG_7182.jpeg",1327,747,false],"thumbnail":["https:\/\/quehacerpolitico.mx\/wp-content\/uploads\/2024\/08\/IMG_7182-150x150.jpeg",150,150,true],"medium":["https:\/\/quehacerpolitico.mx\/wp-content\/uploads\/2024\/08\/IMG_7182-300x169.jpeg",300,169,true],"medium_large":["https:\/\/quehacerpolitico.mx\/wp-content\/uploads\/2024\/08\/IMG_7182-768x432.jpeg",640,360,true],"large":["https:\/\/quehacerpolitico.mx\/wp-content\/uploads\/2024\/08\/IMG_7182-1024x576.jpeg",640,360,true],"1536x1536":["https:\/\/quehacerpolitico.mx\/wp-content\/uploads\/2024\/08\/IMG_7182.jpeg",1327,747,false],"2048x2048":["https:\/\/quehacerpolitico.mx\/wp-content\/uploads\/2024\/08\/IMG_7182.jpeg",1327,747,false],"covernews-featured":["https:\/\/quehacerpolitico.mx\/wp-content\/uploads\/2024\/08\/IMG_7182.jpeg",1024,576,false],"covernews-medium":["https:\/\/quehacerpolitico.mx\/wp-content\/uploads\/2024\/08\/IMG_7182.jpeg",540,304,false]},"author_info":{"display_name":"Redacci\u00f3n QP","author_link":"https:\/\/quehacerpolitico.mx\/?author=2"},"category_info":"<a href=\"https:\/\/quehacerpolitico.mx\/?cat=2\" rel=\"category\">Noticias<\/a>","tag_info":"Noticias","comment_count":"0","_links":{"self":[{"href":"https:\/\/quehacerpolitico.mx\/index.php?rest_route=\/wp\/v2\/posts\/111768","targetHints":{"allow":["GET"]}}],"collection":[{"href":"https:\/\/quehacerpolitico.mx\/index.php?rest_route=\/wp\/v2\/posts"}],"about":[{"href":"https:\/\/quehacerpolitico.mx\/index.php?rest_route=\/wp\/v2\/types\/post"}],"author":[{"embeddable":true,"href":"https:\/\/quehacerpolitico.mx\/index.php?rest_route=\/wp\/v2\/users\/2"}],"replies":[{"embeddable":true,"href":"https:\/\/quehacerpolitico.mx\/index.php?rest_route=%2Fwp%2Fv2%2Fcomments&post=111768"}],"version-history":[{"count":1,"href":"https:\/\/quehacerpolitico.mx\/index.php?rest_route=\/wp\/v2\/posts\/111768\/revisions"}],"predecessor-version":[{"id":111771,"href":"https:\/\/quehacerpolitico.mx\/index.php?rest_route=\/wp\/v2\/posts\/111768\/revisions\/111771"}],"wp:featuredmedia":[{"embeddable":true,"href":"https:\/\/quehacerpolitico.mx\/index.php?rest_route=\/wp\/v2\/media\/111770"}],"wp:attachment":[{"href":"https:\/\/quehacerpolitico.mx\/index.php?rest_route=%2Fwp%2Fv2%2Fmedia&parent=111768"}],"wp:term":[{"taxonomy":"category","embeddable":true,"href":"https:\/\/quehacerpolitico.mx\/index.php?rest_route=%2Fwp%2Fv2%2Fcategories&post=111768"},{"taxonomy":"post_tag","embeddable":true,"href":"https:\/\/quehacerpolitico.mx\/index.php?rest_route=%2Fwp%2Fv2%2Ftags&post=111768"}],"curies":[{"name":"wp","href":"https:\/\/api.w.org\/{rel}","templated":true}]}}