{"id":111762,"date":"2024-08-05T20:17:37","date_gmt":"2024-08-05T20:17:37","guid":{"rendered":"https:\/\/quehacerpolitico.mx\/?p=111762"},"modified":"2024-08-05T20:17:39","modified_gmt":"2024-08-05T20:17:39","slug":"no-nos-afecta-tanto-amlo-minimiza-depreciacion-del-peso-y-pide-esperar-a-que-el-mercado-se-estabilice","status":"publish","type":"post","link":"https:\/\/quehacerpolitico.mx\/?p=111762","title":{"rendered":"\u201cNo nos afecta tanto\u201d: AMLO minimiza depreciaci\u00f3n del peso y pide esperar a que el mercado se estabilice"},"content":{"rendered":"\n<p>Por Redacci\u00f3n QP<\/p>\n\n\n\n<p>El presidente de M\u00e9xico,&nbsp;<strong>Andr\u00e9s Manuel L\u00f3pez Obrador,<\/strong>&nbsp;asegur\u00f3 que al pa\u00eds \u201cno le afecta tanto\u201d el&nbsp;<strong>lunes negro del mercado mundial<\/strong>, pese a la ca\u00edda de las principales bolsas internacionales y el temor a una recesi\u00f3n en Estados Unidos.<\/p>\n\n\n\n<p>\u201cNo nos afecta tanto porque nuestras finanzas est\u00e1n muy fuertes. Desde luego, somos vecinos de Estados Unidos, hay integraci\u00f3n econ\u00f3mica y afecta a todo el mudo, afecta en Jap\u00f3n, afecta en todos lados, pero nosotros podemos resistir un poco m\u00e1s\u201d, asever\u00f3 el mandatario durante su conferencia de prensa matutina.<\/p>\n\n\n\n<figure class=\"wp-block-embed is-type-video is-provider-youtube wp-block-embed-youtube wp-embed-aspect-16-9 wp-has-aspect-ratio\"><div class=\"wp-block-embed__wrapper\">\n<iframe loading=\"lazy\" title=\"AMLO minimiza ca\u00edda del peso ante el d\u00f3lar\" width=\"640\" height=\"360\" src=\"https:\/\/www.youtube.com\/embed\/RYuK8a-D1ZM?feature=oembed\" frameborder=\"0\" allow=\"accelerometer; autoplay; clipboard-write; encrypted-media; gyroscope; picture-in-picture; web-share\" referrerpolicy=\"strict-origin-when-cross-origin\" allowfullscreen><\/iframe>\n<\/div><\/figure>\n\n\n\n<p>El mandatario insisti\u00f3 en que la reciente&nbsp;<strong>depreciaci\u00f3n del peso<\/strong>, que lleg\u00f3 a 19.55 por d\u00f3lar, no afecta la econom\u00eda del pa\u00eds. Dijo que&nbsp;<strong>M\u00e9xico<\/strong>&nbsp;est\u00e1 mejor preparado para resistir debido a dos factores principales:<strong>&nbsp;reservas r\u00e9cord<\/strong>, que pasaron de 170 mil a 220 mil millones de d\u00f3lares en su sexenio, y la&nbsp;<strong>apreciaci\u00f3n del peso&nbsp;<\/strong>durante ese mismo periodo.&nbsp;<\/p>\n\n\n\n<p>\u201cEsto demuestra que ha funcionado nuestra&nbsp;<strong>estrategia econ\u00f3mica<\/strong>, porque si nos agarra esta crisis financiera debilitados, nos afectar\u00eda much\u00edsimo\u201d, dijo para despu\u00e9s insistir en que las&nbsp;<strong>reservas<\/strong>&nbsp;\u201cnos hacen fuertes ante cualquier contingencia\u201d.<\/p>\n\n\n\n<p>\u201cTenemos reservas suficientes, r\u00e9cord del Banco de M\u00e9xico, nunca se hab\u00edan tenido tantas reservas, nunca como ahora. Y lo otro que nos ayuda es que en todo el sexenio el peso se ha apreciado, se fortaleci\u00f3 el peso\u201d, dijo.<\/p>\n\n\n\n<p>De ser necesario, dijo, a mediados de la semana se dar\u00e1 una explicaci\u00f3n, pero \u201cvamos a esperar porque siempre que hay una informaci\u00f3n as\u00ed en los mercados financieros internacionales, hay una tendencia tambi\u00e9n al control, a que se restablezca\u201d.<\/p>\n\n\n\n<p>Las declaraciones del presidente L\u00f3pez Obrador ocurren luego de que trascendiera el&nbsp;<strong>desplome de Wall<\/strong>&nbsp;<strong>Street<\/strong>&nbsp;en la apertura este lunes, con ca\u00eddas superiores a mil puntos en dos de sus principales indicadores, el&nbsp;<strong>Dow Jones de Industriales&nbsp;<\/strong>y el&nbsp;<strong>Nasdaq<\/strong>, por el temor a una recesi\u00f3n en Estados Unidos.<\/p>\n\n\n\n<p>Esto parece haberse contagiado a otras plazas internacionales, como Jap\u00f3n, donde el principal \u00edndice de la&nbsp;<strong>Bolsa de Tokio,<\/strong>&nbsp;el&nbsp;<strong>Nikkei<\/strong>, se desplom\u00f3 un 12.40% este lunes, la segunda mayor ca\u00edda porcentual de su historia.<\/p>\n\n\n\n<p>Seg\u00fan los analistas, la volatilidad alcanza niveles no vistos desde los desplomes burs\u00e1tiles de marzo de 2020, ligados a la declaraci\u00f3n de la pandemia de Covid-19, por el miedo a que la Reserva Federal (<strong>Fed<\/strong>) dicte la esperada rebaja de los tipos demasiado tarde.<\/p>\n\n\n\n<p><strong>L\u00f3pez Obrador&nbsp;<\/strong>reiter\u00f3 que pese a que el tipo de cambio abri\u00f3 el lunes a 19.55 pesos por d\u00f3lar, no es una&nbsp;<strong>p\u00e9rdida<\/strong>&nbsp;\u201cmuy significativa\u201d y se\u00f1al\u00f3 que otras monedas en el mundo se han devaluado m\u00e1s.<\/p>\n\n\n\n<p>Con informaci\u00f3n de EFE<\/p>\n","protected":false},"excerpt":{"rendered":"<p>Por Redacci\u00f3n QP El presidente de M\u00e9xico,&nbsp;Andr\u00e9s Manuel L\u00f3pez Obrador,&nbsp;asegur\u00f3 que al pa\u00eds \u201cno le&#8230;<\/p>\n","protected":false},"author":2,"featured_media":111763,"comment_status":"open","ping_status":"open","sticky":false,"template":"","format":"standard","meta":{"_monsterinsights_skip_tracking":false,"_monsterinsights_sitenote_active":false,"_monsterinsights_sitenote_note":"","_monsterinsights_sitenote_category":0,"footnotes":""},"categories":[2],"tags":[],"class_list":["post-111762","post","type-post","status-publish","format-standard","has-post-thumbnail","hentry","category-noticias"],"yoast_head":"<!-- This site is optimized with the Yoast SEO plugin v27.3 - https:\/\/yoast.com\/product\/yoast-seo-wordpress\/ -->\n<title>\u201cNo nos afecta tanto\u201d: AMLO minimiza depreciaci\u00f3n del peso y pide esperar a que el mercado se estabilice -<\/title>\n<meta name=\"robots\" content=\"index, follow, max-snippet:-1, max-image-preview:large, max-video-preview:-1\" \/>\n<link rel=\"canonical\" href=\"https:\/\/quehacerpolitico.mx\/?p=111762\" \/>\n<meta property=\"og:locale\" content=\"es_MX\" \/>\n<meta property=\"og:type\" content=\"article\" \/>\n<meta property=\"og:title\" content=\"\u201cNo nos afecta tanto\u201d: AMLO minimiza depreciaci\u00f3n del peso y pide esperar a que el mercado se estabilice -\" \/>\n<meta property=\"og:description\" content=\"Por Redacci\u00f3n QP El presidente de M\u00e9xico,&nbsp;Andr\u00e9s Manuel L\u00f3pez Obrador,&nbsp;asegur\u00f3 que al pa\u00eds \u201cno le...\" \/>\n<meta property=\"og:url\" content=\"https:\/\/quehacerpolitico.mx\/?p=111762\" \/>\n<meta property=\"article:published_time\" content=\"2024-08-05T20:17:37+00:00\" \/>\n<meta property=\"article:modified_time\" content=\"2024-08-05T20:17:39+00:00\" \/>\n<meta property=\"og:image\" content=\"https:\/\/quehacerpolitico.mx\/wp-content\/uploads\/2024\/08\/IMG_7138.jpeg\" \/>\n\t<meta property=\"og:image:width\" content=\"1284\" \/>\n\t<meta property=\"og:image:height\" content=\"711\" \/>\n\t<meta property=\"og:image:type\" content=\"image\/jpeg\" \/>\n<meta name=\"author\" content=\"Redacci\u00f3n QP\" \/>\n<meta name=\"twitter:card\" content=\"summary_large_image\" \/>\n<meta name=\"twitter:label1\" content=\"Escrito por\" \/>\n\t<meta name=\"twitter:data1\" content=\"Redacci\u00f3n QP\" \/>\n\t<meta name=\"twitter:label2\" content=\"Tiempo de lectura\" \/>\n\t<meta name=\"twitter:data2\" content=\"3 minutos\" \/>\n<script type=\"application\/ld+json\" class=\"yoast-schema-graph\">{\"@context\":\"https:\\\/\\\/schema.org\",\"@graph\":[{\"@type\":\"Article\",\"@id\":\"https:\\\/\\\/quehacerpolitico.mx\\\/?p=111762#article\",\"isPartOf\":{\"@id\":\"https:\\\/\\\/quehacerpolitico.mx\\\/?p=111762\"},\"author\":{\"name\":\"Redacci\u00f3n QP\",\"@id\":\"https:\\\/\\\/quehacerpolitico.mx\\\/#\\\/schema\\\/person\\\/496d8ad2d1d3f8036101dca7ee39e585\"},\"headline\":\"\u201cNo nos afecta tanto\u201d: AMLO minimiza depreciaci\u00f3n del peso y pide esperar a que el mercado se estabilice\",\"datePublished\":\"2024-08-05T20:17:37+00:00\",\"dateModified\":\"2024-08-05T20:17:39+00:00\",\"mainEntityOfPage\":{\"@id\":\"https:\\\/\\\/quehacerpolitico.mx\\\/?p=111762\"},\"wordCount\":525,\"commentCount\":0,\"image\":{\"@id\":\"https:\\\/\\\/quehacerpolitico.mx\\\/?p=111762#primaryimage\"},\"thumbnailUrl\":\"https:\\\/\\\/quehacerpolitico.mx\\\/wp-content\\\/uploads\\\/2024\\\/08\\\/IMG_7138.jpeg\",\"articleSection\":[\"Noticias\"],\"inLanguage\":\"es\",\"potentialAction\":[{\"@type\":\"CommentAction\",\"name\":\"Comment\",\"target\":[\"https:\\\/\\\/quehacerpolitico.mx\\\/?p=111762#respond\"]}]},{\"@type\":\"WebPage\",\"@id\":\"https:\\\/\\\/quehacerpolitico.mx\\\/?p=111762\",\"url\":\"https:\\\/\\\/quehacerpolitico.mx\\\/?p=111762\",\"name\":\"\u201cNo nos afecta tanto\u201d: AMLO minimiza depreciaci\u00f3n del peso y pide esperar a que el mercado se estabilice -\",\"isPartOf\":{\"@id\":\"https:\\\/\\\/quehacerpolitico.mx\\\/#website\"},\"primaryImageOfPage\":{\"@id\":\"https:\\\/\\\/quehacerpolitico.mx\\\/?p=111762#primaryimage\"},\"image\":{\"@id\":\"https:\\\/\\\/quehacerpolitico.mx\\\/?p=111762#primaryimage\"},\"thumbnailUrl\":\"https:\\\/\\\/quehacerpolitico.mx\\\/wp-content\\\/uploads\\\/2024\\\/08\\\/IMG_7138.jpeg\",\"datePublished\":\"2024-08-05T20:17:37+00:00\",\"dateModified\":\"2024-08-05T20:17:39+00:00\",\"author\":{\"@id\":\"https:\\\/\\\/quehacerpolitico.mx\\\/#\\\/schema\\\/person\\\/496d8ad2d1d3f8036101dca7ee39e585\"},\"breadcrumb\":{\"@id\":\"https:\\\/\\\/quehacerpolitico.mx\\\/?p=111762#breadcrumb\"},\"inLanguage\":\"es\",\"potentialAction\":[{\"@type\":\"ReadAction\",\"target\":[\"https:\\\/\\\/quehacerpolitico.mx\\\/?p=111762\"]}]},{\"@type\":\"ImageObject\",\"inLanguage\":\"es\",\"@id\":\"https:\\\/\\\/quehacerpolitico.mx\\\/?p=111762#primaryimage\",\"url\":\"https:\\\/\\\/quehacerpolitico.mx\\\/wp-content\\\/uploads\\\/2024\\\/08\\\/IMG_7138.jpeg\",\"contentUrl\":\"https:\\\/\\\/quehacerpolitico.mx\\\/wp-content\\\/uploads\\\/2024\\\/08\\\/IMG_7138.jpeg\",\"width\":1284,\"height\":711,\"caption\":\"Screenshot\"},{\"@type\":\"BreadcrumbList\",\"@id\":\"https:\\\/\\\/quehacerpolitico.mx\\\/?p=111762#breadcrumb\",\"itemListElement\":[{\"@type\":\"ListItem\",\"position\":1,\"name\":\"Inicio\",\"item\":\"https:\\\/\\\/quehacerpolitico.mx\\\/\"},{\"@type\":\"ListItem\",\"position\":2,\"name\":\"\u201cNo nos afecta tanto\u201d: AMLO minimiza depreciaci\u00f3n del peso y pide esperar a que el mercado se estabilice\"}]},{\"@type\":\"WebSite\",\"@id\":\"https:\\\/\\\/quehacerpolitico.mx\\\/#website\",\"url\":\"https:\\\/\\\/quehacerpolitico.mx\\\/\",\"name\":\"\",\"description\":\"\",\"potentialAction\":[{\"@type\":\"SearchAction\",\"target\":{\"@type\":\"EntryPoint\",\"urlTemplate\":\"https:\\\/\\\/quehacerpolitico.mx\\\/?s={search_term_string}\"},\"query-input\":{\"@type\":\"PropertyValueSpecification\",\"valueRequired\":true,\"valueName\":\"search_term_string\"}}],\"inLanguage\":\"es\"},{\"@type\":\"Person\",\"@id\":\"https:\\\/\\\/quehacerpolitico.mx\\\/#\\\/schema\\\/person\\\/496d8ad2d1d3f8036101dca7ee39e585\",\"name\":\"Redacci\u00f3n QP\",\"image\":{\"@type\":\"ImageObject\",\"inLanguage\":\"es\",\"@id\":\"https:\\\/\\\/secure.gravatar.com\\\/avatar\\\/c7164ed6fdec453195284ad24a5ae5b6e1eed2b848477fa2a4787ba9adf39a41?s=96&d=mm&r=g\",\"url\":\"https:\\\/\\\/secure.gravatar.com\\\/avatar\\\/c7164ed6fdec453195284ad24a5ae5b6e1eed2b848477fa2a4787ba9adf39a41?s=96&d=mm&r=g\",\"contentUrl\":\"https:\\\/\\\/secure.gravatar.com\\\/avatar\\\/c7164ed6fdec453195284ad24a5ae5b6e1eed2b848477fa2a4787ba9adf39a41?s=96&d=mm&r=g\",\"caption\":\"Redacci\u00f3n QP\"},\"url\":\"https:\\\/\\\/quehacerpolitico.mx\\\/?author=2\"}]}<\/script>\n<!-- \/ Yoast SEO plugin. -->","yoast_head_json":{"title":"\u201cNo nos afecta tanto\u201d: AMLO minimiza depreciaci\u00f3n del peso y pide esperar a que el mercado se estabilice -","robots":{"index":"index","follow":"follow","max-snippet":"max-snippet:-1","max-image-preview":"max-image-preview:large","max-video-preview":"max-video-preview:-1"},"canonical":"https:\/\/quehacerpolitico.mx\/?p=111762","og_locale":"es_MX","og_type":"article","og_title":"\u201cNo nos afecta tanto\u201d: AMLO minimiza depreciaci\u00f3n del peso y pide esperar a que el mercado se estabilice -","og_description":"Por Redacci\u00f3n QP El presidente de M\u00e9xico,&nbsp;Andr\u00e9s Manuel L\u00f3pez Obrador,&nbsp;asegur\u00f3 que al pa\u00eds \u201cno le...","og_url":"https:\/\/quehacerpolitico.mx\/?p=111762","article_published_time":"2024-08-05T20:17:37+00:00","article_modified_time":"2024-08-05T20:17:39+00:00","og_image":[{"width":1284,"height":711,"url":"https:\/\/quehacerpolitico.mx\/wp-content\/uploads\/2024\/08\/IMG_7138.jpeg","type":"image\/jpeg"}],"author":"Redacci\u00f3n QP","twitter_card":"summary_large_image","twitter_misc":{"Escrito por":"Redacci\u00f3n QP","Tiempo de lectura":"3 minutos"},"schema":{"@context":"https:\/\/schema.org","@graph":[{"@type":"Article","@id":"https:\/\/quehacerpolitico.mx\/?p=111762#article","isPartOf":{"@id":"https:\/\/quehacerpolitico.mx\/?p=111762"},"author":{"name":"Redacci\u00f3n QP","@id":"https:\/\/quehacerpolitico.mx\/#\/schema\/person\/496d8ad2d1d3f8036101dca7ee39e585"},"headline":"\u201cNo nos afecta tanto\u201d: AMLO minimiza depreciaci\u00f3n del peso y pide esperar a que el mercado se estabilice","datePublished":"2024-08-05T20:17:37+00:00","dateModified":"2024-08-05T20:17:39+00:00","mainEntityOfPage":{"@id":"https:\/\/quehacerpolitico.mx\/?p=111762"},"wordCount":525,"commentCount":0,"image":{"@id":"https:\/\/quehacerpolitico.mx\/?p=111762#primaryimage"},"thumbnailUrl":"https:\/\/quehacerpolitico.mx\/wp-content\/uploads\/2024\/08\/IMG_7138.jpeg","articleSection":["Noticias"],"inLanguage":"es","potentialAction":[{"@type":"CommentAction","name":"Comment","target":["https:\/\/quehacerpolitico.mx\/?p=111762#respond"]}]},{"@type":"WebPage","@id":"https:\/\/quehacerpolitico.mx\/?p=111762","url":"https:\/\/quehacerpolitico.mx\/?p=111762","name":"\u201cNo nos afecta tanto\u201d: AMLO minimiza depreciaci\u00f3n del peso y pide esperar a que el mercado se estabilice -","isPartOf":{"@id":"https:\/\/quehacerpolitico.mx\/#website"},"primaryImageOfPage":{"@id":"https:\/\/quehacerpolitico.mx\/?p=111762#primaryimage"},"image":{"@id":"https:\/\/quehacerpolitico.mx\/?p=111762#primaryimage"},"thumbnailUrl":"https:\/\/quehacerpolitico.mx\/wp-content\/uploads\/2024\/08\/IMG_7138.jpeg","datePublished":"2024-08-05T20:17:37+00:00","dateModified":"2024-08-05T20:17:39+00:00","author":{"@id":"https:\/\/quehacerpolitico.mx\/#\/schema\/person\/496d8ad2d1d3f8036101dca7ee39e585"},"breadcrumb":{"@id":"https:\/\/quehacerpolitico.mx\/?p=111762#breadcrumb"},"inLanguage":"es","potentialAction":[{"@type":"ReadAction","target":["https:\/\/quehacerpolitico.mx\/?p=111762"]}]},{"@type":"ImageObject","inLanguage":"es","@id":"https:\/\/quehacerpolitico.mx\/?p=111762#primaryimage","url":"https:\/\/quehacerpolitico.mx\/wp-content\/uploads\/2024\/08\/IMG_7138.jpeg","contentUrl":"https:\/\/quehacerpolitico.mx\/wp-content\/uploads\/2024\/08\/IMG_7138.jpeg","width":1284,"height":711,"caption":"Screenshot"},{"@type":"BreadcrumbList","@id":"https:\/\/quehacerpolitico.mx\/?p=111762#breadcrumb","itemListElement":[{"@type":"ListItem","position":1,"name":"Inicio","item":"https:\/\/quehacerpolitico.mx\/"},{"@type":"ListItem","position":2,"name":"\u201cNo nos afecta tanto\u201d: AMLO minimiza depreciaci\u00f3n del peso y pide esperar a que el mercado se estabilice"}]},{"@type":"WebSite","@id":"https:\/\/quehacerpolitico.mx\/#website","url":"https:\/\/quehacerpolitico.mx\/","name":"","description":"","potentialAction":[{"@type":"SearchAction","target":{"@type":"EntryPoint","urlTemplate":"https:\/\/quehacerpolitico.mx\/?s={search_term_string}"},"query-input":{"@type":"PropertyValueSpecification","valueRequired":true,"valueName":"search_term_string"}}],"inLanguage":"es"},{"@type":"Person","@id":"https:\/\/quehacerpolitico.mx\/#\/schema\/person\/496d8ad2d1d3f8036101dca7ee39e585","name":"Redacci\u00f3n QP","image":{"@type":"ImageObject","inLanguage":"es","@id":"https:\/\/secure.gravatar.com\/avatar\/c7164ed6fdec453195284ad24a5ae5b6e1eed2b848477fa2a4787ba9adf39a41?s=96&d=mm&r=g","url":"https:\/\/secure.gravatar.com\/avatar\/c7164ed6fdec453195284ad24a5ae5b6e1eed2b848477fa2a4787ba9adf39a41?s=96&d=mm&r=g","contentUrl":"https:\/\/secure.gravatar.com\/avatar\/c7164ed6fdec453195284ad24a5ae5b6e1eed2b848477fa2a4787ba9adf39a41?s=96&d=mm&r=g","caption":"Redacci\u00f3n QP"},"url":"https:\/\/quehacerpolitico.mx\/?author=2"}]}},"featured_image_urls":{"full":["https:\/\/quehacerpolitico.mx\/wp-content\/uploads\/2024\/08\/IMG_7138.jpeg",1284,711,false],"thumbnail":["https:\/\/quehacerpolitico.mx\/wp-content\/uploads\/2024\/08\/IMG_7138-150x150.jpeg",150,150,true],"medium":["https:\/\/quehacerpolitico.mx\/wp-content\/uploads\/2024\/08\/IMG_7138-300x166.jpeg",300,166,true],"medium_large":["https:\/\/quehacerpolitico.mx\/wp-content\/uploads\/2024\/08\/IMG_7138-768x425.jpeg",640,354,true],"large":["https:\/\/quehacerpolitico.mx\/wp-content\/uploads\/2024\/08\/IMG_7138-1024x567.jpeg",640,354,true],"1536x1536":["https:\/\/quehacerpolitico.mx\/wp-content\/uploads\/2024\/08\/IMG_7138.jpeg",1284,711,false],"2048x2048":["https:\/\/quehacerpolitico.mx\/wp-content\/uploads\/2024\/08\/IMG_7138.jpeg",1284,711,false],"covernews-featured":["https:\/\/quehacerpolitico.mx\/wp-content\/uploads\/2024\/08\/IMG_7138.jpeg",1024,567,false],"covernews-medium":["https:\/\/quehacerpolitico.mx\/wp-content\/uploads\/2024\/08\/IMG_7138.jpeg",540,299,false]},"author_info":{"display_name":"Redacci\u00f3n QP","author_link":"https:\/\/quehacerpolitico.mx\/?author=2"},"category_info":"<a href=\"https:\/\/quehacerpolitico.mx\/?cat=2\" rel=\"category\">Noticias<\/a>","tag_info":"Noticias","comment_count":"0","_links":{"self":[{"href":"https:\/\/quehacerpolitico.mx\/index.php?rest_route=\/wp\/v2\/posts\/111762","targetHints":{"allow":["GET"]}}],"collection":[{"href":"https:\/\/quehacerpolitico.mx\/index.php?rest_route=\/wp\/v2\/posts"}],"about":[{"href":"https:\/\/quehacerpolitico.mx\/index.php?rest_route=\/wp\/v2\/types\/post"}],"author":[{"embeddable":true,"href":"https:\/\/quehacerpolitico.mx\/index.php?rest_route=\/wp\/v2\/users\/2"}],"replies":[{"embeddable":true,"href":"https:\/\/quehacerpolitico.mx\/index.php?rest_route=%2Fwp%2Fv2%2Fcomments&post=111762"}],"version-history":[{"count":1,"href":"https:\/\/quehacerpolitico.mx\/index.php?rest_route=\/wp\/v2\/posts\/111762\/revisions"}],"predecessor-version":[{"id":111764,"href":"https:\/\/quehacerpolitico.mx\/index.php?rest_route=\/wp\/v2\/posts\/111762\/revisions\/111764"}],"wp:featuredmedia":[{"embeddable":true,"href":"https:\/\/quehacerpolitico.mx\/index.php?rest_route=\/wp\/v2\/media\/111763"}],"wp:attachment":[{"href":"https:\/\/quehacerpolitico.mx\/index.php?rest_route=%2Fwp%2Fv2%2Fmedia&parent=111762"}],"wp:term":[{"taxonomy":"category","embeddable":true,"href":"https:\/\/quehacerpolitico.mx\/index.php?rest_route=%2Fwp%2Fv2%2Fcategories&post=111762"},{"taxonomy":"post_tag","embeddable":true,"href":"https:\/\/quehacerpolitico.mx\/index.php?rest_route=%2Fwp%2Fv2%2Ftags&post=111762"}],"curies":[{"name":"wp","href":"https:\/\/api.w.org\/{rel}","templated":true}]}}