{"id":111759,"date":"2024-08-05T20:01:22","date_gmt":"2024-08-05T20:01:22","guid":{"rendered":"https:\/\/quehacerpolitico.mx\/?p=111759"},"modified":"2024-08-05T20:01:25","modified_gmt":"2024-08-05T20:01:25","slug":"amlo-anuncio-que-la-refineria-de-dos-bocas-ya-produce-el-10-del-consumo-de-gasolina-en-el-pais","status":"publish","type":"post","link":"https:\/\/quehacerpolitico.mx\/?p=111759","title":{"rendered":"AMLO anunci\u00f3 que la\u00a0refiner\u00eda de Dos Bocas\u00a0ya produce el 10% del consumo de\u00a0gasolina\u00a0en el pa\u00eds"},"content":{"rendered":"\n<p>Por Redacci\u00f3n QP<\/p>\n\n\n\n<p>El presidente&nbsp;<strong>Andr\u00e9s Manuel L\u00f3pez Obrador&nbsp;<\/strong>anunci\u00f3 que la<strong>&nbsp;refiner\u00eda de Dos Bocas<\/strong>&nbsp;ya produce el 10% del consumo de&nbsp;<strong>gasolina<\/strong>&nbsp;en el pa\u00eds y asegur\u00f3 que en dos semanas, esta cifra aumentar\u00e1 al 20%.<\/p>\n\n\n\n<p>L\u00f3pez Obrador destac\u00f3 que la construcci\u00f3n de la refiner\u00eda se logr\u00f3 en tiempo r\u00e9cord y con costos bajos, y se\u00f1al\u00f3 que en 34 a\u00f1os no se hab\u00eda construido una<strong>&nbsp;nueva refiner\u00eda&nbsp;<\/strong>en el pa\u00eds. En el periodo neoliberal, dijo, se priorizaba vender petr\u00f3leo crudo y comprar gasolina.<\/p>\n\n\n\n<p>Explic\u00f3 que su administraci\u00f3n repar\u00f3 las&nbsp;<strong>seis refiner\u00edas existentes<\/strong>&nbsp;y&nbsp;<strong>compr\u00f3 Deer Park<\/strong>&nbsp;en Texas, y asegur\u00f3 que con ello la importaci\u00f3n de gasolina ha disminuido del 90% al 10%.<\/p>\n\n\n\n<figure class=\"wp-block-embed is-type-video is-provider-youtube wp-block-embed-youtube wp-embed-aspect-16-9 wp-has-aspect-ratio\"><div class=\"wp-block-embed__wrapper\">\n<iframe loading=\"lazy\" title=\"AMLO presume la refiner\u00eda Dos Bocas tras su inauguraci\u00f3n\" width=\"640\" height=\"360\" src=\"https:\/\/www.youtube.com\/embed\/S0XLG-XgpYk?feature=oembed\" frameborder=\"0\" allow=\"accelerometer; autoplay; clipboard-write; encrypted-media; gyroscope; picture-in-picture; web-share\" referrerpolicy=\"strict-origin-when-cross-origin\" allowfullscreen><\/iframe>\n<\/div><\/figure>\n\n\n\n<p>Tambi\u00e9n se refiri\u00f3 a dos&nbsp;<strong>coquizadoras<\/strong>&nbsp;en&nbsp;<strong>Salina Cruz<\/strong>&nbsp;y&nbsp;<strong>Tula<\/strong>&nbsp;para convertir combust\u00f3leo en gasolina. Dijo que con todas estas acciones se lograr\u00e1 la autosuficiencia energ\u00e9tica.<\/p>\n\n\n\n<p>Agreg\u00f3 que la primera etapa de la&nbsp;<strong>coquizadora en Tula<\/strong>&nbsp;se inaugurar\u00e1 en agosto y la segunda en diciembre.<\/p>\n\n\n\n<p>En cuanto a la<strong>&nbsp;coquizadora de Salina Cruz<\/strong>, que emplea a cerca de 6 mil trabajadores, estar\u00e1 lista en 2026, con lo que&nbsp;<strong>M\u00e9xico dejar\u00e1 de importar gasolina<\/strong>, di\u00e9sel y turbosina del extranjero, dijo.<\/p>\n\n\n\n<p>Cabe recordar que durante la ceremonia de arranque de la refiner\u00eda Olmeca del pasado domingo, el presidente&nbsp;<strong>&nbsp;L\u00f3pez Obrador<\/strong>&nbsp;asegur\u00f3 que ahora puede irse con la&nbsp;<strong>\u201cconciencia tranquila\u201d,<\/strong>&nbsp;y record\u00f3 que est\u00e1 \u201ca d\u00edas\u201d de concluir su mandato, con su&nbsp;<strong>\u201cmisi\u00f3n cumplida<\/strong><\/p>\n\n\n\n<p>El titular de&nbsp;<strong>Pemex<\/strong>,&nbsp;<strong>Octavio Romero<\/strong>, asegur\u00f3 que desde julio comenz\u00f3 la producci\u00f3n de&nbsp;<strong>diesel<\/strong>&nbsp;y que se obtuvieron un mill\u00f3n 100 mil barriles que ya fueron&nbsp;<strong>comercializados<\/strong>, a trav\u00e9s de barcos, para&nbsp;<strong>abastecer<\/strong>&nbsp;el Valle de M\u00e9xico, Veracruz, Puebla, Tlaxcala, Tabasco y Chiapas, adem\u00e1s de otras localidades colindantes.<\/p>\n","protected":false},"excerpt":{"rendered":"<p>Por Redacci\u00f3n QP El presidente&nbsp;Andr\u00e9s Manuel L\u00f3pez Obrador&nbsp;anunci\u00f3 que la&nbsp;refiner\u00eda de Dos Bocas&nbsp;ya produce el&#8230;<\/p>\n","protected":false},"author":2,"featured_media":111760,"comment_status":"open","ping_status":"open","sticky":false,"template":"","format":"standard","meta":{"_monsterinsights_skip_tracking":false,"_monsterinsights_sitenote_active":false,"_monsterinsights_sitenote_note":"","_monsterinsights_sitenote_category":0,"footnotes":""},"categories":[2],"tags":[],"class_list":["post-111759","post","type-post","status-publish","format-standard","has-post-thumbnail","hentry","category-noticias"],"yoast_head":"<!-- This site is optimized with the Yoast SEO plugin v27.3 - https:\/\/yoast.com\/product\/yoast-seo-wordpress\/ -->\n<title>AMLO anunci\u00f3 que la\u00a0refiner\u00eda de Dos Bocas\u00a0ya produce el 10% del consumo de\u00a0gasolina\u00a0en el pa\u00eds -<\/title>\n<meta name=\"robots\" content=\"index, follow, max-snippet:-1, max-image-preview:large, max-video-preview:-1\" \/>\n<link rel=\"canonical\" href=\"https:\/\/quehacerpolitico.mx\/?p=111759\" \/>\n<meta property=\"og:locale\" content=\"es_MX\" \/>\n<meta property=\"og:type\" content=\"article\" \/>\n<meta property=\"og:title\" content=\"AMLO anunci\u00f3 que la\u00a0refiner\u00eda de Dos Bocas\u00a0ya produce el 10% del consumo de\u00a0gasolina\u00a0en el pa\u00eds -\" \/>\n<meta property=\"og:description\" content=\"Por Redacci\u00f3n QP El presidente&nbsp;Andr\u00e9s Manuel L\u00f3pez Obrador&nbsp;anunci\u00f3 que la&nbsp;refiner\u00eda de Dos Bocas&nbsp;ya produce el...\" \/>\n<meta property=\"og:url\" content=\"https:\/\/quehacerpolitico.mx\/?p=111759\" \/>\n<meta property=\"article:published_time\" content=\"2024-08-05T20:01:22+00:00\" \/>\n<meta property=\"article:modified_time\" content=\"2024-08-05T20:01:25+00:00\" \/>\n<meta property=\"og:image\" content=\"https:\/\/quehacerpolitico.mx\/wp-content\/uploads\/2024\/08\/IMG_7137.jpeg\" \/>\n\t<meta property=\"og:image:width\" content=\"1284\" \/>\n\t<meta property=\"og:image:height\" content=\"671\" \/>\n\t<meta property=\"og:image:type\" content=\"image\/jpeg\" \/>\n<meta name=\"author\" content=\"Redacci\u00f3n QP\" \/>\n<meta name=\"twitter:card\" content=\"summary_large_image\" \/>\n<meta name=\"twitter:label1\" content=\"Escrito por\" \/>\n\t<meta name=\"twitter:data1\" content=\"Redacci\u00f3n QP\" \/>\n\t<meta name=\"twitter:label2\" content=\"Tiempo de lectura\" \/>\n\t<meta name=\"twitter:data2\" content=\"2 minutos\" \/>\n<script type=\"application\/ld+json\" class=\"yoast-schema-graph\">{\"@context\":\"https:\\\/\\\/schema.org\",\"@graph\":[{\"@type\":\"Article\",\"@id\":\"https:\\\/\\\/quehacerpolitico.mx\\\/?p=111759#article\",\"isPartOf\":{\"@id\":\"https:\\\/\\\/quehacerpolitico.mx\\\/?p=111759\"},\"author\":{\"name\":\"Redacci\u00f3n QP\",\"@id\":\"https:\\\/\\\/quehacerpolitico.mx\\\/#\\\/schema\\\/person\\\/496d8ad2d1d3f8036101dca7ee39e585\"},\"headline\":\"AMLO anunci\u00f3 que la\u00a0refiner\u00eda de Dos Bocas\u00a0ya produce el 10% del consumo de\u00a0gasolina\u00a0en el pa\u00eds\",\"datePublished\":\"2024-08-05T20:01:22+00:00\",\"dateModified\":\"2024-08-05T20:01:25+00:00\",\"mainEntityOfPage\":{\"@id\":\"https:\\\/\\\/quehacerpolitico.mx\\\/?p=111759\"},\"wordCount\":375,\"commentCount\":0,\"image\":{\"@id\":\"https:\\\/\\\/quehacerpolitico.mx\\\/?p=111759#primaryimage\"},\"thumbnailUrl\":\"https:\\\/\\\/quehacerpolitico.mx\\\/wp-content\\\/uploads\\\/2024\\\/08\\\/IMG_7137.jpeg\",\"articleSection\":[\"Noticias\"],\"inLanguage\":\"es\",\"potentialAction\":[{\"@type\":\"CommentAction\",\"name\":\"Comment\",\"target\":[\"https:\\\/\\\/quehacerpolitico.mx\\\/?p=111759#respond\"]}]},{\"@type\":\"WebPage\",\"@id\":\"https:\\\/\\\/quehacerpolitico.mx\\\/?p=111759\",\"url\":\"https:\\\/\\\/quehacerpolitico.mx\\\/?p=111759\",\"name\":\"AMLO anunci\u00f3 que la\u00a0refiner\u00eda de Dos Bocas\u00a0ya produce el 10% del consumo de\u00a0gasolina\u00a0en el pa\u00eds -\",\"isPartOf\":{\"@id\":\"https:\\\/\\\/quehacerpolitico.mx\\\/#website\"},\"primaryImageOfPage\":{\"@id\":\"https:\\\/\\\/quehacerpolitico.mx\\\/?p=111759#primaryimage\"},\"image\":{\"@id\":\"https:\\\/\\\/quehacerpolitico.mx\\\/?p=111759#primaryimage\"},\"thumbnailUrl\":\"https:\\\/\\\/quehacerpolitico.mx\\\/wp-content\\\/uploads\\\/2024\\\/08\\\/IMG_7137.jpeg\",\"datePublished\":\"2024-08-05T20:01:22+00:00\",\"dateModified\":\"2024-08-05T20:01:25+00:00\",\"author\":{\"@id\":\"https:\\\/\\\/quehacerpolitico.mx\\\/#\\\/schema\\\/person\\\/496d8ad2d1d3f8036101dca7ee39e585\"},\"breadcrumb\":{\"@id\":\"https:\\\/\\\/quehacerpolitico.mx\\\/?p=111759#breadcrumb\"},\"inLanguage\":\"es\",\"potentialAction\":[{\"@type\":\"ReadAction\",\"target\":[\"https:\\\/\\\/quehacerpolitico.mx\\\/?p=111759\"]}]},{\"@type\":\"ImageObject\",\"inLanguage\":\"es\",\"@id\":\"https:\\\/\\\/quehacerpolitico.mx\\\/?p=111759#primaryimage\",\"url\":\"https:\\\/\\\/quehacerpolitico.mx\\\/wp-content\\\/uploads\\\/2024\\\/08\\\/IMG_7137.jpeg\",\"contentUrl\":\"https:\\\/\\\/quehacerpolitico.mx\\\/wp-content\\\/uploads\\\/2024\\\/08\\\/IMG_7137.jpeg\",\"width\":1284,\"height\":671,\"caption\":\"Screenshot\"},{\"@type\":\"BreadcrumbList\",\"@id\":\"https:\\\/\\\/quehacerpolitico.mx\\\/?p=111759#breadcrumb\",\"itemListElement\":[{\"@type\":\"ListItem\",\"position\":1,\"name\":\"Inicio\",\"item\":\"https:\\\/\\\/quehacerpolitico.mx\\\/\"},{\"@type\":\"ListItem\",\"position\":2,\"name\":\"AMLO anunci\u00f3 que la\u00a0refiner\u00eda de Dos Bocas\u00a0ya produce el 10% del consumo de\u00a0gasolina\u00a0en el pa\u00eds\"}]},{\"@type\":\"WebSite\",\"@id\":\"https:\\\/\\\/quehacerpolitico.mx\\\/#website\",\"url\":\"https:\\\/\\\/quehacerpolitico.mx\\\/\",\"name\":\"\",\"description\":\"\",\"potentialAction\":[{\"@type\":\"SearchAction\",\"target\":{\"@type\":\"EntryPoint\",\"urlTemplate\":\"https:\\\/\\\/quehacerpolitico.mx\\\/?s={search_term_string}\"},\"query-input\":{\"@type\":\"PropertyValueSpecification\",\"valueRequired\":true,\"valueName\":\"search_term_string\"}}],\"inLanguage\":\"es\"},{\"@type\":\"Person\",\"@id\":\"https:\\\/\\\/quehacerpolitico.mx\\\/#\\\/schema\\\/person\\\/496d8ad2d1d3f8036101dca7ee39e585\",\"name\":\"Redacci\u00f3n QP\",\"image\":{\"@type\":\"ImageObject\",\"inLanguage\":\"es\",\"@id\":\"https:\\\/\\\/secure.gravatar.com\\\/avatar\\\/c7164ed6fdec453195284ad24a5ae5b6e1eed2b848477fa2a4787ba9adf39a41?s=96&d=mm&r=g\",\"url\":\"https:\\\/\\\/secure.gravatar.com\\\/avatar\\\/c7164ed6fdec453195284ad24a5ae5b6e1eed2b848477fa2a4787ba9adf39a41?s=96&d=mm&r=g\",\"contentUrl\":\"https:\\\/\\\/secure.gravatar.com\\\/avatar\\\/c7164ed6fdec453195284ad24a5ae5b6e1eed2b848477fa2a4787ba9adf39a41?s=96&d=mm&r=g\",\"caption\":\"Redacci\u00f3n QP\"},\"url\":\"https:\\\/\\\/quehacerpolitico.mx\\\/?author=2\"}]}<\/script>\n<!-- \/ Yoast SEO plugin. -->","yoast_head_json":{"title":"AMLO anunci\u00f3 que la\u00a0refiner\u00eda de Dos Bocas\u00a0ya produce el 10% del consumo de\u00a0gasolina\u00a0en el pa\u00eds -","robots":{"index":"index","follow":"follow","max-snippet":"max-snippet:-1","max-image-preview":"max-image-preview:large","max-video-preview":"max-video-preview:-1"},"canonical":"https:\/\/quehacerpolitico.mx\/?p=111759","og_locale":"es_MX","og_type":"article","og_title":"AMLO anunci\u00f3 que la\u00a0refiner\u00eda de Dos Bocas\u00a0ya produce el 10% del consumo de\u00a0gasolina\u00a0en el pa\u00eds -","og_description":"Por Redacci\u00f3n QP El presidente&nbsp;Andr\u00e9s Manuel L\u00f3pez Obrador&nbsp;anunci\u00f3 que la&nbsp;refiner\u00eda de Dos Bocas&nbsp;ya produce el...","og_url":"https:\/\/quehacerpolitico.mx\/?p=111759","article_published_time":"2024-08-05T20:01:22+00:00","article_modified_time":"2024-08-05T20:01:25+00:00","og_image":[{"width":1284,"height":671,"url":"https:\/\/quehacerpolitico.mx\/wp-content\/uploads\/2024\/08\/IMG_7137.jpeg","type":"image\/jpeg"}],"author":"Redacci\u00f3n QP","twitter_card":"summary_large_image","twitter_misc":{"Escrito por":"Redacci\u00f3n QP","Tiempo de lectura":"2 minutos"},"schema":{"@context":"https:\/\/schema.org","@graph":[{"@type":"Article","@id":"https:\/\/quehacerpolitico.mx\/?p=111759#article","isPartOf":{"@id":"https:\/\/quehacerpolitico.mx\/?p=111759"},"author":{"name":"Redacci\u00f3n QP","@id":"https:\/\/quehacerpolitico.mx\/#\/schema\/person\/496d8ad2d1d3f8036101dca7ee39e585"},"headline":"AMLO anunci\u00f3 que la\u00a0refiner\u00eda de Dos Bocas\u00a0ya produce el 10% del consumo de\u00a0gasolina\u00a0en el pa\u00eds","datePublished":"2024-08-05T20:01:22+00:00","dateModified":"2024-08-05T20:01:25+00:00","mainEntityOfPage":{"@id":"https:\/\/quehacerpolitico.mx\/?p=111759"},"wordCount":375,"commentCount":0,"image":{"@id":"https:\/\/quehacerpolitico.mx\/?p=111759#primaryimage"},"thumbnailUrl":"https:\/\/quehacerpolitico.mx\/wp-content\/uploads\/2024\/08\/IMG_7137.jpeg","articleSection":["Noticias"],"inLanguage":"es","potentialAction":[{"@type":"CommentAction","name":"Comment","target":["https:\/\/quehacerpolitico.mx\/?p=111759#respond"]}]},{"@type":"WebPage","@id":"https:\/\/quehacerpolitico.mx\/?p=111759","url":"https:\/\/quehacerpolitico.mx\/?p=111759","name":"AMLO anunci\u00f3 que la\u00a0refiner\u00eda de Dos Bocas\u00a0ya produce el 10% del consumo de\u00a0gasolina\u00a0en el pa\u00eds -","isPartOf":{"@id":"https:\/\/quehacerpolitico.mx\/#website"},"primaryImageOfPage":{"@id":"https:\/\/quehacerpolitico.mx\/?p=111759#primaryimage"},"image":{"@id":"https:\/\/quehacerpolitico.mx\/?p=111759#primaryimage"},"thumbnailUrl":"https:\/\/quehacerpolitico.mx\/wp-content\/uploads\/2024\/08\/IMG_7137.jpeg","datePublished":"2024-08-05T20:01:22+00:00","dateModified":"2024-08-05T20:01:25+00:00","author":{"@id":"https:\/\/quehacerpolitico.mx\/#\/schema\/person\/496d8ad2d1d3f8036101dca7ee39e585"},"breadcrumb":{"@id":"https:\/\/quehacerpolitico.mx\/?p=111759#breadcrumb"},"inLanguage":"es","potentialAction":[{"@type":"ReadAction","target":["https:\/\/quehacerpolitico.mx\/?p=111759"]}]},{"@type":"ImageObject","inLanguage":"es","@id":"https:\/\/quehacerpolitico.mx\/?p=111759#primaryimage","url":"https:\/\/quehacerpolitico.mx\/wp-content\/uploads\/2024\/08\/IMG_7137.jpeg","contentUrl":"https:\/\/quehacerpolitico.mx\/wp-content\/uploads\/2024\/08\/IMG_7137.jpeg","width":1284,"height":671,"caption":"Screenshot"},{"@type":"BreadcrumbList","@id":"https:\/\/quehacerpolitico.mx\/?p=111759#breadcrumb","itemListElement":[{"@type":"ListItem","position":1,"name":"Inicio","item":"https:\/\/quehacerpolitico.mx\/"},{"@type":"ListItem","position":2,"name":"AMLO anunci\u00f3 que la\u00a0refiner\u00eda de Dos Bocas\u00a0ya produce el 10% del consumo de\u00a0gasolina\u00a0en el pa\u00eds"}]},{"@type":"WebSite","@id":"https:\/\/quehacerpolitico.mx\/#website","url":"https:\/\/quehacerpolitico.mx\/","name":"","description":"","potentialAction":[{"@type":"SearchAction","target":{"@type":"EntryPoint","urlTemplate":"https:\/\/quehacerpolitico.mx\/?s={search_term_string}"},"query-input":{"@type":"PropertyValueSpecification","valueRequired":true,"valueName":"search_term_string"}}],"inLanguage":"es"},{"@type":"Person","@id":"https:\/\/quehacerpolitico.mx\/#\/schema\/person\/496d8ad2d1d3f8036101dca7ee39e585","name":"Redacci\u00f3n QP","image":{"@type":"ImageObject","inLanguage":"es","@id":"https:\/\/secure.gravatar.com\/avatar\/c7164ed6fdec453195284ad24a5ae5b6e1eed2b848477fa2a4787ba9adf39a41?s=96&d=mm&r=g","url":"https:\/\/secure.gravatar.com\/avatar\/c7164ed6fdec453195284ad24a5ae5b6e1eed2b848477fa2a4787ba9adf39a41?s=96&d=mm&r=g","contentUrl":"https:\/\/secure.gravatar.com\/avatar\/c7164ed6fdec453195284ad24a5ae5b6e1eed2b848477fa2a4787ba9adf39a41?s=96&d=mm&r=g","caption":"Redacci\u00f3n QP"},"url":"https:\/\/quehacerpolitico.mx\/?author=2"}]}},"featured_image_urls":{"full":["https:\/\/quehacerpolitico.mx\/wp-content\/uploads\/2024\/08\/IMG_7137.jpeg",1284,671,false],"thumbnail":["https:\/\/quehacerpolitico.mx\/wp-content\/uploads\/2024\/08\/IMG_7137-150x150.jpeg",150,150,true],"medium":["https:\/\/quehacerpolitico.mx\/wp-content\/uploads\/2024\/08\/IMG_7137-300x157.jpeg",300,157,true],"medium_large":["https:\/\/quehacerpolitico.mx\/wp-content\/uploads\/2024\/08\/IMG_7137-768x401.jpeg",640,334,true],"large":["https:\/\/quehacerpolitico.mx\/wp-content\/uploads\/2024\/08\/IMG_7137-1024x535.jpeg",640,334,true],"1536x1536":["https:\/\/quehacerpolitico.mx\/wp-content\/uploads\/2024\/08\/IMG_7137.jpeg",1284,671,false],"2048x2048":["https:\/\/quehacerpolitico.mx\/wp-content\/uploads\/2024\/08\/IMG_7137.jpeg",1284,671,false],"covernews-featured":["https:\/\/quehacerpolitico.mx\/wp-content\/uploads\/2024\/08\/IMG_7137.jpeg",1024,535,false],"covernews-medium":["https:\/\/quehacerpolitico.mx\/wp-content\/uploads\/2024\/08\/IMG_7137.jpeg",540,282,false]},"author_info":{"display_name":"Redacci\u00f3n QP","author_link":"https:\/\/quehacerpolitico.mx\/?author=2"},"category_info":"<a href=\"https:\/\/quehacerpolitico.mx\/?cat=2\" rel=\"category\">Noticias<\/a>","tag_info":"Noticias","comment_count":"0","_links":{"self":[{"href":"https:\/\/quehacerpolitico.mx\/index.php?rest_route=\/wp\/v2\/posts\/111759","targetHints":{"allow":["GET"]}}],"collection":[{"href":"https:\/\/quehacerpolitico.mx\/index.php?rest_route=\/wp\/v2\/posts"}],"about":[{"href":"https:\/\/quehacerpolitico.mx\/index.php?rest_route=\/wp\/v2\/types\/post"}],"author":[{"embeddable":true,"href":"https:\/\/quehacerpolitico.mx\/index.php?rest_route=\/wp\/v2\/users\/2"}],"replies":[{"embeddable":true,"href":"https:\/\/quehacerpolitico.mx\/index.php?rest_route=%2Fwp%2Fv2%2Fcomments&post=111759"}],"version-history":[{"count":1,"href":"https:\/\/quehacerpolitico.mx\/index.php?rest_route=\/wp\/v2\/posts\/111759\/revisions"}],"predecessor-version":[{"id":111761,"href":"https:\/\/quehacerpolitico.mx\/index.php?rest_route=\/wp\/v2\/posts\/111759\/revisions\/111761"}],"wp:featuredmedia":[{"embeddable":true,"href":"https:\/\/quehacerpolitico.mx\/index.php?rest_route=\/wp\/v2\/media\/111760"}],"wp:attachment":[{"href":"https:\/\/quehacerpolitico.mx\/index.php?rest_route=%2Fwp%2Fv2%2Fmedia&parent=111759"}],"wp:term":[{"taxonomy":"category","embeddable":true,"href":"https:\/\/quehacerpolitico.mx\/index.php?rest_route=%2Fwp%2Fv2%2Fcategories&post=111759"},{"taxonomy":"post_tag","embeddable":true,"href":"https:\/\/quehacerpolitico.mx\/index.php?rest_route=%2Fwp%2Fv2%2Ftags&post=111759"}],"curies":[{"name":"wp","href":"https:\/\/api.w.org\/{rel}","templated":true}]}}