{"id":111749,"date":"2024-08-05T17:58:27","date_gmt":"2024-08-05T17:58:27","guid":{"rendered":"https:\/\/quehacerpolitico.mx\/?p=111749"},"modified":"2024-08-05T17:58:29","modified_gmt":"2024-08-05T17:58:29","slug":"el-quehacer-politico-a-traves-de-la-bitacora-antropologica-mtro-said-vazquez-el-cambio-sociocultural-y-su-relacion-con-el-ambiente","status":"publish","type":"post","link":"https:\/\/quehacerpolitico.mx\/?p=111749","title":{"rendered":"El Quehacer Pol\u00edtico a trav\u00e9s de la Bit\u00e1cora Antropol\u00f3gica\/\/\/Mtro Said V\u00e1zquez\/\/\/El cambio sociocultural y su relaci\u00f3n con el ambiente"},"content":{"rendered":"\n<p>Por Mtro Said V\u00e1zquez <\/p>\n\n\n\n<p>Analista<\/p>\n\n\n\n<p><br>La humanidad ha sufrido m\u00e1s de veinte grandes epidemias y pandemias de las que se tiene constancia. Las m\u00e1s recientes:&nbsp;el H1N1 en&nbsp;marzo de 2009; diez a\u00f1os despu\u00e9s la COVID en marzo&nbsp;2019.&nbsp;<\/p>\n\n\n\n<p>Se puede hablar de un antes y despu\u00e9s de la m\u00e1s reciente pandemia. Ya durante las \u00faltimas d\u00e9cadas, las condiciones del mundo cambiaban paulatinamente de manera local retrocediendo hacia sistemas autoritarios, el regreso de&nbsp;gobiernos de derecha&nbsp;ha provocado que las sociedades se retraigan hacia interior, aisl\u00e1ndose econ\u00f3micamente, repudiando la diferencia.&nbsp;<\/p>\n\n\n\n<p>Independientemente del origen del&nbsp;coronavirus SARS-Cov-2, \u00e9ste ha modificado dr\u00e1sticamente la forma de relacionarnos con el entorno y con nuestros semejantes. El temor a la otredad se reforz\u00f3, instintivamente el rechazo al extranjero paso de lo cultural a lo f\u00edsico.<\/p>\n\n\n\n<p>El sistema mundial de Estados Naci\u00f3n&nbsp;construido en occidente despu\u00e9s de la segunda guerra mundial&nbsp;yque hab\u00eda perdurado incluso despu\u00e9s de la ca\u00edda del bloque socialista parec\u00eda ser la mejor y m\u00e1s acabada forma de organizaci\u00f3n pol\u00edtico social. Sin embargo, a diferencia de la abrupta ca\u00edda del socialismo, elsistema&nbsp;capitalista y la democracia parec\u00edan&nbsp;ser producto de un desgaste cultural paulatino.<\/p>\n\n\n\n<p>Lo social se explica a trav\u00e9s de lo social, es una m\u00e1xima entre algunos analistas de las ciencias sociales, sin embarg<a><\/a>o, en una visi\u00f3n hol\u00edstica lo social puede ser explicado considerando su relaci\u00f3n con el entorno. Ya&nbsp;Evan&nbsp;Pritchard, en su estudio del sistema pol\u00edtico entre el pueblo&nbsp;Nuer,&nbsp;demostr\u00f3 la correlaci\u00f3n entre el medio ambiente y lo cultural.&nbsp;<\/p>\n\n\n\n<p>Paralelamente al desgaste cultural el capitalismo ha llevado el ambiente al l\u00edmite del&nbsp;ecocidio&nbsp;alterando los ecosistemas como consecuencia del excesivo consumo. La cercan\u00eda de las dos \u00faltimas pandemias debe ser consideradas como uno de los s\u00edntomas de una decadente organizaci\u00f3n cultural.&nbsp;<\/p>\n\n\n\n<p>La transformaci\u00f3n del sistema no solo tiene que ser analizada a partir de sus contradicciones pol\u00edtico econ\u00f3micas sino tambi\u00e9n en la relaci\u00f3n con el medio ambiente. La COVID es un catalizador de una nueva era. El sistema econ\u00f3mico capitalista est\u00e1 en transformaci\u00f3n; la democracia como elemento pol\u00edtico de los Estados-naci\u00f3n no ser\u00e1 m\u00e1s como la conoc\u00edamos. Estamos siendo testigos de una evoluci\u00f3n sociocultural, la transici\u00f3n de nuevo paradigma debe incluir el ambiente pues sin \u00e9l no tendr\u00eda m\u00e1s futuro la sociedad.<\/p>\n","protected":false},"excerpt":{"rendered":"<p>Por Mtro Said V\u00e1zquez Analista La humanidad ha sufrido m\u00e1s de veinte grandes epidemias y&#8230;<\/p>\n","protected":false},"author":2,"featured_media":111750,"comment_status":"open","ping_status":"open","sticky":false,"template":"","format":"standard","meta":{"_monsterinsights_skip_tracking":false,"_monsterinsights_sitenote_active":false,"_monsterinsights_sitenote_note":"","_monsterinsights_sitenote_category":0,"footnotes":""},"categories":[2],"tags":[],"class_list":["post-111749","post","type-post","status-publish","format-standard","has-post-thumbnail","hentry","category-noticias"],"yoast_head":"<!-- This site is optimized with the Yoast SEO plugin v27.3 - https:\/\/yoast.com\/product\/yoast-seo-wordpress\/ -->\n<title>El Quehacer Pol\u00edtico a trav\u00e9s de la Bit\u00e1cora Antropol\u00f3gica\/\/\/Mtro Said V\u00e1zquez\/\/\/El cambio sociocultural y su relaci\u00f3n con el ambiente -<\/title>\n<meta name=\"robots\" content=\"index, follow, max-snippet:-1, max-image-preview:large, max-video-preview:-1\" \/>\n<link rel=\"canonical\" href=\"https:\/\/quehacerpolitico.mx\/?p=111749\" \/>\n<meta property=\"og:locale\" content=\"es_MX\" \/>\n<meta property=\"og:type\" content=\"article\" \/>\n<meta property=\"og:title\" content=\"El Quehacer Pol\u00edtico a trav\u00e9s de la Bit\u00e1cora Antropol\u00f3gica\/\/\/Mtro Said V\u00e1zquez\/\/\/El cambio sociocultural y su relaci\u00f3n con el ambiente -\" \/>\n<meta property=\"og:description\" content=\"Por Mtro Said V\u00e1zquez Analista La humanidad ha sufrido m\u00e1s de veinte grandes epidemias y...\" \/>\n<meta property=\"og:url\" content=\"https:\/\/quehacerpolitico.mx\/?p=111749\" \/>\n<meta property=\"article:published_time\" content=\"2024-08-05T17:58:27+00:00\" \/>\n<meta property=\"article:modified_time\" content=\"2024-08-05T17:58:29+00:00\" \/>\n<meta property=\"og:image\" content=\"https:\/\/quehacerpolitico.mx\/wp-content\/uploads\/2024\/08\/712e4537-9098-46b7-8753-2bdb0507105f.jpeg\" \/>\n\t<meta property=\"og:image:width\" content=\"963\" \/>\n\t<meta property=\"og:image:height\" content=\"493\" \/>\n\t<meta property=\"og:image:type\" content=\"image\/jpeg\" \/>\n<meta name=\"author\" content=\"Redacci\u00f3n QP\" \/>\n<meta name=\"twitter:card\" content=\"summary_large_image\" \/>\n<meta name=\"twitter:label1\" content=\"Escrito por\" \/>\n\t<meta name=\"twitter:data1\" content=\"Redacci\u00f3n QP\" \/>\n\t<meta name=\"twitter:label2\" content=\"Tiempo de lectura\" \/>\n\t<meta name=\"twitter:data2\" content=\"2 minutos\" \/>\n<script type=\"application\/ld+json\" class=\"yoast-schema-graph\">{\"@context\":\"https:\\\/\\\/schema.org\",\"@graph\":[{\"@type\":\"Article\",\"@id\":\"https:\\\/\\\/quehacerpolitico.mx\\\/?p=111749#article\",\"isPartOf\":{\"@id\":\"https:\\\/\\\/quehacerpolitico.mx\\\/?p=111749\"},\"author\":{\"name\":\"Redacci\u00f3n QP\",\"@id\":\"https:\\\/\\\/quehacerpolitico.mx\\\/#\\\/schema\\\/person\\\/496d8ad2d1d3f8036101dca7ee39e585\"},\"headline\":\"El Quehacer Pol\u00edtico a trav\u00e9s de la Bit\u00e1cora Antropol\u00f3gica\\\/\\\/\\\/Mtro Said V\u00e1zquez\\\/\\\/\\\/El cambio sociocultural y su relaci\u00f3n con el ambiente\",\"datePublished\":\"2024-08-05T17:58:27+00:00\",\"dateModified\":\"2024-08-05T17:58:29+00:00\",\"mainEntityOfPage\":{\"@id\":\"https:\\\/\\\/quehacerpolitico.mx\\\/?p=111749\"},\"wordCount\":469,\"commentCount\":0,\"image\":{\"@id\":\"https:\\\/\\\/quehacerpolitico.mx\\\/?p=111749#primaryimage\"},\"thumbnailUrl\":\"https:\\\/\\\/quehacerpolitico.mx\\\/wp-content\\\/uploads\\\/2024\\\/08\\\/712e4537-9098-46b7-8753-2bdb0507105f.jpeg\",\"articleSection\":[\"Noticias\"],\"inLanguage\":\"es\",\"potentialAction\":[{\"@type\":\"CommentAction\",\"name\":\"Comment\",\"target\":[\"https:\\\/\\\/quehacerpolitico.mx\\\/?p=111749#respond\"]}]},{\"@type\":\"WebPage\",\"@id\":\"https:\\\/\\\/quehacerpolitico.mx\\\/?p=111749\",\"url\":\"https:\\\/\\\/quehacerpolitico.mx\\\/?p=111749\",\"name\":\"El Quehacer Pol\u00edtico a trav\u00e9s de la Bit\u00e1cora Antropol\u00f3gica\\\/\\\/\\\/Mtro Said V\u00e1zquez\\\/\\\/\\\/El cambio sociocultural y su relaci\u00f3n con el ambiente -\",\"isPartOf\":{\"@id\":\"https:\\\/\\\/quehacerpolitico.mx\\\/#website\"},\"primaryImageOfPage\":{\"@id\":\"https:\\\/\\\/quehacerpolitico.mx\\\/?p=111749#primaryimage\"},\"image\":{\"@id\":\"https:\\\/\\\/quehacerpolitico.mx\\\/?p=111749#primaryimage\"},\"thumbnailUrl\":\"https:\\\/\\\/quehacerpolitico.mx\\\/wp-content\\\/uploads\\\/2024\\\/08\\\/712e4537-9098-46b7-8753-2bdb0507105f.jpeg\",\"datePublished\":\"2024-08-05T17:58:27+00:00\",\"dateModified\":\"2024-08-05T17:58:29+00:00\",\"author\":{\"@id\":\"https:\\\/\\\/quehacerpolitico.mx\\\/#\\\/schema\\\/person\\\/496d8ad2d1d3f8036101dca7ee39e585\"},\"breadcrumb\":{\"@id\":\"https:\\\/\\\/quehacerpolitico.mx\\\/?p=111749#breadcrumb\"},\"inLanguage\":\"es\",\"potentialAction\":[{\"@type\":\"ReadAction\",\"target\":[\"https:\\\/\\\/quehacerpolitico.mx\\\/?p=111749\"]}]},{\"@type\":\"ImageObject\",\"inLanguage\":\"es\",\"@id\":\"https:\\\/\\\/quehacerpolitico.mx\\\/?p=111749#primaryimage\",\"url\":\"https:\\\/\\\/quehacerpolitico.mx\\\/wp-content\\\/uploads\\\/2024\\\/08\\\/712e4537-9098-46b7-8753-2bdb0507105f.jpeg\",\"contentUrl\":\"https:\\\/\\\/quehacerpolitico.mx\\\/wp-content\\\/uploads\\\/2024\\\/08\\\/712e4537-9098-46b7-8753-2bdb0507105f.jpeg\",\"width\":963,\"height\":493},{\"@type\":\"BreadcrumbList\",\"@id\":\"https:\\\/\\\/quehacerpolitico.mx\\\/?p=111749#breadcrumb\",\"itemListElement\":[{\"@type\":\"ListItem\",\"position\":1,\"name\":\"Inicio\",\"item\":\"https:\\\/\\\/quehacerpolitico.mx\\\/\"},{\"@type\":\"ListItem\",\"position\":2,\"name\":\"El Quehacer Pol\u00edtico a trav\u00e9s de la Bit\u00e1cora Antropol\u00f3gica\\\/\\\/\\\/Mtro Said V\u00e1zquez\\\/\\\/\\\/El cambio sociocultural y su relaci\u00f3n con el ambiente\"}]},{\"@type\":\"WebSite\",\"@id\":\"https:\\\/\\\/quehacerpolitico.mx\\\/#website\",\"url\":\"https:\\\/\\\/quehacerpolitico.mx\\\/\",\"name\":\"\",\"description\":\"\",\"potentialAction\":[{\"@type\":\"SearchAction\",\"target\":{\"@type\":\"EntryPoint\",\"urlTemplate\":\"https:\\\/\\\/quehacerpolitico.mx\\\/?s={search_term_string}\"},\"query-input\":{\"@type\":\"PropertyValueSpecification\",\"valueRequired\":true,\"valueName\":\"search_term_string\"}}],\"inLanguage\":\"es\"},{\"@type\":\"Person\",\"@id\":\"https:\\\/\\\/quehacerpolitico.mx\\\/#\\\/schema\\\/person\\\/496d8ad2d1d3f8036101dca7ee39e585\",\"name\":\"Redacci\u00f3n QP\",\"image\":{\"@type\":\"ImageObject\",\"inLanguage\":\"es\",\"@id\":\"https:\\\/\\\/secure.gravatar.com\\\/avatar\\\/c7164ed6fdec453195284ad24a5ae5b6e1eed2b848477fa2a4787ba9adf39a41?s=96&d=mm&r=g\",\"url\":\"https:\\\/\\\/secure.gravatar.com\\\/avatar\\\/c7164ed6fdec453195284ad24a5ae5b6e1eed2b848477fa2a4787ba9adf39a41?s=96&d=mm&r=g\",\"contentUrl\":\"https:\\\/\\\/secure.gravatar.com\\\/avatar\\\/c7164ed6fdec453195284ad24a5ae5b6e1eed2b848477fa2a4787ba9adf39a41?s=96&d=mm&r=g\",\"caption\":\"Redacci\u00f3n QP\"},\"url\":\"https:\\\/\\\/quehacerpolitico.mx\\\/?author=2\"}]}<\/script>\n<!-- \/ Yoast SEO plugin. -->","yoast_head_json":{"title":"El Quehacer Pol\u00edtico a trav\u00e9s de la Bit\u00e1cora Antropol\u00f3gica\/\/\/Mtro Said V\u00e1zquez\/\/\/El cambio sociocultural y su relaci\u00f3n con el ambiente -","robots":{"index":"index","follow":"follow","max-snippet":"max-snippet:-1","max-image-preview":"max-image-preview:large","max-video-preview":"max-video-preview:-1"},"canonical":"https:\/\/quehacerpolitico.mx\/?p=111749","og_locale":"es_MX","og_type":"article","og_title":"El Quehacer Pol\u00edtico a trav\u00e9s de la Bit\u00e1cora Antropol\u00f3gica\/\/\/Mtro Said V\u00e1zquez\/\/\/El cambio sociocultural y su relaci\u00f3n con el ambiente -","og_description":"Por Mtro Said V\u00e1zquez Analista La humanidad ha sufrido m\u00e1s de veinte grandes epidemias y...","og_url":"https:\/\/quehacerpolitico.mx\/?p=111749","article_published_time":"2024-08-05T17:58:27+00:00","article_modified_time":"2024-08-05T17:58:29+00:00","og_image":[{"width":963,"height":493,"url":"https:\/\/quehacerpolitico.mx\/wp-content\/uploads\/2024\/08\/712e4537-9098-46b7-8753-2bdb0507105f.jpeg","type":"image\/jpeg"}],"author":"Redacci\u00f3n QP","twitter_card":"summary_large_image","twitter_misc":{"Escrito por":"Redacci\u00f3n QP","Tiempo de lectura":"2 minutos"},"schema":{"@context":"https:\/\/schema.org","@graph":[{"@type":"Article","@id":"https:\/\/quehacerpolitico.mx\/?p=111749#article","isPartOf":{"@id":"https:\/\/quehacerpolitico.mx\/?p=111749"},"author":{"name":"Redacci\u00f3n QP","@id":"https:\/\/quehacerpolitico.mx\/#\/schema\/person\/496d8ad2d1d3f8036101dca7ee39e585"},"headline":"El Quehacer Pol\u00edtico a trav\u00e9s de la Bit\u00e1cora Antropol\u00f3gica\/\/\/Mtro Said V\u00e1zquez\/\/\/El cambio sociocultural y su relaci\u00f3n con el ambiente","datePublished":"2024-08-05T17:58:27+00:00","dateModified":"2024-08-05T17:58:29+00:00","mainEntityOfPage":{"@id":"https:\/\/quehacerpolitico.mx\/?p=111749"},"wordCount":469,"commentCount":0,"image":{"@id":"https:\/\/quehacerpolitico.mx\/?p=111749#primaryimage"},"thumbnailUrl":"https:\/\/quehacerpolitico.mx\/wp-content\/uploads\/2024\/08\/712e4537-9098-46b7-8753-2bdb0507105f.jpeg","articleSection":["Noticias"],"inLanguage":"es","potentialAction":[{"@type":"CommentAction","name":"Comment","target":["https:\/\/quehacerpolitico.mx\/?p=111749#respond"]}]},{"@type":"WebPage","@id":"https:\/\/quehacerpolitico.mx\/?p=111749","url":"https:\/\/quehacerpolitico.mx\/?p=111749","name":"El Quehacer Pol\u00edtico a trav\u00e9s de la Bit\u00e1cora Antropol\u00f3gica\/\/\/Mtro Said V\u00e1zquez\/\/\/El cambio sociocultural y su relaci\u00f3n con el ambiente -","isPartOf":{"@id":"https:\/\/quehacerpolitico.mx\/#website"},"primaryImageOfPage":{"@id":"https:\/\/quehacerpolitico.mx\/?p=111749#primaryimage"},"image":{"@id":"https:\/\/quehacerpolitico.mx\/?p=111749#primaryimage"},"thumbnailUrl":"https:\/\/quehacerpolitico.mx\/wp-content\/uploads\/2024\/08\/712e4537-9098-46b7-8753-2bdb0507105f.jpeg","datePublished":"2024-08-05T17:58:27+00:00","dateModified":"2024-08-05T17:58:29+00:00","author":{"@id":"https:\/\/quehacerpolitico.mx\/#\/schema\/person\/496d8ad2d1d3f8036101dca7ee39e585"},"breadcrumb":{"@id":"https:\/\/quehacerpolitico.mx\/?p=111749#breadcrumb"},"inLanguage":"es","potentialAction":[{"@type":"ReadAction","target":["https:\/\/quehacerpolitico.mx\/?p=111749"]}]},{"@type":"ImageObject","inLanguage":"es","@id":"https:\/\/quehacerpolitico.mx\/?p=111749#primaryimage","url":"https:\/\/quehacerpolitico.mx\/wp-content\/uploads\/2024\/08\/712e4537-9098-46b7-8753-2bdb0507105f.jpeg","contentUrl":"https:\/\/quehacerpolitico.mx\/wp-content\/uploads\/2024\/08\/712e4537-9098-46b7-8753-2bdb0507105f.jpeg","width":963,"height":493},{"@type":"BreadcrumbList","@id":"https:\/\/quehacerpolitico.mx\/?p=111749#breadcrumb","itemListElement":[{"@type":"ListItem","position":1,"name":"Inicio","item":"https:\/\/quehacerpolitico.mx\/"},{"@type":"ListItem","position":2,"name":"El Quehacer Pol\u00edtico a trav\u00e9s de la Bit\u00e1cora Antropol\u00f3gica\/\/\/Mtro Said V\u00e1zquez\/\/\/El cambio sociocultural y su relaci\u00f3n con el ambiente"}]},{"@type":"WebSite","@id":"https:\/\/quehacerpolitico.mx\/#website","url":"https:\/\/quehacerpolitico.mx\/","name":"","description":"","potentialAction":[{"@type":"SearchAction","target":{"@type":"EntryPoint","urlTemplate":"https:\/\/quehacerpolitico.mx\/?s={search_term_string}"},"query-input":{"@type":"PropertyValueSpecification","valueRequired":true,"valueName":"search_term_string"}}],"inLanguage":"es"},{"@type":"Person","@id":"https:\/\/quehacerpolitico.mx\/#\/schema\/person\/496d8ad2d1d3f8036101dca7ee39e585","name":"Redacci\u00f3n QP","image":{"@type":"ImageObject","inLanguage":"es","@id":"https:\/\/secure.gravatar.com\/avatar\/c7164ed6fdec453195284ad24a5ae5b6e1eed2b848477fa2a4787ba9adf39a41?s=96&d=mm&r=g","url":"https:\/\/secure.gravatar.com\/avatar\/c7164ed6fdec453195284ad24a5ae5b6e1eed2b848477fa2a4787ba9adf39a41?s=96&d=mm&r=g","contentUrl":"https:\/\/secure.gravatar.com\/avatar\/c7164ed6fdec453195284ad24a5ae5b6e1eed2b848477fa2a4787ba9adf39a41?s=96&d=mm&r=g","caption":"Redacci\u00f3n QP"},"url":"https:\/\/quehacerpolitico.mx\/?author=2"}]}},"featured_image_urls":{"full":["https:\/\/quehacerpolitico.mx\/wp-content\/uploads\/2024\/08\/712e4537-9098-46b7-8753-2bdb0507105f.jpeg",963,493,false],"thumbnail":["https:\/\/quehacerpolitico.mx\/wp-content\/uploads\/2024\/08\/712e4537-9098-46b7-8753-2bdb0507105f-150x150.jpeg",150,150,true],"medium":["https:\/\/quehacerpolitico.mx\/wp-content\/uploads\/2024\/08\/712e4537-9098-46b7-8753-2bdb0507105f-300x154.jpeg",300,154,true],"medium_large":["https:\/\/quehacerpolitico.mx\/wp-content\/uploads\/2024\/08\/712e4537-9098-46b7-8753-2bdb0507105f-768x393.jpeg",640,328,true],"large":["https:\/\/quehacerpolitico.mx\/wp-content\/uploads\/2024\/08\/712e4537-9098-46b7-8753-2bdb0507105f.jpeg",640,328,false],"1536x1536":["https:\/\/quehacerpolitico.mx\/wp-content\/uploads\/2024\/08\/712e4537-9098-46b7-8753-2bdb0507105f.jpeg",963,493,false],"2048x2048":["https:\/\/quehacerpolitico.mx\/wp-content\/uploads\/2024\/08\/712e4537-9098-46b7-8753-2bdb0507105f.jpeg",963,493,false],"covernews-featured":["https:\/\/quehacerpolitico.mx\/wp-content\/uploads\/2024\/08\/712e4537-9098-46b7-8753-2bdb0507105f.jpeg",963,493,false],"covernews-medium":["https:\/\/quehacerpolitico.mx\/wp-content\/uploads\/2024\/08\/712e4537-9098-46b7-8753-2bdb0507105f.jpeg",540,276,false]},"author_info":{"display_name":"Redacci\u00f3n QP","author_link":"https:\/\/quehacerpolitico.mx\/?author=2"},"category_info":"<a href=\"https:\/\/quehacerpolitico.mx\/?cat=2\" rel=\"category\">Noticias<\/a>","tag_info":"Noticias","comment_count":"0","_links":{"self":[{"href":"https:\/\/quehacerpolitico.mx\/index.php?rest_route=\/wp\/v2\/posts\/111749","targetHints":{"allow":["GET"]}}],"collection":[{"href":"https:\/\/quehacerpolitico.mx\/index.php?rest_route=\/wp\/v2\/posts"}],"about":[{"href":"https:\/\/quehacerpolitico.mx\/index.php?rest_route=\/wp\/v2\/types\/post"}],"author":[{"embeddable":true,"href":"https:\/\/quehacerpolitico.mx\/index.php?rest_route=\/wp\/v2\/users\/2"}],"replies":[{"embeddable":true,"href":"https:\/\/quehacerpolitico.mx\/index.php?rest_route=%2Fwp%2Fv2%2Fcomments&post=111749"}],"version-history":[{"count":1,"href":"https:\/\/quehacerpolitico.mx\/index.php?rest_route=\/wp\/v2\/posts\/111749\/revisions"}],"predecessor-version":[{"id":111751,"href":"https:\/\/quehacerpolitico.mx\/index.php?rest_route=\/wp\/v2\/posts\/111749\/revisions\/111751"}],"wp:featuredmedia":[{"embeddable":true,"href":"https:\/\/quehacerpolitico.mx\/index.php?rest_route=\/wp\/v2\/media\/111750"}],"wp:attachment":[{"href":"https:\/\/quehacerpolitico.mx\/index.php?rest_route=%2Fwp%2Fv2%2Fmedia&parent=111749"}],"wp:term":[{"taxonomy":"category","embeddable":true,"href":"https:\/\/quehacerpolitico.mx\/index.php?rest_route=%2Fwp%2Fv2%2Fcategories&post=111749"},{"taxonomy":"post_tag","embeddable":true,"href":"https:\/\/quehacerpolitico.mx\/index.php?rest_route=%2Fwp%2Fv2%2Ftags&post=111749"}],"curies":[{"name":"wp","href":"https:\/\/api.w.org\/{rel}","templated":true}]}}