{"id":111743,"date":"2024-08-05T15:53:48","date_gmt":"2024-08-05T15:53:48","guid":{"rendered":"https:\/\/quehacerpolitico.mx\/?p=111743"},"modified":"2024-08-05T15:53:52","modified_gmt":"2024-08-05T15:53:52","slug":"el-quehacer-politico-internacional-a-traves-de-la-opinion-carolina-alonso-romei-el-intento-de-asesinato-a-donald-trump-el-%c2%a8tiro%c2%a8que-lo-enviara-de-vuelta-a-la-casa-bl","status":"publish","type":"post","link":"https:\/\/quehacerpolitico.mx\/?p=111743","title":{"rendered":"El Quehacer Pol\u00edtico Internacional a trav\u00e9s de la opini\u00f3n\/\/\/Carolina Alonso Romei\/\/\/El intento de asesinato\u00a0a Donald Trump: el\u00a0\u00a8tiro\u00a8que lo enviar\u00e1\u00a0de vuelta\u00a0a la Casa Blanca"},"content":{"rendered":"\n<p>Por Carolina Alonso Romei<\/p>\n\n\n\n<p>Internacionalista <\/p>\n\n\n\n<p><br>El intento de asesinato del ex mandatario Donald Trump fue un shock masivo que ha sacudido a la sociedad norteamericana, sin importar la posici\u00f3n pol\u00edtica de cada uno. El tiroteo en el mitin de campa\u00f1a de Trump en Pensilvania aparentemente roz\u00f3 la oreja del candidato y le ensangrent\u00f3 la cara, mat\u00f3 a un transe\u00fante e hiri\u00f3 cr\u00edticamente a otros dos. Y&nbsp;todo estoocurri\u00f3 en medio de divisiones sociales profundas y cada vez m\u00e1s peligrosas en el pa\u00eds.&nbsp;<\/p>\n\n\n\n<p>Esta tentativa de magnicidio contra Donald Trump es sin duda, un acto de violencia pol\u00edtica, sin precedentes recientes en ese pa\u00eds y se han&nbsp;desencadenado una serie de consecuencias que amenazan con alterar profundamente el panorama pol\u00edtico y social de la naci\u00f3n. La ya elevada polarizaci\u00f3n pol\u00edtica alcanza niveles alarmantes. Por un lado, los seguidores del candidato republicano han tomado las calles en diversas ciudades, denunciando lo que asumen como un ataque a la democracia y demandando justicia. Mientras tanto, sus detractores, aunque condenan el ataque, est\u00e1n a la defensiva ante acusaciones que consideran infundadas de provocaci\u00f3n.<\/p>\n\n\n\n<p>Este incidente ha aumentado la tensi\u00f3n entre ambos bandos, imposibilitando pr\u00e1cticamente, cualquier intento de conciliaci\u00f3n. Asimismo, la seguridad nacional est\u00e1 siendo severamente cuestionada. Se exige una explicaci\u00f3n l\u00f3gica sobre c\u00f3mo pudo ocurrir un ataque contra una figura p\u00fablica tan destacada y protegida. Los errores en los protocolos de seguridad est\u00e1n bajo una revisi\u00f3n minuciosa, y ya se discuten posibles reformas para prevenir futuros incidentes.&nbsp;<\/p>\n\n\n\n<p>El secretario de Seguridad Nacional de Estados Unidos, Alejandro Mayorkas, admiti\u00f3 que \u00a8el intento de asesinato contra el ex presidente y candidato republicano a la Casa Blanca, Donald Trump, fue un \u00a8fallo\u00a8 de seguridad\u00a8. Reconocer esa situaci\u00f3n tiene consecuencias inmediatas pol\u00edticas, de seguridad y de defensa, provocando un total caos y confusi\u00f3n en el \u00a8establishment\u00a8 de inteligencia de esa naci\u00f3n, comparado solo con la crisis que desbord\u00f3 el ataque terrorista de las torres gemelas y al Pent\u00e1gono el 11 de septiembre de 2001.<\/p>\n\n\n\n<p>Evidentemente hay consecuencias y un inminente cambio en la realidad pol\u00edtica de Estados Unidos. Esta nueva situaci\u00f3n transforma las prioridades de seguridad y defensa, frente al&nbsp;aumento de las amenazas internas de un conflicto sumamente grave en el pa\u00eds norteamericano. La convenci\u00f3n del partido republicano comenz\u00f3 a un par de d\u00edas del incidente en Milwaukee, donde el candidato republicano llega con el estandarte de h\u00e9roe nacional. Es sin duda, un ingrediente pol\u00edtico que atraer\u00e1 el inter\u00e9s internacional y&nbsp;la alta expectativa de la campa\u00f1a&nbsp;de Trump.&nbsp;<\/p>\n\n\n\n<p>Ahora bien, \u00bfqu\u00e9 repercusiones tendr\u00e1 este suceso en el \u00e1mbito pol\u00edtico? Claramente, los efectos son igualmente significativos. La campa\u00f1a presidencial, que se encontraba en pleno apogeo, ha sido completamente interrumpida. Todos los candidatos suspendieron eventos de campa\u00f1a y el discurso pol\u00edtico se ha centrado exclusivamente en este incidente y sus implicaciones. Por su parte, el Congreso ha convocado sesiones extraordinarias de emergencia para frenar la crisis, y algunos legisladores est\u00e1n solicitando la declaraci\u00f3n de un estado de emergencia nacional, lo que, a su vez, ha generado preocupaciones sobre posibles restricciones a las libertades civiles.&nbsp;<\/p>\n\n\n\n<p>A nivel global, l\u00edderes alrededor de todo el mundo han condenado el ataque y ofrecido su apoyo a Estados Unidos.&nbsp;Un tema com\u00fan en las reacciones internacionales ha sido la<strong>&nbsp;<\/strong>llamada a rechazar la violencia pol\u00edtica&nbsp;y<strong>&nbsp;<\/strong>defender los procesos democr\u00e1ticos. L\u00edderes de diversos pa\u00edses han enfatizado la importancia de resolver las diferencias pol\u00edticas de manera pac\u00edfica y a trav\u00e9s del di\u00e1logo.<\/p>\n\n\n\n<p>Sin embargo, tambi\u00e9n se percibe una creciente preocupaci\u00f3n por la estabilidad de una de las democracias m\u00e1s poderosas del mundo. Los mercados financieros internacionales reaccionaron con volatilidad, reflejando el momento de incertidumbre en el que encuentra el futuro inmediato del pa\u00eds.<\/p>\n\n\n\n<p>Es un hecho que lo sucedido marc\u00f3 un parteaguas en el desarrollo de la contienda presidencial para noviembre pr\u00f3ximo, en donde&nbsp;la campa\u00f1a electoral del republicano Donald Trump tiene una nueva imagen ic\u00f3nica: el ex mandatario momentos despu\u00e9s de evitar por poco una lesi\u00f3n grave o la muerte, de pie con el pu\u00f1o en alto, l\u00edneas de sangre en el rostro y una bandera estadounidense ondeando detr\u00e1s de \u00e9l. \u00a8\u00a1Luchen! \u00a1Luchen! \u00a1Luchen!\u00a8, exclam\u00f3 mientras algunos de los partidarios comenzaban a vitorear y festejar que se encontraba vivo.&nbsp;<\/p>\n\n\n\n<p>Sin duda alguna, esta carrera se ha visto salpicada con varios esc\u00e1ndalos durante los \u00faltimos meses: el juicio y la condena de Donald Trump, una serie de decisiones hist\u00f3ricas por parte de&nbsp;la Corte Suprema, el fracaso en&nbsp;<a><\/a>el debate del actual presidente Joe Biden, nada de esto parece haber movido la aguja pol\u00edtica estadounidense en lo que ha sido, y parece estar destinada a seguir siendo, un pa\u00eds profundamente dividido.&nbsp;<\/p>\n\n\n\n<p>Es claro que, a solo cuatro meses de la elecci\u00f3n m\u00e1s importante de los \u00faltimos a\u00f1os, los dem\u00f3cratas tienen menos tiempo para re pensar su estrategia, menos ventaja econ\u00f3mica y menos ox\u00edgeno pol\u00edtico para inclinar la contienda electoral&nbsp;a su favor. Lo sucedido en&nbsp;Pensilvania demostr\u00f3 m\u00e1s claramente que nunca que las expectativas, las narrativas y las preferencias pol\u00edticas pueden cambiar en cuesti\u00f3n de segundos, y lo que fue un intento fallido de asesinato, sea probablemente el \u00a8tiro\u00a8&nbsp;que lleve de vuelta a&nbsp;la Casa Blanca a Donald Trump.<\/p>\n","protected":false},"excerpt":{"rendered":"<p>Por Carolina Alonso Romei Internacionalista El intento de asesinato del ex mandatario Donald Trump fue&#8230;<\/p>\n","protected":false},"author":2,"featured_media":111744,"comment_status":"open","ping_status":"open","sticky":false,"template":"","format":"standard","meta":{"_monsterinsights_skip_tracking":false,"_monsterinsights_sitenote_active":false,"_monsterinsights_sitenote_note":"","_monsterinsights_sitenote_category":0,"footnotes":""},"categories":[1],"tags":[],"class_list":["post-111743","post","type-post","status-publish","format-standard","has-post-thumbnail","hentry","category-sin-categoria"],"yoast_head":"<!-- This site is optimized with the Yoast SEO plugin v27.3 - https:\/\/yoast.com\/product\/yoast-seo-wordpress\/ -->\n<title>El Quehacer Pol\u00edtico Internacional a trav\u00e9s de la opini\u00f3n\/\/\/Carolina Alonso Romei\/\/\/El intento de asesinato\u00a0a Donald Trump: el\u00a0\u00a8tiro\u00a8que lo enviar\u00e1\u00a0de vuelta\u00a0a la Casa Blanca -<\/title>\n<meta name=\"robots\" content=\"index, follow, max-snippet:-1, max-image-preview:large, max-video-preview:-1\" \/>\n<link rel=\"canonical\" href=\"https:\/\/quehacerpolitico.mx\/?p=111743\" \/>\n<meta property=\"og:locale\" content=\"es_MX\" \/>\n<meta property=\"og:type\" content=\"article\" \/>\n<meta property=\"og:title\" content=\"El Quehacer Pol\u00edtico Internacional a trav\u00e9s de la opini\u00f3n\/\/\/Carolina Alonso Romei\/\/\/El intento de asesinato\u00a0a Donald Trump: el\u00a0\u00a8tiro\u00a8que lo enviar\u00e1\u00a0de vuelta\u00a0a la Casa Blanca -\" \/>\n<meta property=\"og:description\" content=\"Por Carolina Alonso Romei Internacionalista El intento de asesinato del ex mandatario Donald Trump fue...\" \/>\n<meta property=\"og:url\" content=\"https:\/\/quehacerpolitico.mx\/?p=111743\" \/>\n<meta property=\"article:published_time\" content=\"2024-08-05T15:53:48+00:00\" \/>\n<meta property=\"article:modified_time\" content=\"2024-08-05T15:53:52+00:00\" \/>\n<meta property=\"og:image\" content=\"https:\/\/quehacerpolitico.mx\/wp-content\/uploads\/2024\/08\/03fa6135-c3fe-44b7-8e96-c6ca323ffebb-3.jpeg\" \/>\n\t<meta property=\"og:image:width\" content=\"963\" \/>\n\t<meta property=\"og:image:height\" content=\"493\" \/>\n\t<meta property=\"og:image:type\" content=\"image\/jpeg\" \/>\n<meta name=\"author\" content=\"Redacci\u00f3n QP\" \/>\n<meta name=\"twitter:card\" content=\"summary_large_image\" \/>\n<meta name=\"twitter:label1\" content=\"Escrito por\" \/>\n\t<meta name=\"twitter:data1\" content=\"Redacci\u00f3n QP\" \/>\n\t<meta name=\"twitter:label2\" content=\"Tiempo de lectura\" \/>\n\t<meta name=\"twitter:data2\" content=\"5 minutos\" \/>\n<script type=\"application\/ld+json\" class=\"yoast-schema-graph\">{\"@context\":\"https:\\\/\\\/schema.org\",\"@graph\":[{\"@type\":\"Article\",\"@id\":\"https:\\\/\\\/quehacerpolitico.mx\\\/?p=111743#article\",\"isPartOf\":{\"@id\":\"https:\\\/\\\/quehacerpolitico.mx\\\/?p=111743\"},\"author\":{\"name\":\"Redacci\u00f3n QP\",\"@id\":\"https:\\\/\\\/quehacerpolitico.mx\\\/#\\\/schema\\\/person\\\/496d8ad2d1d3f8036101dca7ee39e585\"},\"headline\":\"El Quehacer Pol\u00edtico Internacional a trav\u00e9s de la opini\u00f3n\\\/\\\/\\\/Carolina Alonso Romei\\\/\\\/\\\/El intento de asesinato\u00a0a Donald Trump: el\u00a0\u00a8tiro\u00a8que lo enviar\u00e1\u00a0de vuelta\u00a0a la Casa Blanca\",\"datePublished\":\"2024-08-05T15:53:48+00:00\",\"dateModified\":\"2024-08-05T15:53:52+00:00\",\"mainEntityOfPage\":{\"@id\":\"https:\\\/\\\/quehacerpolitico.mx\\\/?p=111743\"},\"wordCount\":989,\"commentCount\":0,\"image\":{\"@id\":\"https:\\\/\\\/quehacerpolitico.mx\\\/?p=111743#primaryimage\"},\"thumbnailUrl\":\"https:\\\/\\\/quehacerpolitico.mx\\\/wp-content\\\/uploads\\\/2024\\\/08\\\/03fa6135-c3fe-44b7-8e96-c6ca323ffebb-3.jpeg\",\"articleSection\":[\"Internacionales\"],\"inLanguage\":\"es\",\"potentialAction\":[{\"@type\":\"CommentAction\",\"name\":\"Comment\",\"target\":[\"https:\\\/\\\/quehacerpolitico.mx\\\/?p=111743#respond\"]}]},{\"@type\":\"WebPage\",\"@id\":\"https:\\\/\\\/quehacerpolitico.mx\\\/?p=111743\",\"url\":\"https:\\\/\\\/quehacerpolitico.mx\\\/?p=111743\",\"name\":\"El Quehacer Pol\u00edtico Internacional a trav\u00e9s de la opini\u00f3n\\\/\\\/\\\/Carolina Alonso Romei\\\/\\\/\\\/El intento de asesinato\u00a0a Donald Trump: el\u00a0\u00a8tiro\u00a8que lo enviar\u00e1\u00a0de vuelta\u00a0a la Casa Blanca -\",\"isPartOf\":{\"@id\":\"https:\\\/\\\/quehacerpolitico.mx\\\/#website\"},\"primaryImageOfPage\":{\"@id\":\"https:\\\/\\\/quehacerpolitico.mx\\\/?p=111743#primaryimage\"},\"image\":{\"@id\":\"https:\\\/\\\/quehacerpolitico.mx\\\/?p=111743#primaryimage\"},\"thumbnailUrl\":\"https:\\\/\\\/quehacerpolitico.mx\\\/wp-content\\\/uploads\\\/2024\\\/08\\\/03fa6135-c3fe-44b7-8e96-c6ca323ffebb-3.jpeg\",\"datePublished\":\"2024-08-05T15:53:48+00:00\",\"dateModified\":\"2024-08-05T15:53:52+00:00\",\"author\":{\"@id\":\"https:\\\/\\\/quehacerpolitico.mx\\\/#\\\/schema\\\/person\\\/496d8ad2d1d3f8036101dca7ee39e585\"},\"breadcrumb\":{\"@id\":\"https:\\\/\\\/quehacerpolitico.mx\\\/?p=111743#breadcrumb\"},\"inLanguage\":\"es\",\"potentialAction\":[{\"@type\":\"ReadAction\",\"target\":[\"https:\\\/\\\/quehacerpolitico.mx\\\/?p=111743\"]}]},{\"@type\":\"ImageObject\",\"inLanguage\":\"es\",\"@id\":\"https:\\\/\\\/quehacerpolitico.mx\\\/?p=111743#primaryimage\",\"url\":\"https:\\\/\\\/quehacerpolitico.mx\\\/wp-content\\\/uploads\\\/2024\\\/08\\\/03fa6135-c3fe-44b7-8e96-c6ca323ffebb-3.jpeg\",\"contentUrl\":\"https:\\\/\\\/quehacerpolitico.mx\\\/wp-content\\\/uploads\\\/2024\\\/08\\\/03fa6135-c3fe-44b7-8e96-c6ca323ffebb-3.jpeg\",\"width\":963,\"height\":493},{\"@type\":\"BreadcrumbList\",\"@id\":\"https:\\\/\\\/quehacerpolitico.mx\\\/?p=111743#breadcrumb\",\"itemListElement\":[{\"@type\":\"ListItem\",\"position\":1,\"name\":\"Inicio\",\"item\":\"https:\\\/\\\/quehacerpolitico.mx\\\/\"},{\"@type\":\"ListItem\",\"position\":2,\"name\":\"El Quehacer Pol\u00edtico Internacional a trav\u00e9s de la opini\u00f3n\\\/\\\/\\\/Carolina Alonso Romei\\\/\\\/\\\/El intento de asesinato\u00a0a Donald Trump: el\u00a0\u00a8tiro\u00a8que lo enviar\u00e1\u00a0de vuelta\u00a0a la Casa Blanca\"}]},{\"@type\":\"WebSite\",\"@id\":\"https:\\\/\\\/quehacerpolitico.mx\\\/#website\",\"url\":\"https:\\\/\\\/quehacerpolitico.mx\\\/\",\"name\":\"\",\"description\":\"\",\"potentialAction\":[{\"@type\":\"SearchAction\",\"target\":{\"@type\":\"EntryPoint\",\"urlTemplate\":\"https:\\\/\\\/quehacerpolitico.mx\\\/?s={search_term_string}\"},\"query-input\":{\"@type\":\"PropertyValueSpecification\",\"valueRequired\":true,\"valueName\":\"search_term_string\"}}],\"inLanguage\":\"es\"},{\"@type\":\"Person\",\"@id\":\"https:\\\/\\\/quehacerpolitico.mx\\\/#\\\/schema\\\/person\\\/496d8ad2d1d3f8036101dca7ee39e585\",\"name\":\"Redacci\u00f3n QP\",\"image\":{\"@type\":\"ImageObject\",\"inLanguage\":\"es\",\"@id\":\"https:\\\/\\\/secure.gravatar.com\\\/avatar\\\/c7164ed6fdec453195284ad24a5ae5b6e1eed2b848477fa2a4787ba9adf39a41?s=96&d=mm&r=g\",\"url\":\"https:\\\/\\\/secure.gravatar.com\\\/avatar\\\/c7164ed6fdec453195284ad24a5ae5b6e1eed2b848477fa2a4787ba9adf39a41?s=96&d=mm&r=g\",\"contentUrl\":\"https:\\\/\\\/secure.gravatar.com\\\/avatar\\\/c7164ed6fdec453195284ad24a5ae5b6e1eed2b848477fa2a4787ba9adf39a41?s=96&d=mm&r=g\",\"caption\":\"Redacci\u00f3n QP\"},\"url\":\"https:\\\/\\\/quehacerpolitico.mx\\\/?author=2\"}]}<\/script>\n<!-- \/ Yoast SEO plugin. -->","yoast_head_json":{"title":"El Quehacer Pol\u00edtico Internacional a trav\u00e9s de la opini\u00f3n\/\/\/Carolina Alonso Romei\/\/\/El intento de asesinato\u00a0a Donald Trump: el\u00a0\u00a8tiro\u00a8que lo enviar\u00e1\u00a0de vuelta\u00a0a la Casa Blanca -","robots":{"index":"index","follow":"follow","max-snippet":"max-snippet:-1","max-image-preview":"max-image-preview:large","max-video-preview":"max-video-preview:-1"},"canonical":"https:\/\/quehacerpolitico.mx\/?p=111743","og_locale":"es_MX","og_type":"article","og_title":"El Quehacer Pol\u00edtico Internacional a trav\u00e9s de la opini\u00f3n\/\/\/Carolina Alonso Romei\/\/\/El intento de asesinato\u00a0a Donald Trump: el\u00a0\u00a8tiro\u00a8que lo enviar\u00e1\u00a0de vuelta\u00a0a la Casa Blanca -","og_description":"Por Carolina Alonso Romei Internacionalista El intento de asesinato del ex mandatario Donald Trump fue...","og_url":"https:\/\/quehacerpolitico.mx\/?p=111743","article_published_time":"2024-08-05T15:53:48+00:00","article_modified_time":"2024-08-05T15:53:52+00:00","og_image":[{"width":963,"height":493,"url":"https:\/\/quehacerpolitico.mx\/wp-content\/uploads\/2024\/08\/03fa6135-c3fe-44b7-8e96-c6ca323ffebb-3.jpeg","type":"image\/jpeg"}],"author":"Redacci\u00f3n QP","twitter_card":"summary_large_image","twitter_misc":{"Escrito por":"Redacci\u00f3n QP","Tiempo de lectura":"5 minutos"},"schema":{"@context":"https:\/\/schema.org","@graph":[{"@type":"Article","@id":"https:\/\/quehacerpolitico.mx\/?p=111743#article","isPartOf":{"@id":"https:\/\/quehacerpolitico.mx\/?p=111743"},"author":{"name":"Redacci\u00f3n QP","@id":"https:\/\/quehacerpolitico.mx\/#\/schema\/person\/496d8ad2d1d3f8036101dca7ee39e585"},"headline":"El Quehacer Pol\u00edtico Internacional a trav\u00e9s de la opini\u00f3n\/\/\/Carolina Alonso Romei\/\/\/El intento de asesinato\u00a0a Donald Trump: el\u00a0\u00a8tiro\u00a8que lo enviar\u00e1\u00a0de vuelta\u00a0a la Casa Blanca","datePublished":"2024-08-05T15:53:48+00:00","dateModified":"2024-08-05T15:53:52+00:00","mainEntityOfPage":{"@id":"https:\/\/quehacerpolitico.mx\/?p=111743"},"wordCount":989,"commentCount":0,"image":{"@id":"https:\/\/quehacerpolitico.mx\/?p=111743#primaryimage"},"thumbnailUrl":"https:\/\/quehacerpolitico.mx\/wp-content\/uploads\/2024\/08\/03fa6135-c3fe-44b7-8e96-c6ca323ffebb-3.jpeg","articleSection":["Internacionales"],"inLanguage":"es","potentialAction":[{"@type":"CommentAction","name":"Comment","target":["https:\/\/quehacerpolitico.mx\/?p=111743#respond"]}]},{"@type":"WebPage","@id":"https:\/\/quehacerpolitico.mx\/?p=111743","url":"https:\/\/quehacerpolitico.mx\/?p=111743","name":"El Quehacer Pol\u00edtico Internacional a trav\u00e9s de la opini\u00f3n\/\/\/Carolina Alonso Romei\/\/\/El intento de asesinato\u00a0a Donald Trump: el\u00a0\u00a8tiro\u00a8que lo enviar\u00e1\u00a0de vuelta\u00a0a la Casa Blanca -","isPartOf":{"@id":"https:\/\/quehacerpolitico.mx\/#website"},"primaryImageOfPage":{"@id":"https:\/\/quehacerpolitico.mx\/?p=111743#primaryimage"},"image":{"@id":"https:\/\/quehacerpolitico.mx\/?p=111743#primaryimage"},"thumbnailUrl":"https:\/\/quehacerpolitico.mx\/wp-content\/uploads\/2024\/08\/03fa6135-c3fe-44b7-8e96-c6ca323ffebb-3.jpeg","datePublished":"2024-08-05T15:53:48+00:00","dateModified":"2024-08-05T15:53:52+00:00","author":{"@id":"https:\/\/quehacerpolitico.mx\/#\/schema\/person\/496d8ad2d1d3f8036101dca7ee39e585"},"breadcrumb":{"@id":"https:\/\/quehacerpolitico.mx\/?p=111743#breadcrumb"},"inLanguage":"es","potentialAction":[{"@type":"ReadAction","target":["https:\/\/quehacerpolitico.mx\/?p=111743"]}]},{"@type":"ImageObject","inLanguage":"es","@id":"https:\/\/quehacerpolitico.mx\/?p=111743#primaryimage","url":"https:\/\/quehacerpolitico.mx\/wp-content\/uploads\/2024\/08\/03fa6135-c3fe-44b7-8e96-c6ca323ffebb-3.jpeg","contentUrl":"https:\/\/quehacerpolitico.mx\/wp-content\/uploads\/2024\/08\/03fa6135-c3fe-44b7-8e96-c6ca323ffebb-3.jpeg","width":963,"height":493},{"@type":"BreadcrumbList","@id":"https:\/\/quehacerpolitico.mx\/?p=111743#breadcrumb","itemListElement":[{"@type":"ListItem","position":1,"name":"Inicio","item":"https:\/\/quehacerpolitico.mx\/"},{"@type":"ListItem","position":2,"name":"El Quehacer Pol\u00edtico Internacional a trav\u00e9s de la opini\u00f3n\/\/\/Carolina Alonso Romei\/\/\/El intento de asesinato\u00a0a Donald Trump: el\u00a0\u00a8tiro\u00a8que lo enviar\u00e1\u00a0de vuelta\u00a0a la Casa Blanca"}]},{"@type":"WebSite","@id":"https:\/\/quehacerpolitico.mx\/#website","url":"https:\/\/quehacerpolitico.mx\/","name":"","description":"","potentialAction":[{"@type":"SearchAction","target":{"@type":"EntryPoint","urlTemplate":"https:\/\/quehacerpolitico.mx\/?s={search_term_string}"},"query-input":{"@type":"PropertyValueSpecification","valueRequired":true,"valueName":"search_term_string"}}],"inLanguage":"es"},{"@type":"Person","@id":"https:\/\/quehacerpolitico.mx\/#\/schema\/person\/496d8ad2d1d3f8036101dca7ee39e585","name":"Redacci\u00f3n QP","image":{"@type":"ImageObject","inLanguage":"es","@id":"https:\/\/secure.gravatar.com\/avatar\/c7164ed6fdec453195284ad24a5ae5b6e1eed2b848477fa2a4787ba9adf39a41?s=96&d=mm&r=g","url":"https:\/\/secure.gravatar.com\/avatar\/c7164ed6fdec453195284ad24a5ae5b6e1eed2b848477fa2a4787ba9adf39a41?s=96&d=mm&r=g","contentUrl":"https:\/\/secure.gravatar.com\/avatar\/c7164ed6fdec453195284ad24a5ae5b6e1eed2b848477fa2a4787ba9adf39a41?s=96&d=mm&r=g","caption":"Redacci\u00f3n QP"},"url":"https:\/\/quehacerpolitico.mx\/?author=2"}]}},"featured_image_urls":{"full":["https:\/\/quehacerpolitico.mx\/wp-content\/uploads\/2024\/08\/03fa6135-c3fe-44b7-8e96-c6ca323ffebb-3.jpeg",963,493,false],"thumbnail":["https:\/\/quehacerpolitico.mx\/wp-content\/uploads\/2024\/08\/03fa6135-c3fe-44b7-8e96-c6ca323ffebb-3-150x150.jpeg",150,150,true],"medium":["https:\/\/quehacerpolitico.mx\/wp-content\/uploads\/2024\/08\/03fa6135-c3fe-44b7-8e96-c6ca323ffebb-3-300x154.jpeg",300,154,true],"medium_large":["https:\/\/quehacerpolitico.mx\/wp-content\/uploads\/2024\/08\/03fa6135-c3fe-44b7-8e96-c6ca323ffebb-3-768x393.jpeg",640,328,true],"large":["https:\/\/quehacerpolitico.mx\/wp-content\/uploads\/2024\/08\/03fa6135-c3fe-44b7-8e96-c6ca323ffebb-3.jpeg",640,328,false],"1536x1536":["https:\/\/quehacerpolitico.mx\/wp-content\/uploads\/2024\/08\/03fa6135-c3fe-44b7-8e96-c6ca323ffebb-3.jpeg",963,493,false],"2048x2048":["https:\/\/quehacerpolitico.mx\/wp-content\/uploads\/2024\/08\/03fa6135-c3fe-44b7-8e96-c6ca323ffebb-3.jpeg",963,493,false],"covernews-featured":["https:\/\/quehacerpolitico.mx\/wp-content\/uploads\/2024\/08\/03fa6135-c3fe-44b7-8e96-c6ca323ffebb-3.jpeg",963,493,false],"covernews-medium":["https:\/\/quehacerpolitico.mx\/wp-content\/uploads\/2024\/08\/03fa6135-c3fe-44b7-8e96-c6ca323ffebb-3.jpeg",540,276,false]},"author_info":{"display_name":"Redacci\u00f3n QP","author_link":"https:\/\/quehacerpolitico.mx\/?author=2"},"category_info":"<a href=\"https:\/\/quehacerpolitico.mx\/?cat=1\" rel=\"category\">Internacionales<\/a>","tag_info":"Internacionales","comment_count":"0","_links":{"self":[{"href":"https:\/\/quehacerpolitico.mx\/index.php?rest_route=\/wp\/v2\/posts\/111743","targetHints":{"allow":["GET"]}}],"collection":[{"href":"https:\/\/quehacerpolitico.mx\/index.php?rest_route=\/wp\/v2\/posts"}],"about":[{"href":"https:\/\/quehacerpolitico.mx\/index.php?rest_route=\/wp\/v2\/types\/post"}],"author":[{"embeddable":true,"href":"https:\/\/quehacerpolitico.mx\/index.php?rest_route=\/wp\/v2\/users\/2"}],"replies":[{"embeddable":true,"href":"https:\/\/quehacerpolitico.mx\/index.php?rest_route=%2Fwp%2Fv2%2Fcomments&post=111743"}],"version-history":[{"count":1,"href":"https:\/\/quehacerpolitico.mx\/index.php?rest_route=\/wp\/v2\/posts\/111743\/revisions"}],"predecessor-version":[{"id":111745,"href":"https:\/\/quehacerpolitico.mx\/index.php?rest_route=\/wp\/v2\/posts\/111743\/revisions\/111745"}],"wp:featuredmedia":[{"embeddable":true,"href":"https:\/\/quehacerpolitico.mx\/index.php?rest_route=\/wp\/v2\/media\/111744"}],"wp:attachment":[{"href":"https:\/\/quehacerpolitico.mx\/index.php?rest_route=%2Fwp%2Fv2%2Fmedia&parent=111743"}],"wp:term":[{"taxonomy":"category","embeddable":true,"href":"https:\/\/quehacerpolitico.mx\/index.php?rest_route=%2Fwp%2Fv2%2Fcategories&post=111743"},{"taxonomy":"post_tag","embeddable":true,"href":"https:\/\/quehacerpolitico.mx\/index.php?rest_route=%2Fwp%2Fv2%2Ftags&post=111743"}],"curies":[{"name":"wp","href":"https:\/\/api.w.org\/{rel}","templated":true}]}}