{"id":111727,"date":"2024-08-05T14:00:01","date_gmt":"2024-08-05T14:00:01","guid":{"rendered":"https:\/\/quehacerpolitico.mx\/?p=111727"},"modified":"2024-08-05T14:00:04","modified_gmt":"2024-08-05T14:00:04","slug":"el-quehacer-politico-a-traves-jose-alberto-prado-angeles-como-diria-el-clasico-se-las-metimos-doblada","status":"publish","type":"post","link":"https:\/\/quehacerpolitico.mx\/?p=111727","title":{"rendered":"El Quehacer Pol\u00edtico a trav\u00e9s\/\/\/Jose Alberto Prado \u00c1ngeles\/\/\/Como dir\u00eda el cl\u00e1sico, se las metimos doblada"},"content":{"rendered":"\n<p>Por Jos\u00e9 Alberto Prado \u00c1ngeles <\/p>\n\n\n\n<p>Director General y Editor<\/p>\n\n\n\n<p>Fue el 23 de abril de 2022 -hace casi 26 meses- cuando Donald Trump en Ohio, en un mitin de apoyo a JD Vance quien buscaba sustituir al senador retirado Rob Portman, criticando al gobierno de Biden por sus pol\u00edticas en la frontera con M\u00e9xico y recordando c\u00f3mo impuso a nuestro pa\u00eds un programa de asistencia migratorio -con la amenaza de imponer aranceles-, dijo, \u201cVino a verme el m\u00e1ximo representante de M\u00e9xico, justo debajo del puesto m\u00e1s alto -Marcelo Ebrard, como secretario de Relaciones Exteriores-, justo debajo del jefe\u2026 NUNCA HE VISTO DOBLARSE A NADIE AS\u00cd. Entr\u00f3 a mi oficina y se ri\u00f3 de m\u00ed cuando le digo \u2018necesitamos 28 mil soldados en la frontera gratis\u2019. \u00c9l me mir\u00f3 y me dijo \u2018\u00bfgratis? Porque har\u00edamos algo as\u00ed en M\u00e9xico\u2019. Le dije, \u2018necesitamos algo llamado Qu\u00e9date en M\u00e9xico\u2019\u201d.<\/p>\n\n\n\n<p>\u00a1Qu\u00e9 coincidencia! Hoy, JD Vance es su candidato a la vicepresidencia -quien comparte sus pol\u00edticas migratorias- y en el seno de la convenci\u00f3n republicana -donde hoy Trump ser\u00e1 nominado oficialmente el candidato- el tema migratorio y la crisis de muertes por sobredosis de fentanilo traficado desde M\u00e9xico se adopta como un arma electoral. En la sesi\u00f3n de la convenci\u00f3n del martes por la noche el asunto de la migraci\u00f3n irregular y el tr\u00e1fico de fentanilo fueron combinados para usarse como argumento pol\u00edtico, responsabilizando a los c\u00e1rteles mexicanos de la muerte de m\u00e1s de 300 mil personas en Estados Unidos. El nuevo candidato a la vicepresidencia -JD Vance-, quien sufri\u00f3 de las adicciones de madre en su juventud, durante su campa\u00f1a al Senado tom\u00f3 como bandera el tema y lleg\u00f3 hasta decir que \u201cla crisis por el consumo de fentanilo es m\u00e1s grave que la guerra en Ucrania\u201d.<br>Y la otra coincidencia, con el tema de los aranceles, ya que la amenaza de hace casi m\u00e1s de dos a\u00f1os, fue refrendada por el mismo expresidente Trump el mes pasado, cuando al hablar ante legisladores republicanos sobre la agenda econ\u00f3mica, habl\u00f3 de aumentar \u201csignificativamente\u201d los impuestos a la importaci\u00f3n de productos extranjeros. Y el martes por la noche ese asunto fue abordado en la convenci\u00f3n republicana por Marjorie Taylor Greene cuando les record\u00f3 a los asistentes que el plan del expresidente -en caso de llegar a la Casa Blanca- podr\u00eda incluirse un arancel general del 10 por ciento a casi todas las importaciones y un 60 por ciento sobre los productos chinos\u201d.<\/p>\n\n\n\n<p>La reiteraci\u00f3n o coincidencia de temas como la migraci\u00f3n, del tr\u00e1fico de fentanilo y la posibilidad de impuestos a las importaciones, todas tienen que ver con M\u00e9xico. En las dos primeras somos corresponsables y en la tercera ser\u00edamos afectados dr\u00e1sticamente. Lo m\u00e1s seguro -como se ve el panorama de la contienda electoral en el pa\u00eds vecino- es que a partir del 20 de enero pr\u00f3ximo -cuando tome posesi\u00f3n el nuevo gobierno (Trump)-, nuestro pa\u00eds tendr\u00e1 que \u201cnavegar\u201d a trav\u00e9s de un camino muy sinuoso, con muchos obst\u00e1culos y muchos riesgos. \u00bfNos volver\u00e1n a doblar?&nbsp;<\/p>\n\n\n\n<p>\u00bfNos las volver\u00e1n a meter doblada?.<\/p>\n\n\n\n<p>As\u00ed el Quehacer Pol\u00edtico Desde 1980, 44 a\u00f1os inquiriendo en la pol\u00edtica de M\u00e9xico, cuestionando, exponiendo, revelando y razonando.Es cuanto.<\/p>\n","protected":false},"excerpt":{"rendered":"<p>Por Jos\u00e9 Alberto Prado \u00c1ngeles Director General y Editor Fue el 23 de abril de&#8230;<\/p>\n","protected":false},"author":2,"featured_media":111728,"comment_status":"open","ping_status":"open","sticky":false,"template":"","format":"standard","meta":{"_monsterinsights_skip_tracking":false,"_monsterinsights_sitenote_active":false,"_monsterinsights_sitenote_note":"","_monsterinsights_sitenote_category":0,"footnotes":""},"categories":[2],"tags":[],"class_list":["post-111727","post","type-post","status-publish","format-standard","has-post-thumbnail","hentry","category-noticias"],"yoast_head":"<!-- This site is optimized with the Yoast SEO plugin v27.3 - https:\/\/yoast.com\/product\/yoast-seo-wordpress\/ -->\n<title>El Quehacer Pol\u00edtico a trav\u00e9s\/\/\/Jose Alberto Prado \u00c1ngeles\/\/\/Como dir\u00eda el cl\u00e1sico, se las metimos doblada -<\/title>\n<meta name=\"robots\" content=\"index, follow, max-snippet:-1, max-image-preview:large, max-video-preview:-1\" \/>\n<link rel=\"canonical\" href=\"https:\/\/quehacerpolitico.mx\/?p=111727\" \/>\n<meta property=\"og:locale\" content=\"es_MX\" \/>\n<meta property=\"og:type\" content=\"article\" \/>\n<meta property=\"og:title\" content=\"El Quehacer Pol\u00edtico a trav\u00e9s\/\/\/Jose Alberto Prado \u00c1ngeles\/\/\/Como dir\u00eda el cl\u00e1sico, se las metimos doblada -\" \/>\n<meta property=\"og:description\" content=\"Por Jos\u00e9 Alberto Prado \u00c1ngeles Director General y Editor Fue el 23 de abril de...\" \/>\n<meta property=\"og:url\" content=\"https:\/\/quehacerpolitico.mx\/?p=111727\" \/>\n<meta property=\"article:published_time\" content=\"2024-08-05T14:00:01+00:00\" \/>\n<meta property=\"article:modified_time\" content=\"2024-08-05T14:00:04+00:00\" \/>\n<meta property=\"og:image\" content=\"https:\/\/quehacerpolitico.mx\/wp-content\/uploads\/2024\/08\/fb07bd44-0f95-41a8-8353-f61c55b6d960.jpeg\" \/>\n\t<meta property=\"og:image:width\" content=\"963\" \/>\n\t<meta property=\"og:image:height\" content=\"493\" \/>\n\t<meta property=\"og:image:type\" content=\"image\/jpeg\" \/>\n<meta name=\"author\" content=\"Redacci\u00f3n QP\" \/>\n<meta name=\"twitter:card\" content=\"summary_large_image\" \/>\n<meta name=\"twitter:label1\" content=\"Escrito por\" \/>\n\t<meta name=\"twitter:data1\" content=\"Redacci\u00f3n QP\" \/>\n\t<meta name=\"twitter:label2\" content=\"Tiempo de lectura\" \/>\n\t<meta name=\"twitter:data2\" content=\"3 minutos\" \/>\n<script type=\"application\/ld+json\" class=\"yoast-schema-graph\">{\"@context\":\"https:\\\/\\\/schema.org\",\"@graph\":[{\"@type\":\"Article\",\"@id\":\"https:\\\/\\\/quehacerpolitico.mx\\\/?p=111727#article\",\"isPartOf\":{\"@id\":\"https:\\\/\\\/quehacerpolitico.mx\\\/?p=111727\"},\"author\":{\"name\":\"Redacci\u00f3n QP\",\"@id\":\"https:\\\/\\\/quehacerpolitico.mx\\\/#\\\/schema\\\/person\\\/496d8ad2d1d3f8036101dca7ee39e585\"},\"headline\":\"El Quehacer Pol\u00edtico a trav\u00e9s\\\/\\\/\\\/Jose Alberto Prado \u00c1ngeles\\\/\\\/\\\/Como dir\u00eda el cl\u00e1sico, se las metimos doblada\",\"datePublished\":\"2024-08-05T14:00:01+00:00\",\"dateModified\":\"2024-08-05T14:00:04+00:00\",\"mainEntityOfPage\":{\"@id\":\"https:\\\/\\\/quehacerpolitico.mx\\\/?p=111727\"},\"wordCount\":588,\"commentCount\":0,\"image\":{\"@id\":\"https:\\\/\\\/quehacerpolitico.mx\\\/?p=111727#primaryimage\"},\"thumbnailUrl\":\"https:\\\/\\\/quehacerpolitico.mx\\\/wp-content\\\/uploads\\\/2024\\\/08\\\/fb07bd44-0f95-41a8-8353-f61c55b6d960.jpeg\",\"articleSection\":[\"Noticias\"],\"inLanguage\":\"es\",\"potentialAction\":[{\"@type\":\"CommentAction\",\"name\":\"Comment\",\"target\":[\"https:\\\/\\\/quehacerpolitico.mx\\\/?p=111727#respond\"]}]},{\"@type\":\"WebPage\",\"@id\":\"https:\\\/\\\/quehacerpolitico.mx\\\/?p=111727\",\"url\":\"https:\\\/\\\/quehacerpolitico.mx\\\/?p=111727\",\"name\":\"El Quehacer Pol\u00edtico a trav\u00e9s\\\/\\\/\\\/Jose Alberto Prado \u00c1ngeles\\\/\\\/\\\/Como dir\u00eda el cl\u00e1sico, se las metimos doblada -\",\"isPartOf\":{\"@id\":\"https:\\\/\\\/quehacerpolitico.mx\\\/#website\"},\"primaryImageOfPage\":{\"@id\":\"https:\\\/\\\/quehacerpolitico.mx\\\/?p=111727#primaryimage\"},\"image\":{\"@id\":\"https:\\\/\\\/quehacerpolitico.mx\\\/?p=111727#primaryimage\"},\"thumbnailUrl\":\"https:\\\/\\\/quehacerpolitico.mx\\\/wp-content\\\/uploads\\\/2024\\\/08\\\/fb07bd44-0f95-41a8-8353-f61c55b6d960.jpeg\",\"datePublished\":\"2024-08-05T14:00:01+00:00\",\"dateModified\":\"2024-08-05T14:00:04+00:00\",\"author\":{\"@id\":\"https:\\\/\\\/quehacerpolitico.mx\\\/#\\\/schema\\\/person\\\/496d8ad2d1d3f8036101dca7ee39e585\"},\"breadcrumb\":{\"@id\":\"https:\\\/\\\/quehacerpolitico.mx\\\/?p=111727#breadcrumb\"},\"inLanguage\":\"es\",\"potentialAction\":[{\"@type\":\"ReadAction\",\"target\":[\"https:\\\/\\\/quehacerpolitico.mx\\\/?p=111727\"]}]},{\"@type\":\"ImageObject\",\"inLanguage\":\"es\",\"@id\":\"https:\\\/\\\/quehacerpolitico.mx\\\/?p=111727#primaryimage\",\"url\":\"https:\\\/\\\/quehacerpolitico.mx\\\/wp-content\\\/uploads\\\/2024\\\/08\\\/fb07bd44-0f95-41a8-8353-f61c55b6d960.jpeg\",\"contentUrl\":\"https:\\\/\\\/quehacerpolitico.mx\\\/wp-content\\\/uploads\\\/2024\\\/08\\\/fb07bd44-0f95-41a8-8353-f61c55b6d960.jpeg\",\"width\":963,\"height\":493},{\"@type\":\"BreadcrumbList\",\"@id\":\"https:\\\/\\\/quehacerpolitico.mx\\\/?p=111727#breadcrumb\",\"itemListElement\":[{\"@type\":\"ListItem\",\"position\":1,\"name\":\"Inicio\",\"item\":\"https:\\\/\\\/quehacerpolitico.mx\\\/\"},{\"@type\":\"ListItem\",\"position\":2,\"name\":\"El Quehacer Pol\u00edtico a trav\u00e9s\\\/\\\/\\\/Jose Alberto Prado \u00c1ngeles\\\/\\\/\\\/Como dir\u00eda el cl\u00e1sico, se las metimos doblada\"}]},{\"@type\":\"WebSite\",\"@id\":\"https:\\\/\\\/quehacerpolitico.mx\\\/#website\",\"url\":\"https:\\\/\\\/quehacerpolitico.mx\\\/\",\"name\":\"\",\"description\":\"\",\"potentialAction\":[{\"@type\":\"SearchAction\",\"target\":{\"@type\":\"EntryPoint\",\"urlTemplate\":\"https:\\\/\\\/quehacerpolitico.mx\\\/?s={search_term_string}\"},\"query-input\":{\"@type\":\"PropertyValueSpecification\",\"valueRequired\":true,\"valueName\":\"search_term_string\"}}],\"inLanguage\":\"es\"},{\"@type\":\"Person\",\"@id\":\"https:\\\/\\\/quehacerpolitico.mx\\\/#\\\/schema\\\/person\\\/496d8ad2d1d3f8036101dca7ee39e585\",\"name\":\"Redacci\u00f3n QP\",\"image\":{\"@type\":\"ImageObject\",\"inLanguage\":\"es\",\"@id\":\"https:\\\/\\\/secure.gravatar.com\\\/avatar\\\/c7164ed6fdec453195284ad24a5ae5b6e1eed2b848477fa2a4787ba9adf39a41?s=96&d=mm&r=g\",\"url\":\"https:\\\/\\\/secure.gravatar.com\\\/avatar\\\/c7164ed6fdec453195284ad24a5ae5b6e1eed2b848477fa2a4787ba9adf39a41?s=96&d=mm&r=g\",\"contentUrl\":\"https:\\\/\\\/secure.gravatar.com\\\/avatar\\\/c7164ed6fdec453195284ad24a5ae5b6e1eed2b848477fa2a4787ba9adf39a41?s=96&d=mm&r=g\",\"caption\":\"Redacci\u00f3n QP\"},\"url\":\"https:\\\/\\\/quehacerpolitico.mx\\\/?author=2\"}]}<\/script>\n<!-- \/ Yoast SEO plugin. -->","yoast_head_json":{"title":"El Quehacer Pol\u00edtico a trav\u00e9s\/\/\/Jose Alberto Prado \u00c1ngeles\/\/\/Como dir\u00eda el cl\u00e1sico, se las metimos doblada -","robots":{"index":"index","follow":"follow","max-snippet":"max-snippet:-1","max-image-preview":"max-image-preview:large","max-video-preview":"max-video-preview:-1"},"canonical":"https:\/\/quehacerpolitico.mx\/?p=111727","og_locale":"es_MX","og_type":"article","og_title":"El Quehacer Pol\u00edtico a trav\u00e9s\/\/\/Jose Alberto Prado \u00c1ngeles\/\/\/Como dir\u00eda el cl\u00e1sico, se las metimos doblada -","og_description":"Por Jos\u00e9 Alberto Prado \u00c1ngeles Director General y Editor Fue el 23 de abril de...","og_url":"https:\/\/quehacerpolitico.mx\/?p=111727","article_published_time":"2024-08-05T14:00:01+00:00","article_modified_time":"2024-08-05T14:00:04+00:00","og_image":[{"width":963,"height":493,"url":"https:\/\/quehacerpolitico.mx\/wp-content\/uploads\/2024\/08\/fb07bd44-0f95-41a8-8353-f61c55b6d960.jpeg","type":"image\/jpeg"}],"author":"Redacci\u00f3n QP","twitter_card":"summary_large_image","twitter_misc":{"Escrito por":"Redacci\u00f3n QP","Tiempo de lectura":"3 minutos"},"schema":{"@context":"https:\/\/schema.org","@graph":[{"@type":"Article","@id":"https:\/\/quehacerpolitico.mx\/?p=111727#article","isPartOf":{"@id":"https:\/\/quehacerpolitico.mx\/?p=111727"},"author":{"name":"Redacci\u00f3n QP","@id":"https:\/\/quehacerpolitico.mx\/#\/schema\/person\/496d8ad2d1d3f8036101dca7ee39e585"},"headline":"El Quehacer Pol\u00edtico a trav\u00e9s\/\/\/Jose Alberto Prado \u00c1ngeles\/\/\/Como dir\u00eda el cl\u00e1sico, se las metimos doblada","datePublished":"2024-08-05T14:00:01+00:00","dateModified":"2024-08-05T14:00:04+00:00","mainEntityOfPage":{"@id":"https:\/\/quehacerpolitico.mx\/?p=111727"},"wordCount":588,"commentCount":0,"image":{"@id":"https:\/\/quehacerpolitico.mx\/?p=111727#primaryimage"},"thumbnailUrl":"https:\/\/quehacerpolitico.mx\/wp-content\/uploads\/2024\/08\/fb07bd44-0f95-41a8-8353-f61c55b6d960.jpeg","articleSection":["Noticias"],"inLanguage":"es","potentialAction":[{"@type":"CommentAction","name":"Comment","target":["https:\/\/quehacerpolitico.mx\/?p=111727#respond"]}]},{"@type":"WebPage","@id":"https:\/\/quehacerpolitico.mx\/?p=111727","url":"https:\/\/quehacerpolitico.mx\/?p=111727","name":"El Quehacer Pol\u00edtico a trav\u00e9s\/\/\/Jose Alberto Prado \u00c1ngeles\/\/\/Como dir\u00eda el cl\u00e1sico, se las metimos doblada -","isPartOf":{"@id":"https:\/\/quehacerpolitico.mx\/#website"},"primaryImageOfPage":{"@id":"https:\/\/quehacerpolitico.mx\/?p=111727#primaryimage"},"image":{"@id":"https:\/\/quehacerpolitico.mx\/?p=111727#primaryimage"},"thumbnailUrl":"https:\/\/quehacerpolitico.mx\/wp-content\/uploads\/2024\/08\/fb07bd44-0f95-41a8-8353-f61c55b6d960.jpeg","datePublished":"2024-08-05T14:00:01+00:00","dateModified":"2024-08-05T14:00:04+00:00","author":{"@id":"https:\/\/quehacerpolitico.mx\/#\/schema\/person\/496d8ad2d1d3f8036101dca7ee39e585"},"breadcrumb":{"@id":"https:\/\/quehacerpolitico.mx\/?p=111727#breadcrumb"},"inLanguage":"es","potentialAction":[{"@type":"ReadAction","target":["https:\/\/quehacerpolitico.mx\/?p=111727"]}]},{"@type":"ImageObject","inLanguage":"es","@id":"https:\/\/quehacerpolitico.mx\/?p=111727#primaryimage","url":"https:\/\/quehacerpolitico.mx\/wp-content\/uploads\/2024\/08\/fb07bd44-0f95-41a8-8353-f61c55b6d960.jpeg","contentUrl":"https:\/\/quehacerpolitico.mx\/wp-content\/uploads\/2024\/08\/fb07bd44-0f95-41a8-8353-f61c55b6d960.jpeg","width":963,"height":493},{"@type":"BreadcrumbList","@id":"https:\/\/quehacerpolitico.mx\/?p=111727#breadcrumb","itemListElement":[{"@type":"ListItem","position":1,"name":"Inicio","item":"https:\/\/quehacerpolitico.mx\/"},{"@type":"ListItem","position":2,"name":"El Quehacer Pol\u00edtico a trav\u00e9s\/\/\/Jose Alberto Prado \u00c1ngeles\/\/\/Como dir\u00eda el cl\u00e1sico, se las metimos doblada"}]},{"@type":"WebSite","@id":"https:\/\/quehacerpolitico.mx\/#website","url":"https:\/\/quehacerpolitico.mx\/","name":"","description":"","potentialAction":[{"@type":"SearchAction","target":{"@type":"EntryPoint","urlTemplate":"https:\/\/quehacerpolitico.mx\/?s={search_term_string}"},"query-input":{"@type":"PropertyValueSpecification","valueRequired":true,"valueName":"search_term_string"}}],"inLanguage":"es"},{"@type":"Person","@id":"https:\/\/quehacerpolitico.mx\/#\/schema\/person\/496d8ad2d1d3f8036101dca7ee39e585","name":"Redacci\u00f3n QP","image":{"@type":"ImageObject","inLanguage":"es","@id":"https:\/\/secure.gravatar.com\/avatar\/c7164ed6fdec453195284ad24a5ae5b6e1eed2b848477fa2a4787ba9adf39a41?s=96&d=mm&r=g","url":"https:\/\/secure.gravatar.com\/avatar\/c7164ed6fdec453195284ad24a5ae5b6e1eed2b848477fa2a4787ba9adf39a41?s=96&d=mm&r=g","contentUrl":"https:\/\/secure.gravatar.com\/avatar\/c7164ed6fdec453195284ad24a5ae5b6e1eed2b848477fa2a4787ba9adf39a41?s=96&d=mm&r=g","caption":"Redacci\u00f3n QP"},"url":"https:\/\/quehacerpolitico.mx\/?author=2"}]}},"featured_image_urls":{"full":["https:\/\/quehacerpolitico.mx\/wp-content\/uploads\/2024\/08\/fb07bd44-0f95-41a8-8353-f61c55b6d960.jpeg",963,493,false],"thumbnail":["https:\/\/quehacerpolitico.mx\/wp-content\/uploads\/2024\/08\/fb07bd44-0f95-41a8-8353-f61c55b6d960-150x150.jpeg",150,150,true],"medium":["https:\/\/quehacerpolitico.mx\/wp-content\/uploads\/2024\/08\/fb07bd44-0f95-41a8-8353-f61c55b6d960-300x154.jpeg",300,154,true],"medium_large":["https:\/\/quehacerpolitico.mx\/wp-content\/uploads\/2024\/08\/fb07bd44-0f95-41a8-8353-f61c55b6d960-768x393.jpeg",640,328,true],"large":["https:\/\/quehacerpolitico.mx\/wp-content\/uploads\/2024\/08\/fb07bd44-0f95-41a8-8353-f61c55b6d960.jpeg",640,328,false],"1536x1536":["https:\/\/quehacerpolitico.mx\/wp-content\/uploads\/2024\/08\/fb07bd44-0f95-41a8-8353-f61c55b6d960.jpeg",963,493,false],"2048x2048":["https:\/\/quehacerpolitico.mx\/wp-content\/uploads\/2024\/08\/fb07bd44-0f95-41a8-8353-f61c55b6d960.jpeg",963,493,false],"covernews-featured":["https:\/\/quehacerpolitico.mx\/wp-content\/uploads\/2024\/08\/fb07bd44-0f95-41a8-8353-f61c55b6d960.jpeg",963,493,false],"covernews-medium":["https:\/\/quehacerpolitico.mx\/wp-content\/uploads\/2024\/08\/fb07bd44-0f95-41a8-8353-f61c55b6d960.jpeg",540,276,false]},"author_info":{"display_name":"Redacci\u00f3n QP","author_link":"https:\/\/quehacerpolitico.mx\/?author=2"},"category_info":"<a href=\"https:\/\/quehacerpolitico.mx\/?cat=2\" rel=\"category\">Noticias<\/a>","tag_info":"Noticias","comment_count":"0","_links":{"self":[{"href":"https:\/\/quehacerpolitico.mx\/index.php?rest_route=\/wp\/v2\/posts\/111727","targetHints":{"allow":["GET"]}}],"collection":[{"href":"https:\/\/quehacerpolitico.mx\/index.php?rest_route=\/wp\/v2\/posts"}],"about":[{"href":"https:\/\/quehacerpolitico.mx\/index.php?rest_route=\/wp\/v2\/types\/post"}],"author":[{"embeddable":true,"href":"https:\/\/quehacerpolitico.mx\/index.php?rest_route=\/wp\/v2\/users\/2"}],"replies":[{"embeddable":true,"href":"https:\/\/quehacerpolitico.mx\/index.php?rest_route=%2Fwp%2Fv2%2Fcomments&post=111727"}],"version-history":[{"count":1,"href":"https:\/\/quehacerpolitico.mx\/index.php?rest_route=\/wp\/v2\/posts\/111727\/revisions"}],"predecessor-version":[{"id":111729,"href":"https:\/\/quehacerpolitico.mx\/index.php?rest_route=\/wp\/v2\/posts\/111727\/revisions\/111729"}],"wp:featuredmedia":[{"embeddable":true,"href":"https:\/\/quehacerpolitico.mx\/index.php?rest_route=\/wp\/v2\/media\/111728"}],"wp:attachment":[{"href":"https:\/\/quehacerpolitico.mx\/index.php?rest_route=%2Fwp%2Fv2%2Fmedia&parent=111727"}],"wp:term":[{"taxonomy":"category","embeddable":true,"href":"https:\/\/quehacerpolitico.mx\/index.php?rest_route=%2Fwp%2Fv2%2Fcategories&post=111727"},{"taxonomy":"post_tag","embeddable":true,"href":"https:\/\/quehacerpolitico.mx\/index.php?rest_route=%2Fwp%2Fv2%2Ftags&post=111727"}],"curies":[{"name":"wp","href":"https:\/\/api.w.org\/{rel}","templated":true}]}}