{"id":111722,"date":"2024-08-03T01:25:48","date_gmt":"2024-08-03T01:25:48","guid":{"rendered":"https:\/\/quehacerpolitico.mx\/?p=111722"},"modified":"2024-08-03T01:25:50","modified_gmt":"2024-08-03T01:25:50","slug":"el-quehacer-politico-internacional-carolina-alonso-romei-simone-biles-medallista-de-oro-responde-a-un-comentario-racista-de-donald-trump","status":"publish","type":"post","link":"https:\/\/quehacerpolitico.mx\/?p=111722","title":{"rendered":"El Quehacer Pol\u00edtico Internacional\/\/\/Carolina Alonso Romei\/\/\/Simone Biles medallista de Oro responde a un comentario racista de Donald Trump"},"content":{"rendered":"\n<p>Por Carolina Alonso Romei<\/p>\n\n\n\n<p>Internacionalista <\/p>\n\n\n\n<p>La medallista le contest\u00f3 al expresidente, quien asegura que los inmigrantes est\u00e1n robando los \u201ctrabajos de negros\u201d a los estadounidenses.<\/p>\n\n\n\n<p>La medallista de oro en el all-around de gimnasia,&nbsp;<strong>la estadounidense Simone Biles,<\/strong>utiliz\u00f3 sus redes sociales para responderle al&nbsp;<strong>expresidente de su pa\u00eds, Donald Trump,<\/strong>luego de un comentario que hiciera el pol\u00edtico en torno a los&nbsp;<strong>\u201ctrabajos de negros\u201d.<\/strong><\/p>\n\n\n\n<figure class=\"wp-block-image size-full\"><img loading=\"lazy\" decoding=\"async\" width=\"739\" height=\"415\" src=\"https:\/\/quehacerpolitico.mx\/wp-content\/uploads\/2024\/08\/image-9.jpeg\" alt=\"\" class=\"wp-image-111725\" srcset=\"https:\/\/quehacerpolitico.mx\/wp-content\/uploads\/2024\/08\/image-9.jpeg 739w, https:\/\/quehacerpolitico.mx\/wp-content\/uploads\/2024\/08\/image-9-300x168.jpeg 300w, https:\/\/quehacerpolitico.mx\/wp-content\/uploads\/2024\/08\/image-9-260x146.jpeg 260w, https:\/\/quehacerpolitico.mx\/wp-content\/uploads\/2024\/08\/image-9-50x28.jpeg 50w, https:\/\/quehacerpolitico.mx\/wp-content\/uploads\/2024\/08\/image-9-134x75.jpeg 134w\" sizes=\"auto, (max-width: 739px) 100vw, 739px\" \/><\/figure>\n\n\n\n<p>La deportista respondi\u00f3 a una publicaci\u00f3n del&nbsp;<strong>cantante Ricky D\u00e1vila<\/strong>&nbsp;en X, quien&nbsp;<strong>defini\u00f3 a Biles como GOAT<\/strong>&nbsp;(la m\u00e1s grande de todos los tiempos) y a su actividad como gimnasta como&nbsp;<strong>\u201csu trabajo de negro\u201d,&nbsp;<\/strong>en clara alusi\u00f3n al comentario de&nbsp;<strong>Trump,<\/strong>&nbsp;por lo que&nbsp;<strong>Simone respondi\u00f3: \u201cAmo mi trabajo de negro\u201d.<\/strong><\/p>\n\n\n\n<figure class=\"wp-block-embed is-type-rich is-provider-twitter wp-block-embed-twitter\"><div class=\"wp-block-embed__wrapper\">\n<blockquote class=\"twitter-tweet\" data-width=\"550\" data-dnt=\"true\"><p lang=\"en\" dir=\"ltr\">I love my black job \ud83d\udda4 <a href=\"https:\/\/t.co\/c5wPc6xOY3\">https:\/\/t.co\/c5wPc6xOY3<\/a><\/p>&mdash; Simone Biles (@Simone_Biles) <a href=\"https:\/\/twitter.com\/Simone_Biles\/status\/1819284274224173147?ref_src=twsrc%5Etfw\">August 2, 2024<\/a><\/blockquote><script async src=\"https:\/\/platform.twitter.com\/widgets.js\" charset=\"utf-8\"><\/script>\n<\/div><\/figure>\n\n\n\n<p>Dicho comentario ocurri\u00f3 horas despu\u00e9s de que&nbsp;<strong>Biles<\/strong>&nbsp;ganara la presea dorada en el&nbsp;<strong>all-around en Par\u00eds 2024,&nbsp;<\/strong>en donde consigui\u00f3 la novena medalla de su carrera en los&nbsp;<strong>Juegos Ol\u00edmpicos.<\/strong>&nbsp;La contestaci\u00f3n a&nbsp;<strong>Trump<\/strong>&nbsp;le ha generado a la gimnasta algunas cr\u00edticas de parte del&nbsp;<strong>Partido Republicano,&nbsp;<\/strong>pero la congratulaci\u00f3n total de la&nbsp;<strong>comunidad afroamericana<\/strong>.<\/p>\n\n\n\n<p><strong>EL ORIGEN DE LA POL\u00c9MICA DE TRUMP<\/strong><\/p>\n\n\n\n<p>Durante el debate de junio ante&nbsp;<strong>Joe Biden, Trump<\/strong>&nbsp;asever\u00f3 que los&nbsp;<strong>inmigrantes est\u00e1n robando los \u201ctrabajos de los negros\u201d<\/strong>&nbsp;a los estadounidenses, un comentario que le trajo muchas cr\u00edticas en contra ante lo que se calific\u00f3 como un intento de ampliar su atractivo m\u00e1s all\u00e1 de la&nbsp;<strong>base de votantes blancos<\/strong>&nbsp;que lo siguen.<\/p>\n\n\n\n<figure class=\"wp-block-embed is-type-rich is-provider-twitter wp-block-embed-twitter\"><div class=\"wp-block-embed__wrapper\">\n<blockquote class=\"twitter-tweet\" data-width=\"550\" data-dnt=\"true\"><p lang=\"en\" dir=\"ltr\">Trump: \u201cComing from the border are millions of people who are taking Black jobs.\u201d<br><br>Moderator: \u201cWhat is a Black job?\u201d<br><br>Trump: \u201cA Black job is anybody who has a job.\u201d <a href=\"https:\/\/t.co\/vMsgafbN3a\">pic.twitter.com\/vMsgafbN3a<\/a><\/p>&mdash; Sierra Fox (@thesierrafox) <a href=\"https:\/\/twitter.com\/thesierrafox\/status\/1818723025497546951?ref_src=twsrc%5Etfw\">July 31, 2024<\/a><\/blockquote><script async src=\"https:\/\/platform.twitter.com\/widgets.js\" charset=\"utf-8\"><\/script>\n<\/div><\/figure>\n\n\n\n<p>Pero apenas en esta semana, en un panel durante la conferencia de la\u00a0<strong>Asociaci\u00f3n Nacional de Periodistas Negros, Trump<\/strong>explic\u00f3 que un trabajo negro es\u00a0<strong>\u201ces cualquiera que tenga un empleo\u201d,<\/strong>\u00a0lo que provoc\u00f3 malestar entre los presentes. De ah\u00ed que\u00a0<strong>Simone Biles<\/strong>\u00a0le haya respondido:\u00a0<strong>\u201cAmo mi trabajo negro\u201d.<\/strong><\/p>\n","protected":false},"excerpt":{"rendered":"<p>Por Carolina Alonso Romei Internacionalista La medallista le contest\u00f3 al expresidente, quien asegura que los&#8230;<\/p>\n","protected":false},"author":2,"featured_media":111724,"comment_status":"open","ping_status":"open","sticky":false,"template":"","format":"standard","meta":{"_monsterinsights_skip_tracking":false,"_monsterinsights_sitenote_active":false,"_monsterinsights_sitenote_note":"","_monsterinsights_sitenote_category":0,"footnotes":""},"categories":[1],"tags":[],"class_list":["post-111722","post","type-post","status-publish","format-standard","has-post-thumbnail","hentry","category-sin-categoria"],"yoast_head":"<!-- This site is optimized with the Yoast SEO plugin v27.3 - https:\/\/yoast.com\/product\/yoast-seo-wordpress\/ -->\n<title>El Quehacer Pol\u00edtico Internacional\/\/\/Carolina Alonso Romei\/\/\/Simone Biles medallista de Oro responde a un comentario racista de Donald Trump -<\/title>\n<meta name=\"robots\" content=\"index, follow, max-snippet:-1, max-image-preview:large, max-video-preview:-1\" \/>\n<link rel=\"canonical\" href=\"https:\/\/quehacerpolitico.mx\/?p=111722\" \/>\n<meta property=\"og:locale\" content=\"es_MX\" \/>\n<meta property=\"og:type\" content=\"article\" \/>\n<meta property=\"og:title\" content=\"El Quehacer Pol\u00edtico Internacional\/\/\/Carolina Alonso Romei\/\/\/Simone Biles medallista de Oro responde a un comentario racista de Donald Trump -\" \/>\n<meta property=\"og:description\" content=\"Por Carolina Alonso Romei Internacionalista La medallista le contest\u00f3 al expresidente, quien asegura que los...\" \/>\n<meta property=\"og:url\" content=\"https:\/\/quehacerpolitico.mx\/?p=111722\" \/>\n<meta property=\"article:published_time\" content=\"2024-08-03T01:25:48+00:00\" \/>\n<meta property=\"article:modified_time\" content=\"2024-08-03T01:25:50+00:00\" \/>\n<meta property=\"og:image\" content=\"https:\/\/quehacerpolitico.mx\/wp-content\/uploads\/2024\/08\/03fa6135-c3fe-44b7-8e96-c6ca323ffebb-2.jpeg\" \/>\n\t<meta property=\"og:image:width\" content=\"963\" \/>\n\t<meta property=\"og:image:height\" content=\"493\" \/>\n\t<meta property=\"og:image:type\" content=\"image\/jpeg\" \/>\n<meta name=\"author\" content=\"Redacci\u00f3n QP\" \/>\n<meta name=\"twitter:card\" content=\"summary_large_image\" \/>\n<meta name=\"twitter:label1\" content=\"Escrito por\" \/>\n\t<meta name=\"twitter:data1\" content=\"Redacci\u00f3n QP\" \/>\n\t<meta name=\"twitter:label2\" content=\"Tiempo de lectura\" \/>\n\t<meta name=\"twitter:data2\" content=\"2 minutos\" \/>\n<script type=\"application\/ld+json\" class=\"yoast-schema-graph\">{\"@context\":\"https:\\\/\\\/schema.org\",\"@graph\":[{\"@type\":\"Article\",\"@id\":\"https:\\\/\\\/quehacerpolitico.mx\\\/?p=111722#article\",\"isPartOf\":{\"@id\":\"https:\\\/\\\/quehacerpolitico.mx\\\/?p=111722\"},\"author\":{\"name\":\"Redacci\u00f3n QP\",\"@id\":\"https:\\\/\\\/quehacerpolitico.mx\\\/#\\\/schema\\\/person\\\/496d8ad2d1d3f8036101dca7ee39e585\"},\"headline\":\"El Quehacer Pol\u00edtico Internacional\\\/\\\/\\\/Carolina Alonso Romei\\\/\\\/\\\/Simone Biles medallista de Oro responde a un comentario racista de Donald Trump\",\"datePublished\":\"2024-08-03T01:25:48+00:00\",\"dateModified\":\"2024-08-03T01:25:50+00:00\",\"mainEntityOfPage\":{\"@id\":\"https:\\\/\\\/quehacerpolitico.mx\\\/?p=111722\"},\"wordCount\":376,\"commentCount\":0,\"image\":{\"@id\":\"https:\\\/\\\/quehacerpolitico.mx\\\/?p=111722#primaryimage\"},\"thumbnailUrl\":\"https:\\\/\\\/quehacerpolitico.mx\\\/wp-content\\\/uploads\\\/2024\\\/08\\\/03fa6135-c3fe-44b7-8e96-c6ca323ffebb-2.jpeg\",\"articleSection\":[\"Internacionales\"],\"inLanguage\":\"es\",\"potentialAction\":[{\"@type\":\"CommentAction\",\"name\":\"Comment\",\"target\":[\"https:\\\/\\\/quehacerpolitico.mx\\\/?p=111722#respond\"]}]},{\"@type\":\"WebPage\",\"@id\":\"https:\\\/\\\/quehacerpolitico.mx\\\/?p=111722\",\"url\":\"https:\\\/\\\/quehacerpolitico.mx\\\/?p=111722\",\"name\":\"El Quehacer Pol\u00edtico Internacional\\\/\\\/\\\/Carolina Alonso Romei\\\/\\\/\\\/Simone Biles medallista de Oro responde a un comentario racista de Donald Trump -\",\"isPartOf\":{\"@id\":\"https:\\\/\\\/quehacerpolitico.mx\\\/#website\"},\"primaryImageOfPage\":{\"@id\":\"https:\\\/\\\/quehacerpolitico.mx\\\/?p=111722#primaryimage\"},\"image\":{\"@id\":\"https:\\\/\\\/quehacerpolitico.mx\\\/?p=111722#primaryimage\"},\"thumbnailUrl\":\"https:\\\/\\\/quehacerpolitico.mx\\\/wp-content\\\/uploads\\\/2024\\\/08\\\/03fa6135-c3fe-44b7-8e96-c6ca323ffebb-2.jpeg\",\"datePublished\":\"2024-08-03T01:25:48+00:00\",\"dateModified\":\"2024-08-03T01:25:50+00:00\",\"author\":{\"@id\":\"https:\\\/\\\/quehacerpolitico.mx\\\/#\\\/schema\\\/person\\\/496d8ad2d1d3f8036101dca7ee39e585\"},\"breadcrumb\":{\"@id\":\"https:\\\/\\\/quehacerpolitico.mx\\\/?p=111722#breadcrumb\"},\"inLanguage\":\"es\",\"potentialAction\":[{\"@type\":\"ReadAction\",\"target\":[\"https:\\\/\\\/quehacerpolitico.mx\\\/?p=111722\"]}]},{\"@type\":\"ImageObject\",\"inLanguage\":\"es\",\"@id\":\"https:\\\/\\\/quehacerpolitico.mx\\\/?p=111722#primaryimage\",\"url\":\"https:\\\/\\\/quehacerpolitico.mx\\\/wp-content\\\/uploads\\\/2024\\\/08\\\/03fa6135-c3fe-44b7-8e96-c6ca323ffebb-2.jpeg\",\"contentUrl\":\"https:\\\/\\\/quehacerpolitico.mx\\\/wp-content\\\/uploads\\\/2024\\\/08\\\/03fa6135-c3fe-44b7-8e96-c6ca323ffebb-2.jpeg\",\"width\":963,\"height\":493},{\"@type\":\"BreadcrumbList\",\"@id\":\"https:\\\/\\\/quehacerpolitico.mx\\\/?p=111722#breadcrumb\",\"itemListElement\":[{\"@type\":\"ListItem\",\"position\":1,\"name\":\"Inicio\",\"item\":\"https:\\\/\\\/quehacerpolitico.mx\\\/\"},{\"@type\":\"ListItem\",\"position\":2,\"name\":\"El Quehacer Pol\u00edtico Internacional\\\/\\\/\\\/Carolina Alonso Romei\\\/\\\/\\\/Simone Biles medallista de Oro responde a un comentario racista de Donald Trump\"}]},{\"@type\":\"WebSite\",\"@id\":\"https:\\\/\\\/quehacerpolitico.mx\\\/#website\",\"url\":\"https:\\\/\\\/quehacerpolitico.mx\\\/\",\"name\":\"\",\"description\":\"\",\"potentialAction\":[{\"@type\":\"SearchAction\",\"target\":{\"@type\":\"EntryPoint\",\"urlTemplate\":\"https:\\\/\\\/quehacerpolitico.mx\\\/?s={search_term_string}\"},\"query-input\":{\"@type\":\"PropertyValueSpecification\",\"valueRequired\":true,\"valueName\":\"search_term_string\"}}],\"inLanguage\":\"es\"},{\"@type\":\"Person\",\"@id\":\"https:\\\/\\\/quehacerpolitico.mx\\\/#\\\/schema\\\/person\\\/496d8ad2d1d3f8036101dca7ee39e585\",\"name\":\"Redacci\u00f3n QP\",\"image\":{\"@type\":\"ImageObject\",\"inLanguage\":\"es\",\"@id\":\"https:\\\/\\\/secure.gravatar.com\\\/avatar\\\/c7164ed6fdec453195284ad24a5ae5b6e1eed2b848477fa2a4787ba9adf39a41?s=96&d=mm&r=g\",\"url\":\"https:\\\/\\\/secure.gravatar.com\\\/avatar\\\/c7164ed6fdec453195284ad24a5ae5b6e1eed2b848477fa2a4787ba9adf39a41?s=96&d=mm&r=g\",\"contentUrl\":\"https:\\\/\\\/secure.gravatar.com\\\/avatar\\\/c7164ed6fdec453195284ad24a5ae5b6e1eed2b848477fa2a4787ba9adf39a41?s=96&d=mm&r=g\",\"caption\":\"Redacci\u00f3n QP\"},\"url\":\"https:\\\/\\\/quehacerpolitico.mx\\\/?author=2\"}]}<\/script>\n<!-- \/ Yoast SEO plugin. -->","yoast_head_json":{"title":"El Quehacer Pol\u00edtico Internacional\/\/\/Carolina Alonso Romei\/\/\/Simone Biles medallista de Oro responde a un comentario racista de Donald Trump -","robots":{"index":"index","follow":"follow","max-snippet":"max-snippet:-1","max-image-preview":"max-image-preview:large","max-video-preview":"max-video-preview:-1"},"canonical":"https:\/\/quehacerpolitico.mx\/?p=111722","og_locale":"es_MX","og_type":"article","og_title":"El Quehacer Pol\u00edtico Internacional\/\/\/Carolina Alonso Romei\/\/\/Simone Biles medallista de Oro responde a un comentario racista de Donald Trump -","og_description":"Por Carolina Alonso Romei Internacionalista La medallista le contest\u00f3 al expresidente, quien asegura que los...","og_url":"https:\/\/quehacerpolitico.mx\/?p=111722","article_published_time":"2024-08-03T01:25:48+00:00","article_modified_time":"2024-08-03T01:25:50+00:00","og_image":[{"width":963,"height":493,"url":"https:\/\/quehacerpolitico.mx\/wp-content\/uploads\/2024\/08\/03fa6135-c3fe-44b7-8e96-c6ca323ffebb-2.jpeg","type":"image\/jpeg"}],"author":"Redacci\u00f3n QP","twitter_card":"summary_large_image","twitter_misc":{"Escrito por":"Redacci\u00f3n QP","Tiempo de lectura":"2 minutos"},"schema":{"@context":"https:\/\/schema.org","@graph":[{"@type":"Article","@id":"https:\/\/quehacerpolitico.mx\/?p=111722#article","isPartOf":{"@id":"https:\/\/quehacerpolitico.mx\/?p=111722"},"author":{"name":"Redacci\u00f3n QP","@id":"https:\/\/quehacerpolitico.mx\/#\/schema\/person\/496d8ad2d1d3f8036101dca7ee39e585"},"headline":"El Quehacer Pol\u00edtico Internacional\/\/\/Carolina Alonso Romei\/\/\/Simone Biles medallista de Oro responde a un comentario racista de Donald Trump","datePublished":"2024-08-03T01:25:48+00:00","dateModified":"2024-08-03T01:25:50+00:00","mainEntityOfPage":{"@id":"https:\/\/quehacerpolitico.mx\/?p=111722"},"wordCount":376,"commentCount":0,"image":{"@id":"https:\/\/quehacerpolitico.mx\/?p=111722#primaryimage"},"thumbnailUrl":"https:\/\/quehacerpolitico.mx\/wp-content\/uploads\/2024\/08\/03fa6135-c3fe-44b7-8e96-c6ca323ffebb-2.jpeg","articleSection":["Internacionales"],"inLanguage":"es","potentialAction":[{"@type":"CommentAction","name":"Comment","target":["https:\/\/quehacerpolitico.mx\/?p=111722#respond"]}]},{"@type":"WebPage","@id":"https:\/\/quehacerpolitico.mx\/?p=111722","url":"https:\/\/quehacerpolitico.mx\/?p=111722","name":"El Quehacer Pol\u00edtico Internacional\/\/\/Carolina Alonso Romei\/\/\/Simone Biles medallista de Oro responde a un comentario racista de Donald Trump -","isPartOf":{"@id":"https:\/\/quehacerpolitico.mx\/#website"},"primaryImageOfPage":{"@id":"https:\/\/quehacerpolitico.mx\/?p=111722#primaryimage"},"image":{"@id":"https:\/\/quehacerpolitico.mx\/?p=111722#primaryimage"},"thumbnailUrl":"https:\/\/quehacerpolitico.mx\/wp-content\/uploads\/2024\/08\/03fa6135-c3fe-44b7-8e96-c6ca323ffebb-2.jpeg","datePublished":"2024-08-03T01:25:48+00:00","dateModified":"2024-08-03T01:25:50+00:00","author":{"@id":"https:\/\/quehacerpolitico.mx\/#\/schema\/person\/496d8ad2d1d3f8036101dca7ee39e585"},"breadcrumb":{"@id":"https:\/\/quehacerpolitico.mx\/?p=111722#breadcrumb"},"inLanguage":"es","potentialAction":[{"@type":"ReadAction","target":["https:\/\/quehacerpolitico.mx\/?p=111722"]}]},{"@type":"ImageObject","inLanguage":"es","@id":"https:\/\/quehacerpolitico.mx\/?p=111722#primaryimage","url":"https:\/\/quehacerpolitico.mx\/wp-content\/uploads\/2024\/08\/03fa6135-c3fe-44b7-8e96-c6ca323ffebb-2.jpeg","contentUrl":"https:\/\/quehacerpolitico.mx\/wp-content\/uploads\/2024\/08\/03fa6135-c3fe-44b7-8e96-c6ca323ffebb-2.jpeg","width":963,"height":493},{"@type":"BreadcrumbList","@id":"https:\/\/quehacerpolitico.mx\/?p=111722#breadcrumb","itemListElement":[{"@type":"ListItem","position":1,"name":"Inicio","item":"https:\/\/quehacerpolitico.mx\/"},{"@type":"ListItem","position":2,"name":"El Quehacer Pol\u00edtico Internacional\/\/\/Carolina Alonso Romei\/\/\/Simone Biles medallista de Oro responde a un comentario racista de Donald Trump"}]},{"@type":"WebSite","@id":"https:\/\/quehacerpolitico.mx\/#website","url":"https:\/\/quehacerpolitico.mx\/","name":"","description":"","potentialAction":[{"@type":"SearchAction","target":{"@type":"EntryPoint","urlTemplate":"https:\/\/quehacerpolitico.mx\/?s={search_term_string}"},"query-input":{"@type":"PropertyValueSpecification","valueRequired":true,"valueName":"search_term_string"}}],"inLanguage":"es"},{"@type":"Person","@id":"https:\/\/quehacerpolitico.mx\/#\/schema\/person\/496d8ad2d1d3f8036101dca7ee39e585","name":"Redacci\u00f3n QP","image":{"@type":"ImageObject","inLanguage":"es","@id":"https:\/\/secure.gravatar.com\/avatar\/c7164ed6fdec453195284ad24a5ae5b6e1eed2b848477fa2a4787ba9adf39a41?s=96&d=mm&r=g","url":"https:\/\/secure.gravatar.com\/avatar\/c7164ed6fdec453195284ad24a5ae5b6e1eed2b848477fa2a4787ba9adf39a41?s=96&d=mm&r=g","contentUrl":"https:\/\/secure.gravatar.com\/avatar\/c7164ed6fdec453195284ad24a5ae5b6e1eed2b848477fa2a4787ba9adf39a41?s=96&d=mm&r=g","caption":"Redacci\u00f3n QP"},"url":"https:\/\/quehacerpolitico.mx\/?author=2"}]}},"featured_image_urls":{"full":["https:\/\/quehacerpolitico.mx\/wp-content\/uploads\/2024\/08\/03fa6135-c3fe-44b7-8e96-c6ca323ffebb-2.jpeg",963,493,false],"thumbnail":["https:\/\/quehacerpolitico.mx\/wp-content\/uploads\/2024\/08\/03fa6135-c3fe-44b7-8e96-c6ca323ffebb-2-150x150.jpeg",150,150,true],"medium":["https:\/\/quehacerpolitico.mx\/wp-content\/uploads\/2024\/08\/03fa6135-c3fe-44b7-8e96-c6ca323ffebb-2-300x154.jpeg",300,154,true],"medium_large":["https:\/\/quehacerpolitico.mx\/wp-content\/uploads\/2024\/08\/03fa6135-c3fe-44b7-8e96-c6ca323ffebb-2-768x393.jpeg",640,328,true],"large":["https:\/\/quehacerpolitico.mx\/wp-content\/uploads\/2024\/08\/03fa6135-c3fe-44b7-8e96-c6ca323ffebb-2.jpeg",640,328,false],"1536x1536":["https:\/\/quehacerpolitico.mx\/wp-content\/uploads\/2024\/08\/03fa6135-c3fe-44b7-8e96-c6ca323ffebb-2.jpeg",963,493,false],"2048x2048":["https:\/\/quehacerpolitico.mx\/wp-content\/uploads\/2024\/08\/03fa6135-c3fe-44b7-8e96-c6ca323ffebb-2.jpeg",963,493,false],"covernews-featured":["https:\/\/quehacerpolitico.mx\/wp-content\/uploads\/2024\/08\/03fa6135-c3fe-44b7-8e96-c6ca323ffebb-2.jpeg",963,493,false],"covernews-medium":["https:\/\/quehacerpolitico.mx\/wp-content\/uploads\/2024\/08\/03fa6135-c3fe-44b7-8e96-c6ca323ffebb-2.jpeg",540,276,false]},"author_info":{"display_name":"Redacci\u00f3n QP","author_link":"https:\/\/quehacerpolitico.mx\/?author=2"},"category_info":"<a href=\"https:\/\/quehacerpolitico.mx\/?cat=1\" rel=\"category\">Internacionales<\/a>","tag_info":"Internacionales","comment_count":"0","_links":{"self":[{"href":"https:\/\/quehacerpolitico.mx\/index.php?rest_route=\/wp\/v2\/posts\/111722","targetHints":{"allow":["GET"]}}],"collection":[{"href":"https:\/\/quehacerpolitico.mx\/index.php?rest_route=\/wp\/v2\/posts"}],"about":[{"href":"https:\/\/quehacerpolitico.mx\/index.php?rest_route=\/wp\/v2\/types\/post"}],"author":[{"embeddable":true,"href":"https:\/\/quehacerpolitico.mx\/index.php?rest_route=\/wp\/v2\/users\/2"}],"replies":[{"embeddable":true,"href":"https:\/\/quehacerpolitico.mx\/index.php?rest_route=%2Fwp%2Fv2%2Fcomments&post=111722"}],"version-history":[{"count":1,"href":"https:\/\/quehacerpolitico.mx\/index.php?rest_route=\/wp\/v2\/posts\/111722\/revisions"}],"predecessor-version":[{"id":111726,"href":"https:\/\/quehacerpolitico.mx\/index.php?rest_route=\/wp\/v2\/posts\/111722\/revisions\/111726"}],"wp:featuredmedia":[{"embeddable":true,"href":"https:\/\/quehacerpolitico.mx\/index.php?rest_route=\/wp\/v2\/media\/111724"}],"wp:attachment":[{"href":"https:\/\/quehacerpolitico.mx\/index.php?rest_route=%2Fwp%2Fv2%2Fmedia&parent=111722"}],"wp:term":[{"taxonomy":"category","embeddable":true,"href":"https:\/\/quehacerpolitico.mx\/index.php?rest_route=%2Fwp%2Fv2%2Fcategories&post=111722"},{"taxonomy":"post_tag","embeddable":true,"href":"https:\/\/quehacerpolitico.mx\/index.php?rest_route=%2Fwp%2Fv2%2Ftags&post=111722"}],"curies":[{"name":"wp","href":"https:\/\/api.w.org\/{rel}","templated":true}]}}