{"id":11168,"date":"2018-12-07T13:57:04","date_gmt":"2018-12-07T13:57:04","guid":{"rendered":"http:\/\/quehacerpolitico.mx\/video-el-presidente-dice-que-se-va-a-proteger-a-los-periodistas-pero-no-explica-como-van-2-asesinados\/"},"modified":"2018-12-07T13:57:04","modified_gmt":"2018-12-07T13:57:04","slug":"video-el-presidente-dice-que-se-va-a-proteger-a-los-periodistas-pero-no-explica-como-van-2-asesinados","status":"publish","type":"post","link":"https:\/\/quehacerpolitico.mx\/?p=11168","title":{"rendered":"(VIDEO) El Presidente dice que \u201cse va a proteger a los periodistas\u201d, pero no explica c\u00f3mo; van 2 asesinados"},"content":{"rendered":"<h1>(VIDEO) El Presidente dice que \u201cse va a proteger a los periodistas\u201d, pero no explica c\u00f3mo; van 2 asesinados<\/h1>\n<p>Por Redacci\u00f3n QP<\/p>\n<p><iframe loading=\"lazy\" title=\"Conferencia matutina: Avances del Gabinete de Seguridad\" width=\"640\" height=\"360\" src=\"https:\/\/www.youtube.com\/embed\/JyaGzJKlXIk?feature=oembed\" frameborder=\"0\" allow=\"accelerometer; autoplay; clipboard-write; encrypted-media; gyroscope; picture-in-picture; web-share\" referrerpolicy=\"strict-origin-when-cross-origin\" allowfullscreen><\/iframe><\/p>\n<p>El Presidente Andr\u00e9s Manuel L\u00f3pez Obrador prometi\u00f3 hoy que se dar\u00e1 protecci\u00f3n \u201ca todos los ciudadanos y a los periodistas\u201d, y que se continuar\u00e1n con las investigaciones de los asesinatos de comunicadores que no se han esclarecido. \u201cNo se van a cerrar esos expedientes. Este es un asunto que est\u00e1 viendo Alejandro Encinas\u201d, dijo, a pregunta expresa por el asesinato de dos periodistas en apenas una semana de su mandato.<\/p>\n<p>Sin embargo, el Presidente no dijo qu\u00e9 har\u00e1 distinto de lo que hicieron Felipe Calder\u00f3n y Felipe Calder\u00f3n Hinojosa, con quienes los asesinatos de comunicadores alcanzaron niveles hist\u00f3ricos. La FEADLE, la Fiscal\u00eda Especializada para Delitos de la Libertad de Expresi\u00f3n, tiene niveles de impunidad de 98.5 por ciento.<\/p>\n<p><strong>SOBRE EL AEROPUERTO:<\/strong> L\u00f3pez Obrador fue cuestionado sobre distintos temas. Dijo que es un proceso que se est\u00e1 resolviendo poco a poco. \u201cNo quiero entrar en pol\u00e9mica sobre el uso que se le va a dar a los aeropuertos\u201d, debido a que se est\u00e1 analizando y estudiando.<\/p>\n<p><strong>SOBRE EL CONSEJO PARA EL FOMENTO AL TURISMO:<\/strong> Se tom\u00f3 la decisi\u00f3n de que los impuestos que se cobran a los turistas se vayan a la construcci\u00f3n del Tren Maya, dijo. La promoci\u00f3n tur\u00edstica seguir\u00e1 a trav\u00e9s de los consulados. \u201cIncluso sin transparencia, se entrega publicidad a ciertos medios, se manejaba desde el extranjero una parte de este dinero\u201d, aclar\u00f3 a medios de comunicaci\u00f3n.<\/p>\n<p><strong>SOBRE SEGURIDAD:<\/strong> Tambi\u00e9n dijo, esta ma\u00f1ana, que el robo de combustible est\u00e1 generando gran parte de la violencia en el pa\u00eds, sobre todo en Guanajuato. Defendi\u00f3 sus reuniones matinales de seguridad e insisti\u00f3 en que, en el pasado, la seguridad p\u00fablica se delegaba y ahora es responsabilidad directa del Jefe del Ejecutivo. \u201cEstoy asumiendo mi responsabilidad para garantizar la paz y la tranquilidad\u201d, dijo. \u201cAntes cada instituci\u00f3n actuaba por su cuenta\u201d, agreg\u00f3.<\/p>\n<blockquote>\n<p>\u201cEsto que hacemos [las reuniones] se est\u00e1 replicando en 150 coordinaciones del pa\u00eds. El prop\u00f3sito es tener 266 coordinaciones. La idea central es trabajar de manera permanente y coordinada\u201d, precis\u00f3 en su conferencia ma\u00f1anera.\u00a0Desde Palacio Nacional, el mandatario inform\u00f3 que antes de que finalice el mes se tendr\u00e1 una reuni\u00f3n nacional con todos los responsables de la estrategia de seguridad.\u00a0Destac\u00f3 que ser\u00e1 fundamental atender la seguridad de los ciudadanos desde el territorio, en un Mando \u00danico.<\/p>\n<p>\u00a0\u201cAhora la estrategia nuestra es que podamos tener atenci\u00f3n permanente en el territorio, por eso las coordinaciones territoriales. Por eso sigue la estrategia de atenci\u00f3n\u201d, dijo.<\/p>\n<p>L\u00f3pez Obrador anunci\u00f3 que la pr\u00f3xima semana espera presentar una estrategia contra el \u201chuachicoleo\u201d. Esta semana, dijo, fue muy notorio que se mantienen enfrentamientos relacionados con el robo de combustibles y una de las entidades m\u00e1s afectadas por la violencia fue Guanajuato \u201cy tiene que ver con la refiner\u00eda de Salamanca\u201d.<\/p>\n<p>\u201cLe pedimos a todos que nos ayuden con los j\u00f3venes para que no caigan en la tentaci\u00f3n ni en la delincuencia. Nos vamos a asegurar de que haya empleo para todos los j\u00f3venes. No se va a quedar ninguno sin trabajo. Con el programa \u2018J\u00f3venes construyendo el futuro\u2019 se va a tener esta alternativa. Dijo. Anunci\u00f3\u00a0que el robo de combustible se va a convertir en delito grave. \u201cEs muy importante informar que no habr\u00e1 derecho a fianza, se van a aplicar leyes m\u00e1s severas\u201d, afirm\u00f3. Pidi\u00f3 ayuda a las familias, a las madres, para controlar a sus hijos.\u00a0Record\u00f3 que se contratar\u00e1 a dos millones 300 mil j\u00f3venes como aprendices, los cuales van a tener un sueldo de tres mil 600 pesos mensuales mientras se capacitan.<img loading=\"lazy\" decoding=\"async\" class=\"size-full wp-image-3507737\" src=\"https:\/\/www.sinembargo.mx\/wp-content\/uploads\/2018\/12\/amlo-conferncia-6-dic.jpg\" sizes=\"auto, (max-width: 700px) 100vw, 700px\" srcset=\"https:\/\/www.sinembargo.mx\/wp-content\/uploads\/2018\/12\/amlo-conferncia-6-dic.jpg 700w, https:\/\/www.sinembargo.mx\/wp-content\/uploads\/2018\/12\/amlo-conferncia-6-dic-300x159.jpg 300w\" alt=\"\" width=\"700\" height=\"370\" \/><\/p>\n<div id=\"attachment_3507737\" class=\"wp-caption alignnone\">\n<p class=\"wp-caption-text\">El Presidente se\u00f1al\u00f3 ayer, en su conferencia matutina, que \u00e9l ganar\u00e1 entre 108 mil y 110 mil pesos mensuales y que ese es el tope salarial. Foto: Misael Valtierra, Cuartoscuro<\/p>\n<\/div>\n<p>Respecto al Consejo de Seguridad P\u00fablica, L\u00f3pez Obrador se\u00f1al\u00f3 que esta ma\u00f1ana trataron el tema, por lo que se va a convocar a todos los integrantes. En este consejo participan los gobernadores, es decir, \u201cvamos a tener una reuni\u00f3n sobre el tema, y especialmente para ver la asignaci\u00f3n de recursos para la estrategia de seguridad\u201d, abund\u00f3. Consider\u00f3 que la polic\u00eda de la Ciudad de M\u00e9xico es una corporaci\u00f3n buena, \u201cporque siento que cumple con su funci\u00f3n. Me parece que va a mejorar por la Jefa de Gobierno, Claudia Sheinbaum. Es la polic\u00eda con m\u00e1s elementos en todo el pa\u00eds, por encima de lo que solicita la ONU. Y la otra polic\u00eda que yo reconozco por su eficacia es la de Yucat\u00e1n\u201d. \u201cVamos a ir mejorando poco a poco todo el sistema de seguridad p\u00fablica\u201d, reiter\u00f3.<\/p>\n<p>El Presidente indic\u00f3 que la Plataforma M\u00e9xico contin\u00faa porque es un sistema de informaci\u00f3n estad\u00edstica que se est\u00e1 modificando, ya que se requiere de esa informaci\u00f3n, saber qu\u00e9 pasa en cada municipio, en cada regi\u00f3n diariamente para poder tomar decisiones. \u201cEs excesivo lo que se destina a mantener al Gobierno. Se queda mucho dinero del presupuesto en el Gobierno. El presupuesto es para mantener al Gobierno. La corrupci\u00f3n creci\u00f3 como nunca\u201d, asever\u00f3.<\/p>\n<blockquote>\n<p>\u201cNo puedo haber Gobierno rico con pueblo pobre. El funcionario tiene que aprender a vivir en la justa median\u00eda, dec\u00eda Benito Ju\u00e1rez. Nada de aviones, helic\u00f3pteros, viajes, comidas en restaurantes de lujo, asesores al por mayor, viajes al extranjero, bonos, bonos por fatiga. Todo eso termina. Es una etapa nueva. Y que se entienda que la austeridad no es un asunto de administraci\u00f3n, sino de principios\u201d, subray\u00f3 la ma\u00f1ana de este viernes.<\/p>\n<\/blockquote>\n<p><strong>AYER: AMPAROS<\/strong><\/p>\n<p>Ayer, el Presidente de M\u00e9xico dijo que funcionarios de los poderes Judicial y Legislativo tuvieron salarios de hasta 600 mil pesos, y us\u00f3 su frase: \u201cNo puede haber gobierno rico con pueblo pobre\u201d. Esto en respuesta a los amparos que miles de servidores p\u00fablicos est\u00e1n promoviendo para no acatar la baja de salarios que \u00e9l propuso. Anunci\u00f3 la terna que enviar\u00e1 al Senado para cubrir el lugar del Ministro Jos\u00e9 Ram\u00f3n Coss\u00edo en la Suprema Corte de Justicia de la Naci\u00f3n (SCJN).\u00a0Son Loretta Ort\u00edz, Celia Maya Garc\u00eda y Juan Luis Gonz\u00e1lez Alc\u00e1ntara.<\/p>\n<p>L\u00f3pez Obrador destac\u00f3 ayer tambi\u00e9n que esperar\u00e1n a que se decida en torno a los amparos interpuestos contra la pol\u00edtica de austeridad. Sin embargo, adelant\u00f3 que ellos no pueden modificar los presupuestos de los poderes aut\u00f3nomos como el Legislativo, que eso s\u00f3lo lo podr\u00e1 hacer la C\u00e1mara de Diputados. \u201cHay que esperar el resultado legal. Yo les explico en t\u00e9rmino generales cu\u00e1l es el procedimiento en cuanto a la designaci\u00f3n del presupuesto: nosotros elaboramos el presupuesto del Gobierno federal y recibimos las propuestas del Poder Judicial y del Poder Legislativo, incluso tambi\u00e9n de otros organismos aut\u00f3nomos; nosotros por ley tenemos que enviar as\u00ed a la C\u00e1mara de Diputados el presupuesto\u201d, explic\u00f3.<\/p>\n<\/blockquote>\n","protected":false},"excerpt":{"rendered":"<p>(VIDEO) El Presidente dice que \u201cse va a proteger a los periodistas\u201d, pero no explica c\u00f3mo; van 2 asesinados<br \/>\nPor Redacci\u00f3n QP<\/p>\n","protected":false},"author":2,"featured_media":11167,"comment_status":"open","ping_status":"open","sticky":false,"template":"","format":"standard","meta":{"_monsterinsights_skip_tracking":false,"_monsterinsights_sitenote_active":false,"_monsterinsights_sitenote_note":"","_monsterinsights_sitenote_category":0,"footnotes":""},"categories":[2],"tags":[],"class_list":["post-11168","post","type-post","status-publish","format-standard","has-post-thumbnail","hentry","category-noticias"],"yoast_head":"<!-- This site is optimized with the Yoast SEO plugin v27.3 - https:\/\/yoast.com\/product\/yoast-seo-wordpress\/ -->\n<title>(VIDEO) El Presidente dice que \u201cse va a proteger a los periodistas\u201d, pero no explica c\u00f3mo; van 2 asesinados -<\/title>\n<meta name=\"robots\" content=\"index, follow, max-snippet:-1, max-image-preview:large, max-video-preview:-1\" \/>\n<link rel=\"canonical\" href=\"https:\/\/quehacerpolitico.mx\/?p=11168\" \/>\n<meta property=\"og:locale\" content=\"es_MX\" \/>\n<meta property=\"og:type\" content=\"article\" \/>\n<meta property=\"og:title\" content=\"(VIDEO) El Presidente dice que \u201cse va a proteger a los periodistas\u201d, pero no explica c\u00f3mo; van 2 asesinados -\" \/>\n<meta property=\"og:description\" content=\"(VIDEO) El Presidente dice que \u201cse va a proteger a los periodistas\u201d, pero no explica c\u00f3mo; van 2 asesinados Por Redacci\u00f3n QP\" \/>\n<meta property=\"og:url\" content=\"https:\/\/quehacerpolitico.mx\/?p=11168\" \/>\n<meta property=\"article:published_time\" content=\"2018-12-07T13:57:04+00:00\" \/>\n<meta name=\"author\" content=\"Redacci\u00f3n QP\" \/>\n<meta name=\"twitter:card\" content=\"summary_large_image\" \/>\n<meta name=\"twitter:label1\" content=\"Escrito por\" \/>\n\t<meta name=\"twitter:data1\" content=\"Redacci\u00f3n QP\" \/>\n\t<meta name=\"twitter:label2\" content=\"Tiempo de lectura\" \/>\n\t<meta name=\"twitter:data2\" content=\"6 minutos\" \/>\n<script type=\"application\/ld+json\" class=\"yoast-schema-graph\">{\"@context\":\"https:\\\/\\\/schema.org\",\"@graph\":[{\"@type\":\"Article\",\"@id\":\"https:\\\/\\\/quehacerpolitico.mx\\\/?p=11168#article\",\"isPartOf\":{\"@id\":\"https:\\\/\\\/quehacerpolitico.mx\\\/?p=11168\"},\"author\":{\"name\":\"Redacci\u00f3n QP\",\"@id\":\"https:\\\/\\\/quehacerpolitico.mx\\\/#\\\/schema\\\/person\\\/496d8ad2d1d3f8036101dca7ee39e585\"},\"headline\":\"(VIDEO) El Presidente dice que \u201cse va a proteger a los periodistas\u201d, pero no explica c\u00f3mo; van 2 asesinados\",\"datePublished\":\"2018-12-07T13:57:04+00:00\",\"mainEntityOfPage\":{\"@id\":\"https:\\\/\\\/quehacerpolitico.mx\\\/?p=11168\"},\"wordCount\":1227,\"commentCount\":0,\"image\":{\"@id\":\"https:\\\/\\\/quehacerpolitico.mx\\\/?p=11168#primaryimage\"},\"thumbnailUrl\":\"\",\"articleSection\":[\"Noticias\"],\"inLanguage\":\"es\",\"potentialAction\":[{\"@type\":\"CommentAction\",\"name\":\"Comment\",\"target\":[\"https:\\\/\\\/quehacerpolitico.mx\\\/?p=11168#respond\"]}]},{\"@type\":\"WebPage\",\"@id\":\"https:\\\/\\\/quehacerpolitico.mx\\\/?p=11168\",\"url\":\"https:\\\/\\\/quehacerpolitico.mx\\\/?p=11168\",\"name\":\"(VIDEO) El Presidente dice que \u201cse va a proteger a los periodistas\u201d, pero no explica c\u00f3mo; van 2 asesinados -\",\"isPartOf\":{\"@id\":\"https:\\\/\\\/quehacerpolitico.mx\\\/#website\"},\"primaryImageOfPage\":{\"@id\":\"https:\\\/\\\/quehacerpolitico.mx\\\/?p=11168#primaryimage\"},\"image\":{\"@id\":\"https:\\\/\\\/quehacerpolitico.mx\\\/?p=11168#primaryimage\"},\"thumbnailUrl\":\"\",\"datePublished\":\"2018-12-07T13:57:04+00:00\",\"author\":{\"@id\":\"https:\\\/\\\/quehacerpolitico.mx\\\/#\\\/schema\\\/person\\\/496d8ad2d1d3f8036101dca7ee39e585\"},\"breadcrumb\":{\"@id\":\"https:\\\/\\\/quehacerpolitico.mx\\\/?p=11168#breadcrumb\"},\"inLanguage\":\"es\",\"potentialAction\":[{\"@type\":\"ReadAction\",\"target\":[\"https:\\\/\\\/quehacerpolitico.mx\\\/?p=11168\"]}]},{\"@type\":\"ImageObject\",\"inLanguage\":\"es\",\"@id\":\"https:\\\/\\\/quehacerpolitico.mx\\\/?p=11168#primaryimage\",\"url\":\"\",\"contentUrl\":\"\"},{\"@type\":\"BreadcrumbList\",\"@id\":\"https:\\\/\\\/quehacerpolitico.mx\\\/?p=11168#breadcrumb\",\"itemListElement\":[{\"@type\":\"ListItem\",\"position\":1,\"name\":\"Inicio\",\"item\":\"https:\\\/\\\/quehacerpolitico.mx\\\/\"},{\"@type\":\"ListItem\",\"position\":2,\"name\":\"(VIDEO) El Presidente dice que \u201cse va a proteger a los periodistas\u201d, pero no explica c\u00f3mo; van 2 asesinados\"}]},{\"@type\":\"WebSite\",\"@id\":\"https:\\\/\\\/quehacerpolitico.mx\\\/#website\",\"url\":\"https:\\\/\\\/quehacerpolitico.mx\\\/\",\"name\":\"\",\"description\":\"\",\"potentialAction\":[{\"@type\":\"SearchAction\",\"target\":{\"@type\":\"EntryPoint\",\"urlTemplate\":\"https:\\\/\\\/quehacerpolitico.mx\\\/?s={search_term_string}\"},\"query-input\":{\"@type\":\"PropertyValueSpecification\",\"valueRequired\":true,\"valueName\":\"search_term_string\"}}],\"inLanguage\":\"es\"},{\"@type\":\"Person\",\"@id\":\"https:\\\/\\\/quehacerpolitico.mx\\\/#\\\/schema\\\/person\\\/496d8ad2d1d3f8036101dca7ee39e585\",\"name\":\"Redacci\u00f3n QP\",\"image\":{\"@type\":\"ImageObject\",\"inLanguage\":\"es\",\"@id\":\"https:\\\/\\\/secure.gravatar.com\\\/avatar\\\/c7164ed6fdec453195284ad24a5ae5b6e1eed2b848477fa2a4787ba9adf39a41?s=96&d=mm&r=g\",\"url\":\"https:\\\/\\\/secure.gravatar.com\\\/avatar\\\/c7164ed6fdec453195284ad24a5ae5b6e1eed2b848477fa2a4787ba9adf39a41?s=96&d=mm&r=g\",\"contentUrl\":\"https:\\\/\\\/secure.gravatar.com\\\/avatar\\\/c7164ed6fdec453195284ad24a5ae5b6e1eed2b848477fa2a4787ba9adf39a41?s=96&d=mm&r=g\",\"caption\":\"Redacci\u00f3n QP\"},\"url\":\"https:\\\/\\\/quehacerpolitico.mx\\\/?author=2\"}]}<\/script>\n<!-- \/ Yoast SEO plugin. -->","yoast_head_json":{"title":"(VIDEO) El Presidente dice que \u201cse va a proteger a los periodistas\u201d, pero no explica c\u00f3mo; van 2 asesinados -","robots":{"index":"index","follow":"follow","max-snippet":"max-snippet:-1","max-image-preview":"max-image-preview:large","max-video-preview":"max-video-preview:-1"},"canonical":"https:\/\/quehacerpolitico.mx\/?p=11168","og_locale":"es_MX","og_type":"article","og_title":"(VIDEO) El Presidente dice que \u201cse va a proteger a los periodistas\u201d, pero no explica c\u00f3mo; van 2 asesinados -","og_description":"(VIDEO) El Presidente dice que \u201cse va a proteger a los periodistas\u201d, pero no explica c\u00f3mo; van 2 asesinados Por Redacci\u00f3n QP","og_url":"https:\/\/quehacerpolitico.mx\/?p=11168","article_published_time":"2018-12-07T13:57:04+00:00","author":"Redacci\u00f3n QP","twitter_card":"summary_large_image","twitter_misc":{"Escrito por":"Redacci\u00f3n QP","Tiempo de lectura":"6 minutos"},"schema":{"@context":"https:\/\/schema.org","@graph":[{"@type":"Article","@id":"https:\/\/quehacerpolitico.mx\/?p=11168#article","isPartOf":{"@id":"https:\/\/quehacerpolitico.mx\/?p=11168"},"author":{"name":"Redacci\u00f3n QP","@id":"https:\/\/quehacerpolitico.mx\/#\/schema\/person\/496d8ad2d1d3f8036101dca7ee39e585"},"headline":"(VIDEO) El Presidente dice que \u201cse va a proteger a los periodistas\u201d, pero no explica c\u00f3mo; van 2 asesinados","datePublished":"2018-12-07T13:57:04+00:00","mainEntityOfPage":{"@id":"https:\/\/quehacerpolitico.mx\/?p=11168"},"wordCount":1227,"commentCount":0,"image":{"@id":"https:\/\/quehacerpolitico.mx\/?p=11168#primaryimage"},"thumbnailUrl":"","articleSection":["Noticias"],"inLanguage":"es","potentialAction":[{"@type":"CommentAction","name":"Comment","target":["https:\/\/quehacerpolitico.mx\/?p=11168#respond"]}]},{"@type":"WebPage","@id":"https:\/\/quehacerpolitico.mx\/?p=11168","url":"https:\/\/quehacerpolitico.mx\/?p=11168","name":"(VIDEO) El Presidente dice que \u201cse va a proteger a los periodistas\u201d, pero no explica c\u00f3mo; van 2 asesinados -","isPartOf":{"@id":"https:\/\/quehacerpolitico.mx\/#website"},"primaryImageOfPage":{"@id":"https:\/\/quehacerpolitico.mx\/?p=11168#primaryimage"},"image":{"@id":"https:\/\/quehacerpolitico.mx\/?p=11168#primaryimage"},"thumbnailUrl":"","datePublished":"2018-12-07T13:57:04+00:00","author":{"@id":"https:\/\/quehacerpolitico.mx\/#\/schema\/person\/496d8ad2d1d3f8036101dca7ee39e585"},"breadcrumb":{"@id":"https:\/\/quehacerpolitico.mx\/?p=11168#breadcrumb"},"inLanguage":"es","potentialAction":[{"@type":"ReadAction","target":["https:\/\/quehacerpolitico.mx\/?p=11168"]}]},{"@type":"ImageObject","inLanguage":"es","@id":"https:\/\/quehacerpolitico.mx\/?p=11168#primaryimage","url":"","contentUrl":""},{"@type":"BreadcrumbList","@id":"https:\/\/quehacerpolitico.mx\/?p=11168#breadcrumb","itemListElement":[{"@type":"ListItem","position":1,"name":"Inicio","item":"https:\/\/quehacerpolitico.mx\/"},{"@type":"ListItem","position":2,"name":"(VIDEO) El Presidente dice que \u201cse va a proteger a los periodistas\u201d, pero no explica c\u00f3mo; van 2 asesinados"}]},{"@type":"WebSite","@id":"https:\/\/quehacerpolitico.mx\/#website","url":"https:\/\/quehacerpolitico.mx\/","name":"","description":"","potentialAction":[{"@type":"SearchAction","target":{"@type":"EntryPoint","urlTemplate":"https:\/\/quehacerpolitico.mx\/?s={search_term_string}"},"query-input":{"@type":"PropertyValueSpecification","valueRequired":true,"valueName":"search_term_string"}}],"inLanguage":"es"},{"@type":"Person","@id":"https:\/\/quehacerpolitico.mx\/#\/schema\/person\/496d8ad2d1d3f8036101dca7ee39e585","name":"Redacci\u00f3n QP","image":{"@type":"ImageObject","inLanguage":"es","@id":"https:\/\/secure.gravatar.com\/avatar\/c7164ed6fdec453195284ad24a5ae5b6e1eed2b848477fa2a4787ba9adf39a41?s=96&d=mm&r=g","url":"https:\/\/secure.gravatar.com\/avatar\/c7164ed6fdec453195284ad24a5ae5b6e1eed2b848477fa2a4787ba9adf39a41?s=96&d=mm&r=g","contentUrl":"https:\/\/secure.gravatar.com\/avatar\/c7164ed6fdec453195284ad24a5ae5b6e1eed2b848477fa2a4787ba9adf39a41?s=96&d=mm&r=g","caption":"Redacci\u00f3n QP"},"url":"https:\/\/quehacerpolitico.mx\/?author=2"}]}},"featured_image_urls":{"full":"","thumbnail":"","medium":"","medium_large":"","large":"","1536x1536":"","2048x2048":"","covernews-featured":"","covernews-medium":""},"author_info":{"display_name":"Redacci\u00f3n QP","author_link":"https:\/\/quehacerpolitico.mx\/?author=2"},"category_info":"<a href=\"https:\/\/quehacerpolitico.mx\/?cat=2\" rel=\"category\">Noticias<\/a>","tag_info":"Noticias","comment_count":"0","_links":{"self":[{"href":"https:\/\/quehacerpolitico.mx\/index.php?rest_route=\/wp\/v2\/posts\/11168","targetHints":{"allow":["GET"]}}],"collection":[{"href":"https:\/\/quehacerpolitico.mx\/index.php?rest_route=\/wp\/v2\/posts"}],"about":[{"href":"https:\/\/quehacerpolitico.mx\/index.php?rest_route=\/wp\/v2\/types\/post"}],"author":[{"embeddable":true,"href":"https:\/\/quehacerpolitico.mx\/index.php?rest_route=\/wp\/v2\/users\/2"}],"replies":[{"embeddable":true,"href":"https:\/\/quehacerpolitico.mx\/index.php?rest_route=%2Fwp%2Fv2%2Fcomments&post=11168"}],"version-history":[{"count":0,"href":"https:\/\/quehacerpolitico.mx\/index.php?rest_route=\/wp\/v2\/posts\/11168\/revisions"}],"wp:featuredmedia":[{"embeddable":true,"href":"https:\/\/quehacerpolitico.mx\/index.php?rest_route=\/"}],"wp:attachment":[{"href":"https:\/\/quehacerpolitico.mx\/index.php?rest_route=%2Fwp%2Fv2%2Fmedia&parent=11168"}],"wp:term":[{"taxonomy":"category","embeddable":true,"href":"https:\/\/quehacerpolitico.mx\/index.php?rest_route=%2Fwp%2Fv2%2Fcategories&post=11168"},{"taxonomy":"post_tag","embeddable":true,"href":"https:\/\/quehacerpolitico.mx\/index.php?rest_route=%2Fwp%2Fv2%2Ftags&post=11168"}],"curies":[{"name":"wp","href":"https:\/\/api.w.org\/{rel}","templated":true}]}}