{"id":111669,"date":"2024-08-01T20:07:56","date_gmt":"2024-08-01T20:07:56","guid":{"rendered":"https:\/\/quehacerpolitico.mx\/?p=111669"},"modified":"2024-08-01T20:07:58","modified_gmt":"2024-08-01T20:07:58","slug":"relatora-de-onu-advierte-que-aprobar-la-reforma-de-amlo-sin-modificaciones-sustanciales-socavaria-la-independencia-de-la-judicatura","status":"publish","type":"post","link":"https:\/\/quehacerpolitico.mx\/?p=111669","title":{"rendered":"Relatora de ONU advierte que aprobar la reforma de AMLO sin \u201cmodificaciones sustanciales\u201d socavar\u00eda la independencia de la Judicatura"},"content":{"rendered":"\n<p>Por Redacci\u00f3n QP<\/p>\n\n\n\n<p>La relatora especial de la\u00a0<strong>ONU\u00a0<\/strong>para la independencia de jueces y abogados,\u00a0<strong>Margaret Satterthwaite<\/strong>, se\u00f1al\u00f3 este jueves su preocupaci\u00f3n por la reforma judicial del presidente de M\u00e9xico,\u00a0<strong>Andr\u00e9s Manuel L\u00f3pez Obrador<\/strong>, porque \u201cpodr\u00eda socavar la\u00a0<strong>independencia\u00a0<\/strong>de la Judicatura\u201d.<\/p>\n\n\n\n<p>\u201cConsidero que podr\u00edan socavar la&nbsp;<strong>independencia&nbsp;<\/strong>de la Judicatura mexicana, en particular de las&nbsp;<strong>cortes federales&nbsp;<\/strong>de los Estados Unidos Mexicanos en caso de ser promulgadas sin&nbsp;<strong>modificaciones sustanciales<\/strong>\u201d, asegur\u00f3 Satterthwaite sobre las iniciativas constitucionales presentadas por el mandatario el 5 de febrero.<\/p>\n\n\n\n<p>La relatora expres\u00f3 sus dudas ante la propuesta para la&nbsp;<strong>elecci\u00f3n popular&nbsp;<\/strong>de todos los jueces y la eliminaci\u00f3n del Consejo de la Judicatura Federal (<strong>CJF<\/strong>) \u201csin contar con procedimientos para regular las actuaciones durante la&nbsp;<strong>campa\u00f1a<\/strong>\u201c.<\/p>\n\n\n\n<p>\u201cMe encuentro especialmente preocupada por el contexto en el que se est\u00e1n llevando a cabo estas&nbsp;<strong>propuestas&nbsp;<\/strong>de reforma, dada la alegada&nbsp;<strong>intimidaci\u00f3n&nbsp;<\/strong>de jueces y los reportes de&nbsp;<strong>interferencias&nbsp;<\/strong>en la independencia judicial (\u2026) por parte de los poderes&nbsp;<strong>Ejecutivo&nbsp;<\/strong>y&nbsp;<strong>Legislativo<\/strong>\u201c, se\u00f1al\u00f3 la relatora de la ONU.<\/p>\n\n\n\n<p>Satterthwaite considera que las iniciativas impactar\u00edan directamente en el&nbsp;<strong>funcionamiento&nbsp;<\/strong>de la judicatura al someter el&nbsp;<strong>mecanismo&nbsp;<\/strong>de selecci\u00f3n de jueces a un procedimiento en el que las consideraciones pol\u00edticas \u201cpodr\u00edan f\u00e1cilmente superponerse a los&nbsp;<strong>m\u00e9ritos&nbsp;<\/strong>objetivos de un candidato\u201d.<\/p>\n\n\n\n<p>Coment\u00f3 que las modificaciones \u201ccarecen de un&nbsp;<strong>mecanismo&nbsp;<\/strong>transparente, independiente y accesible que permita a una autoridad independiente verificar si los candidatos cumplen con los&nbsp;<strong>requisitos&nbsp;<\/strong>de formaci\u00f3n, aptitud e integridad\u201d.<\/p>\n\n\n\n<p>Para la estadounidense, la elecci\u00f3n popular de jueces \u201cpodr\u00eda incrementar el riesgo de que los candidatos a&nbsp;<strong>magistrados&nbsp;<\/strong>busquen complacer a los votantes o a patrocinadores de&nbsp;<strong>campa\u00f1as&nbsp;<\/strong>con el fin de incrementar sus posibilidades de&nbsp;<strong>reelecci\u00f3n<\/strong>\u201c.<\/p>\n\n\n\n<p>\u201cEste mandato tambi\u00e9n ha concluido que la selecci\u00f3n de jueces por periodos cortos de tiempo debilita el&nbsp;<strong>sistema judicial&nbsp;<\/strong>e impacta negativamente la independencia y desarrollo profesional de los jueces\u201d, se\u00f1al\u00f3 Satterthwaite.<\/p>\n\n\n\n<p>La relatora, adem\u00e1s, expres\u00f3 su disgusto con el&nbsp;<strong>despido autom\u00e1tico&nbsp;<\/strong>previsto para m\u00e1s de mil 800 jueces y funcionarios en caso de aprobarse la reforma porque \u201cpodr\u00eda retrasar la administraci\u00f3n de justicia para los&nbsp;<strong>ciudadanos&nbsp;<\/strong>comunes que esperan decisiones judiciales\u201d.<\/p>\n\n\n\n<p>La alineaci\u00f3n de los periodos de&nbsp;<strong>cargo judicial&nbsp;<\/strong>con el ciclo electoral presidencial tambi\u00e9n preocupa a la relatora especial porque, \u201cdurante los periodos electorales, los&nbsp;<strong>votantes&nbsp;<\/strong>podr\u00edan ser influenciados por la ret\u00f3rica pol\u00edtica y la campa\u00f1a partidista\u201d.<\/p>\n\n\n\n<p>La investigadora neoyorquina cuestion\u00f3 la propuesta de facultar a un nuevo Tribunal de Disciplina Judicial (<strong>TDJ<\/strong>) para sancionar a jueces, que en su opini\u00f3n se basa en criterios \u201c<strong>vagos<\/strong>\u201d y es contraria a los est\u00e1ndares internacionales.<\/p>\n\n\n\n<p>Para Satterthwaite, otorgar al \u00f3rgano de administraci\u00f3n judicial, conformado por miembros designados por otros&nbsp;<strong>poderes&nbsp;<\/strong>del gobierno, la completa administraci\u00f3n del&nbsp;<strong>Poder Judicial<\/strong>, incluyendo su gesti\u00f3n humana y financiera, \u201ccomprometer\u00eda severamente su&nbsp;<strong>autonom\u00eda<\/strong>\u201c.<\/p>\n\n\n\n<p>\u201cEste arreglo socavar\u00eda el principio de independencia judicial al supeditar funciones administrativas cr\u00edticas a la&nbsp;<strong>influencia&nbsp;<\/strong>de los poderes Ejecutivo y Legislativo\u201d, sentenci\u00f3.<\/p>\n\n\n\n<p>La reforma al Poder Judicial es uno de los grandes proyectos del presidente\u00a0<strong>L\u00f3pez Obrador\u00a0<\/strong>y tras la amplia victoria electoral de su sucesora en el cargo,<strong>\u00a0Claudia Sheinbaum<\/strong>, el gobierno tendr\u00e1 mayor\u00eda constitucional para implementar dichos cambios a partir de septiembre.<\/p>\n\n\n\n<p>Con informaci\u00f3n de EFE<\/p>\n","protected":false},"excerpt":{"rendered":"<p>Por Redacci\u00f3n QP La relatora especial de la\u00a0ONU\u00a0para la independencia de jueces y abogados,\u00a0Margaret Satterthwaite,&#8230;<\/p>\n","protected":false},"author":2,"featured_media":111670,"comment_status":"open","ping_status":"open","sticky":false,"template":"","format":"standard","meta":{"_monsterinsights_skip_tracking":false,"_monsterinsights_sitenote_active":false,"_monsterinsights_sitenote_note":"","_monsterinsights_sitenote_category":0,"footnotes":""},"categories":[2],"tags":[],"class_list":["post-111669","post","type-post","status-publish","format-standard","has-post-thumbnail","hentry","category-noticias"],"yoast_head":"<!-- This site is optimized with the Yoast SEO plugin v27.3 - https:\/\/yoast.com\/product\/yoast-seo-wordpress\/ -->\n<title>Relatora de ONU advierte que aprobar la reforma de AMLO sin \u201cmodificaciones sustanciales\u201d socavar\u00eda la independencia de la Judicatura -<\/title>\n<meta name=\"robots\" content=\"index, follow, max-snippet:-1, max-image-preview:large, max-video-preview:-1\" \/>\n<link rel=\"canonical\" href=\"https:\/\/quehacerpolitico.mx\/?p=111669\" \/>\n<meta property=\"og:locale\" content=\"es_MX\" \/>\n<meta property=\"og:type\" content=\"article\" \/>\n<meta property=\"og:title\" content=\"Relatora de ONU advierte que aprobar la reforma de AMLO sin \u201cmodificaciones sustanciales\u201d socavar\u00eda la independencia de la Judicatura -\" \/>\n<meta property=\"og:description\" content=\"Por Redacci\u00f3n QP La relatora especial de la\u00a0ONU\u00a0para la independencia de jueces y abogados,\u00a0Margaret Satterthwaite,...\" \/>\n<meta property=\"og:url\" content=\"https:\/\/quehacerpolitico.mx\/?p=111669\" \/>\n<meta property=\"article:published_time\" content=\"2024-08-01T20:07:56+00:00\" \/>\n<meta property=\"article:modified_time\" content=\"2024-08-01T20:07:58+00:00\" \/>\n<meta property=\"og:image\" content=\"https:\/\/quehacerpolitico.mx\/wp-content\/uploads\/2024\/08\/IMG_7074.png\" \/>\n\t<meta property=\"og:image:width\" content=\"480\" \/>\n\t<meta property=\"og:image:height\" content=\"270\" \/>\n\t<meta property=\"og:image:type\" content=\"image\/png\" \/>\n<meta name=\"author\" content=\"Redacci\u00f3n QP\" \/>\n<meta name=\"twitter:card\" content=\"summary_large_image\" \/>\n<meta name=\"twitter:label1\" content=\"Escrito por\" \/>\n\t<meta name=\"twitter:data1\" content=\"Redacci\u00f3n QP\" \/>\n\t<meta name=\"twitter:label2\" content=\"Tiempo de lectura\" \/>\n\t<meta name=\"twitter:data2\" content=\"3 minutos\" \/>\n<script type=\"application\/ld+json\" class=\"yoast-schema-graph\">{\"@context\":\"https:\\\/\\\/schema.org\",\"@graph\":[{\"@type\":\"Article\",\"@id\":\"https:\\\/\\\/quehacerpolitico.mx\\\/?p=111669#article\",\"isPartOf\":{\"@id\":\"https:\\\/\\\/quehacerpolitico.mx\\\/?p=111669\"},\"author\":{\"name\":\"Redacci\u00f3n QP\",\"@id\":\"https:\\\/\\\/quehacerpolitico.mx\\\/#\\\/schema\\\/person\\\/496d8ad2d1d3f8036101dca7ee39e585\"},\"headline\":\"Relatora de ONU advierte que aprobar la reforma de AMLO sin \u201cmodificaciones sustanciales\u201d socavar\u00eda la independencia de la Judicatura\",\"datePublished\":\"2024-08-01T20:07:56+00:00\",\"dateModified\":\"2024-08-01T20:07:58+00:00\",\"mainEntityOfPage\":{\"@id\":\"https:\\\/\\\/quehacerpolitico.mx\\\/?p=111669\"},\"wordCount\":643,\"commentCount\":0,\"image\":{\"@id\":\"https:\\\/\\\/quehacerpolitico.mx\\\/?p=111669#primaryimage\"},\"thumbnailUrl\":\"https:\\\/\\\/quehacerpolitico.mx\\\/wp-content\\\/uploads\\\/2024\\\/08\\\/IMG_7074.png\",\"articleSection\":[\"Noticias\"],\"inLanguage\":\"es\",\"potentialAction\":[{\"@type\":\"CommentAction\",\"name\":\"Comment\",\"target\":[\"https:\\\/\\\/quehacerpolitico.mx\\\/?p=111669#respond\"]}]},{\"@type\":\"WebPage\",\"@id\":\"https:\\\/\\\/quehacerpolitico.mx\\\/?p=111669\",\"url\":\"https:\\\/\\\/quehacerpolitico.mx\\\/?p=111669\",\"name\":\"Relatora de ONU advierte que aprobar la reforma de AMLO sin \u201cmodificaciones sustanciales\u201d socavar\u00eda la independencia de la Judicatura -\",\"isPartOf\":{\"@id\":\"https:\\\/\\\/quehacerpolitico.mx\\\/#website\"},\"primaryImageOfPage\":{\"@id\":\"https:\\\/\\\/quehacerpolitico.mx\\\/?p=111669#primaryimage\"},\"image\":{\"@id\":\"https:\\\/\\\/quehacerpolitico.mx\\\/?p=111669#primaryimage\"},\"thumbnailUrl\":\"https:\\\/\\\/quehacerpolitico.mx\\\/wp-content\\\/uploads\\\/2024\\\/08\\\/IMG_7074.png\",\"datePublished\":\"2024-08-01T20:07:56+00:00\",\"dateModified\":\"2024-08-01T20:07:58+00:00\",\"author\":{\"@id\":\"https:\\\/\\\/quehacerpolitico.mx\\\/#\\\/schema\\\/person\\\/496d8ad2d1d3f8036101dca7ee39e585\"},\"breadcrumb\":{\"@id\":\"https:\\\/\\\/quehacerpolitico.mx\\\/?p=111669#breadcrumb\"},\"inLanguage\":\"es\",\"potentialAction\":[{\"@type\":\"ReadAction\",\"target\":[\"https:\\\/\\\/quehacerpolitico.mx\\\/?p=111669\"]}]},{\"@type\":\"ImageObject\",\"inLanguage\":\"es\",\"@id\":\"https:\\\/\\\/quehacerpolitico.mx\\\/?p=111669#primaryimage\",\"url\":\"https:\\\/\\\/quehacerpolitico.mx\\\/wp-content\\\/uploads\\\/2024\\\/08\\\/IMG_7074.png\",\"contentUrl\":\"https:\\\/\\\/quehacerpolitico.mx\\\/wp-content\\\/uploads\\\/2024\\\/08\\\/IMG_7074.png\",\"width\":480,\"height\":270},{\"@type\":\"BreadcrumbList\",\"@id\":\"https:\\\/\\\/quehacerpolitico.mx\\\/?p=111669#breadcrumb\",\"itemListElement\":[{\"@type\":\"ListItem\",\"position\":1,\"name\":\"Inicio\",\"item\":\"https:\\\/\\\/quehacerpolitico.mx\\\/\"},{\"@type\":\"ListItem\",\"position\":2,\"name\":\"Relatora de ONU advierte que aprobar la reforma de AMLO sin \u201cmodificaciones sustanciales\u201d socavar\u00eda la independencia de la Judicatura\"}]},{\"@type\":\"WebSite\",\"@id\":\"https:\\\/\\\/quehacerpolitico.mx\\\/#website\",\"url\":\"https:\\\/\\\/quehacerpolitico.mx\\\/\",\"name\":\"\",\"description\":\"\",\"potentialAction\":[{\"@type\":\"SearchAction\",\"target\":{\"@type\":\"EntryPoint\",\"urlTemplate\":\"https:\\\/\\\/quehacerpolitico.mx\\\/?s={search_term_string}\"},\"query-input\":{\"@type\":\"PropertyValueSpecification\",\"valueRequired\":true,\"valueName\":\"search_term_string\"}}],\"inLanguage\":\"es\"},{\"@type\":\"Person\",\"@id\":\"https:\\\/\\\/quehacerpolitico.mx\\\/#\\\/schema\\\/person\\\/496d8ad2d1d3f8036101dca7ee39e585\",\"name\":\"Redacci\u00f3n QP\",\"image\":{\"@type\":\"ImageObject\",\"inLanguage\":\"es\",\"@id\":\"https:\\\/\\\/secure.gravatar.com\\\/avatar\\\/c7164ed6fdec453195284ad24a5ae5b6e1eed2b848477fa2a4787ba9adf39a41?s=96&d=mm&r=g\",\"url\":\"https:\\\/\\\/secure.gravatar.com\\\/avatar\\\/c7164ed6fdec453195284ad24a5ae5b6e1eed2b848477fa2a4787ba9adf39a41?s=96&d=mm&r=g\",\"contentUrl\":\"https:\\\/\\\/secure.gravatar.com\\\/avatar\\\/c7164ed6fdec453195284ad24a5ae5b6e1eed2b848477fa2a4787ba9adf39a41?s=96&d=mm&r=g\",\"caption\":\"Redacci\u00f3n QP\"},\"url\":\"https:\\\/\\\/quehacerpolitico.mx\\\/?author=2\"}]}<\/script>\n<!-- \/ Yoast SEO plugin. -->","yoast_head_json":{"title":"Relatora de ONU advierte que aprobar la reforma de AMLO sin \u201cmodificaciones sustanciales\u201d socavar\u00eda la independencia de la Judicatura -","robots":{"index":"index","follow":"follow","max-snippet":"max-snippet:-1","max-image-preview":"max-image-preview:large","max-video-preview":"max-video-preview:-1"},"canonical":"https:\/\/quehacerpolitico.mx\/?p=111669","og_locale":"es_MX","og_type":"article","og_title":"Relatora de ONU advierte que aprobar la reforma de AMLO sin \u201cmodificaciones sustanciales\u201d socavar\u00eda la independencia de la Judicatura -","og_description":"Por Redacci\u00f3n QP La relatora especial de la\u00a0ONU\u00a0para la independencia de jueces y abogados,\u00a0Margaret Satterthwaite,...","og_url":"https:\/\/quehacerpolitico.mx\/?p=111669","article_published_time":"2024-08-01T20:07:56+00:00","article_modified_time":"2024-08-01T20:07:58+00:00","og_image":[{"width":480,"height":270,"url":"https:\/\/quehacerpolitico.mx\/wp-content\/uploads\/2024\/08\/IMG_7074.png","type":"image\/png"}],"author":"Redacci\u00f3n QP","twitter_card":"summary_large_image","twitter_misc":{"Escrito por":"Redacci\u00f3n QP","Tiempo de lectura":"3 minutos"},"schema":{"@context":"https:\/\/schema.org","@graph":[{"@type":"Article","@id":"https:\/\/quehacerpolitico.mx\/?p=111669#article","isPartOf":{"@id":"https:\/\/quehacerpolitico.mx\/?p=111669"},"author":{"name":"Redacci\u00f3n QP","@id":"https:\/\/quehacerpolitico.mx\/#\/schema\/person\/496d8ad2d1d3f8036101dca7ee39e585"},"headline":"Relatora de ONU advierte que aprobar la reforma de AMLO sin \u201cmodificaciones sustanciales\u201d socavar\u00eda la independencia de la Judicatura","datePublished":"2024-08-01T20:07:56+00:00","dateModified":"2024-08-01T20:07:58+00:00","mainEntityOfPage":{"@id":"https:\/\/quehacerpolitico.mx\/?p=111669"},"wordCount":643,"commentCount":0,"image":{"@id":"https:\/\/quehacerpolitico.mx\/?p=111669#primaryimage"},"thumbnailUrl":"https:\/\/quehacerpolitico.mx\/wp-content\/uploads\/2024\/08\/IMG_7074.png","articleSection":["Noticias"],"inLanguage":"es","potentialAction":[{"@type":"CommentAction","name":"Comment","target":["https:\/\/quehacerpolitico.mx\/?p=111669#respond"]}]},{"@type":"WebPage","@id":"https:\/\/quehacerpolitico.mx\/?p=111669","url":"https:\/\/quehacerpolitico.mx\/?p=111669","name":"Relatora de ONU advierte que aprobar la reforma de AMLO sin \u201cmodificaciones sustanciales\u201d socavar\u00eda la independencia de la Judicatura -","isPartOf":{"@id":"https:\/\/quehacerpolitico.mx\/#website"},"primaryImageOfPage":{"@id":"https:\/\/quehacerpolitico.mx\/?p=111669#primaryimage"},"image":{"@id":"https:\/\/quehacerpolitico.mx\/?p=111669#primaryimage"},"thumbnailUrl":"https:\/\/quehacerpolitico.mx\/wp-content\/uploads\/2024\/08\/IMG_7074.png","datePublished":"2024-08-01T20:07:56+00:00","dateModified":"2024-08-01T20:07:58+00:00","author":{"@id":"https:\/\/quehacerpolitico.mx\/#\/schema\/person\/496d8ad2d1d3f8036101dca7ee39e585"},"breadcrumb":{"@id":"https:\/\/quehacerpolitico.mx\/?p=111669#breadcrumb"},"inLanguage":"es","potentialAction":[{"@type":"ReadAction","target":["https:\/\/quehacerpolitico.mx\/?p=111669"]}]},{"@type":"ImageObject","inLanguage":"es","@id":"https:\/\/quehacerpolitico.mx\/?p=111669#primaryimage","url":"https:\/\/quehacerpolitico.mx\/wp-content\/uploads\/2024\/08\/IMG_7074.png","contentUrl":"https:\/\/quehacerpolitico.mx\/wp-content\/uploads\/2024\/08\/IMG_7074.png","width":480,"height":270},{"@type":"BreadcrumbList","@id":"https:\/\/quehacerpolitico.mx\/?p=111669#breadcrumb","itemListElement":[{"@type":"ListItem","position":1,"name":"Inicio","item":"https:\/\/quehacerpolitico.mx\/"},{"@type":"ListItem","position":2,"name":"Relatora de ONU advierte que aprobar la reforma de AMLO sin \u201cmodificaciones sustanciales\u201d socavar\u00eda la independencia de la Judicatura"}]},{"@type":"WebSite","@id":"https:\/\/quehacerpolitico.mx\/#website","url":"https:\/\/quehacerpolitico.mx\/","name":"","description":"","potentialAction":[{"@type":"SearchAction","target":{"@type":"EntryPoint","urlTemplate":"https:\/\/quehacerpolitico.mx\/?s={search_term_string}"},"query-input":{"@type":"PropertyValueSpecification","valueRequired":true,"valueName":"search_term_string"}}],"inLanguage":"es"},{"@type":"Person","@id":"https:\/\/quehacerpolitico.mx\/#\/schema\/person\/496d8ad2d1d3f8036101dca7ee39e585","name":"Redacci\u00f3n QP","image":{"@type":"ImageObject","inLanguage":"es","@id":"https:\/\/secure.gravatar.com\/avatar\/c7164ed6fdec453195284ad24a5ae5b6e1eed2b848477fa2a4787ba9adf39a41?s=96&d=mm&r=g","url":"https:\/\/secure.gravatar.com\/avatar\/c7164ed6fdec453195284ad24a5ae5b6e1eed2b848477fa2a4787ba9adf39a41?s=96&d=mm&r=g","contentUrl":"https:\/\/secure.gravatar.com\/avatar\/c7164ed6fdec453195284ad24a5ae5b6e1eed2b848477fa2a4787ba9adf39a41?s=96&d=mm&r=g","caption":"Redacci\u00f3n QP"},"url":"https:\/\/quehacerpolitico.mx\/?author=2"}]}},"featured_image_urls":{"full":["https:\/\/quehacerpolitico.mx\/wp-content\/uploads\/2024\/08\/IMG_7074.png",480,270,false],"thumbnail":["https:\/\/quehacerpolitico.mx\/wp-content\/uploads\/2024\/08\/IMG_7074-150x150.png",150,150,true],"medium":["https:\/\/quehacerpolitico.mx\/wp-content\/uploads\/2024\/08\/IMG_7074-300x169.png",300,169,true],"medium_large":["https:\/\/quehacerpolitico.mx\/wp-content\/uploads\/2024\/08\/IMG_7074.png",480,270,false],"large":["https:\/\/quehacerpolitico.mx\/wp-content\/uploads\/2024\/08\/IMG_7074.png",480,270,false],"1536x1536":["https:\/\/quehacerpolitico.mx\/wp-content\/uploads\/2024\/08\/IMG_7074.png",480,270,false],"2048x2048":["https:\/\/quehacerpolitico.mx\/wp-content\/uploads\/2024\/08\/IMG_7074.png",480,270,false],"covernews-featured":["https:\/\/quehacerpolitico.mx\/wp-content\/uploads\/2024\/08\/IMG_7074.png",480,270,false],"covernews-medium":["https:\/\/quehacerpolitico.mx\/wp-content\/uploads\/2024\/08\/IMG_7074.png",480,270,false]},"author_info":{"display_name":"Redacci\u00f3n QP","author_link":"https:\/\/quehacerpolitico.mx\/?author=2"},"category_info":"<a href=\"https:\/\/quehacerpolitico.mx\/?cat=2\" rel=\"category\">Noticias<\/a>","tag_info":"Noticias","comment_count":"0","_links":{"self":[{"href":"https:\/\/quehacerpolitico.mx\/index.php?rest_route=\/wp\/v2\/posts\/111669","targetHints":{"allow":["GET"]}}],"collection":[{"href":"https:\/\/quehacerpolitico.mx\/index.php?rest_route=\/wp\/v2\/posts"}],"about":[{"href":"https:\/\/quehacerpolitico.mx\/index.php?rest_route=\/wp\/v2\/types\/post"}],"author":[{"embeddable":true,"href":"https:\/\/quehacerpolitico.mx\/index.php?rest_route=\/wp\/v2\/users\/2"}],"replies":[{"embeddable":true,"href":"https:\/\/quehacerpolitico.mx\/index.php?rest_route=%2Fwp%2Fv2%2Fcomments&post=111669"}],"version-history":[{"count":1,"href":"https:\/\/quehacerpolitico.mx\/index.php?rest_route=\/wp\/v2\/posts\/111669\/revisions"}],"predecessor-version":[{"id":111671,"href":"https:\/\/quehacerpolitico.mx\/index.php?rest_route=\/wp\/v2\/posts\/111669\/revisions\/111671"}],"wp:featuredmedia":[{"embeddable":true,"href":"https:\/\/quehacerpolitico.mx\/index.php?rest_route=\/wp\/v2\/media\/111670"}],"wp:attachment":[{"href":"https:\/\/quehacerpolitico.mx\/index.php?rest_route=%2Fwp%2Fv2%2Fmedia&parent=111669"}],"wp:term":[{"taxonomy":"category","embeddable":true,"href":"https:\/\/quehacerpolitico.mx\/index.php?rest_route=%2Fwp%2Fv2%2Fcategories&post=111669"},{"taxonomy":"post_tag","embeddable":true,"href":"https:\/\/quehacerpolitico.mx\/index.php?rest_route=%2Fwp%2Fv2%2Ftags&post=111669"}],"curies":[{"name":"wp","href":"https:\/\/api.w.org\/{rel}","templated":true}]}}