{"id":111666,"date":"2024-08-01T19:48:23","date_gmt":"2024-08-01T19:48:23","guid":{"rendered":"https:\/\/quehacerpolitico.mx\/?p=111666"},"modified":"2024-08-01T19:48:25","modified_gmt":"2024-08-01T19:48:25","slug":"la-mayoria-quiere-que-sigan-las-mananeras-segun-encuesta-presentada-por-sheinbaum","status":"publish","type":"post","link":"https:\/\/quehacerpolitico.mx\/?p=111666","title":{"rendered":"La mayor\u00eda quiere que sigan las &#8216;ma\u00f1aneras&#8217;, seg\u00fan encuesta presentada por Sheinbaum"},"content":{"rendered":"\n<p>Por Redacci\u00f3n QP<\/p>\n\n\n\n<p>La virtual presidenta electa,<strong>\u00a0Claudia Sheinbaum Pardo<\/strong>, present\u00f3 una encuesta en su casa de transici\u00f3n en la que asegur\u00f3 que 33.1% de las personas consultadas se pronunci\u00f3 para que realice diariamente una\u00a0<strong>conferencia informativa<\/strong>, como la que implement\u00f3 el presidente\u00a0<strong>Andr\u00e9s Manuel L\u00f3pez Obrador<\/strong>, mientras que casi el 26% est\u00e1 de acuerdo en que sean dos veces por semana.<\/p>\n\n\n\n<p>\u201cEsta (encuesta) la hicimos nosotros con un equipo interno, entonces la pregunta es: pensando en el pr\u00f3ximo sexenio de<strong>\u00a0Claudia Sheinbaum<\/strong>, \u00bfcada cu\u00e1nto le gustar\u00eda que la presidenta realice conferencias informativas? Diario, 33.1%; dos veces por semana, 25.9%; una vez por semana, 28.2% y despu\u00e9s pues ya es muy poco\u201d, se\u00f1al\u00f3 durante una conferencia.<\/p>\n\n\n\n<figure class=\"wp-block-embed is-type-rich is-provider-twitter wp-block-embed-twitter\"><div class=\"wp-block-embed__wrapper\">\n<blockquote class=\"twitter-tweet\" data-width=\"550\" data-dnt=\"true\"><p lang=\"es\" dir=\"ltr\">Las personas encuestadas respondieron en su mayor\u00eda que les gustar\u00eda una conferencia matutina todos los d\u00edas de entre 7 y 9 de la ma\u00f1ana cuando Claudia Sheinbaum (<a href=\"https:\/\/twitter.com\/Claudiashein?ref_src=twsrc%5Etfw\">@Claudiashein<\/a>) asuma la Presidencia. <a href=\"https:\/\/t.co\/8tJvlSBGOo\">pic.twitter.com\/8tJvlSBGOo<\/a><\/p>&mdash; Ruido en la Red (@RuidoEnLaRed) <a href=\"https:\/\/twitter.com\/RuidoEnLaRed\/status\/1819072175560970456?ref_src=twsrc%5Etfw\">August 1, 2024<\/a><\/blockquote><script async src=\"https:\/\/platform.twitter.com\/widgets.js\" charset=\"utf-8\"><\/script>\n<\/div><\/figure>\n\n\n\n<p>Claudia&nbsp;<strong>Sheinbaum&nbsp;<\/strong>afirm\u00f3 que los&nbsp;<strong>encuestados&nbsp;<\/strong>tambi\u00e9n opinaron que sus temas prioritarios en estas eventuales conferencias deben ser seguridad, salud, econom\u00eda, educaci\u00f3n y programas sociales.<\/p>\n\n\n\n<p>La exjefa de Gobierno de la\u00a0<strong>Ciudad de M\u00e9xico<\/strong> anunci\u00f3 hoy tambi\u00e9n que\u00a0<strong>Arturo Zald\u00edvar<\/strong>\u00a0ser\u00e1 su coordinador general de Pol\u00edtica y Gobierno, y<strong>Leticia Ram\u00edrez<\/strong>, actual titular de la Secretar\u00eda de Educaci\u00f3n P\u00fablica (SEP), se encargar\u00e1 de Asuntos Intergubernamentales y Participaci\u00f3n Social dentro de Presidencia.<\/p>\n","protected":false},"excerpt":{"rendered":"<p>Por Redacci\u00f3n QP La virtual presidenta electa,\u00a0Claudia Sheinbaum Pardo, present\u00f3 una encuesta en su casa&#8230;<\/p>\n","protected":false},"author":2,"featured_media":111667,"comment_status":"open","ping_status":"open","sticky":false,"template":"","format":"standard","meta":{"_monsterinsights_skip_tracking":false,"_monsterinsights_sitenote_active":false,"_monsterinsights_sitenote_note":"","_monsterinsights_sitenote_category":0,"footnotes":""},"categories":[2],"tags":[],"class_list":["post-111666","post","type-post","status-publish","format-standard","has-post-thumbnail","hentry","category-noticias"],"yoast_head":"<!-- This site is optimized with the Yoast SEO plugin v27.3 - https:\/\/yoast.com\/product\/yoast-seo-wordpress\/ -->\n<title>La mayor\u00eda quiere que sigan las &#039;ma\u00f1aneras&#039;, seg\u00fan encuesta presentada por Sheinbaum -<\/title>\n<meta name=\"robots\" content=\"index, follow, max-snippet:-1, max-image-preview:large, max-video-preview:-1\" \/>\n<link rel=\"canonical\" href=\"https:\/\/quehacerpolitico.mx\/?p=111666\" \/>\n<meta property=\"og:locale\" content=\"es_MX\" \/>\n<meta property=\"og:type\" content=\"article\" \/>\n<meta property=\"og:title\" content=\"La mayor\u00eda quiere que sigan las &#039;ma\u00f1aneras&#039;, seg\u00fan encuesta presentada por Sheinbaum -\" \/>\n<meta property=\"og:description\" content=\"Por Redacci\u00f3n QP La virtual presidenta electa,\u00a0Claudia Sheinbaum Pardo, present\u00f3 una encuesta en su casa...\" \/>\n<meta property=\"og:url\" content=\"https:\/\/quehacerpolitico.mx\/?p=111666\" \/>\n<meta property=\"article:published_time\" content=\"2024-08-01T19:48:23+00:00\" \/>\n<meta property=\"article:modified_time\" content=\"2024-08-01T19:48:25+00:00\" \/>\n<meta property=\"og:image\" content=\"https:\/\/quehacerpolitico.mx\/wp-content\/uploads\/2024\/08\/IMG_7073.jpeg\" \/>\n\t<meta property=\"og:image:width\" content=\"1284\" \/>\n\t<meta property=\"og:image:height\" content=\"707\" \/>\n\t<meta property=\"og:image:type\" content=\"image\/jpeg\" \/>\n<meta name=\"author\" content=\"Redacci\u00f3n QP\" \/>\n<meta name=\"twitter:card\" content=\"summary_large_image\" \/>\n<meta name=\"twitter:label1\" content=\"Escrito por\" \/>\n\t<meta name=\"twitter:data1\" content=\"Redacci\u00f3n QP\" \/>\n\t<meta name=\"twitter:label2\" content=\"Tiempo de lectura\" \/>\n\t<meta name=\"twitter:data2\" content=\"1 minuto\" \/>\n<script type=\"application\/ld+json\" class=\"yoast-schema-graph\">{\"@context\":\"https:\\\/\\\/schema.org\",\"@graph\":[{\"@type\":\"Article\",\"@id\":\"https:\\\/\\\/quehacerpolitico.mx\\\/?p=111666#article\",\"isPartOf\":{\"@id\":\"https:\\\/\\\/quehacerpolitico.mx\\\/?p=111666\"},\"author\":{\"name\":\"Redacci\u00f3n QP\",\"@id\":\"https:\\\/\\\/quehacerpolitico.mx\\\/#\\\/schema\\\/person\\\/496d8ad2d1d3f8036101dca7ee39e585\"},\"headline\":\"La mayor\u00eda quiere que sigan las &#8216;ma\u00f1aneras&#8217;, seg\u00fan encuesta presentada por Sheinbaum\",\"datePublished\":\"2024-08-01T19:48:23+00:00\",\"dateModified\":\"2024-08-01T19:48:25+00:00\",\"mainEntityOfPage\":{\"@id\":\"https:\\\/\\\/quehacerpolitico.mx\\\/?p=111666\"},\"wordCount\":232,\"commentCount\":0,\"image\":{\"@id\":\"https:\\\/\\\/quehacerpolitico.mx\\\/?p=111666#primaryimage\"},\"thumbnailUrl\":\"https:\\\/\\\/quehacerpolitico.mx\\\/wp-content\\\/uploads\\\/2024\\\/08\\\/IMG_7073.jpeg\",\"articleSection\":[\"Noticias\"],\"inLanguage\":\"es\",\"potentialAction\":[{\"@type\":\"CommentAction\",\"name\":\"Comment\",\"target\":[\"https:\\\/\\\/quehacerpolitico.mx\\\/?p=111666#respond\"]}]},{\"@type\":\"WebPage\",\"@id\":\"https:\\\/\\\/quehacerpolitico.mx\\\/?p=111666\",\"url\":\"https:\\\/\\\/quehacerpolitico.mx\\\/?p=111666\",\"name\":\"La mayor\u00eda quiere que sigan las 'ma\u00f1aneras', seg\u00fan encuesta presentada por Sheinbaum -\",\"isPartOf\":{\"@id\":\"https:\\\/\\\/quehacerpolitico.mx\\\/#website\"},\"primaryImageOfPage\":{\"@id\":\"https:\\\/\\\/quehacerpolitico.mx\\\/?p=111666#primaryimage\"},\"image\":{\"@id\":\"https:\\\/\\\/quehacerpolitico.mx\\\/?p=111666#primaryimage\"},\"thumbnailUrl\":\"https:\\\/\\\/quehacerpolitico.mx\\\/wp-content\\\/uploads\\\/2024\\\/08\\\/IMG_7073.jpeg\",\"datePublished\":\"2024-08-01T19:48:23+00:00\",\"dateModified\":\"2024-08-01T19:48:25+00:00\",\"author\":{\"@id\":\"https:\\\/\\\/quehacerpolitico.mx\\\/#\\\/schema\\\/person\\\/496d8ad2d1d3f8036101dca7ee39e585\"},\"breadcrumb\":{\"@id\":\"https:\\\/\\\/quehacerpolitico.mx\\\/?p=111666#breadcrumb\"},\"inLanguage\":\"es\",\"potentialAction\":[{\"@type\":\"ReadAction\",\"target\":[\"https:\\\/\\\/quehacerpolitico.mx\\\/?p=111666\"]}]},{\"@type\":\"ImageObject\",\"inLanguage\":\"es\",\"@id\":\"https:\\\/\\\/quehacerpolitico.mx\\\/?p=111666#primaryimage\",\"url\":\"https:\\\/\\\/quehacerpolitico.mx\\\/wp-content\\\/uploads\\\/2024\\\/08\\\/IMG_7073.jpeg\",\"contentUrl\":\"https:\\\/\\\/quehacerpolitico.mx\\\/wp-content\\\/uploads\\\/2024\\\/08\\\/IMG_7073.jpeg\",\"width\":1284,\"height\":707,\"caption\":\"Screenshot\"},{\"@type\":\"BreadcrumbList\",\"@id\":\"https:\\\/\\\/quehacerpolitico.mx\\\/?p=111666#breadcrumb\",\"itemListElement\":[{\"@type\":\"ListItem\",\"position\":1,\"name\":\"Inicio\",\"item\":\"https:\\\/\\\/quehacerpolitico.mx\\\/\"},{\"@type\":\"ListItem\",\"position\":2,\"name\":\"La mayor\u00eda quiere que sigan las &#8216;ma\u00f1aneras&#8217;, seg\u00fan encuesta presentada por Sheinbaum\"}]},{\"@type\":\"WebSite\",\"@id\":\"https:\\\/\\\/quehacerpolitico.mx\\\/#website\",\"url\":\"https:\\\/\\\/quehacerpolitico.mx\\\/\",\"name\":\"\",\"description\":\"\",\"potentialAction\":[{\"@type\":\"SearchAction\",\"target\":{\"@type\":\"EntryPoint\",\"urlTemplate\":\"https:\\\/\\\/quehacerpolitico.mx\\\/?s={search_term_string}\"},\"query-input\":{\"@type\":\"PropertyValueSpecification\",\"valueRequired\":true,\"valueName\":\"search_term_string\"}}],\"inLanguage\":\"es\"},{\"@type\":\"Person\",\"@id\":\"https:\\\/\\\/quehacerpolitico.mx\\\/#\\\/schema\\\/person\\\/496d8ad2d1d3f8036101dca7ee39e585\",\"name\":\"Redacci\u00f3n QP\",\"image\":{\"@type\":\"ImageObject\",\"inLanguage\":\"es\",\"@id\":\"https:\\\/\\\/secure.gravatar.com\\\/avatar\\\/c7164ed6fdec453195284ad24a5ae5b6e1eed2b848477fa2a4787ba9adf39a41?s=96&d=mm&r=g\",\"url\":\"https:\\\/\\\/secure.gravatar.com\\\/avatar\\\/c7164ed6fdec453195284ad24a5ae5b6e1eed2b848477fa2a4787ba9adf39a41?s=96&d=mm&r=g\",\"contentUrl\":\"https:\\\/\\\/secure.gravatar.com\\\/avatar\\\/c7164ed6fdec453195284ad24a5ae5b6e1eed2b848477fa2a4787ba9adf39a41?s=96&d=mm&r=g\",\"caption\":\"Redacci\u00f3n QP\"},\"url\":\"https:\\\/\\\/quehacerpolitico.mx\\\/?author=2\"}]}<\/script>\n<!-- \/ Yoast SEO plugin. -->","yoast_head_json":{"title":"La mayor\u00eda quiere que sigan las 'ma\u00f1aneras', seg\u00fan encuesta presentada por Sheinbaum -","robots":{"index":"index","follow":"follow","max-snippet":"max-snippet:-1","max-image-preview":"max-image-preview:large","max-video-preview":"max-video-preview:-1"},"canonical":"https:\/\/quehacerpolitico.mx\/?p=111666","og_locale":"es_MX","og_type":"article","og_title":"La mayor\u00eda quiere que sigan las 'ma\u00f1aneras', seg\u00fan encuesta presentada por Sheinbaum -","og_description":"Por Redacci\u00f3n QP La virtual presidenta electa,\u00a0Claudia Sheinbaum Pardo, present\u00f3 una encuesta en su casa...","og_url":"https:\/\/quehacerpolitico.mx\/?p=111666","article_published_time":"2024-08-01T19:48:23+00:00","article_modified_time":"2024-08-01T19:48:25+00:00","og_image":[{"width":1284,"height":707,"url":"https:\/\/quehacerpolitico.mx\/wp-content\/uploads\/2024\/08\/IMG_7073.jpeg","type":"image\/jpeg"}],"author":"Redacci\u00f3n QP","twitter_card":"summary_large_image","twitter_misc":{"Escrito por":"Redacci\u00f3n QP","Tiempo de lectura":"1 minuto"},"schema":{"@context":"https:\/\/schema.org","@graph":[{"@type":"Article","@id":"https:\/\/quehacerpolitico.mx\/?p=111666#article","isPartOf":{"@id":"https:\/\/quehacerpolitico.mx\/?p=111666"},"author":{"name":"Redacci\u00f3n QP","@id":"https:\/\/quehacerpolitico.mx\/#\/schema\/person\/496d8ad2d1d3f8036101dca7ee39e585"},"headline":"La mayor\u00eda quiere que sigan las &#8216;ma\u00f1aneras&#8217;, seg\u00fan encuesta presentada por Sheinbaum","datePublished":"2024-08-01T19:48:23+00:00","dateModified":"2024-08-01T19:48:25+00:00","mainEntityOfPage":{"@id":"https:\/\/quehacerpolitico.mx\/?p=111666"},"wordCount":232,"commentCount":0,"image":{"@id":"https:\/\/quehacerpolitico.mx\/?p=111666#primaryimage"},"thumbnailUrl":"https:\/\/quehacerpolitico.mx\/wp-content\/uploads\/2024\/08\/IMG_7073.jpeg","articleSection":["Noticias"],"inLanguage":"es","potentialAction":[{"@type":"CommentAction","name":"Comment","target":["https:\/\/quehacerpolitico.mx\/?p=111666#respond"]}]},{"@type":"WebPage","@id":"https:\/\/quehacerpolitico.mx\/?p=111666","url":"https:\/\/quehacerpolitico.mx\/?p=111666","name":"La mayor\u00eda quiere que sigan las 'ma\u00f1aneras', seg\u00fan encuesta presentada por Sheinbaum -","isPartOf":{"@id":"https:\/\/quehacerpolitico.mx\/#website"},"primaryImageOfPage":{"@id":"https:\/\/quehacerpolitico.mx\/?p=111666#primaryimage"},"image":{"@id":"https:\/\/quehacerpolitico.mx\/?p=111666#primaryimage"},"thumbnailUrl":"https:\/\/quehacerpolitico.mx\/wp-content\/uploads\/2024\/08\/IMG_7073.jpeg","datePublished":"2024-08-01T19:48:23+00:00","dateModified":"2024-08-01T19:48:25+00:00","author":{"@id":"https:\/\/quehacerpolitico.mx\/#\/schema\/person\/496d8ad2d1d3f8036101dca7ee39e585"},"breadcrumb":{"@id":"https:\/\/quehacerpolitico.mx\/?p=111666#breadcrumb"},"inLanguage":"es","potentialAction":[{"@type":"ReadAction","target":["https:\/\/quehacerpolitico.mx\/?p=111666"]}]},{"@type":"ImageObject","inLanguage":"es","@id":"https:\/\/quehacerpolitico.mx\/?p=111666#primaryimage","url":"https:\/\/quehacerpolitico.mx\/wp-content\/uploads\/2024\/08\/IMG_7073.jpeg","contentUrl":"https:\/\/quehacerpolitico.mx\/wp-content\/uploads\/2024\/08\/IMG_7073.jpeg","width":1284,"height":707,"caption":"Screenshot"},{"@type":"BreadcrumbList","@id":"https:\/\/quehacerpolitico.mx\/?p=111666#breadcrumb","itemListElement":[{"@type":"ListItem","position":1,"name":"Inicio","item":"https:\/\/quehacerpolitico.mx\/"},{"@type":"ListItem","position":2,"name":"La mayor\u00eda quiere que sigan las &#8216;ma\u00f1aneras&#8217;, seg\u00fan encuesta presentada por Sheinbaum"}]},{"@type":"WebSite","@id":"https:\/\/quehacerpolitico.mx\/#website","url":"https:\/\/quehacerpolitico.mx\/","name":"","description":"","potentialAction":[{"@type":"SearchAction","target":{"@type":"EntryPoint","urlTemplate":"https:\/\/quehacerpolitico.mx\/?s={search_term_string}"},"query-input":{"@type":"PropertyValueSpecification","valueRequired":true,"valueName":"search_term_string"}}],"inLanguage":"es"},{"@type":"Person","@id":"https:\/\/quehacerpolitico.mx\/#\/schema\/person\/496d8ad2d1d3f8036101dca7ee39e585","name":"Redacci\u00f3n QP","image":{"@type":"ImageObject","inLanguage":"es","@id":"https:\/\/secure.gravatar.com\/avatar\/c7164ed6fdec453195284ad24a5ae5b6e1eed2b848477fa2a4787ba9adf39a41?s=96&d=mm&r=g","url":"https:\/\/secure.gravatar.com\/avatar\/c7164ed6fdec453195284ad24a5ae5b6e1eed2b848477fa2a4787ba9adf39a41?s=96&d=mm&r=g","contentUrl":"https:\/\/secure.gravatar.com\/avatar\/c7164ed6fdec453195284ad24a5ae5b6e1eed2b848477fa2a4787ba9adf39a41?s=96&d=mm&r=g","caption":"Redacci\u00f3n QP"},"url":"https:\/\/quehacerpolitico.mx\/?author=2"}]}},"featured_image_urls":{"full":["https:\/\/quehacerpolitico.mx\/wp-content\/uploads\/2024\/08\/IMG_7073.jpeg",1284,707,false],"thumbnail":["https:\/\/quehacerpolitico.mx\/wp-content\/uploads\/2024\/08\/IMG_7073-150x150.jpeg",150,150,true],"medium":["https:\/\/quehacerpolitico.mx\/wp-content\/uploads\/2024\/08\/IMG_7073-300x165.jpeg",300,165,true],"medium_large":["https:\/\/quehacerpolitico.mx\/wp-content\/uploads\/2024\/08\/IMG_7073-768x423.jpeg",640,353,true],"large":["https:\/\/quehacerpolitico.mx\/wp-content\/uploads\/2024\/08\/IMG_7073-1024x564.jpeg",640,353,true],"1536x1536":["https:\/\/quehacerpolitico.mx\/wp-content\/uploads\/2024\/08\/IMG_7073.jpeg",1284,707,false],"2048x2048":["https:\/\/quehacerpolitico.mx\/wp-content\/uploads\/2024\/08\/IMG_7073.jpeg",1284,707,false],"covernews-featured":["https:\/\/quehacerpolitico.mx\/wp-content\/uploads\/2024\/08\/IMG_7073.jpeg",1024,564,false],"covernews-medium":["https:\/\/quehacerpolitico.mx\/wp-content\/uploads\/2024\/08\/IMG_7073.jpeg",540,297,false]},"author_info":{"display_name":"Redacci\u00f3n QP","author_link":"https:\/\/quehacerpolitico.mx\/?author=2"},"category_info":"<a href=\"https:\/\/quehacerpolitico.mx\/?cat=2\" rel=\"category\">Noticias<\/a>","tag_info":"Noticias","comment_count":"0","_links":{"self":[{"href":"https:\/\/quehacerpolitico.mx\/index.php?rest_route=\/wp\/v2\/posts\/111666","targetHints":{"allow":["GET"]}}],"collection":[{"href":"https:\/\/quehacerpolitico.mx\/index.php?rest_route=\/wp\/v2\/posts"}],"about":[{"href":"https:\/\/quehacerpolitico.mx\/index.php?rest_route=\/wp\/v2\/types\/post"}],"author":[{"embeddable":true,"href":"https:\/\/quehacerpolitico.mx\/index.php?rest_route=\/wp\/v2\/users\/2"}],"replies":[{"embeddable":true,"href":"https:\/\/quehacerpolitico.mx\/index.php?rest_route=%2Fwp%2Fv2%2Fcomments&post=111666"}],"version-history":[{"count":1,"href":"https:\/\/quehacerpolitico.mx\/index.php?rest_route=\/wp\/v2\/posts\/111666\/revisions"}],"predecessor-version":[{"id":111668,"href":"https:\/\/quehacerpolitico.mx\/index.php?rest_route=\/wp\/v2\/posts\/111666\/revisions\/111668"}],"wp:featuredmedia":[{"embeddable":true,"href":"https:\/\/quehacerpolitico.mx\/index.php?rest_route=\/wp\/v2\/media\/111667"}],"wp:attachment":[{"href":"https:\/\/quehacerpolitico.mx\/index.php?rest_route=%2Fwp%2Fv2%2Fmedia&parent=111666"}],"wp:term":[{"taxonomy":"category","embeddable":true,"href":"https:\/\/quehacerpolitico.mx\/index.php?rest_route=%2Fwp%2Fv2%2Fcategories&post=111666"},{"taxonomy":"post_tag","embeddable":true,"href":"https:\/\/quehacerpolitico.mx\/index.php?rest_route=%2Fwp%2Fv2%2Ftags&post=111666"}],"curies":[{"name":"wp","href":"https:\/\/api.w.org\/{rel}","templated":true}]}}