{"id":11166,"date":"2018-12-07T05:21:13","date_gmt":"2018-12-07T05:21:13","guid":{"rendered":"http:\/\/quehacerpolitico.mx\/video-niega-mancera-que-ventanas-blindadas-se-colocaran-por-miedo-fue-por-remodelacion\/"},"modified":"2018-12-07T05:21:13","modified_gmt":"2018-12-07T05:21:13","slug":"video-niega-mancera-que-ventanas-blindadas-se-colocaran-por-miedo-fue-por-remodelacion","status":"publish","type":"post","link":"https:\/\/quehacerpolitico.mx\/?p=11166","title":{"rendered":"[VIDEO] Niega Mancera que ventanas blindadas se colocar\u00e1n por miedo, fue por\u2026..remodelaci\u00f3n"},"content":{"rendered":"<h3 class=\"mtitle\">[VIDEO] Niega Mancera que ventanas blindadas se colocar\u00e1n por miedo, fue por\u2026..remodelaci\u00f3n<\/h3>\n<p>Por Redacci\u00f3n QP<\/p>\n<div class=\"sumary single\">\n<p>Mancera detall\u00f3 que se trat\u00f3 de una remodelaci\u00f3n integral que fue responsabilidad de la Oficial\u00eda Mayor y no una solicitud ante alguna amenaza de muerte.<\/p>\n<\/div>\n<div class=\"singleNote\">\n<p>El senador Miguel \u00c1ngel Mancera aclar\u00f3 que \u00e9l no orden\u00f3 blindar las ventanas de la oficina de la Jefatura de Gobierno durante su administraci\u00f3n en la Ciudad de M\u00e9xico.<\/p>\n<p>Detall\u00f3 que se trat\u00f3 de una remodelaci\u00f3n integral que fue responsabilidad de la Oficial\u00eda Mayor y no una solicitud ante alguna amenaza de muerte.<\/p>\n<p>Indic\u00f3 que pese a que recibi\u00f3 amenazas de muerte cuando fue jefe de Gobierno y procurador capitalino nunca tuvo miedo<\/p>\n<blockquote>\n<p>\u201cComo procurador tienes amenazas permanente, pero eso no fue lo que anim\u00f3 (a colocar la protecci\u00f3n) \u00a0y reitero quien lo hizo fue la Oficial\u00eda Mayor\u201d, sostuvo.<\/p>\n<\/blockquote>\n<p>Se\u00f1al\u00f3 que dicho organismo debe de tener el registro de la obra, al tiempo que record\u00f3 que en varias ocasiones us\u00f3 en varias ocasiones autos sin blindaje.<\/p>\n<blockquote>\n<p>\u201cMiedo, ninguno. Como ustedes saben yo estuve circulando en un taxi el\u00e9ctrico de la Ciudad de M\u00e9xico durante todo el tiempo de la contingencia ambiental, que no ten\u00eda ning\u00fan aditamento especial\u201d, se\u00f1al\u00f3.<\/p>\n<p>\u201cDespu\u00e9s circulamos en un autom\u00f3vil el\u00e9ctrico, en un Nissan Lift que tampoco est\u00e1 blindado\u201d, respondi\u00f3.<\/p>\n<\/blockquote>\n<h3>Lo balconea en redes<\/h3>\n<p>Estas declaraciones se dan luego de que su la jefa de gobierno Claudia Sheinbaum public\u00f3 la tarde de ayer un video en el que revel\u00f3 que en 2013 se instal\u00f3 esta protecci\u00f3n en el despacho que ocup\u00f3 Mancera.<\/p>\n<blockquote>\n<p>\u201cMe encontr\u00e9 que las ventanas que se colocaron en 2013 son blindadas, pesan, no s\u00e9, 500 kilos cada una\u2026 La jefa de gobierno no tiene miedo, no s\u00e9 por qu\u00e9 se necesitan puertas blindadas\u201d, dijo la mandataria.<\/p>\n<\/blockquote>\n<p>Por otro lado, Miguel \u00c1ngel Mancera le deseo a su sucesora que le vaya bien al frente de la jefatura de gobierno de la Ciudad de M\u00e9xico. Asimismo, asegur\u00f3 que la decisi\u00f3n de eliminar al cuerpo de granaderos \u201ces muy respetable\u201d y es parte de su plan de gobierno.<\/p>\n<blockquote class=\"twitter-tweet\" data-width=\"550\" data-dnt=\"true\">\n<p lang=\"es\" dir=\"ltr\">Al llegar a mi oficina, despu\u00e9s de la toma de protesta, me encontr\u00e9 que las ventanas son \u00a1Blindadas! <\/p>\n<p>Aqu\u00ed m\u00e1s informaci\u00f3n <\/p>\n<p>\ud83d\udc47\ud83c\udffd <a href=\"https:\/\/t.co\/mfP0OHgCio\">pic.twitter.com\/mfP0OHgCio<\/a><\/p>\n<p>&mdash; Claudia Sheinbaum Pardo (@Claudiashein) <a href=\"https:\/\/twitter.com\/Claudiashein\/status\/1070472814208135168?ref_src=twsrc%5Etfw\">December 6, 2018<\/a><\/p><\/blockquote>\n<p><script async src=\"https:\/\/platform.twitter.com\/widgets.js\" charset=\"utf-8\"><\/script><\/p>\n<\/div>\n","protected":false},"excerpt":{"rendered":"<p>[VIDEO] Niega Mancera que ventanas blindadas se colocar\u00e1n por miedo, fue por\u2026..remodelaci\u00f3n<br \/>\nPor Redacci\u00f3n QP<\/p>\n","protected":false},"author":2,"featured_media":11165,"comment_status":"open","ping_status":"open","sticky":false,"template":"","format":"standard","meta":{"_monsterinsights_skip_tracking":false,"_monsterinsights_sitenote_active":false,"_monsterinsights_sitenote_note":"","_monsterinsights_sitenote_category":0,"footnotes":""},"categories":[55],"tags":[],"class_list":["post-11166","post","type-post","status-publish","format-standard","has-post-thumbnail","hentry","category-cdmx"],"yoast_head":"<!-- This site is optimized with the Yoast SEO plugin v27.3 - https:\/\/yoast.com\/product\/yoast-seo-wordpress\/ -->\n<title>[VIDEO] Niega Mancera que ventanas blindadas se colocar\u00e1n por miedo, fue por\u2026..remodelaci\u00f3n -<\/title>\n<meta name=\"robots\" content=\"index, follow, max-snippet:-1, max-image-preview:large, max-video-preview:-1\" \/>\n<link rel=\"canonical\" href=\"https:\/\/quehacerpolitico.mx\/?p=11166\" \/>\n<meta property=\"og:locale\" content=\"es_MX\" \/>\n<meta property=\"og:type\" content=\"article\" \/>\n<meta property=\"og:title\" content=\"[VIDEO] Niega Mancera que ventanas blindadas se colocar\u00e1n por miedo, fue por\u2026..remodelaci\u00f3n -\" \/>\n<meta property=\"og:description\" content=\"[VIDEO] Niega Mancera que ventanas blindadas se colocar\u00e1n por miedo, fue por\u2026..remodelaci\u00f3n Por Redacci\u00f3n QP\" \/>\n<meta property=\"og:url\" content=\"https:\/\/quehacerpolitico.mx\/?p=11166\" \/>\n<meta property=\"article:published_time\" content=\"2018-12-07T05:21:13+00:00\" \/>\n<meta name=\"author\" content=\"Redacci\u00f3n QP\" \/>\n<meta name=\"twitter:card\" content=\"summary_large_image\" \/>\n<meta name=\"twitter:label1\" content=\"Escrito por\" \/>\n\t<meta name=\"twitter:data1\" content=\"Redacci\u00f3n QP\" \/>\n\t<meta name=\"twitter:label2\" content=\"Tiempo de lectura\" \/>\n\t<meta name=\"twitter:data2\" content=\"2 minutos\" \/>\n<script type=\"application\/ld+json\" class=\"yoast-schema-graph\">{\"@context\":\"https:\\\/\\\/schema.org\",\"@graph\":[{\"@type\":\"Article\",\"@id\":\"https:\\\/\\\/quehacerpolitico.mx\\\/?p=11166#article\",\"isPartOf\":{\"@id\":\"https:\\\/\\\/quehacerpolitico.mx\\\/?p=11166\"},\"author\":{\"name\":\"Redacci\u00f3n QP\",\"@id\":\"https:\\\/\\\/quehacerpolitico.mx\\\/#\\\/schema\\\/person\\\/496d8ad2d1d3f8036101dca7ee39e585\"},\"headline\":\"[VIDEO] Niega Mancera que ventanas blindadas se colocar\u00e1n por miedo, fue por\u2026..remodelaci\u00f3n\",\"datePublished\":\"2018-12-07T05:21:13+00:00\",\"mainEntityOfPage\":{\"@id\":\"https:\\\/\\\/quehacerpolitico.mx\\\/?p=11166\"},\"wordCount\":383,\"commentCount\":0,\"image\":{\"@id\":\"https:\\\/\\\/quehacerpolitico.mx\\\/?p=11166#primaryimage\"},\"thumbnailUrl\":\"\",\"articleSection\":[\"CDMX\"],\"inLanguage\":\"es\",\"potentialAction\":[{\"@type\":\"CommentAction\",\"name\":\"Comment\",\"target\":[\"https:\\\/\\\/quehacerpolitico.mx\\\/?p=11166#respond\"]}]},{\"@type\":\"WebPage\",\"@id\":\"https:\\\/\\\/quehacerpolitico.mx\\\/?p=11166\",\"url\":\"https:\\\/\\\/quehacerpolitico.mx\\\/?p=11166\",\"name\":\"[VIDEO] Niega Mancera que ventanas blindadas se colocar\u00e1n por miedo, fue por\u2026..remodelaci\u00f3n -\",\"isPartOf\":{\"@id\":\"https:\\\/\\\/quehacerpolitico.mx\\\/#website\"},\"primaryImageOfPage\":{\"@id\":\"https:\\\/\\\/quehacerpolitico.mx\\\/?p=11166#primaryimage\"},\"image\":{\"@id\":\"https:\\\/\\\/quehacerpolitico.mx\\\/?p=11166#primaryimage\"},\"thumbnailUrl\":\"\",\"datePublished\":\"2018-12-07T05:21:13+00:00\",\"author\":{\"@id\":\"https:\\\/\\\/quehacerpolitico.mx\\\/#\\\/schema\\\/person\\\/496d8ad2d1d3f8036101dca7ee39e585\"},\"breadcrumb\":{\"@id\":\"https:\\\/\\\/quehacerpolitico.mx\\\/?p=11166#breadcrumb\"},\"inLanguage\":\"es\",\"potentialAction\":[{\"@type\":\"ReadAction\",\"target\":[\"https:\\\/\\\/quehacerpolitico.mx\\\/?p=11166\"]}]},{\"@type\":\"ImageObject\",\"inLanguage\":\"es\",\"@id\":\"https:\\\/\\\/quehacerpolitico.mx\\\/?p=11166#primaryimage\",\"url\":\"\",\"contentUrl\":\"\"},{\"@type\":\"BreadcrumbList\",\"@id\":\"https:\\\/\\\/quehacerpolitico.mx\\\/?p=11166#breadcrumb\",\"itemListElement\":[{\"@type\":\"ListItem\",\"position\":1,\"name\":\"Inicio\",\"item\":\"https:\\\/\\\/quehacerpolitico.mx\\\/\"},{\"@type\":\"ListItem\",\"position\":2,\"name\":\"[VIDEO] Niega Mancera que ventanas blindadas se colocar\u00e1n por miedo, fue por\u2026..remodelaci\u00f3n\"}]},{\"@type\":\"WebSite\",\"@id\":\"https:\\\/\\\/quehacerpolitico.mx\\\/#website\",\"url\":\"https:\\\/\\\/quehacerpolitico.mx\\\/\",\"name\":\"\",\"description\":\"\",\"potentialAction\":[{\"@type\":\"SearchAction\",\"target\":{\"@type\":\"EntryPoint\",\"urlTemplate\":\"https:\\\/\\\/quehacerpolitico.mx\\\/?s={search_term_string}\"},\"query-input\":{\"@type\":\"PropertyValueSpecification\",\"valueRequired\":true,\"valueName\":\"search_term_string\"}}],\"inLanguage\":\"es\"},{\"@type\":\"Person\",\"@id\":\"https:\\\/\\\/quehacerpolitico.mx\\\/#\\\/schema\\\/person\\\/496d8ad2d1d3f8036101dca7ee39e585\",\"name\":\"Redacci\u00f3n QP\",\"image\":{\"@type\":\"ImageObject\",\"inLanguage\":\"es\",\"@id\":\"https:\\\/\\\/secure.gravatar.com\\\/avatar\\\/c7164ed6fdec453195284ad24a5ae5b6e1eed2b848477fa2a4787ba9adf39a41?s=96&d=mm&r=g\",\"url\":\"https:\\\/\\\/secure.gravatar.com\\\/avatar\\\/c7164ed6fdec453195284ad24a5ae5b6e1eed2b848477fa2a4787ba9adf39a41?s=96&d=mm&r=g\",\"contentUrl\":\"https:\\\/\\\/secure.gravatar.com\\\/avatar\\\/c7164ed6fdec453195284ad24a5ae5b6e1eed2b848477fa2a4787ba9adf39a41?s=96&d=mm&r=g\",\"caption\":\"Redacci\u00f3n QP\"},\"url\":\"https:\\\/\\\/quehacerpolitico.mx\\\/?author=2\"}]}<\/script>\n<!-- \/ Yoast SEO plugin. -->","yoast_head_json":{"title":"[VIDEO] Niega Mancera que ventanas blindadas se colocar\u00e1n por miedo, fue por\u2026..remodelaci\u00f3n -","robots":{"index":"index","follow":"follow","max-snippet":"max-snippet:-1","max-image-preview":"max-image-preview:large","max-video-preview":"max-video-preview:-1"},"canonical":"https:\/\/quehacerpolitico.mx\/?p=11166","og_locale":"es_MX","og_type":"article","og_title":"[VIDEO] Niega Mancera que ventanas blindadas se colocar\u00e1n por miedo, fue por\u2026..remodelaci\u00f3n -","og_description":"[VIDEO] Niega Mancera que ventanas blindadas se colocar\u00e1n por miedo, fue por\u2026..remodelaci\u00f3n Por Redacci\u00f3n QP","og_url":"https:\/\/quehacerpolitico.mx\/?p=11166","article_published_time":"2018-12-07T05:21:13+00:00","author":"Redacci\u00f3n QP","twitter_card":"summary_large_image","twitter_misc":{"Escrito por":"Redacci\u00f3n QP","Tiempo de lectura":"2 minutos"},"schema":{"@context":"https:\/\/schema.org","@graph":[{"@type":"Article","@id":"https:\/\/quehacerpolitico.mx\/?p=11166#article","isPartOf":{"@id":"https:\/\/quehacerpolitico.mx\/?p=11166"},"author":{"name":"Redacci\u00f3n QP","@id":"https:\/\/quehacerpolitico.mx\/#\/schema\/person\/496d8ad2d1d3f8036101dca7ee39e585"},"headline":"[VIDEO] Niega Mancera que ventanas blindadas se colocar\u00e1n por miedo, fue por\u2026..remodelaci\u00f3n","datePublished":"2018-12-07T05:21:13+00:00","mainEntityOfPage":{"@id":"https:\/\/quehacerpolitico.mx\/?p=11166"},"wordCount":383,"commentCount":0,"image":{"@id":"https:\/\/quehacerpolitico.mx\/?p=11166#primaryimage"},"thumbnailUrl":"","articleSection":["CDMX"],"inLanguage":"es","potentialAction":[{"@type":"CommentAction","name":"Comment","target":["https:\/\/quehacerpolitico.mx\/?p=11166#respond"]}]},{"@type":"WebPage","@id":"https:\/\/quehacerpolitico.mx\/?p=11166","url":"https:\/\/quehacerpolitico.mx\/?p=11166","name":"[VIDEO] Niega Mancera que ventanas blindadas se colocar\u00e1n por miedo, fue por\u2026..remodelaci\u00f3n -","isPartOf":{"@id":"https:\/\/quehacerpolitico.mx\/#website"},"primaryImageOfPage":{"@id":"https:\/\/quehacerpolitico.mx\/?p=11166#primaryimage"},"image":{"@id":"https:\/\/quehacerpolitico.mx\/?p=11166#primaryimage"},"thumbnailUrl":"","datePublished":"2018-12-07T05:21:13+00:00","author":{"@id":"https:\/\/quehacerpolitico.mx\/#\/schema\/person\/496d8ad2d1d3f8036101dca7ee39e585"},"breadcrumb":{"@id":"https:\/\/quehacerpolitico.mx\/?p=11166#breadcrumb"},"inLanguage":"es","potentialAction":[{"@type":"ReadAction","target":["https:\/\/quehacerpolitico.mx\/?p=11166"]}]},{"@type":"ImageObject","inLanguage":"es","@id":"https:\/\/quehacerpolitico.mx\/?p=11166#primaryimage","url":"","contentUrl":""},{"@type":"BreadcrumbList","@id":"https:\/\/quehacerpolitico.mx\/?p=11166#breadcrumb","itemListElement":[{"@type":"ListItem","position":1,"name":"Inicio","item":"https:\/\/quehacerpolitico.mx\/"},{"@type":"ListItem","position":2,"name":"[VIDEO] Niega Mancera que ventanas blindadas se colocar\u00e1n por miedo, fue por\u2026..remodelaci\u00f3n"}]},{"@type":"WebSite","@id":"https:\/\/quehacerpolitico.mx\/#website","url":"https:\/\/quehacerpolitico.mx\/","name":"","description":"","potentialAction":[{"@type":"SearchAction","target":{"@type":"EntryPoint","urlTemplate":"https:\/\/quehacerpolitico.mx\/?s={search_term_string}"},"query-input":{"@type":"PropertyValueSpecification","valueRequired":true,"valueName":"search_term_string"}}],"inLanguage":"es"},{"@type":"Person","@id":"https:\/\/quehacerpolitico.mx\/#\/schema\/person\/496d8ad2d1d3f8036101dca7ee39e585","name":"Redacci\u00f3n QP","image":{"@type":"ImageObject","inLanguage":"es","@id":"https:\/\/secure.gravatar.com\/avatar\/c7164ed6fdec453195284ad24a5ae5b6e1eed2b848477fa2a4787ba9adf39a41?s=96&d=mm&r=g","url":"https:\/\/secure.gravatar.com\/avatar\/c7164ed6fdec453195284ad24a5ae5b6e1eed2b848477fa2a4787ba9adf39a41?s=96&d=mm&r=g","contentUrl":"https:\/\/secure.gravatar.com\/avatar\/c7164ed6fdec453195284ad24a5ae5b6e1eed2b848477fa2a4787ba9adf39a41?s=96&d=mm&r=g","caption":"Redacci\u00f3n QP"},"url":"https:\/\/quehacerpolitico.mx\/?author=2"}]}},"featured_image_urls":{"full":"","thumbnail":"","medium":"","medium_large":"","large":"","1536x1536":"","2048x2048":"","covernews-featured":"","covernews-medium":""},"author_info":{"display_name":"Redacci\u00f3n QP","author_link":"https:\/\/quehacerpolitico.mx\/?author=2"},"category_info":"<a href=\"https:\/\/quehacerpolitico.mx\/?cat=55\" rel=\"category\">CDMX<\/a>","tag_info":"CDMX","comment_count":"0","_links":{"self":[{"href":"https:\/\/quehacerpolitico.mx\/index.php?rest_route=\/wp\/v2\/posts\/11166","targetHints":{"allow":["GET"]}}],"collection":[{"href":"https:\/\/quehacerpolitico.mx\/index.php?rest_route=\/wp\/v2\/posts"}],"about":[{"href":"https:\/\/quehacerpolitico.mx\/index.php?rest_route=\/wp\/v2\/types\/post"}],"author":[{"embeddable":true,"href":"https:\/\/quehacerpolitico.mx\/index.php?rest_route=\/wp\/v2\/users\/2"}],"replies":[{"embeddable":true,"href":"https:\/\/quehacerpolitico.mx\/index.php?rest_route=%2Fwp%2Fv2%2Fcomments&post=11166"}],"version-history":[{"count":0,"href":"https:\/\/quehacerpolitico.mx\/index.php?rest_route=\/wp\/v2\/posts\/11166\/revisions"}],"wp:featuredmedia":[{"embeddable":true,"href":"https:\/\/quehacerpolitico.mx\/index.php?rest_route=\/"}],"wp:attachment":[{"href":"https:\/\/quehacerpolitico.mx\/index.php?rest_route=%2Fwp%2Fv2%2Fmedia&parent=11166"}],"wp:term":[{"taxonomy":"category","embeddable":true,"href":"https:\/\/quehacerpolitico.mx\/index.php?rest_route=%2Fwp%2Fv2%2Fcategories&post=11166"},{"taxonomy":"post_tag","embeddable":true,"href":"https:\/\/quehacerpolitico.mx\/index.php?rest_route=%2Fwp%2Fv2%2Ftags&post=11166"}],"curies":[{"name":"wp","href":"https:\/\/api.w.org\/{rel}","templated":true}]}}