{"id":111641,"date":"2024-07-30T21:44:50","date_gmt":"2024-07-30T21:44:50","guid":{"rendered":"https:\/\/quehacerpolitico.mx\/?p=111641"},"modified":"2024-07-30T21:44:52","modified_gmt":"2024-07-30T21:44:52","slug":"sheinbaum-se-compromete-a-no-dar-carpetazo-al-caso-ayotzinapa","status":"publish","type":"post","link":"https:\/\/quehacerpolitico.mx\/?p=111641","title":{"rendered":"Sheinbaum se compromete a no dar &#8220;carpetazo&#8221; al caso Ayotzinapa"},"content":{"rendered":"\n<p>Por Redacci\u00f3n QP<\/p>\n\n\n\n<p>La presidenta electa afirm\u00f3, que hasta el momento s\u00f3lo conoce la informaci\u00f3n que se ha hecho p\u00fablica<\/p>\n\n\n\n<p><mark><strong>La presidenta electa, Claudia Sheinbaum, asegur\u00f3 que se comprometi\u00f3 con los padres de los 43 estudiantes de Ayotzinapa a no dar &#8220;carpetazo&#8221; a la investigaci\u00f3n para encontrar la verdad y la justicia.<\/strong><\/mark><\/p>\n\n\n\n<p>Sheinbaum afirm\u00f3 que hasta el momento s\u00f3lo conoce la informaci\u00f3n que se ha hecho p\u00fablica, pero que una vez que entre en funciones,&nbsp;<strong>va a definir el mecanismo para seguir con la investigaci\u00f3n. Aclar\u00f3 que Secretar\u00eda de Gobernaci\u00f3n seguir\u00e1 al frente del caso.<\/strong><\/p>\n\n\n\n<p><strong>&#8220;Les plante\u00e9 que primero lo importante es no abandonar el caso, no dar carpetazo, seguir trabajando con ellos para encontrar lo que ellos han pedido siempre, que es la verdad, la justicia y encontrar a los j\u00f3venes de Ayotzinapa.<\/strong>&nbsp;Ha habido un avance importante porque hay muchas personas detenidas, uno de ellos el exprocurador Murillo Karam, que fue quien asumi\u00f3 la historia de la verdad hist\u00f3rica. Entre otros, hay delincuentes, polic\u00edas y tambi\u00e9n militares que est\u00e1n detenidos y otros que salieron tambi\u00e9n por el tema de la tortura durante un tiempo. Entonces es un tema complejo&#8221;, destac\u00f3.<\/p>\n\n\n\n<figure class=\"wp-block-embed is-type-rich is-provider-twitter wp-block-embed-twitter\"><div class=\"wp-block-embed__wrapper\">\n<blockquote class=\"twitter-tweet\" data-width=\"550\" data-dnt=\"true\"><p lang=\"es\" dir=\"ltr\">&quot;Ha habido un avance importante porque hay muchas personas detenidas&quot;<br><br>Se\u00f1al\u00f3 Claudia Sheinbaum (<a href=\"https:\/\/twitter.com\/Claudiashein?ref_src=twsrc%5Etfw\">@Claudiashein<\/a>) tras su reuni\u00f3n con los familiares de los normalistas de <a href=\"https:\/\/twitter.com\/hashtag\/Ayotzinapa?src=hash&amp;ref_src=twsrc%5Etfw\">#Ayotzinapa<\/a>. <a href=\"https:\/\/t.co\/rKGF8wQXYl\">pic.twitter.com\/rKGF8wQXYl<\/a><\/p>&mdash; Ruido en la Red (@RuidoEnLaRed) <a href=\"https:\/\/twitter.com\/RuidoEnLaRed\/status\/1818340180454945010?ref_src=twsrc%5Etfw\">July 30, 2024<\/a><\/blockquote><script async src=\"https:\/\/platform.twitter.com\/widgets.js\" charset=\"utf-8\"><\/script>\n<\/div><\/figure>\n\n\n\n<p><mark><strong>Mencion\u00f3 que las madres y padres de los j\u00f3venes de Ayotzinapa aceptaron la propuesta, y que ellos se reunir\u00e1n con el Presidente Andr\u00e9s Manuel L\u00f3pez Obrador a finales de agosto, y ella m\u00e1s adelante.<\/strong><\/mark><\/p>\n\n\n\n<p>&#8220;Yo lo que les plante\u00e9 es que la informaci\u00f3n que yo tengo es la informaci\u00f3n p\u00fablica, no tengo m\u00e1s informaci\u00f3n porque en este momento soy como una ciudadana m\u00e1s que no tiene acceso a m\u00e1s informaci\u00f3n, (&#8230;)&nbsp;<strong>entonces ya ser\u00e1 distinto, ya asumiendo como presidenta constitucional, pero vamos a seguir en reuni\u00f3n con ellos&#8221;,&nbsp;<\/strong>dijo.<\/p>\n\n\n\n<p><strong>En ese sentido, la presidenta electa se\u00f1al\u00f3 que actualmente hay un debate en el caso Ayotzinapa sobre la participaci\u00f3n del Ej\u00e9rcito,<\/strong>\u00a0pero plante\u00f3 a los familiares de los 43 estudiantes que se recuperen tres temas originales, &#8220;la verdad, lo que pas\u00f3 y cu\u00e1les son las pruebas&#8221;.<\/p>\n\n\n\n<p><mark><strong>&#8220;A partir de lo que han dicho los testigos, de lo que dijeron los primeros detenidos y despu\u00e9s los testigos posteriores y otras pruebas que existen,&nbsp;<\/strong><\/mark>la justicia que se deriva de ello y d\u00f3nde est\u00e1n los muchachos, que es un tema muy doloroso para las familias y que hay que seguir buscando. Entonces esa fue la propuesta que yo les hice, evidentemente hay mucho avanzado, hay tambi\u00e9n contradicci\u00f3n en algunas versiones, entonces hay que seguir descubriendo esa verdad y hacerlo con ellos&#8221;, apunt\u00f3.<\/p>\n\n\n\n<p>Destac\u00f3 que le plantearon reunirse con los abogados, pero les dijo que lo mejor es hacerlo con las madres y padres:&nbsp;<strong>&#8220;Es distinto siempre reunirse directamente con las v\u00edctimas que solamente con los abogados&#8221;.<\/strong><\/p>\n\n\n\n<p>Con informaci\u00f3n de SUN<\/p>\n","protected":false},"excerpt":{"rendered":"<p>Por Redacci\u00f3n QP La presidenta electa afirm\u00f3, que hasta el momento s\u00f3lo conoce la informaci\u00f3n&#8230;<\/p>\n","protected":false},"author":2,"featured_media":111642,"comment_status":"open","ping_status":"open","sticky":false,"template":"","format":"standard","meta":{"_monsterinsights_skip_tracking":false,"_monsterinsights_sitenote_active":false,"_monsterinsights_sitenote_note":"","_monsterinsights_sitenote_category":0,"footnotes":""},"categories":[2],"tags":[],"class_list":["post-111641","post","type-post","status-publish","format-standard","has-post-thumbnail","hentry","category-noticias"],"yoast_head":"<!-- This site is optimized with the Yoast SEO plugin v27.3 - https:\/\/yoast.com\/product\/yoast-seo-wordpress\/ -->\n<title>Sheinbaum se compromete a no dar &quot;carpetazo&quot; al caso Ayotzinapa -<\/title>\n<meta name=\"robots\" content=\"index, follow, max-snippet:-1, max-image-preview:large, max-video-preview:-1\" \/>\n<link rel=\"canonical\" href=\"https:\/\/quehacerpolitico.mx\/?p=111641\" \/>\n<meta property=\"og:locale\" content=\"es_MX\" \/>\n<meta property=\"og:type\" content=\"article\" \/>\n<meta property=\"og:title\" content=\"Sheinbaum se compromete a no dar &quot;carpetazo&quot; al caso Ayotzinapa -\" \/>\n<meta property=\"og:description\" content=\"Por Redacci\u00f3n QP La presidenta electa afirm\u00f3, que hasta el momento s\u00f3lo conoce la informaci\u00f3n...\" \/>\n<meta property=\"og:url\" content=\"https:\/\/quehacerpolitico.mx\/?p=111641\" \/>\n<meta property=\"article:published_time\" content=\"2024-07-30T21:44:50+00:00\" \/>\n<meta property=\"article:modified_time\" content=\"2024-07-30T21:44:52+00:00\" \/>\n<meta property=\"og:image\" content=\"https:\/\/quehacerpolitico.mx\/wp-content\/uploads\/2024\/07\/IMG_7045.jpeg\" \/>\n\t<meta property=\"og:image:width\" content=\"1284\" \/>\n\t<meta property=\"og:image:height\" content=\"708\" \/>\n\t<meta property=\"og:image:type\" content=\"image\/jpeg\" \/>\n<meta name=\"author\" content=\"Redacci\u00f3n QP\" \/>\n<meta name=\"twitter:card\" content=\"summary_large_image\" \/>\n<meta name=\"twitter:label1\" content=\"Escrito por\" \/>\n\t<meta name=\"twitter:data1\" content=\"Redacci\u00f3n QP\" \/>\n\t<meta name=\"twitter:label2\" content=\"Tiempo de lectura\" \/>\n\t<meta name=\"twitter:data2\" content=\"3 minutos\" \/>\n<script type=\"application\/ld+json\" class=\"yoast-schema-graph\">{\"@context\":\"https:\\\/\\\/schema.org\",\"@graph\":[{\"@type\":\"Article\",\"@id\":\"https:\\\/\\\/quehacerpolitico.mx\\\/?p=111641#article\",\"isPartOf\":{\"@id\":\"https:\\\/\\\/quehacerpolitico.mx\\\/?p=111641\"},\"author\":{\"name\":\"Redacci\u00f3n QP\",\"@id\":\"https:\\\/\\\/quehacerpolitico.mx\\\/#\\\/schema\\\/person\\\/496d8ad2d1d3f8036101dca7ee39e585\"},\"headline\":\"Sheinbaum se compromete a no dar &#8220;carpetazo&#8221; al caso Ayotzinapa\",\"datePublished\":\"2024-07-30T21:44:50+00:00\",\"dateModified\":\"2024-07-30T21:44:52+00:00\",\"mainEntityOfPage\":{\"@id\":\"https:\\\/\\\/quehacerpolitico.mx\\\/?p=111641\"},\"wordCount\":515,\"commentCount\":0,\"image\":{\"@id\":\"https:\\\/\\\/quehacerpolitico.mx\\\/?p=111641#primaryimage\"},\"thumbnailUrl\":\"https:\\\/\\\/quehacerpolitico.mx\\\/wp-content\\\/uploads\\\/2024\\\/07\\\/IMG_7045.jpeg\",\"articleSection\":[\"Noticias\"],\"inLanguage\":\"es\",\"potentialAction\":[{\"@type\":\"CommentAction\",\"name\":\"Comment\",\"target\":[\"https:\\\/\\\/quehacerpolitico.mx\\\/?p=111641#respond\"]}]},{\"@type\":\"WebPage\",\"@id\":\"https:\\\/\\\/quehacerpolitico.mx\\\/?p=111641\",\"url\":\"https:\\\/\\\/quehacerpolitico.mx\\\/?p=111641\",\"name\":\"Sheinbaum se compromete a no dar \\\"carpetazo\\\" al caso Ayotzinapa -\",\"isPartOf\":{\"@id\":\"https:\\\/\\\/quehacerpolitico.mx\\\/#website\"},\"primaryImageOfPage\":{\"@id\":\"https:\\\/\\\/quehacerpolitico.mx\\\/?p=111641#primaryimage\"},\"image\":{\"@id\":\"https:\\\/\\\/quehacerpolitico.mx\\\/?p=111641#primaryimage\"},\"thumbnailUrl\":\"https:\\\/\\\/quehacerpolitico.mx\\\/wp-content\\\/uploads\\\/2024\\\/07\\\/IMG_7045.jpeg\",\"datePublished\":\"2024-07-30T21:44:50+00:00\",\"dateModified\":\"2024-07-30T21:44:52+00:00\",\"author\":{\"@id\":\"https:\\\/\\\/quehacerpolitico.mx\\\/#\\\/schema\\\/person\\\/496d8ad2d1d3f8036101dca7ee39e585\"},\"breadcrumb\":{\"@id\":\"https:\\\/\\\/quehacerpolitico.mx\\\/?p=111641#breadcrumb\"},\"inLanguage\":\"es\",\"potentialAction\":[{\"@type\":\"ReadAction\",\"target\":[\"https:\\\/\\\/quehacerpolitico.mx\\\/?p=111641\"]}]},{\"@type\":\"ImageObject\",\"inLanguage\":\"es\",\"@id\":\"https:\\\/\\\/quehacerpolitico.mx\\\/?p=111641#primaryimage\",\"url\":\"https:\\\/\\\/quehacerpolitico.mx\\\/wp-content\\\/uploads\\\/2024\\\/07\\\/IMG_7045.jpeg\",\"contentUrl\":\"https:\\\/\\\/quehacerpolitico.mx\\\/wp-content\\\/uploads\\\/2024\\\/07\\\/IMG_7045.jpeg\",\"width\":1284,\"height\":708,\"caption\":\"Screenshot\"},{\"@type\":\"BreadcrumbList\",\"@id\":\"https:\\\/\\\/quehacerpolitico.mx\\\/?p=111641#breadcrumb\",\"itemListElement\":[{\"@type\":\"ListItem\",\"position\":1,\"name\":\"Inicio\",\"item\":\"https:\\\/\\\/quehacerpolitico.mx\\\/\"},{\"@type\":\"ListItem\",\"position\":2,\"name\":\"Sheinbaum se compromete a no dar &#8220;carpetazo&#8221; al caso Ayotzinapa\"}]},{\"@type\":\"WebSite\",\"@id\":\"https:\\\/\\\/quehacerpolitico.mx\\\/#website\",\"url\":\"https:\\\/\\\/quehacerpolitico.mx\\\/\",\"name\":\"\",\"description\":\"\",\"potentialAction\":[{\"@type\":\"SearchAction\",\"target\":{\"@type\":\"EntryPoint\",\"urlTemplate\":\"https:\\\/\\\/quehacerpolitico.mx\\\/?s={search_term_string}\"},\"query-input\":{\"@type\":\"PropertyValueSpecification\",\"valueRequired\":true,\"valueName\":\"search_term_string\"}}],\"inLanguage\":\"es\"},{\"@type\":\"Person\",\"@id\":\"https:\\\/\\\/quehacerpolitico.mx\\\/#\\\/schema\\\/person\\\/496d8ad2d1d3f8036101dca7ee39e585\",\"name\":\"Redacci\u00f3n QP\",\"image\":{\"@type\":\"ImageObject\",\"inLanguage\":\"es\",\"@id\":\"https:\\\/\\\/secure.gravatar.com\\\/avatar\\\/c7164ed6fdec453195284ad24a5ae5b6e1eed2b848477fa2a4787ba9adf39a41?s=96&d=mm&r=g\",\"url\":\"https:\\\/\\\/secure.gravatar.com\\\/avatar\\\/c7164ed6fdec453195284ad24a5ae5b6e1eed2b848477fa2a4787ba9adf39a41?s=96&d=mm&r=g\",\"contentUrl\":\"https:\\\/\\\/secure.gravatar.com\\\/avatar\\\/c7164ed6fdec453195284ad24a5ae5b6e1eed2b848477fa2a4787ba9adf39a41?s=96&d=mm&r=g\",\"caption\":\"Redacci\u00f3n QP\"},\"url\":\"https:\\\/\\\/quehacerpolitico.mx\\\/?author=2\"}]}<\/script>\n<!-- \/ Yoast SEO plugin. -->","yoast_head_json":{"title":"Sheinbaum se compromete a no dar \"carpetazo\" al caso Ayotzinapa -","robots":{"index":"index","follow":"follow","max-snippet":"max-snippet:-1","max-image-preview":"max-image-preview:large","max-video-preview":"max-video-preview:-1"},"canonical":"https:\/\/quehacerpolitico.mx\/?p=111641","og_locale":"es_MX","og_type":"article","og_title":"Sheinbaum se compromete a no dar \"carpetazo\" al caso Ayotzinapa -","og_description":"Por Redacci\u00f3n QP La presidenta electa afirm\u00f3, que hasta el momento s\u00f3lo conoce la informaci\u00f3n...","og_url":"https:\/\/quehacerpolitico.mx\/?p=111641","article_published_time":"2024-07-30T21:44:50+00:00","article_modified_time":"2024-07-30T21:44:52+00:00","og_image":[{"width":1284,"height":708,"url":"https:\/\/quehacerpolitico.mx\/wp-content\/uploads\/2024\/07\/IMG_7045.jpeg","type":"image\/jpeg"}],"author":"Redacci\u00f3n QP","twitter_card":"summary_large_image","twitter_misc":{"Escrito por":"Redacci\u00f3n QP","Tiempo de lectura":"3 minutos"},"schema":{"@context":"https:\/\/schema.org","@graph":[{"@type":"Article","@id":"https:\/\/quehacerpolitico.mx\/?p=111641#article","isPartOf":{"@id":"https:\/\/quehacerpolitico.mx\/?p=111641"},"author":{"name":"Redacci\u00f3n QP","@id":"https:\/\/quehacerpolitico.mx\/#\/schema\/person\/496d8ad2d1d3f8036101dca7ee39e585"},"headline":"Sheinbaum se compromete a no dar &#8220;carpetazo&#8221; al caso Ayotzinapa","datePublished":"2024-07-30T21:44:50+00:00","dateModified":"2024-07-30T21:44:52+00:00","mainEntityOfPage":{"@id":"https:\/\/quehacerpolitico.mx\/?p=111641"},"wordCount":515,"commentCount":0,"image":{"@id":"https:\/\/quehacerpolitico.mx\/?p=111641#primaryimage"},"thumbnailUrl":"https:\/\/quehacerpolitico.mx\/wp-content\/uploads\/2024\/07\/IMG_7045.jpeg","articleSection":["Noticias"],"inLanguage":"es","potentialAction":[{"@type":"CommentAction","name":"Comment","target":["https:\/\/quehacerpolitico.mx\/?p=111641#respond"]}]},{"@type":"WebPage","@id":"https:\/\/quehacerpolitico.mx\/?p=111641","url":"https:\/\/quehacerpolitico.mx\/?p=111641","name":"Sheinbaum se compromete a no dar \"carpetazo\" al caso Ayotzinapa -","isPartOf":{"@id":"https:\/\/quehacerpolitico.mx\/#website"},"primaryImageOfPage":{"@id":"https:\/\/quehacerpolitico.mx\/?p=111641#primaryimage"},"image":{"@id":"https:\/\/quehacerpolitico.mx\/?p=111641#primaryimage"},"thumbnailUrl":"https:\/\/quehacerpolitico.mx\/wp-content\/uploads\/2024\/07\/IMG_7045.jpeg","datePublished":"2024-07-30T21:44:50+00:00","dateModified":"2024-07-30T21:44:52+00:00","author":{"@id":"https:\/\/quehacerpolitico.mx\/#\/schema\/person\/496d8ad2d1d3f8036101dca7ee39e585"},"breadcrumb":{"@id":"https:\/\/quehacerpolitico.mx\/?p=111641#breadcrumb"},"inLanguage":"es","potentialAction":[{"@type":"ReadAction","target":["https:\/\/quehacerpolitico.mx\/?p=111641"]}]},{"@type":"ImageObject","inLanguage":"es","@id":"https:\/\/quehacerpolitico.mx\/?p=111641#primaryimage","url":"https:\/\/quehacerpolitico.mx\/wp-content\/uploads\/2024\/07\/IMG_7045.jpeg","contentUrl":"https:\/\/quehacerpolitico.mx\/wp-content\/uploads\/2024\/07\/IMG_7045.jpeg","width":1284,"height":708,"caption":"Screenshot"},{"@type":"BreadcrumbList","@id":"https:\/\/quehacerpolitico.mx\/?p=111641#breadcrumb","itemListElement":[{"@type":"ListItem","position":1,"name":"Inicio","item":"https:\/\/quehacerpolitico.mx\/"},{"@type":"ListItem","position":2,"name":"Sheinbaum se compromete a no dar &#8220;carpetazo&#8221; al caso Ayotzinapa"}]},{"@type":"WebSite","@id":"https:\/\/quehacerpolitico.mx\/#website","url":"https:\/\/quehacerpolitico.mx\/","name":"","description":"","potentialAction":[{"@type":"SearchAction","target":{"@type":"EntryPoint","urlTemplate":"https:\/\/quehacerpolitico.mx\/?s={search_term_string}"},"query-input":{"@type":"PropertyValueSpecification","valueRequired":true,"valueName":"search_term_string"}}],"inLanguage":"es"},{"@type":"Person","@id":"https:\/\/quehacerpolitico.mx\/#\/schema\/person\/496d8ad2d1d3f8036101dca7ee39e585","name":"Redacci\u00f3n QP","image":{"@type":"ImageObject","inLanguage":"es","@id":"https:\/\/secure.gravatar.com\/avatar\/c7164ed6fdec453195284ad24a5ae5b6e1eed2b848477fa2a4787ba9adf39a41?s=96&d=mm&r=g","url":"https:\/\/secure.gravatar.com\/avatar\/c7164ed6fdec453195284ad24a5ae5b6e1eed2b848477fa2a4787ba9adf39a41?s=96&d=mm&r=g","contentUrl":"https:\/\/secure.gravatar.com\/avatar\/c7164ed6fdec453195284ad24a5ae5b6e1eed2b848477fa2a4787ba9adf39a41?s=96&d=mm&r=g","caption":"Redacci\u00f3n QP"},"url":"https:\/\/quehacerpolitico.mx\/?author=2"}]}},"featured_image_urls":{"full":["https:\/\/quehacerpolitico.mx\/wp-content\/uploads\/2024\/07\/IMG_7045.jpeg",1284,708,false],"thumbnail":["https:\/\/quehacerpolitico.mx\/wp-content\/uploads\/2024\/07\/IMG_7045-150x150.jpeg",150,150,true],"medium":["https:\/\/quehacerpolitico.mx\/wp-content\/uploads\/2024\/07\/IMG_7045-300x165.jpeg",300,165,true],"medium_large":["https:\/\/quehacerpolitico.mx\/wp-content\/uploads\/2024\/07\/IMG_7045-768x423.jpeg",640,353,true],"large":["https:\/\/quehacerpolitico.mx\/wp-content\/uploads\/2024\/07\/IMG_7045-1024x565.jpeg",640,353,true],"1536x1536":["https:\/\/quehacerpolitico.mx\/wp-content\/uploads\/2024\/07\/IMG_7045.jpeg",1284,708,false],"2048x2048":["https:\/\/quehacerpolitico.mx\/wp-content\/uploads\/2024\/07\/IMG_7045.jpeg",1284,708,false],"covernews-featured":["https:\/\/quehacerpolitico.mx\/wp-content\/uploads\/2024\/07\/IMG_7045.jpeg",1024,565,false],"covernews-medium":["https:\/\/quehacerpolitico.mx\/wp-content\/uploads\/2024\/07\/IMG_7045.jpeg",540,298,false]},"author_info":{"display_name":"Redacci\u00f3n QP","author_link":"https:\/\/quehacerpolitico.mx\/?author=2"},"category_info":"<a href=\"https:\/\/quehacerpolitico.mx\/?cat=2\" rel=\"category\">Noticias<\/a>","tag_info":"Noticias","comment_count":"0","_links":{"self":[{"href":"https:\/\/quehacerpolitico.mx\/index.php?rest_route=\/wp\/v2\/posts\/111641","targetHints":{"allow":["GET"]}}],"collection":[{"href":"https:\/\/quehacerpolitico.mx\/index.php?rest_route=\/wp\/v2\/posts"}],"about":[{"href":"https:\/\/quehacerpolitico.mx\/index.php?rest_route=\/wp\/v2\/types\/post"}],"author":[{"embeddable":true,"href":"https:\/\/quehacerpolitico.mx\/index.php?rest_route=\/wp\/v2\/users\/2"}],"replies":[{"embeddable":true,"href":"https:\/\/quehacerpolitico.mx\/index.php?rest_route=%2Fwp%2Fv2%2Fcomments&post=111641"}],"version-history":[{"count":1,"href":"https:\/\/quehacerpolitico.mx\/index.php?rest_route=\/wp\/v2\/posts\/111641\/revisions"}],"predecessor-version":[{"id":111643,"href":"https:\/\/quehacerpolitico.mx\/index.php?rest_route=\/wp\/v2\/posts\/111641\/revisions\/111643"}],"wp:featuredmedia":[{"embeddable":true,"href":"https:\/\/quehacerpolitico.mx\/index.php?rest_route=\/wp\/v2\/media\/111642"}],"wp:attachment":[{"href":"https:\/\/quehacerpolitico.mx\/index.php?rest_route=%2Fwp%2Fv2%2Fmedia&parent=111641"}],"wp:term":[{"taxonomy":"category","embeddable":true,"href":"https:\/\/quehacerpolitico.mx\/index.php?rest_route=%2Fwp%2Fv2%2Fcategories&post=111641"},{"taxonomy":"post_tag","embeddable":true,"href":"https:\/\/quehacerpolitico.mx\/index.php?rest_route=%2Fwp%2Fv2%2Ftags&post=111641"}],"curies":[{"name":"wp","href":"https:\/\/api.w.org\/{rel}","templated":true}]}}