{"id":111563,"date":"2024-07-26T19:12:57","date_gmt":"2024-07-26T19:12:57","guid":{"rendered":"https:\/\/quehacerpolitico.mx\/?p=111563"},"modified":"2024-07-26T19:13:00","modified_gmt":"2024-07-26T19:13:00","slug":"el-gobierno-de-mexico-no-participo-en-la-detencion-de-el-mayo-zambada-y-jaoquin-guzman-lopez-rosa-icela-rodriguez","status":"publish","type":"post","link":"https:\/\/quehacerpolitico.mx\/?p=111563","title":{"rendered":"El gobierno de M\u00e9xico no particip\u00f3 en la detenci\u00f3n de &#8216;El Mayo&#8217; Zambada y Jaoqu\u00edn Guzm\u00e1n L\u00f3pez: Rosa Icela Rodr\u00edguez"},"content":{"rendered":"\n<p>Por Redacci\u00f3n QP<\/p>\n\n\n\n<p>La secretaria de Seguridad y Protecci\u00f3n Ciudadana,&nbsp;<strong>Rosa Icela Rodr\u00edguez<\/strong>, declar\u00f3 este viernes que el gobierno mexicano no particip\u00f3 en la detenci\u00f3n llevada a cabo ayer de&nbsp;<strong>Ismael&nbsp;<\/strong>\u201c<strong>El Mayo<\/strong>\u201d&nbsp;<strong>Zambada&nbsp;<\/strong>y&nbsp;<strong>Joaqu\u00edn Guzm\u00e1n L\u00f3pez<\/strong>, hijo de \u201c<strong>El Chapo<\/strong>\u201d, dos de los l\u00edderes del C\u00e1rtel de Sinaloa, en&nbsp;<strong>Estados Unidos<\/strong>.<\/p>\n\n\n\n<p>En la conferencia matutina del presidente&nbsp;<strong>Andr\u00e9s Manuel L\u00f3pez Obrador<\/strong>, Rodr\u00edguez aclar\u00f3 que, aunque se han mantenido en constante comunicaci\u00f3n y colaboraci\u00f3n con las autoridades estadounidenses en otros procesos de&nbsp;<strong>extradici\u00f3n&nbsp;<\/strong>e&nbsp;<strong>investigaci\u00f3n<\/strong>, no estuvieron involucrados en esta operaci\u00f3n espec\u00edfica.<\/p>\n\n\n\n<p>\u201cEl gobierno de M\u00e9xico no particip\u00f3 en esta&nbsp;<strong>detenci\u00f3n&nbsp;<\/strong>o entrega,\u201d afirm\u00f3 Rodr\u00edguez, subrayando que la informaci\u00f3n sobre si fue una captura o entrega es parte de una&nbsp;<strong>investigaci\u00f3n<\/strong>&nbsp;en curso.<\/p>\n\n\n\n<p>Rodr\u00edguez tambi\u00e9n inform\u00f3 que, seg\u00fan la&nbsp;<strong>embajada<\/strong>&nbsp;de Estados Unidos en M\u00e9xico, ni \u201cEl Mayo\u201d ni Guzm\u00e1n L\u00f3pez han sido liberados, y que se esperan&nbsp;<strong>detalles oficiales&nbsp;<\/strong>sobre las circunstancias de su detenci\u00f3n.<\/p>\n\n\n\n<figure class=\"wp-block-embed is-type-rich is-provider-twitter wp-block-embed-twitter\"><div class=\"wp-block-embed__wrapper\">\n<blockquote class=\"twitter-tweet\" data-width=\"550\" data-dnt=\"true\"><p lang=\"es\" dir=\"ltr\">\ud83d\udea8 CONFIRMADO: El gobierno de M\u00e9xico no particip\u00f3 en la detenci\u00f3n de &#39;El Mayo&#39; Zambada y Jaoqu\u00edn Guzm\u00e1n L\u00f3pez<br><br>-\u00bfFue entrega o arresto?<br><br>&quot;Es parte de la informaci\u00f3n que esperamos de EU&quot;, dice la secretaria de Seguridad, Rosa Icela Rodr\u00edguez<br><br>-\u00bfOvidio est\u00e1 libre? &quot;No&quot; <a href=\"https:\/\/t.co\/k0P3ELdnk0\">pic.twitter.com\/k0P3ELdnk0<\/a><\/p>&mdash; Manuel Lopez San Martin (@MLopezSanMartin) <a href=\"https:\/\/twitter.com\/MLopezSanMartin\/status\/1816841193873101144?ref_src=twsrc%5Etfw\">July 26, 2024<\/a><\/blockquote><script async src=\"https:\/\/platform.twitter.com\/widgets.js\" charset=\"utf-8\"><\/script>\n<\/div><\/figure>\n\n\n\n<p>La secretaria de Seguridad y Protecci\u00f3n Ciudadana detall\u00f3 que el d\u00eda de ayer, a las 3:30 horas, recibi\u00f3 una llamada de la&nbsp;<strong>embajada&nbsp;<\/strong>de los Estados Unidos en M\u00e9xico informando qu<strong>e \u201cEl Mayo\u201d Zambada<\/strong>&nbsp;y&nbsp;<strong>Joaqu\u00edn Guzm\u00e1n L\u00f3pez<\/strong>&nbsp;estaban bajo custodia de las autoridades estadounidenses en El Paso, Texas, y que poco despu\u00e9s, a las 3:45, le fue confirmada la&nbsp;<strong>identidad&nbsp;<\/strong>de ambas personas mediante un video.<\/p>\n\n\n\n<p>La funcionaria a\u00f1adi\u00f3 que la&nbsp;<strong>embajada estadounidense&nbsp;<\/strong>inform\u00f3 que la identidad de los detenidos fue verificada mediante&nbsp;<strong>huellas&nbsp;<\/strong>dactilares. La informaci\u00f3n fue comunicada de inmediato al presidente de M\u00e9xico, Andr\u00e9s Manuel L\u00f3pez Obrador, y a los secretarios de&nbsp;<strong>Marina&nbsp;<\/strong>y&nbsp;<strong>Defensa<\/strong>.<\/p>\n\n\n\n<p>M\u00e1s tarde, a las 6:22 horas, el fiscal general de Estados Unidos emiti\u00f3 un comunicado confirmando el arresto de&nbsp;<strong>Zambada&nbsp;<\/strong>y&nbsp;<strong>Guzm\u00e1n L\u00f3pez<\/strong><a href=\"https:\/\/twitter.com\/latinus_us\" target=\"_blank\" rel=\"noreferrer noopener\">.&nbsp;<\/a><\/p>\n\n\n\n<p>La Fiscal\u00eda General de la Rep\u00fablica (<strong>FGR<\/strong>) de M\u00e9xico inici\u00f3 una carpeta de investigaci\u00f3n, y las fiscal\u00edas estatales tambi\u00e9n est\u00e1n participando en las indagatorias correspondientes, dijo Rosa Icela Rodr\u00edguez.<\/p>\n\n\n\n<p>Asegur\u00f3 adem\u00e1s que durante la noche, el Instituto Nacional de Migraci\u00f3n (<strong>INM<\/strong>) inform\u00f3 que el vuelo que llev\u00f3 a Zambada y Guzm\u00e1n L\u00f3pez a Texas despeg\u00f3 el jueves del Aeropuerto Internacional de Hermosillo a las 8:00 de la ma\u00f1ana.<\/p>\n\n\n\n<figure class=\"wp-block-embed is-type-rich is-provider-twitter wp-block-embed-twitter\"><div class=\"wp-block-embed__wrapper\">\n<blockquote class=\"twitter-tweet\" data-width=\"550\" data-dnt=\"true\"><p lang=\"es\" dir=\"ltr\">El informe de Rosa Icela Rodr\u00edguez:<br><br>-M\u00e9xico no tuvo nada que ver en la detenci\u00f3n de &#39;El Mayo&#39; y Joaqu\u00edn Guzm\u00e1n L\u00f3pez<br><br>-El vuelo que termin\u00f3 con su arresto sali\u00f3 de Hermosillo, Sonora<br><br>-M\u00e9xico se enter\u00f3 por una llamada de la embajada de EU<br><br>-&#39;El Mayo&#39; tiene 4 \u00f3rdenes de\u2026 <a href=\"https:\/\/t.co\/qytFmbLeqS\">pic.twitter.com\/qytFmbLeqS<\/a><\/p>&mdash; Manuel Lopez San Martin (@MLopezSanMartin) <a href=\"https:\/\/twitter.com\/MLopezSanMartin\/status\/1816843271567749309?ref_src=twsrc%5Etfw\">July 26, 2024<\/a><\/blockquote><script async src=\"https:\/\/platform.twitter.com\/widgets.js\" charset=\"utf-8\"><\/script>\n<\/div><\/figure>\n\n\n\n<p>La aeronave, una&nbsp;<strong>Cessna 205<\/strong>, estaba pilotada por<strong>&nbsp;Larry Curtis Parker<\/strong>. Las autoridades mexicanas han revisado las im\u00e1genes de las c\u00e1maras de seguridad del aeropuerto para confirmar la salida de la aeronave.<\/p>\n\n\n\n<p>La titular de la SSPC dijo que en los registros sobre el itinerario del vuelo consta que despeg\u00f3 con una persona, el piloto, y a<strong>&nbsp;El Paso<\/strong>&nbsp;llegaron tres personas, asegurando que a\u00fan se est\u00e1 investigando por parte de las autoridades de ambos pa\u00edses la informaci\u00f3n precisa de este caso.<\/p>\n","protected":false},"excerpt":{"rendered":"<p>Por Redacci\u00f3n QP La secretaria de Seguridad y Protecci\u00f3n Ciudadana,&nbsp;Rosa Icela Rodr\u00edguez, declar\u00f3 este viernes&#8230;<\/p>\n","protected":false},"author":2,"featured_media":111565,"comment_status":"open","ping_status":"open","sticky":false,"template":"","format":"standard","meta":{"_monsterinsights_skip_tracking":false,"_monsterinsights_sitenote_active":false,"_monsterinsights_sitenote_note":"","_monsterinsights_sitenote_category":0,"footnotes":""},"categories":[2],"tags":[],"class_list":["post-111563","post","type-post","status-publish","format-standard","has-post-thumbnail","hentry","category-noticias"],"yoast_head":"<!-- This site is optimized with the Yoast SEO plugin v27.3 - https:\/\/yoast.com\/product\/yoast-seo-wordpress\/ -->\n<title>El gobierno de M\u00e9xico no particip\u00f3 en la detenci\u00f3n de &#039;El Mayo&#039; Zambada y Jaoqu\u00edn Guzm\u00e1n L\u00f3pez: Rosa Icela Rodr\u00edguez -<\/title>\n<meta name=\"robots\" content=\"index, follow, max-snippet:-1, max-image-preview:large, max-video-preview:-1\" \/>\n<link rel=\"canonical\" href=\"https:\/\/quehacerpolitico.mx\/?p=111563\" \/>\n<meta property=\"og:locale\" content=\"es_MX\" \/>\n<meta property=\"og:type\" content=\"article\" \/>\n<meta property=\"og:title\" content=\"El gobierno de M\u00e9xico no particip\u00f3 en la detenci\u00f3n de &#039;El Mayo&#039; Zambada y Jaoqu\u00edn Guzm\u00e1n L\u00f3pez: Rosa Icela Rodr\u00edguez -\" \/>\n<meta property=\"og:description\" content=\"Por Redacci\u00f3n QP La secretaria de Seguridad y Protecci\u00f3n Ciudadana,&nbsp;Rosa Icela Rodr\u00edguez, declar\u00f3 este viernes...\" \/>\n<meta property=\"og:url\" content=\"https:\/\/quehacerpolitico.mx\/?p=111563\" \/>\n<meta property=\"article:published_time\" content=\"2024-07-26T19:12:57+00:00\" \/>\n<meta property=\"article:modified_time\" content=\"2024-07-26T19:13:00+00:00\" \/>\n<meta property=\"og:image\" content=\"https:\/\/quehacerpolitico.mx\/wp-content\/uploads\/2024\/07\/IMG_6938-1.png\" \/>\n\t<meta property=\"og:image:width\" content=\"678\" \/>\n\t<meta property=\"og:image:height\" content=\"405\" \/>\n\t<meta property=\"og:image:type\" content=\"image\/png\" \/>\n<meta name=\"author\" content=\"Redacci\u00f3n QP\" \/>\n<meta name=\"twitter:card\" content=\"summary_large_image\" \/>\n<meta name=\"twitter:label1\" content=\"Escrito por\" \/>\n\t<meta name=\"twitter:data1\" content=\"Redacci\u00f3n QP\" \/>\n\t<meta name=\"twitter:label2\" content=\"Tiempo de lectura\" \/>\n\t<meta name=\"twitter:data2\" content=\"3 minutos\" \/>\n<script type=\"application\/ld+json\" class=\"yoast-schema-graph\">{\"@context\":\"https:\\\/\\\/schema.org\",\"@graph\":[{\"@type\":\"Article\",\"@id\":\"https:\\\/\\\/quehacerpolitico.mx\\\/?p=111563#article\",\"isPartOf\":{\"@id\":\"https:\\\/\\\/quehacerpolitico.mx\\\/?p=111563\"},\"author\":{\"name\":\"Redacci\u00f3n QP\",\"@id\":\"https:\\\/\\\/quehacerpolitico.mx\\\/#\\\/schema\\\/person\\\/496d8ad2d1d3f8036101dca7ee39e585\"},\"headline\":\"El gobierno de M\u00e9xico no particip\u00f3 en la detenci\u00f3n de &#8216;El Mayo&#8217; Zambada y Jaoqu\u00edn Guzm\u00e1n L\u00f3pez: Rosa Icela Rodr\u00edguez\",\"datePublished\":\"2024-07-26T19:12:57+00:00\",\"dateModified\":\"2024-07-26T19:13:00+00:00\",\"mainEntityOfPage\":{\"@id\":\"https:\\\/\\\/quehacerpolitico.mx\\\/?p=111563\"},\"wordCount\":585,\"commentCount\":0,\"image\":{\"@id\":\"https:\\\/\\\/quehacerpolitico.mx\\\/?p=111563#primaryimage\"},\"thumbnailUrl\":\"https:\\\/\\\/quehacerpolitico.mx\\\/wp-content\\\/uploads\\\/2024\\\/07\\\/IMG_6938-1.png\",\"articleSection\":[\"Noticias\"],\"inLanguage\":\"es\",\"potentialAction\":[{\"@type\":\"CommentAction\",\"name\":\"Comment\",\"target\":[\"https:\\\/\\\/quehacerpolitico.mx\\\/?p=111563#respond\"]}]},{\"@type\":\"WebPage\",\"@id\":\"https:\\\/\\\/quehacerpolitico.mx\\\/?p=111563\",\"url\":\"https:\\\/\\\/quehacerpolitico.mx\\\/?p=111563\",\"name\":\"El gobierno de M\u00e9xico no particip\u00f3 en la detenci\u00f3n de 'El Mayo' Zambada y Jaoqu\u00edn Guzm\u00e1n L\u00f3pez: Rosa Icela Rodr\u00edguez -\",\"isPartOf\":{\"@id\":\"https:\\\/\\\/quehacerpolitico.mx\\\/#website\"},\"primaryImageOfPage\":{\"@id\":\"https:\\\/\\\/quehacerpolitico.mx\\\/?p=111563#primaryimage\"},\"image\":{\"@id\":\"https:\\\/\\\/quehacerpolitico.mx\\\/?p=111563#primaryimage\"},\"thumbnailUrl\":\"https:\\\/\\\/quehacerpolitico.mx\\\/wp-content\\\/uploads\\\/2024\\\/07\\\/IMG_6938-1.png\",\"datePublished\":\"2024-07-26T19:12:57+00:00\",\"dateModified\":\"2024-07-26T19:13:00+00:00\",\"author\":{\"@id\":\"https:\\\/\\\/quehacerpolitico.mx\\\/#\\\/schema\\\/person\\\/496d8ad2d1d3f8036101dca7ee39e585\"},\"breadcrumb\":{\"@id\":\"https:\\\/\\\/quehacerpolitico.mx\\\/?p=111563#breadcrumb\"},\"inLanguage\":\"es\",\"potentialAction\":[{\"@type\":\"ReadAction\",\"target\":[\"https:\\\/\\\/quehacerpolitico.mx\\\/?p=111563\"]}]},{\"@type\":\"ImageObject\",\"inLanguage\":\"es\",\"@id\":\"https:\\\/\\\/quehacerpolitico.mx\\\/?p=111563#primaryimage\",\"url\":\"https:\\\/\\\/quehacerpolitico.mx\\\/wp-content\\\/uploads\\\/2024\\\/07\\\/IMG_6938-1.png\",\"contentUrl\":\"https:\\\/\\\/quehacerpolitico.mx\\\/wp-content\\\/uploads\\\/2024\\\/07\\\/IMG_6938-1.png\",\"width\":678,\"height\":405},{\"@type\":\"BreadcrumbList\",\"@id\":\"https:\\\/\\\/quehacerpolitico.mx\\\/?p=111563#breadcrumb\",\"itemListElement\":[{\"@type\":\"ListItem\",\"position\":1,\"name\":\"Inicio\",\"item\":\"https:\\\/\\\/quehacerpolitico.mx\\\/\"},{\"@type\":\"ListItem\",\"position\":2,\"name\":\"El gobierno de M\u00e9xico no particip\u00f3 en la detenci\u00f3n de &#8216;El Mayo&#8217; Zambada y Jaoqu\u00edn Guzm\u00e1n L\u00f3pez: Rosa Icela Rodr\u00edguez\"}]},{\"@type\":\"WebSite\",\"@id\":\"https:\\\/\\\/quehacerpolitico.mx\\\/#website\",\"url\":\"https:\\\/\\\/quehacerpolitico.mx\\\/\",\"name\":\"\",\"description\":\"\",\"potentialAction\":[{\"@type\":\"SearchAction\",\"target\":{\"@type\":\"EntryPoint\",\"urlTemplate\":\"https:\\\/\\\/quehacerpolitico.mx\\\/?s={search_term_string}\"},\"query-input\":{\"@type\":\"PropertyValueSpecification\",\"valueRequired\":true,\"valueName\":\"search_term_string\"}}],\"inLanguage\":\"es\"},{\"@type\":\"Person\",\"@id\":\"https:\\\/\\\/quehacerpolitico.mx\\\/#\\\/schema\\\/person\\\/496d8ad2d1d3f8036101dca7ee39e585\",\"name\":\"Redacci\u00f3n QP\",\"image\":{\"@type\":\"ImageObject\",\"inLanguage\":\"es\",\"@id\":\"https:\\\/\\\/secure.gravatar.com\\\/avatar\\\/c7164ed6fdec453195284ad24a5ae5b6e1eed2b848477fa2a4787ba9adf39a41?s=96&d=mm&r=g\",\"url\":\"https:\\\/\\\/secure.gravatar.com\\\/avatar\\\/c7164ed6fdec453195284ad24a5ae5b6e1eed2b848477fa2a4787ba9adf39a41?s=96&d=mm&r=g\",\"contentUrl\":\"https:\\\/\\\/secure.gravatar.com\\\/avatar\\\/c7164ed6fdec453195284ad24a5ae5b6e1eed2b848477fa2a4787ba9adf39a41?s=96&d=mm&r=g\",\"caption\":\"Redacci\u00f3n QP\"},\"url\":\"https:\\\/\\\/quehacerpolitico.mx\\\/?author=2\"}]}<\/script>\n<!-- \/ Yoast SEO plugin. -->","yoast_head_json":{"title":"El gobierno de M\u00e9xico no particip\u00f3 en la detenci\u00f3n de 'El Mayo' Zambada y Jaoqu\u00edn Guzm\u00e1n L\u00f3pez: Rosa Icela Rodr\u00edguez -","robots":{"index":"index","follow":"follow","max-snippet":"max-snippet:-1","max-image-preview":"max-image-preview:large","max-video-preview":"max-video-preview:-1"},"canonical":"https:\/\/quehacerpolitico.mx\/?p=111563","og_locale":"es_MX","og_type":"article","og_title":"El gobierno de M\u00e9xico no particip\u00f3 en la detenci\u00f3n de 'El Mayo' Zambada y Jaoqu\u00edn Guzm\u00e1n L\u00f3pez: Rosa Icela Rodr\u00edguez -","og_description":"Por Redacci\u00f3n QP La secretaria de Seguridad y Protecci\u00f3n Ciudadana,&nbsp;Rosa Icela Rodr\u00edguez, declar\u00f3 este viernes...","og_url":"https:\/\/quehacerpolitico.mx\/?p=111563","article_published_time":"2024-07-26T19:12:57+00:00","article_modified_time":"2024-07-26T19:13:00+00:00","og_image":[{"width":678,"height":405,"url":"https:\/\/quehacerpolitico.mx\/wp-content\/uploads\/2024\/07\/IMG_6938-1.png","type":"image\/png"}],"author":"Redacci\u00f3n QP","twitter_card":"summary_large_image","twitter_misc":{"Escrito por":"Redacci\u00f3n QP","Tiempo de lectura":"3 minutos"},"schema":{"@context":"https:\/\/schema.org","@graph":[{"@type":"Article","@id":"https:\/\/quehacerpolitico.mx\/?p=111563#article","isPartOf":{"@id":"https:\/\/quehacerpolitico.mx\/?p=111563"},"author":{"name":"Redacci\u00f3n QP","@id":"https:\/\/quehacerpolitico.mx\/#\/schema\/person\/496d8ad2d1d3f8036101dca7ee39e585"},"headline":"El gobierno de M\u00e9xico no particip\u00f3 en la detenci\u00f3n de &#8216;El Mayo&#8217; Zambada y Jaoqu\u00edn Guzm\u00e1n L\u00f3pez: Rosa Icela Rodr\u00edguez","datePublished":"2024-07-26T19:12:57+00:00","dateModified":"2024-07-26T19:13:00+00:00","mainEntityOfPage":{"@id":"https:\/\/quehacerpolitico.mx\/?p=111563"},"wordCount":585,"commentCount":0,"image":{"@id":"https:\/\/quehacerpolitico.mx\/?p=111563#primaryimage"},"thumbnailUrl":"https:\/\/quehacerpolitico.mx\/wp-content\/uploads\/2024\/07\/IMG_6938-1.png","articleSection":["Noticias"],"inLanguage":"es","potentialAction":[{"@type":"CommentAction","name":"Comment","target":["https:\/\/quehacerpolitico.mx\/?p=111563#respond"]}]},{"@type":"WebPage","@id":"https:\/\/quehacerpolitico.mx\/?p=111563","url":"https:\/\/quehacerpolitico.mx\/?p=111563","name":"El gobierno de M\u00e9xico no particip\u00f3 en la detenci\u00f3n de 'El Mayo' Zambada y Jaoqu\u00edn Guzm\u00e1n L\u00f3pez: Rosa Icela Rodr\u00edguez -","isPartOf":{"@id":"https:\/\/quehacerpolitico.mx\/#website"},"primaryImageOfPage":{"@id":"https:\/\/quehacerpolitico.mx\/?p=111563#primaryimage"},"image":{"@id":"https:\/\/quehacerpolitico.mx\/?p=111563#primaryimage"},"thumbnailUrl":"https:\/\/quehacerpolitico.mx\/wp-content\/uploads\/2024\/07\/IMG_6938-1.png","datePublished":"2024-07-26T19:12:57+00:00","dateModified":"2024-07-26T19:13:00+00:00","author":{"@id":"https:\/\/quehacerpolitico.mx\/#\/schema\/person\/496d8ad2d1d3f8036101dca7ee39e585"},"breadcrumb":{"@id":"https:\/\/quehacerpolitico.mx\/?p=111563#breadcrumb"},"inLanguage":"es","potentialAction":[{"@type":"ReadAction","target":["https:\/\/quehacerpolitico.mx\/?p=111563"]}]},{"@type":"ImageObject","inLanguage":"es","@id":"https:\/\/quehacerpolitico.mx\/?p=111563#primaryimage","url":"https:\/\/quehacerpolitico.mx\/wp-content\/uploads\/2024\/07\/IMG_6938-1.png","contentUrl":"https:\/\/quehacerpolitico.mx\/wp-content\/uploads\/2024\/07\/IMG_6938-1.png","width":678,"height":405},{"@type":"BreadcrumbList","@id":"https:\/\/quehacerpolitico.mx\/?p=111563#breadcrumb","itemListElement":[{"@type":"ListItem","position":1,"name":"Inicio","item":"https:\/\/quehacerpolitico.mx\/"},{"@type":"ListItem","position":2,"name":"El gobierno de M\u00e9xico no particip\u00f3 en la detenci\u00f3n de &#8216;El Mayo&#8217; Zambada y Jaoqu\u00edn Guzm\u00e1n L\u00f3pez: Rosa Icela Rodr\u00edguez"}]},{"@type":"WebSite","@id":"https:\/\/quehacerpolitico.mx\/#website","url":"https:\/\/quehacerpolitico.mx\/","name":"","description":"","potentialAction":[{"@type":"SearchAction","target":{"@type":"EntryPoint","urlTemplate":"https:\/\/quehacerpolitico.mx\/?s={search_term_string}"},"query-input":{"@type":"PropertyValueSpecification","valueRequired":true,"valueName":"search_term_string"}}],"inLanguage":"es"},{"@type":"Person","@id":"https:\/\/quehacerpolitico.mx\/#\/schema\/person\/496d8ad2d1d3f8036101dca7ee39e585","name":"Redacci\u00f3n QP","image":{"@type":"ImageObject","inLanguage":"es","@id":"https:\/\/secure.gravatar.com\/avatar\/c7164ed6fdec453195284ad24a5ae5b6e1eed2b848477fa2a4787ba9adf39a41?s=96&d=mm&r=g","url":"https:\/\/secure.gravatar.com\/avatar\/c7164ed6fdec453195284ad24a5ae5b6e1eed2b848477fa2a4787ba9adf39a41?s=96&d=mm&r=g","contentUrl":"https:\/\/secure.gravatar.com\/avatar\/c7164ed6fdec453195284ad24a5ae5b6e1eed2b848477fa2a4787ba9adf39a41?s=96&d=mm&r=g","caption":"Redacci\u00f3n QP"},"url":"https:\/\/quehacerpolitico.mx\/?author=2"}]}},"featured_image_urls":{"full":["https:\/\/quehacerpolitico.mx\/wp-content\/uploads\/2024\/07\/IMG_6938-1.png",678,405,false],"thumbnail":["https:\/\/quehacerpolitico.mx\/wp-content\/uploads\/2024\/07\/IMG_6938-1-150x150.png",150,150,true],"medium":["https:\/\/quehacerpolitico.mx\/wp-content\/uploads\/2024\/07\/IMG_6938-1-300x179.png",300,179,true],"medium_large":["https:\/\/quehacerpolitico.mx\/wp-content\/uploads\/2024\/07\/IMG_6938-1.png",640,382,false],"large":["https:\/\/quehacerpolitico.mx\/wp-content\/uploads\/2024\/07\/IMG_6938-1.png",640,382,false],"1536x1536":["https:\/\/quehacerpolitico.mx\/wp-content\/uploads\/2024\/07\/IMG_6938-1.png",678,405,false],"2048x2048":["https:\/\/quehacerpolitico.mx\/wp-content\/uploads\/2024\/07\/IMG_6938-1.png",678,405,false],"covernews-featured":["https:\/\/quehacerpolitico.mx\/wp-content\/uploads\/2024\/07\/IMG_6938-1.png",678,405,false],"covernews-medium":["https:\/\/quehacerpolitico.mx\/wp-content\/uploads\/2024\/07\/IMG_6938-1.png",540,323,false]},"author_info":{"display_name":"Redacci\u00f3n QP","author_link":"https:\/\/quehacerpolitico.mx\/?author=2"},"category_info":"<a href=\"https:\/\/quehacerpolitico.mx\/?cat=2\" rel=\"category\">Noticias<\/a>","tag_info":"Noticias","comment_count":"0","_links":{"self":[{"href":"https:\/\/quehacerpolitico.mx\/index.php?rest_route=\/wp\/v2\/posts\/111563","targetHints":{"allow":["GET"]}}],"collection":[{"href":"https:\/\/quehacerpolitico.mx\/index.php?rest_route=\/wp\/v2\/posts"}],"about":[{"href":"https:\/\/quehacerpolitico.mx\/index.php?rest_route=\/wp\/v2\/types\/post"}],"author":[{"embeddable":true,"href":"https:\/\/quehacerpolitico.mx\/index.php?rest_route=\/wp\/v2\/users\/2"}],"replies":[{"embeddable":true,"href":"https:\/\/quehacerpolitico.mx\/index.php?rest_route=%2Fwp%2Fv2%2Fcomments&post=111563"}],"version-history":[{"count":1,"href":"https:\/\/quehacerpolitico.mx\/index.php?rest_route=\/wp\/v2\/posts\/111563\/revisions"}],"predecessor-version":[{"id":111566,"href":"https:\/\/quehacerpolitico.mx\/index.php?rest_route=\/wp\/v2\/posts\/111563\/revisions\/111566"}],"wp:featuredmedia":[{"embeddable":true,"href":"https:\/\/quehacerpolitico.mx\/index.php?rest_route=\/wp\/v2\/media\/111565"}],"wp:attachment":[{"href":"https:\/\/quehacerpolitico.mx\/index.php?rest_route=%2Fwp%2Fv2%2Fmedia&parent=111563"}],"wp:term":[{"taxonomy":"category","embeddable":true,"href":"https:\/\/quehacerpolitico.mx\/index.php?rest_route=%2Fwp%2Fv2%2Fcategories&post=111563"},{"taxonomy":"post_tag","embeddable":true,"href":"https:\/\/quehacerpolitico.mx\/index.php?rest_route=%2Fwp%2Fv2%2Ftags&post=111563"}],"curies":[{"name":"wp","href":"https:\/\/api.w.org\/{rel}","templated":true}]}}