{"id":111539,"date":"2024-07-25T18:49:05","date_gmt":"2024-07-25T18:49:05","guid":{"rendered":"https:\/\/quehacerpolitico.mx\/?p=111539"},"modified":"2024-07-25T18:49:08","modified_gmt":"2024-07-25T18:49:08","slug":"fraude-en-segalmex-la-mancha-que-me-llevo-amlo","status":"publish","type":"post","link":"https:\/\/quehacerpolitico.mx\/?p=111539","title":{"rendered":"&#8220;Fraude en Segalmex, la mancha que me llevo&#8221;, AMLO"},"content":{"rendered":"\n<p>Por Redacci\u00f3n QP<\/p>\n\n\n\n<p>El presidente de M\u00e9xico,\u00a0<strong>Andr\u00e9s Manuel L\u00f3pez Obrador<\/strong>, afirm\u00f3 este jueves que el fraude en Seguridad Alimentaria Mexicana (<strong>Segalmex<\/strong>) ocurrido durante su gobierno ser\u00e1 la \u201cmancha\u201d que se llevar\u00e1, lament\u00f3 que los\u00a0<strong>funcionarios\u00a0<\/strong>del organismo se corrompieran por \u201cdescuido o mala suerte\u201d y asegur\u00f3 que no hay\u00a0<strong>impunidad\u00a0<\/strong>en el caso, aunque su extitular\u00a0<strong>Ignacio Ovalle\u00a0<\/strong>se encuentra libre.<\/p>\n\n\n\n<p>\u201cUna de las cosas que m\u00e1s lamento fue el fraude en&nbsp;<strong>Segalmex<\/strong>, porque era una nueva dependencia para apoyar a los&nbsp;<strong>productores&nbsp;<\/strong>del campo muy parecida a&nbsp;<strong>Conasupo<\/strong>, de los viejos tiempos, desde luego buscando que no siguiera esos pasos de&nbsp;<strong>corrupci\u00f3n<\/strong>, pero con el prop\u00f3sito de ayudar a los productores, entonces en sus tiempos Conasupo fue muy combatida por los caciques, los acaparadores, los coyotes\u201d.<\/p>\n\n\n\n<p>\u201cCreamos esta dependencia y por&nbsp;<strong>descuido<\/strong>, mala suerte, se&nbsp;<strong>corrompen&nbsp;<\/strong>funcionarios y lo lament\u00e9 mucho, claro, est\u00e1n en la&nbsp;<strong>c\u00e1rcel&nbsp;<\/strong>los responsables y no hay&nbsp;<strong>impunidad&nbsp;<\/strong>para nadie, yo dir\u00eda que esa es la&nbsp;<strong>mancha&nbsp;<\/strong>que me llevo, aun cuando enfrentamos esa&nbsp;<strong>corrupci\u00f3n&nbsp;<\/strong>sin tolerancia de ning\u00fan tipo, se recuper\u00f3 el&nbsp;<strong>dinero<\/strong>, eso se tiene que informar, antes de que me vaya se va a informar sobre eso, pero es un caso&nbsp;<strong>aislado<\/strong>\u201c, afirm\u00f3 durante su conferencia matutina.<\/p>\n\n\n\n<figure class=\"wp-block-embed is-type-rich is-provider-twitter wp-block-embed-twitter\"><div class=\"wp-block-embed__wrapper\">\n<blockquote class=\"twitter-tweet\" data-width=\"550\" data-dnt=\"true\"><p lang=\"es\" dir=\"ltr\">&quot;Fraude en <a href=\"https:\/\/twitter.com\/hashtag\/Segalmex?src=hash&amp;ref_src=twsrc%5Etfw\">#Segalmex<\/a>, la mancha que me llevo&quot;, AMLO <a href=\"https:\/\/t.co\/aQwLnalWsI\">pic.twitter.com\/aQwLnalWsI<\/a><\/p>&mdash; Manuel Lopez San Martin (@MLopezSanMartin) <a href=\"https:\/\/twitter.com\/MLopezSanMartin\/status\/1816521293212319791?ref_src=twsrc%5Etfw\">July 25, 2024<\/a><\/blockquote><script async src=\"https:\/\/platform.twitter.com\/widgets.js\" charset=\"utf-8\"><\/script>\n<\/div><\/figure>\n\n\n\n<p>En junio del a\u00f1o pasado, el mandatario federal dijo que&nbsp;<strong>Ignacio Ovalle<\/strong>, quien fue designado como titular de&nbsp;<strong>Segalmex<\/strong>&nbsp;en 2018, cometi\u00f3 el error de invitar a personas con antecedentes de&nbsp;<strong>corrupci\u00f3n<\/strong>&nbsp;y fue enga\u00f1ado&nbsp;por&nbsp;<strong>funcionarios<\/strong>&nbsp;que empezaron a hacer&nbsp;<strong>compras<\/strong>&nbsp;y colocaron&nbsp;<strong>bonos<\/strong>&nbsp;fraudulentos.<\/p>\n\n\n\n<p>\u201cEstos funcionarios, como era antes, empiezan a colocar dinero p\u00fablico en&nbsp;<strong>bonos<\/strong>, como casas de bolsa, en donde supuestamente les ofrec\u00edan m\u00e1s&nbsp;<strong>intereses<\/strong>, por tener ah\u00ed el dinero, cuando eran empresas creadas para&nbsp;<strong>robar<\/strong>\u201c.&nbsp;<\/p>\n\n\n\n<p>\u201cY pues hubo un&nbsp;<strong>desfalco<\/strong>, en el caso de estas casas de bonos, como s\u00ed tiene que ver con el&nbsp;<strong>sistema<\/strong>&nbsp;<strong>bancario financiero<\/strong>, s\u00ed hemos podido recuperar los recursos, pero est\u00e1n en proceso todav\u00eda otros asuntos, otras&nbsp;<strong>denuncias<\/strong>, hay detenidos, hay gente&nbsp;<strong>pr\u00f3fuga<\/strong>, pero no vamos a dejar el tema\u201d, asegur\u00f3.<\/p>\n\n\n\n<p>Por el caso, Ren\u00e9 Gavira, extitular de&nbsp;<strong>Segalmex<\/strong>, fue vinculado a proceso por los delitos de&nbsp;<strong>delincuencia organizada&nbsp;<\/strong>con la finalidad de cometer operaciones con recursos de procedencia il\u00edcita y&nbsp;<strong>peculado<\/strong>, derivado del desfalco por m\u00e1s de 142 millones de pesos a&nbsp;<strong>Diconsa<\/strong>.<\/p>\n\n\n\n<p>El&nbsp;<strong>exfuncionario<\/strong>&nbsp;es se\u00f1alado de, en calidad de titular de la Unidad de Administraci\u00f3n y Finanzas de Segalmex, haber conformado una red de socios comerciales con el fin de otorgarles<strong>&nbsp;contratos il\u00edcitos<\/strong>&nbsp;de Liconsa, Diconsa y&nbsp;<strong>Segalmex<\/strong><a href=\"https:\/\/twitter.com\/AlcCuauhtemocMx\/status\/1785512193057796286\">.<\/a><\/p>\n\n\n\n<p>En tanto, L\u00f3pez Obrador omiti\u00f3 mencionar el caso de&nbsp;<strong>Am\u00edlcar Ol\u00e1n<\/strong>, beneficiario de numerosos contratos obtenidos mediante presunto tr\u00e1fico de&nbsp;<strong>influencias<\/strong>&nbsp;por parte de sus hijos Andy y \u201cBobby\u201d L\u00f3pez Beltr\u00e1n, y de quien ha se\u00f1alado no ser\u00e1 investigado por la Unidad de Inteligencia Financiera (<strong>UIF<\/strong>).<\/p>\n\n\n\n<p><em>Latinus<\/em>&nbsp;ha revelado la obtenci\u00f3n de contratos de venta de balasto para el&nbsp;<strong>Tren Maya&nbsp;<\/strong>y sobornos para evadir las pruebas de calidad de la piedra, entre otros negocios en los que est\u00e1 involucrado Ol\u00e1n, aunque cuestionado sobre una posible indagatoria el mandatario federal respondi\u00f3: \u201c<strong>Para qu\u00e9<\/strong>\u201d.<\/p>\n","protected":false},"excerpt":{"rendered":"<p>Por Redacci\u00f3n QP El presidente de M\u00e9xico,\u00a0Andr\u00e9s Manuel L\u00f3pez Obrador, afirm\u00f3 este jueves que el&#8230;<\/p>\n","protected":false},"author":2,"featured_media":111540,"comment_status":"open","ping_status":"open","sticky":false,"template":"","format":"standard","meta":{"_monsterinsights_skip_tracking":false,"_monsterinsights_sitenote_active":false,"_monsterinsights_sitenote_note":"","_monsterinsights_sitenote_category":0,"footnotes":""},"categories":[2],"tags":[],"class_list":["post-111539","post","type-post","status-publish","format-standard","has-post-thumbnail","hentry","category-noticias"],"yoast_head":"<!-- This site is optimized with the Yoast SEO plugin v27.3 - https:\/\/yoast.com\/product\/yoast-seo-wordpress\/ -->\n<title>&quot;Fraude en Segalmex, la mancha que me llevo&quot;, AMLO -<\/title>\n<meta name=\"robots\" content=\"index, follow, max-snippet:-1, max-image-preview:large, max-video-preview:-1\" \/>\n<link rel=\"canonical\" href=\"https:\/\/quehacerpolitico.mx\/?p=111539\" \/>\n<meta property=\"og:locale\" content=\"es_MX\" \/>\n<meta property=\"og:type\" content=\"article\" \/>\n<meta property=\"og:title\" content=\"&quot;Fraude en Segalmex, la mancha que me llevo&quot;, AMLO -\" \/>\n<meta property=\"og:description\" content=\"Por Redacci\u00f3n QP El presidente de M\u00e9xico,\u00a0Andr\u00e9s Manuel L\u00f3pez Obrador, afirm\u00f3 este jueves que el...\" \/>\n<meta property=\"og:url\" content=\"https:\/\/quehacerpolitico.mx\/?p=111539\" \/>\n<meta property=\"article:published_time\" content=\"2024-07-25T18:49:05+00:00\" \/>\n<meta property=\"article:modified_time\" content=\"2024-07-25T18:49:08+00:00\" \/>\n<meta property=\"og:image\" content=\"https:\/\/quehacerpolitico.mx\/wp-content\/uploads\/2024\/07\/IMG_6903.jpeg\" \/>\n\t<meta property=\"og:image:width\" content=\"1284\" \/>\n\t<meta property=\"og:image:height\" content=\"708\" \/>\n\t<meta property=\"og:image:type\" content=\"image\/jpeg\" \/>\n<meta name=\"author\" content=\"Redacci\u00f3n QP\" \/>\n<meta name=\"twitter:card\" content=\"summary_large_image\" \/>\n<meta name=\"twitter:label1\" content=\"Escrito por\" \/>\n\t<meta name=\"twitter:data1\" content=\"Redacci\u00f3n QP\" \/>\n\t<meta name=\"twitter:label2\" content=\"Tiempo de lectura\" \/>\n\t<meta name=\"twitter:data2\" content=\"3 minutos\" \/>\n<script type=\"application\/ld+json\" class=\"yoast-schema-graph\">{\"@context\":\"https:\\\/\\\/schema.org\",\"@graph\":[{\"@type\":\"Article\",\"@id\":\"https:\\\/\\\/quehacerpolitico.mx\\\/?p=111539#article\",\"isPartOf\":{\"@id\":\"https:\\\/\\\/quehacerpolitico.mx\\\/?p=111539\"},\"author\":{\"name\":\"Redacci\u00f3n QP\",\"@id\":\"https:\\\/\\\/quehacerpolitico.mx\\\/#\\\/schema\\\/person\\\/496d8ad2d1d3f8036101dca7ee39e585\"},\"headline\":\"&#8220;Fraude en Segalmex, la mancha que me llevo&#8221;, AMLO\",\"datePublished\":\"2024-07-25T18:49:05+00:00\",\"dateModified\":\"2024-07-25T18:49:08+00:00\",\"mainEntityOfPage\":{\"@id\":\"https:\\\/\\\/quehacerpolitico.mx\\\/?p=111539\"},\"wordCount\":618,\"commentCount\":0,\"image\":{\"@id\":\"https:\\\/\\\/quehacerpolitico.mx\\\/?p=111539#primaryimage\"},\"thumbnailUrl\":\"https:\\\/\\\/quehacerpolitico.mx\\\/wp-content\\\/uploads\\\/2024\\\/07\\\/IMG_6903.jpeg\",\"articleSection\":[\"Noticias\"],\"inLanguage\":\"es\",\"potentialAction\":[{\"@type\":\"CommentAction\",\"name\":\"Comment\",\"target\":[\"https:\\\/\\\/quehacerpolitico.mx\\\/?p=111539#respond\"]}]},{\"@type\":\"WebPage\",\"@id\":\"https:\\\/\\\/quehacerpolitico.mx\\\/?p=111539\",\"url\":\"https:\\\/\\\/quehacerpolitico.mx\\\/?p=111539\",\"name\":\"\\\"Fraude en Segalmex, la mancha que me llevo\\\", AMLO -\",\"isPartOf\":{\"@id\":\"https:\\\/\\\/quehacerpolitico.mx\\\/#website\"},\"primaryImageOfPage\":{\"@id\":\"https:\\\/\\\/quehacerpolitico.mx\\\/?p=111539#primaryimage\"},\"image\":{\"@id\":\"https:\\\/\\\/quehacerpolitico.mx\\\/?p=111539#primaryimage\"},\"thumbnailUrl\":\"https:\\\/\\\/quehacerpolitico.mx\\\/wp-content\\\/uploads\\\/2024\\\/07\\\/IMG_6903.jpeg\",\"datePublished\":\"2024-07-25T18:49:05+00:00\",\"dateModified\":\"2024-07-25T18:49:08+00:00\",\"author\":{\"@id\":\"https:\\\/\\\/quehacerpolitico.mx\\\/#\\\/schema\\\/person\\\/496d8ad2d1d3f8036101dca7ee39e585\"},\"breadcrumb\":{\"@id\":\"https:\\\/\\\/quehacerpolitico.mx\\\/?p=111539#breadcrumb\"},\"inLanguage\":\"es\",\"potentialAction\":[{\"@type\":\"ReadAction\",\"target\":[\"https:\\\/\\\/quehacerpolitico.mx\\\/?p=111539\"]}]},{\"@type\":\"ImageObject\",\"inLanguage\":\"es\",\"@id\":\"https:\\\/\\\/quehacerpolitico.mx\\\/?p=111539#primaryimage\",\"url\":\"https:\\\/\\\/quehacerpolitico.mx\\\/wp-content\\\/uploads\\\/2024\\\/07\\\/IMG_6903.jpeg\",\"contentUrl\":\"https:\\\/\\\/quehacerpolitico.mx\\\/wp-content\\\/uploads\\\/2024\\\/07\\\/IMG_6903.jpeg\",\"width\":1284,\"height\":708,\"caption\":\"Screenshot\"},{\"@type\":\"BreadcrumbList\",\"@id\":\"https:\\\/\\\/quehacerpolitico.mx\\\/?p=111539#breadcrumb\",\"itemListElement\":[{\"@type\":\"ListItem\",\"position\":1,\"name\":\"Inicio\",\"item\":\"https:\\\/\\\/quehacerpolitico.mx\\\/\"},{\"@type\":\"ListItem\",\"position\":2,\"name\":\"&#8220;Fraude en Segalmex, la mancha que me llevo&#8221;, AMLO\"}]},{\"@type\":\"WebSite\",\"@id\":\"https:\\\/\\\/quehacerpolitico.mx\\\/#website\",\"url\":\"https:\\\/\\\/quehacerpolitico.mx\\\/\",\"name\":\"\",\"description\":\"\",\"potentialAction\":[{\"@type\":\"SearchAction\",\"target\":{\"@type\":\"EntryPoint\",\"urlTemplate\":\"https:\\\/\\\/quehacerpolitico.mx\\\/?s={search_term_string}\"},\"query-input\":{\"@type\":\"PropertyValueSpecification\",\"valueRequired\":true,\"valueName\":\"search_term_string\"}}],\"inLanguage\":\"es\"},{\"@type\":\"Person\",\"@id\":\"https:\\\/\\\/quehacerpolitico.mx\\\/#\\\/schema\\\/person\\\/496d8ad2d1d3f8036101dca7ee39e585\",\"name\":\"Redacci\u00f3n QP\",\"image\":{\"@type\":\"ImageObject\",\"inLanguage\":\"es\",\"@id\":\"https:\\\/\\\/secure.gravatar.com\\\/avatar\\\/c7164ed6fdec453195284ad24a5ae5b6e1eed2b848477fa2a4787ba9adf39a41?s=96&d=mm&r=g\",\"url\":\"https:\\\/\\\/secure.gravatar.com\\\/avatar\\\/c7164ed6fdec453195284ad24a5ae5b6e1eed2b848477fa2a4787ba9adf39a41?s=96&d=mm&r=g\",\"contentUrl\":\"https:\\\/\\\/secure.gravatar.com\\\/avatar\\\/c7164ed6fdec453195284ad24a5ae5b6e1eed2b848477fa2a4787ba9adf39a41?s=96&d=mm&r=g\",\"caption\":\"Redacci\u00f3n QP\"},\"url\":\"https:\\\/\\\/quehacerpolitico.mx\\\/?author=2\"}]}<\/script>\n<!-- \/ Yoast SEO plugin. -->","yoast_head_json":{"title":"\"Fraude en Segalmex, la mancha que me llevo\", AMLO -","robots":{"index":"index","follow":"follow","max-snippet":"max-snippet:-1","max-image-preview":"max-image-preview:large","max-video-preview":"max-video-preview:-1"},"canonical":"https:\/\/quehacerpolitico.mx\/?p=111539","og_locale":"es_MX","og_type":"article","og_title":"\"Fraude en Segalmex, la mancha que me llevo\", AMLO -","og_description":"Por Redacci\u00f3n QP El presidente de M\u00e9xico,\u00a0Andr\u00e9s Manuel L\u00f3pez Obrador, afirm\u00f3 este jueves que el...","og_url":"https:\/\/quehacerpolitico.mx\/?p=111539","article_published_time":"2024-07-25T18:49:05+00:00","article_modified_time":"2024-07-25T18:49:08+00:00","og_image":[{"width":1284,"height":708,"url":"https:\/\/quehacerpolitico.mx\/wp-content\/uploads\/2024\/07\/IMG_6903.jpeg","type":"image\/jpeg"}],"author":"Redacci\u00f3n QP","twitter_card":"summary_large_image","twitter_misc":{"Escrito por":"Redacci\u00f3n QP","Tiempo de lectura":"3 minutos"},"schema":{"@context":"https:\/\/schema.org","@graph":[{"@type":"Article","@id":"https:\/\/quehacerpolitico.mx\/?p=111539#article","isPartOf":{"@id":"https:\/\/quehacerpolitico.mx\/?p=111539"},"author":{"name":"Redacci\u00f3n QP","@id":"https:\/\/quehacerpolitico.mx\/#\/schema\/person\/496d8ad2d1d3f8036101dca7ee39e585"},"headline":"&#8220;Fraude en Segalmex, la mancha que me llevo&#8221;, AMLO","datePublished":"2024-07-25T18:49:05+00:00","dateModified":"2024-07-25T18:49:08+00:00","mainEntityOfPage":{"@id":"https:\/\/quehacerpolitico.mx\/?p=111539"},"wordCount":618,"commentCount":0,"image":{"@id":"https:\/\/quehacerpolitico.mx\/?p=111539#primaryimage"},"thumbnailUrl":"https:\/\/quehacerpolitico.mx\/wp-content\/uploads\/2024\/07\/IMG_6903.jpeg","articleSection":["Noticias"],"inLanguage":"es","potentialAction":[{"@type":"CommentAction","name":"Comment","target":["https:\/\/quehacerpolitico.mx\/?p=111539#respond"]}]},{"@type":"WebPage","@id":"https:\/\/quehacerpolitico.mx\/?p=111539","url":"https:\/\/quehacerpolitico.mx\/?p=111539","name":"\"Fraude en Segalmex, la mancha que me llevo\", AMLO -","isPartOf":{"@id":"https:\/\/quehacerpolitico.mx\/#website"},"primaryImageOfPage":{"@id":"https:\/\/quehacerpolitico.mx\/?p=111539#primaryimage"},"image":{"@id":"https:\/\/quehacerpolitico.mx\/?p=111539#primaryimage"},"thumbnailUrl":"https:\/\/quehacerpolitico.mx\/wp-content\/uploads\/2024\/07\/IMG_6903.jpeg","datePublished":"2024-07-25T18:49:05+00:00","dateModified":"2024-07-25T18:49:08+00:00","author":{"@id":"https:\/\/quehacerpolitico.mx\/#\/schema\/person\/496d8ad2d1d3f8036101dca7ee39e585"},"breadcrumb":{"@id":"https:\/\/quehacerpolitico.mx\/?p=111539#breadcrumb"},"inLanguage":"es","potentialAction":[{"@type":"ReadAction","target":["https:\/\/quehacerpolitico.mx\/?p=111539"]}]},{"@type":"ImageObject","inLanguage":"es","@id":"https:\/\/quehacerpolitico.mx\/?p=111539#primaryimage","url":"https:\/\/quehacerpolitico.mx\/wp-content\/uploads\/2024\/07\/IMG_6903.jpeg","contentUrl":"https:\/\/quehacerpolitico.mx\/wp-content\/uploads\/2024\/07\/IMG_6903.jpeg","width":1284,"height":708,"caption":"Screenshot"},{"@type":"BreadcrumbList","@id":"https:\/\/quehacerpolitico.mx\/?p=111539#breadcrumb","itemListElement":[{"@type":"ListItem","position":1,"name":"Inicio","item":"https:\/\/quehacerpolitico.mx\/"},{"@type":"ListItem","position":2,"name":"&#8220;Fraude en Segalmex, la mancha que me llevo&#8221;, AMLO"}]},{"@type":"WebSite","@id":"https:\/\/quehacerpolitico.mx\/#website","url":"https:\/\/quehacerpolitico.mx\/","name":"","description":"","potentialAction":[{"@type":"SearchAction","target":{"@type":"EntryPoint","urlTemplate":"https:\/\/quehacerpolitico.mx\/?s={search_term_string}"},"query-input":{"@type":"PropertyValueSpecification","valueRequired":true,"valueName":"search_term_string"}}],"inLanguage":"es"},{"@type":"Person","@id":"https:\/\/quehacerpolitico.mx\/#\/schema\/person\/496d8ad2d1d3f8036101dca7ee39e585","name":"Redacci\u00f3n QP","image":{"@type":"ImageObject","inLanguage":"es","@id":"https:\/\/secure.gravatar.com\/avatar\/c7164ed6fdec453195284ad24a5ae5b6e1eed2b848477fa2a4787ba9adf39a41?s=96&d=mm&r=g","url":"https:\/\/secure.gravatar.com\/avatar\/c7164ed6fdec453195284ad24a5ae5b6e1eed2b848477fa2a4787ba9adf39a41?s=96&d=mm&r=g","contentUrl":"https:\/\/secure.gravatar.com\/avatar\/c7164ed6fdec453195284ad24a5ae5b6e1eed2b848477fa2a4787ba9adf39a41?s=96&d=mm&r=g","caption":"Redacci\u00f3n QP"},"url":"https:\/\/quehacerpolitico.mx\/?author=2"}]}},"featured_image_urls":{"full":["https:\/\/quehacerpolitico.mx\/wp-content\/uploads\/2024\/07\/IMG_6903.jpeg",1284,708,false],"thumbnail":["https:\/\/quehacerpolitico.mx\/wp-content\/uploads\/2024\/07\/IMG_6903-150x150.jpeg",150,150,true],"medium":["https:\/\/quehacerpolitico.mx\/wp-content\/uploads\/2024\/07\/IMG_6903-300x165.jpeg",300,165,true],"medium_large":["https:\/\/quehacerpolitico.mx\/wp-content\/uploads\/2024\/07\/IMG_6903-768x423.jpeg",640,353,true],"large":["https:\/\/quehacerpolitico.mx\/wp-content\/uploads\/2024\/07\/IMG_6903-1024x565.jpeg",640,353,true],"1536x1536":["https:\/\/quehacerpolitico.mx\/wp-content\/uploads\/2024\/07\/IMG_6903.jpeg",1284,708,false],"2048x2048":["https:\/\/quehacerpolitico.mx\/wp-content\/uploads\/2024\/07\/IMG_6903.jpeg",1284,708,false],"covernews-featured":["https:\/\/quehacerpolitico.mx\/wp-content\/uploads\/2024\/07\/IMG_6903.jpeg",1024,565,false],"covernews-medium":["https:\/\/quehacerpolitico.mx\/wp-content\/uploads\/2024\/07\/IMG_6903.jpeg",540,298,false]},"author_info":{"display_name":"Redacci\u00f3n QP","author_link":"https:\/\/quehacerpolitico.mx\/?author=2"},"category_info":"<a href=\"https:\/\/quehacerpolitico.mx\/?cat=2\" rel=\"category\">Noticias<\/a>","tag_info":"Noticias","comment_count":"0","_links":{"self":[{"href":"https:\/\/quehacerpolitico.mx\/index.php?rest_route=\/wp\/v2\/posts\/111539","targetHints":{"allow":["GET"]}}],"collection":[{"href":"https:\/\/quehacerpolitico.mx\/index.php?rest_route=\/wp\/v2\/posts"}],"about":[{"href":"https:\/\/quehacerpolitico.mx\/index.php?rest_route=\/wp\/v2\/types\/post"}],"author":[{"embeddable":true,"href":"https:\/\/quehacerpolitico.mx\/index.php?rest_route=\/wp\/v2\/users\/2"}],"replies":[{"embeddable":true,"href":"https:\/\/quehacerpolitico.mx\/index.php?rest_route=%2Fwp%2Fv2%2Fcomments&post=111539"}],"version-history":[{"count":1,"href":"https:\/\/quehacerpolitico.mx\/index.php?rest_route=\/wp\/v2\/posts\/111539\/revisions"}],"predecessor-version":[{"id":111541,"href":"https:\/\/quehacerpolitico.mx\/index.php?rest_route=\/wp\/v2\/posts\/111539\/revisions\/111541"}],"wp:featuredmedia":[{"embeddable":true,"href":"https:\/\/quehacerpolitico.mx\/index.php?rest_route=\/wp\/v2\/media\/111540"}],"wp:attachment":[{"href":"https:\/\/quehacerpolitico.mx\/index.php?rest_route=%2Fwp%2Fv2%2Fmedia&parent=111539"}],"wp:term":[{"taxonomy":"category","embeddable":true,"href":"https:\/\/quehacerpolitico.mx\/index.php?rest_route=%2Fwp%2Fv2%2Fcategories&post=111539"},{"taxonomy":"post_tag","embeddable":true,"href":"https:\/\/quehacerpolitico.mx\/index.php?rest_route=%2Fwp%2Fv2%2Ftags&post=111539"}],"curies":[{"name":"wp","href":"https:\/\/api.w.org\/{rel}","templated":true}]}}