{"id":111536,"date":"2024-07-25T18:32:50","date_gmt":"2024-07-25T18:32:50","guid":{"rendered":"https:\/\/quehacerpolitico.mx\/?p=111536"},"modified":"2024-07-25T18:32:53","modified_gmt":"2024-07-25T18:32:53","slug":"amlo-asegura-que-la-cfe-no-tendra-problemas-en-tres-decadas-porque-se-ha-hecho-una-muy-buena-inversion","status":"publish","type":"post","link":"https:\/\/quehacerpolitico.mx\/?p=111536","title":{"rendered":"AMLO asegura que la CFE no tendr\u00e1 problemas en tres d\u00e9cadas porque se ha hecho &#8220;una muy buena inversi\u00f3n&#8221;"},"content":{"rendered":"\n<p>Por Redacci\u00f3n QP<\/p>\n\n\n\n<p>El presidente de M\u00e9xico,\u00a0<strong>Andr\u00e9s Manuel L\u00f3pez Obrador<\/strong>, presumi\u00f3 este jueves el \u201c<strong>rescate<\/strong>\u201d de la Comisi\u00f3n Federal de Electricidad (<strong>CFE<\/strong>) que, asegur\u00f3, hizo su gobierno con una\u00a0<strong>inversi\u00f3n\u00a0<\/strong>de casi 20 mil millones de d\u00f3lares en diferentes\u00a0<strong>proyectos<\/strong>\u00a0de generaci\u00f3n y transmisi\u00f3n en el pa\u00eds, sin embargo, insisti\u00f3 en atacar a los\u00a0<strong>ministros<\/strong>\u00a0de la Suprema Corte de Justicia de la Naci\u00f3n (<strong>SCJN<\/strong>) por invalidar la ley el\u00e9ctrica.<\/p>\n\n\n\n<p>\u201cSe quedaron con el ansia de la&nbsp;<strong>privatizaci\u00f3n<\/strong>, traficantes de influencia y gentes acostumbradas al saqueo y la&nbsp;<strong>corrupci\u00f3n&nbsp;<\/strong>y siguen con las&nbsp;<strong>campa\u00f1as<\/strong>, que \u2018nos vamos a quedar sin luz\u2019, que \u2018no llega m\u00e1s inversi\u00f3n para construir nuevas centrales\u2019, que \u2018no hemos avanzado en la&nbsp;<strong>transici\u00f3n&nbsp;<\/strong>energ\u00e9tica\u2019, todo esto, no s\u00f3lo como una acci\u00f3n aislada de traficantes de&nbsp;<strong>influencia&nbsp;<\/strong>y de corruptos, sino hasta de autoridades\u201d, se\u00f1al\u00f3 durante su conferencia matutina.<\/p>\n\n\n\n<figure class=\"wp-block-embed is-type-rich is-provider-twitter wp-block-embed-twitter\"><div class=\"wp-block-embed__wrapper\">\n<blockquote class=\"twitter-tweet\" data-width=\"550\" data-dnt=\"true\"><p lang=\"es\" dir=\"ltr\">AMLO asegura que la CFE no tendr\u00e1 problemas en tres d\u00e9cadas porque se ha hecho &quot;una muy buena inversi\u00f3n&quot; <a href=\"https:\/\/t.co\/XcApau6VY8\">pic.twitter.com\/XcApau6VY8<\/a><\/p>&mdash; Manuel Lopez San Martin (@MLopezSanMartin) <a href=\"https:\/\/twitter.com\/MLopezSanMartin\/status\/1816498321340735949?ref_src=twsrc%5Etfw\">July 25, 2024<\/a><\/blockquote><script async src=\"https:\/\/platform.twitter.com\/widgets.js\" charset=\"utf-8\"><\/script>\n<\/div><\/figure>\n\n\n\n<p>\u201cTenemos el caso de jueces, de magistrados, ministros del<strong>&nbsp;Poder Judicial&nbsp;<\/strong>que est\u00e1n cooptados, comprados, para que se entienda bien, entonces hemos enfrentado todo. Nos tumbaron en el Poder Judicial la<strong>&nbsp;ley el\u00e9ctrica<\/strong>aprobada por el&nbsp;<strong>Congreso<\/strong>, la declararon inconstitucional por esos intereses, nada m\u00e1s, pues nosotros somos muy perseverantes y tenemos convicciones y principios, y no damos ni un paso atr\u00e1s, ni siquiera para tomar impulso, la&nbsp;<strong>transformaci\u00f3n<\/strong>&nbsp;va de todas maneras\u201d.<\/p>\n\n\n\n<p>L\u00f3pez Obrador asegur\u00f3 que \u201cse quedaron con las&nbsp;<strong>ganas<\/strong>\u201d quienes buscaron privatizar a la&nbsp;<strong>CFE<\/strong>, calific\u00f3 como muy buena la&nbsp;<strong>inversi\u00f3n<\/strong>, con la finalidad de evitar los problemas de generaci\u00f3n y transmisi\u00f3n en \u201cpor lo menos tres&nbsp;<strong>d\u00e9cadas<\/strong>\u201d y dijo que la empresa se hubiera ido \u201cal fracaso\u201d, si se manten\u00eda la misma pol\u00edtica energ\u00e9tica.<\/p>\n\n\n\n<p>En febrero pasado, la Suprema Corte\u00a0afirm\u00f3 en un comunicado que con la resoluci\u00f3n que emiti\u00f3 la Segunda Sala respecto a la<strong>\u00a0Ley de la Industria El\u00e9ctrica<\/strong>, tambi\u00e9n conocida como<strong>\u00a0\u201cley Bartlett\u201d,<\/strong>\u00a0se logr\u00f3 evitar una\u00a0<strong>condena<\/strong>\u00a0en contra de\u00a0<strong>M\u00e9xico<\/strong>\u00a0a ra\u00edz de la controversia solicitada por Estados Unidos y Canad\u00e1 bajo el Tratado M\u00e9xico, Estados Unidos y Canad\u00e1 (<strong>T-MEC)<\/strong>.<\/p>\n","protected":false},"excerpt":{"rendered":"<p>Por Redacci\u00f3n QP El presidente de M\u00e9xico,\u00a0Andr\u00e9s Manuel L\u00f3pez Obrador, presumi\u00f3 este jueves el \u201crescate\u201d&#8230;<\/p>\n","protected":false},"author":2,"featured_media":111537,"comment_status":"open","ping_status":"open","sticky":false,"template":"","format":"standard","meta":{"_monsterinsights_skip_tracking":false,"_monsterinsights_sitenote_active":false,"_monsterinsights_sitenote_note":"","_monsterinsights_sitenote_category":0,"footnotes":""},"categories":[2],"tags":[],"class_list":["post-111536","post","type-post","status-publish","format-standard","has-post-thumbnail","hentry","category-noticias"],"yoast_head":"<!-- This site is optimized with the Yoast SEO plugin v27.3 - https:\/\/yoast.com\/product\/yoast-seo-wordpress\/ -->\n<title>AMLO asegura que la CFE no tendr\u00e1 problemas en tres d\u00e9cadas porque se ha hecho &quot;una muy buena inversi\u00f3n&quot; -<\/title>\n<meta name=\"robots\" content=\"index, follow, max-snippet:-1, max-image-preview:large, max-video-preview:-1\" \/>\n<link rel=\"canonical\" href=\"https:\/\/quehacerpolitico.mx\/?p=111536\" \/>\n<meta property=\"og:locale\" content=\"es_MX\" \/>\n<meta property=\"og:type\" content=\"article\" \/>\n<meta property=\"og:title\" content=\"AMLO asegura que la CFE no tendr\u00e1 problemas en tres d\u00e9cadas porque se ha hecho &quot;una muy buena inversi\u00f3n&quot; -\" \/>\n<meta property=\"og:description\" content=\"Por Redacci\u00f3n QP El presidente de M\u00e9xico,\u00a0Andr\u00e9s Manuel L\u00f3pez Obrador, presumi\u00f3 este jueves el \u201crescate\u201d...\" \/>\n<meta property=\"og:url\" content=\"https:\/\/quehacerpolitico.mx\/?p=111536\" \/>\n<meta property=\"article:published_time\" content=\"2024-07-25T18:32:50+00:00\" \/>\n<meta property=\"article:modified_time\" content=\"2024-07-25T18:32:53+00:00\" \/>\n<meta property=\"og:image\" content=\"https:\/\/quehacerpolitico.mx\/wp-content\/uploads\/2024\/07\/IMG_6902.jpeg\" \/>\n\t<meta property=\"og:image:width\" content=\"1284\" \/>\n\t<meta property=\"og:image:height\" content=\"700\" \/>\n\t<meta property=\"og:image:type\" content=\"image\/jpeg\" \/>\n<meta name=\"author\" content=\"Redacci\u00f3n QP\" \/>\n<meta name=\"twitter:card\" content=\"summary_large_image\" \/>\n<meta name=\"twitter:label1\" content=\"Escrito por\" \/>\n\t<meta name=\"twitter:data1\" content=\"Redacci\u00f3n QP\" \/>\n\t<meta name=\"twitter:label2\" content=\"Tiempo de lectura\" \/>\n\t<meta name=\"twitter:data2\" content=\"2 minutos\" \/>\n<script type=\"application\/ld+json\" class=\"yoast-schema-graph\">{\"@context\":\"https:\\\/\\\/schema.org\",\"@graph\":[{\"@type\":\"Article\",\"@id\":\"https:\\\/\\\/quehacerpolitico.mx\\\/?p=111536#article\",\"isPartOf\":{\"@id\":\"https:\\\/\\\/quehacerpolitico.mx\\\/?p=111536\"},\"author\":{\"name\":\"Redacci\u00f3n QP\",\"@id\":\"https:\\\/\\\/quehacerpolitico.mx\\\/#\\\/schema\\\/person\\\/496d8ad2d1d3f8036101dca7ee39e585\"},\"headline\":\"AMLO asegura que la CFE no tendr\u00e1 problemas en tres d\u00e9cadas porque se ha hecho &#8220;una muy buena inversi\u00f3n&#8221;\",\"datePublished\":\"2024-07-25T18:32:50+00:00\",\"dateModified\":\"2024-07-25T18:32:53+00:00\",\"mainEntityOfPage\":{\"@id\":\"https:\\\/\\\/quehacerpolitico.mx\\\/?p=111536\"},\"wordCount\":421,\"commentCount\":0,\"image\":{\"@id\":\"https:\\\/\\\/quehacerpolitico.mx\\\/?p=111536#primaryimage\"},\"thumbnailUrl\":\"https:\\\/\\\/quehacerpolitico.mx\\\/wp-content\\\/uploads\\\/2024\\\/07\\\/IMG_6902.jpeg\",\"articleSection\":[\"Noticias\"],\"inLanguage\":\"es\",\"potentialAction\":[{\"@type\":\"CommentAction\",\"name\":\"Comment\",\"target\":[\"https:\\\/\\\/quehacerpolitico.mx\\\/?p=111536#respond\"]}]},{\"@type\":\"WebPage\",\"@id\":\"https:\\\/\\\/quehacerpolitico.mx\\\/?p=111536\",\"url\":\"https:\\\/\\\/quehacerpolitico.mx\\\/?p=111536\",\"name\":\"AMLO asegura que la CFE no tendr\u00e1 problemas en tres d\u00e9cadas porque se ha hecho \\\"una muy buena inversi\u00f3n\\\" -\",\"isPartOf\":{\"@id\":\"https:\\\/\\\/quehacerpolitico.mx\\\/#website\"},\"primaryImageOfPage\":{\"@id\":\"https:\\\/\\\/quehacerpolitico.mx\\\/?p=111536#primaryimage\"},\"image\":{\"@id\":\"https:\\\/\\\/quehacerpolitico.mx\\\/?p=111536#primaryimage\"},\"thumbnailUrl\":\"https:\\\/\\\/quehacerpolitico.mx\\\/wp-content\\\/uploads\\\/2024\\\/07\\\/IMG_6902.jpeg\",\"datePublished\":\"2024-07-25T18:32:50+00:00\",\"dateModified\":\"2024-07-25T18:32:53+00:00\",\"author\":{\"@id\":\"https:\\\/\\\/quehacerpolitico.mx\\\/#\\\/schema\\\/person\\\/496d8ad2d1d3f8036101dca7ee39e585\"},\"breadcrumb\":{\"@id\":\"https:\\\/\\\/quehacerpolitico.mx\\\/?p=111536#breadcrumb\"},\"inLanguage\":\"es\",\"potentialAction\":[{\"@type\":\"ReadAction\",\"target\":[\"https:\\\/\\\/quehacerpolitico.mx\\\/?p=111536\"]}]},{\"@type\":\"ImageObject\",\"inLanguage\":\"es\",\"@id\":\"https:\\\/\\\/quehacerpolitico.mx\\\/?p=111536#primaryimage\",\"url\":\"https:\\\/\\\/quehacerpolitico.mx\\\/wp-content\\\/uploads\\\/2024\\\/07\\\/IMG_6902.jpeg\",\"contentUrl\":\"https:\\\/\\\/quehacerpolitico.mx\\\/wp-content\\\/uploads\\\/2024\\\/07\\\/IMG_6902.jpeg\",\"width\":1284,\"height\":700,\"caption\":\"Screenshot\"},{\"@type\":\"BreadcrumbList\",\"@id\":\"https:\\\/\\\/quehacerpolitico.mx\\\/?p=111536#breadcrumb\",\"itemListElement\":[{\"@type\":\"ListItem\",\"position\":1,\"name\":\"Inicio\",\"item\":\"https:\\\/\\\/quehacerpolitico.mx\\\/\"},{\"@type\":\"ListItem\",\"position\":2,\"name\":\"AMLO asegura que la CFE no tendr\u00e1 problemas en tres d\u00e9cadas porque se ha hecho &#8220;una muy buena inversi\u00f3n&#8221;\"}]},{\"@type\":\"WebSite\",\"@id\":\"https:\\\/\\\/quehacerpolitico.mx\\\/#website\",\"url\":\"https:\\\/\\\/quehacerpolitico.mx\\\/\",\"name\":\"\",\"description\":\"\",\"potentialAction\":[{\"@type\":\"SearchAction\",\"target\":{\"@type\":\"EntryPoint\",\"urlTemplate\":\"https:\\\/\\\/quehacerpolitico.mx\\\/?s={search_term_string}\"},\"query-input\":{\"@type\":\"PropertyValueSpecification\",\"valueRequired\":true,\"valueName\":\"search_term_string\"}}],\"inLanguage\":\"es\"},{\"@type\":\"Person\",\"@id\":\"https:\\\/\\\/quehacerpolitico.mx\\\/#\\\/schema\\\/person\\\/496d8ad2d1d3f8036101dca7ee39e585\",\"name\":\"Redacci\u00f3n QP\",\"image\":{\"@type\":\"ImageObject\",\"inLanguage\":\"es\",\"@id\":\"https:\\\/\\\/secure.gravatar.com\\\/avatar\\\/c7164ed6fdec453195284ad24a5ae5b6e1eed2b848477fa2a4787ba9adf39a41?s=96&d=mm&r=g\",\"url\":\"https:\\\/\\\/secure.gravatar.com\\\/avatar\\\/c7164ed6fdec453195284ad24a5ae5b6e1eed2b848477fa2a4787ba9adf39a41?s=96&d=mm&r=g\",\"contentUrl\":\"https:\\\/\\\/secure.gravatar.com\\\/avatar\\\/c7164ed6fdec453195284ad24a5ae5b6e1eed2b848477fa2a4787ba9adf39a41?s=96&d=mm&r=g\",\"caption\":\"Redacci\u00f3n QP\"},\"url\":\"https:\\\/\\\/quehacerpolitico.mx\\\/?author=2\"}]}<\/script>\n<!-- \/ Yoast SEO plugin. -->","yoast_head_json":{"title":"AMLO asegura que la CFE no tendr\u00e1 problemas en tres d\u00e9cadas porque se ha hecho \"una muy buena inversi\u00f3n\" -","robots":{"index":"index","follow":"follow","max-snippet":"max-snippet:-1","max-image-preview":"max-image-preview:large","max-video-preview":"max-video-preview:-1"},"canonical":"https:\/\/quehacerpolitico.mx\/?p=111536","og_locale":"es_MX","og_type":"article","og_title":"AMLO asegura que la CFE no tendr\u00e1 problemas en tres d\u00e9cadas porque se ha hecho \"una muy buena inversi\u00f3n\" -","og_description":"Por Redacci\u00f3n QP El presidente de M\u00e9xico,\u00a0Andr\u00e9s Manuel L\u00f3pez Obrador, presumi\u00f3 este jueves el \u201crescate\u201d...","og_url":"https:\/\/quehacerpolitico.mx\/?p=111536","article_published_time":"2024-07-25T18:32:50+00:00","article_modified_time":"2024-07-25T18:32:53+00:00","og_image":[{"width":1284,"height":700,"url":"https:\/\/quehacerpolitico.mx\/wp-content\/uploads\/2024\/07\/IMG_6902.jpeg","type":"image\/jpeg"}],"author":"Redacci\u00f3n QP","twitter_card":"summary_large_image","twitter_misc":{"Escrito por":"Redacci\u00f3n QP","Tiempo de lectura":"2 minutos"},"schema":{"@context":"https:\/\/schema.org","@graph":[{"@type":"Article","@id":"https:\/\/quehacerpolitico.mx\/?p=111536#article","isPartOf":{"@id":"https:\/\/quehacerpolitico.mx\/?p=111536"},"author":{"name":"Redacci\u00f3n QP","@id":"https:\/\/quehacerpolitico.mx\/#\/schema\/person\/496d8ad2d1d3f8036101dca7ee39e585"},"headline":"AMLO asegura que la CFE no tendr\u00e1 problemas en tres d\u00e9cadas porque se ha hecho &#8220;una muy buena inversi\u00f3n&#8221;","datePublished":"2024-07-25T18:32:50+00:00","dateModified":"2024-07-25T18:32:53+00:00","mainEntityOfPage":{"@id":"https:\/\/quehacerpolitico.mx\/?p=111536"},"wordCount":421,"commentCount":0,"image":{"@id":"https:\/\/quehacerpolitico.mx\/?p=111536#primaryimage"},"thumbnailUrl":"https:\/\/quehacerpolitico.mx\/wp-content\/uploads\/2024\/07\/IMG_6902.jpeg","articleSection":["Noticias"],"inLanguage":"es","potentialAction":[{"@type":"CommentAction","name":"Comment","target":["https:\/\/quehacerpolitico.mx\/?p=111536#respond"]}]},{"@type":"WebPage","@id":"https:\/\/quehacerpolitico.mx\/?p=111536","url":"https:\/\/quehacerpolitico.mx\/?p=111536","name":"AMLO asegura que la CFE no tendr\u00e1 problemas en tres d\u00e9cadas porque se ha hecho \"una muy buena inversi\u00f3n\" -","isPartOf":{"@id":"https:\/\/quehacerpolitico.mx\/#website"},"primaryImageOfPage":{"@id":"https:\/\/quehacerpolitico.mx\/?p=111536#primaryimage"},"image":{"@id":"https:\/\/quehacerpolitico.mx\/?p=111536#primaryimage"},"thumbnailUrl":"https:\/\/quehacerpolitico.mx\/wp-content\/uploads\/2024\/07\/IMG_6902.jpeg","datePublished":"2024-07-25T18:32:50+00:00","dateModified":"2024-07-25T18:32:53+00:00","author":{"@id":"https:\/\/quehacerpolitico.mx\/#\/schema\/person\/496d8ad2d1d3f8036101dca7ee39e585"},"breadcrumb":{"@id":"https:\/\/quehacerpolitico.mx\/?p=111536#breadcrumb"},"inLanguage":"es","potentialAction":[{"@type":"ReadAction","target":["https:\/\/quehacerpolitico.mx\/?p=111536"]}]},{"@type":"ImageObject","inLanguage":"es","@id":"https:\/\/quehacerpolitico.mx\/?p=111536#primaryimage","url":"https:\/\/quehacerpolitico.mx\/wp-content\/uploads\/2024\/07\/IMG_6902.jpeg","contentUrl":"https:\/\/quehacerpolitico.mx\/wp-content\/uploads\/2024\/07\/IMG_6902.jpeg","width":1284,"height":700,"caption":"Screenshot"},{"@type":"BreadcrumbList","@id":"https:\/\/quehacerpolitico.mx\/?p=111536#breadcrumb","itemListElement":[{"@type":"ListItem","position":1,"name":"Inicio","item":"https:\/\/quehacerpolitico.mx\/"},{"@type":"ListItem","position":2,"name":"AMLO asegura que la CFE no tendr\u00e1 problemas en tres d\u00e9cadas porque se ha hecho &#8220;una muy buena inversi\u00f3n&#8221;"}]},{"@type":"WebSite","@id":"https:\/\/quehacerpolitico.mx\/#website","url":"https:\/\/quehacerpolitico.mx\/","name":"","description":"","potentialAction":[{"@type":"SearchAction","target":{"@type":"EntryPoint","urlTemplate":"https:\/\/quehacerpolitico.mx\/?s={search_term_string}"},"query-input":{"@type":"PropertyValueSpecification","valueRequired":true,"valueName":"search_term_string"}}],"inLanguage":"es"},{"@type":"Person","@id":"https:\/\/quehacerpolitico.mx\/#\/schema\/person\/496d8ad2d1d3f8036101dca7ee39e585","name":"Redacci\u00f3n QP","image":{"@type":"ImageObject","inLanguage":"es","@id":"https:\/\/secure.gravatar.com\/avatar\/c7164ed6fdec453195284ad24a5ae5b6e1eed2b848477fa2a4787ba9adf39a41?s=96&d=mm&r=g","url":"https:\/\/secure.gravatar.com\/avatar\/c7164ed6fdec453195284ad24a5ae5b6e1eed2b848477fa2a4787ba9adf39a41?s=96&d=mm&r=g","contentUrl":"https:\/\/secure.gravatar.com\/avatar\/c7164ed6fdec453195284ad24a5ae5b6e1eed2b848477fa2a4787ba9adf39a41?s=96&d=mm&r=g","caption":"Redacci\u00f3n QP"},"url":"https:\/\/quehacerpolitico.mx\/?author=2"}]}},"featured_image_urls":{"full":["https:\/\/quehacerpolitico.mx\/wp-content\/uploads\/2024\/07\/IMG_6902.jpeg",1284,700,false],"thumbnail":["https:\/\/quehacerpolitico.mx\/wp-content\/uploads\/2024\/07\/IMG_6902-150x150.jpeg",150,150,true],"medium":["https:\/\/quehacerpolitico.mx\/wp-content\/uploads\/2024\/07\/IMG_6902-300x164.jpeg",300,164,true],"medium_large":["https:\/\/quehacerpolitico.mx\/wp-content\/uploads\/2024\/07\/IMG_6902-768x419.jpeg",640,349,true],"large":["https:\/\/quehacerpolitico.mx\/wp-content\/uploads\/2024\/07\/IMG_6902-1024x558.jpeg",640,349,true],"1536x1536":["https:\/\/quehacerpolitico.mx\/wp-content\/uploads\/2024\/07\/IMG_6902.jpeg",1284,700,false],"2048x2048":["https:\/\/quehacerpolitico.mx\/wp-content\/uploads\/2024\/07\/IMG_6902.jpeg",1284,700,false],"covernews-featured":["https:\/\/quehacerpolitico.mx\/wp-content\/uploads\/2024\/07\/IMG_6902.jpeg",1024,558,false],"covernews-medium":["https:\/\/quehacerpolitico.mx\/wp-content\/uploads\/2024\/07\/IMG_6902.jpeg",540,294,false]},"author_info":{"display_name":"Redacci\u00f3n QP","author_link":"https:\/\/quehacerpolitico.mx\/?author=2"},"category_info":"<a href=\"https:\/\/quehacerpolitico.mx\/?cat=2\" rel=\"category\">Noticias<\/a>","tag_info":"Noticias","comment_count":"0","_links":{"self":[{"href":"https:\/\/quehacerpolitico.mx\/index.php?rest_route=\/wp\/v2\/posts\/111536","targetHints":{"allow":["GET"]}}],"collection":[{"href":"https:\/\/quehacerpolitico.mx\/index.php?rest_route=\/wp\/v2\/posts"}],"about":[{"href":"https:\/\/quehacerpolitico.mx\/index.php?rest_route=\/wp\/v2\/types\/post"}],"author":[{"embeddable":true,"href":"https:\/\/quehacerpolitico.mx\/index.php?rest_route=\/wp\/v2\/users\/2"}],"replies":[{"embeddable":true,"href":"https:\/\/quehacerpolitico.mx\/index.php?rest_route=%2Fwp%2Fv2%2Fcomments&post=111536"}],"version-history":[{"count":1,"href":"https:\/\/quehacerpolitico.mx\/index.php?rest_route=\/wp\/v2\/posts\/111536\/revisions"}],"predecessor-version":[{"id":111538,"href":"https:\/\/quehacerpolitico.mx\/index.php?rest_route=\/wp\/v2\/posts\/111536\/revisions\/111538"}],"wp:featuredmedia":[{"embeddable":true,"href":"https:\/\/quehacerpolitico.mx\/index.php?rest_route=\/wp\/v2\/media\/111537"}],"wp:attachment":[{"href":"https:\/\/quehacerpolitico.mx\/index.php?rest_route=%2Fwp%2Fv2%2Fmedia&parent=111536"}],"wp:term":[{"taxonomy":"category","embeddable":true,"href":"https:\/\/quehacerpolitico.mx\/index.php?rest_route=%2Fwp%2Fv2%2Fcategories&post=111536"},{"taxonomy":"post_tag","embeddable":true,"href":"https:\/\/quehacerpolitico.mx\/index.php?rest_route=%2Fwp%2Fv2%2Ftags&post=111536"}],"curies":[{"name":"wp","href":"https:\/\/api.w.org\/{rel}","templated":true}]}}