{"id":11152,"date":"2018-12-07T04:23:28","date_gmt":"2018-12-07T04:23:28","guid":{"rendered":"http:\/\/quehacerpolitico.mx\/naciones-unidas-felicita-a-la-scjn-por-defender-el-derecho-de-las-trabajadoras-domesticas-al-imss\/"},"modified":"2018-12-07T04:23:28","modified_gmt":"2018-12-07T04:23:28","slug":"naciones-unidas-felicita-a-la-scjn-por-defender-el-derecho-de-las-trabajadoras-domesticas-al-imss","status":"publish","type":"post","link":"https:\/\/quehacerpolitico.mx\/?p=11152","title":{"rendered":"Naciones Unidas felicita a la SCJN por defender el derecho de las trabajadoras dom\u00e9sticas al IMSS"},"content":{"rendered":"<h1>Naciones Unidas felicita a la SCJN por defender el derecho de las trabajadoras dom\u00e9sticas al IMSS<\/h1>\n<p>Por Redacci\u00f3n QP<\/p>\n<p><strong>Naciones Unidas<\/strong> felicit\u00f3 a la <strong>Suprema Corte de Justicia de la Naci\u00f3n (SCJN)<\/strong> por reconocer los derechos a la igualdad y <strong>al acceso a la seguridad social<\/strong> a las trabajadoras del hogar.<\/p>\n<blockquote>\n<p>Ayer, la\u00a0<strong>SCJN<\/strong>\u00a0estableci\u00f3 que es\u00a0<strong>\u201cdiscriminatorio\u201d e \u201cinconstitucional\u201d<\/strong>\u00a0que las empleadas dom\u00e9sticas sean excluidas del\u00a0<strong>Seguro Social<\/strong>, dado que actualmente los patrones no est\u00e1n obligados a inscribirlas.<\/p>\n<\/blockquote>\n<p>\u201cEsta decisi\u00f3n representa un paso importante <strong>en la garant\u00eda de los derechos de las trabajadoras<\/strong> dom\u00e9sticas para el ejercicio de sus derechos laborales y de seguridad social en consonancia con las obligaciones internacionales en materia de derechos humanos del Estado mexicano\u201d, se\u00f1al\u00f3 Naciones Unidas.<\/p>\n<p>\u201cEste es un gran paso para reconocer los derechos de m\u00e1s de dos millones de mujeres trabajadoras en este pa\u00eds\u201d, dijo <strong>Antonio Molpeceres, Coordinador Residente de Naciones Unidas en M\u00e9xico.<\/strong><\/p>\n<blockquote>\n<p>\u201cNo existe alguna raz\u00f3n constitucionalmente v\u00e1lida por la cual la<strong>Ley Federal del Trabajo y la Ley del Instituto Mexicano del Seguro Social (IMSS)<\/strong> excluyan el trabajo dom\u00e9stico del <strong>r\u00e9gimen obligatorio de seguridad social<\/strong>\u201c, lo que provoca una \u201cdiscriminaci\u00f3n injusta contra dichas trabajadoras\u201d, afirm\u00f3 ayer la Suprema Corte.<\/p>\n<\/blockquote>\n<p>En respuesta a un procedimiento de amparo,<strong> la Segunda Sala estableci\u00f3 que esta resoluci\u00f3n<\/strong>sea dada a conocer al IMSS y que se implemente, \u201cdentro de un plazo prudente\u201d (es decir, en el primer semestre de 2019) <strong>un \u201cprograma piloto\u201d<\/strong> para acabar con esta situaci\u00f3n.<\/p>\n<p>Este programa tendr\u00e1 como fin dise\u00f1ar y ejecutar un r\u00e9gimen especial de seguridad social para las trabajadoras del hogar que les entregue \u201clas facilidades administrativas necesarias que permitan cumplir de manera sencilla y clara las obligaciones patronales\u201d.<\/p>\n<p>Se deber\u00e1n tener en cuenta las particularidades de este trabajo, como que en algunos casos las empleadas tienen m\u00e1s de un patr\u00f3n y que las relaciones laborales normalmente no est\u00e1n establecidas mediante un contrato de trabajo.<\/p>\n<p>El r\u00e9gimen especial \u201cno puede ser de car\u00e1cter voluntario, sino obligatorio\u201d, sentenci\u00f3.<\/p>\n<blockquote>\n<p>La SCJN espera que, despu\u00e9s de la implementaci\u00f3n de este programa, el IMSS proponga al Congreso de la Uni\u00f3n las adecuaciones legales necesarias para la incorporaci\u00f3n formal de un nuevo sistema especial de seguridad social para las trabajadoras del hogar.<\/p>\n<\/blockquote>\n<p>Y de esta forma, que \u201cen un plazo no mayor a tres a\u00f1os\u201d se logre obtener \u201cla seguridad social, efectiva, robusta y suficiente a la totalidad de las empleadas dom\u00e9sticas en el pa\u00eds\u201d.<\/p>\n<p>En un estudio presentado en julio, el Consejo Nacional para Prevenir la Discriminacion (Conapred) se\u00f1al\u00f3 que las trabajadoras del hogar en M\u00e9xico laboran hasta 12 horas al d\u00eda y sin las prestaciones de ley a las que tienen derecho los trabajadores en este pa\u00eds.<\/p>\n<p>Germ\u00e1n Mart\u00ednez C\u00e1zares, el director general del Instituto Mexicano del Seguro Social (IMSS), anunci\u00f3 que se acata inmediatamente la orden de la Suprema Corte.<\/p>\n<blockquote class=\"twitter-tweet\" data-width=\"550\" data-dnt=\"true\">\n<p lang=\"es\" dir=\"ltr\">Posicionamiento del Director General del <a href=\"https:\/\/twitter.com\/hashtag\/IMSS?src=hash&amp;ref_src=twsrc%5Etfw\">#IMSS<\/a>, Germ\u00e1n Mart\u00ednez C\u00e1zares frente a la resoluci\u00f3n de la <a href=\"https:\/\/twitter.com\/SCJN?ref_src=twsrc%5Etfw\">@SCJN<\/a> a favor de las trabajadoras dom\u00e9sticas y <a href=\"https:\/\/twitter.com\/hashtag\/SeguridadSocial?src=hash&amp;ref_src=twsrc%5Etfw\">#SeguridadSocial<\/a>. <a href=\"https:\/\/twitter.com\/hashtag\/TrabajadorasDelHogar?src=hash&amp;ref_src=twsrc%5Etfw\">#TrabajadorasDelHogar<\/a> <a href=\"https:\/\/t.co\/Eh5UF3QxVm\">pic.twitter.com\/Eh5UF3QxVm<\/a><\/p>\n<p>&mdash; IMSS \uea00 (@Tu_IMSS) <a href=\"https:\/\/twitter.com\/Tu_IMSS\/status\/1070474010322825216?ref_src=twsrc%5Etfw\">December 6, 2018<\/a><\/p><\/blockquote>\n<p><script async src=\"https:\/\/platform.twitter.com\/widgets.js\" charset=\"utf-8\"><\/script><\/p>\n<p>El Sistema de las Naciones Unidas en M\u00e9xico salud\u00f3 igualmente el anuncio del IMSS de acatar y dar cumplimiento inmediato a la decisi\u00f3n.<\/p>\n<p>\u201cLa trascendente sentencia dictada por el m\u00e1s alto tribunal en M\u00e9xico brinda una ocasi\u00f3n propicia para que el Sistema de las Naciones Unidas en M\u00e9xico inste al Estado mexicano a ratificar el Convenio sobre las trabajadoras y los trabajadores dom\u00e9sticos, Convenio 189 de la OIT, y realizar la armonizaci\u00f3n legislativa correspondiente, tal y como lo han recomendado diversos organismos internacionales. Tan s\u00f3lo este a\u00f1o, dicha recomendaci\u00f3n le fue formulada al Estado mexicano por el Comit\u00e9 de Derechos Econ\u00f3micos, Sociales y Culturales; el Comit\u00e9 para la Eliminaci\u00f3n de la Discriminaci\u00f3n contra la Mujer y el Consejo de Derechos Humanos de la ONU en el marco del tercer ciclo del Examen Peri\u00f3dico Universal\u201d, indic\u00f3.<\/p>\n<p>\u201cEl Sistema de las Naciones Unidas en M\u00e9xico celebra y alienta a que el Poder Judicial contin\u00fae con la emisi\u00f3n de criterios judiciales que garanticen el cumplimiento de los derechos humanos de las mujeres en M\u00e9xico y reitera su plena disponibilidad de seguir trabajando con las autoridades mexicanas en pro de los derechos de las trabajadoras dom\u00e9sticas\u201d, a\u00f1adi\u00f3.<\/p>\n<p><em>Con informaci\u00f3n de EFE.\u00a0<\/em><\/p>\n","protected":false},"excerpt":{"rendered":"<p>Naciones Unidas felicita a la SCJN por defender el derecho de las trabajadoras dom\u00e9sticas al IMSS<br \/>\nPor Redacci\u00f3n QP<\/p>\n","protected":false},"author":2,"featured_media":11151,"comment_status":"open","ping_status":"open","sticky":false,"template":"","format":"standard","meta":{"_monsterinsights_skip_tracking":false,"_monsterinsights_sitenote_active":false,"_monsterinsights_sitenote_note":"","_monsterinsights_sitenote_category":0,"footnotes":""},"categories":[2],"tags":[],"class_list":["post-11152","post","type-post","status-publish","format-standard","has-post-thumbnail","hentry","category-noticias"],"yoast_head":"<!-- This site is optimized with the Yoast SEO plugin v27.3 - https:\/\/yoast.com\/product\/yoast-seo-wordpress\/ -->\n<title>Naciones Unidas felicita a la SCJN por defender el derecho de las trabajadoras dom\u00e9sticas al IMSS -<\/title>\n<meta name=\"robots\" content=\"index, follow, max-snippet:-1, max-image-preview:large, max-video-preview:-1\" \/>\n<link rel=\"canonical\" href=\"https:\/\/quehacerpolitico.mx\/?p=11152\" \/>\n<meta property=\"og:locale\" content=\"es_MX\" \/>\n<meta property=\"og:type\" content=\"article\" \/>\n<meta property=\"og:title\" content=\"Naciones Unidas felicita a la SCJN por defender el derecho de las trabajadoras dom\u00e9sticas al IMSS -\" \/>\n<meta property=\"og:description\" content=\"Naciones Unidas felicita a la SCJN por defender el derecho de las trabajadoras dom\u00e9sticas al IMSS Por Redacci\u00f3n QP\" \/>\n<meta property=\"og:url\" content=\"https:\/\/quehacerpolitico.mx\/?p=11152\" \/>\n<meta property=\"article:published_time\" content=\"2018-12-07T04:23:28+00:00\" \/>\n<meta name=\"author\" content=\"Redacci\u00f3n QP\" \/>\n<meta name=\"twitter:card\" content=\"summary_large_image\" \/>\n<meta name=\"twitter:label1\" content=\"Escrito por\" \/>\n\t<meta name=\"twitter:data1\" content=\"Redacci\u00f3n QP\" \/>\n\t<meta name=\"twitter:label2\" content=\"Tiempo de lectura\" \/>\n\t<meta name=\"twitter:data2\" content=\"4 minutos\" \/>\n<script type=\"application\/ld+json\" class=\"yoast-schema-graph\">{\"@context\":\"https:\\\/\\\/schema.org\",\"@graph\":[{\"@type\":\"Article\",\"@id\":\"https:\\\/\\\/quehacerpolitico.mx\\\/?p=11152#article\",\"isPartOf\":{\"@id\":\"https:\\\/\\\/quehacerpolitico.mx\\\/?p=11152\"},\"author\":{\"name\":\"Redacci\u00f3n QP\",\"@id\":\"https:\\\/\\\/quehacerpolitico.mx\\\/#\\\/schema\\\/person\\\/496d8ad2d1d3f8036101dca7ee39e585\"},\"headline\":\"Naciones Unidas felicita a la SCJN por defender el derecho de las trabajadoras dom\u00e9sticas al IMSS\",\"datePublished\":\"2018-12-07T04:23:28+00:00\",\"mainEntityOfPage\":{\"@id\":\"https:\\\/\\\/quehacerpolitico.mx\\\/?p=11152\"},\"wordCount\":751,\"commentCount\":0,\"image\":{\"@id\":\"https:\\\/\\\/quehacerpolitico.mx\\\/?p=11152#primaryimage\"},\"thumbnailUrl\":\"\",\"articleSection\":[\"Noticias\"],\"inLanguage\":\"es\",\"potentialAction\":[{\"@type\":\"CommentAction\",\"name\":\"Comment\",\"target\":[\"https:\\\/\\\/quehacerpolitico.mx\\\/?p=11152#respond\"]}]},{\"@type\":\"WebPage\",\"@id\":\"https:\\\/\\\/quehacerpolitico.mx\\\/?p=11152\",\"url\":\"https:\\\/\\\/quehacerpolitico.mx\\\/?p=11152\",\"name\":\"Naciones Unidas felicita a la SCJN por defender el derecho de las trabajadoras dom\u00e9sticas al IMSS -\",\"isPartOf\":{\"@id\":\"https:\\\/\\\/quehacerpolitico.mx\\\/#website\"},\"primaryImageOfPage\":{\"@id\":\"https:\\\/\\\/quehacerpolitico.mx\\\/?p=11152#primaryimage\"},\"image\":{\"@id\":\"https:\\\/\\\/quehacerpolitico.mx\\\/?p=11152#primaryimage\"},\"thumbnailUrl\":\"\",\"datePublished\":\"2018-12-07T04:23:28+00:00\",\"author\":{\"@id\":\"https:\\\/\\\/quehacerpolitico.mx\\\/#\\\/schema\\\/person\\\/496d8ad2d1d3f8036101dca7ee39e585\"},\"breadcrumb\":{\"@id\":\"https:\\\/\\\/quehacerpolitico.mx\\\/?p=11152#breadcrumb\"},\"inLanguage\":\"es\",\"potentialAction\":[{\"@type\":\"ReadAction\",\"target\":[\"https:\\\/\\\/quehacerpolitico.mx\\\/?p=11152\"]}]},{\"@type\":\"ImageObject\",\"inLanguage\":\"es\",\"@id\":\"https:\\\/\\\/quehacerpolitico.mx\\\/?p=11152#primaryimage\",\"url\":\"\",\"contentUrl\":\"\"},{\"@type\":\"BreadcrumbList\",\"@id\":\"https:\\\/\\\/quehacerpolitico.mx\\\/?p=11152#breadcrumb\",\"itemListElement\":[{\"@type\":\"ListItem\",\"position\":1,\"name\":\"Inicio\",\"item\":\"https:\\\/\\\/quehacerpolitico.mx\\\/\"},{\"@type\":\"ListItem\",\"position\":2,\"name\":\"Naciones Unidas felicita a la SCJN por defender el derecho de las trabajadoras dom\u00e9sticas al IMSS\"}]},{\"@type\":\"WebSite\",\"@id\":\"https:\\\/\\\/quehacerpolitico.mx\\\/#website\",\"url\":\"https:\\\/\\\/quehacerpolitico.mx\\\/\",\"name\":\"\",\"description\":\"\",\"potentialAction\":[{\"@type\":\"SearchAction\",\"target\":{\"@type\":\"EntryPoint\",\"urlTemplate\":\"https:\\\/\\\/quehacerpolitico.mx\\\/?s={search_term_string}\"},\"query-input\":{\"@type\":\"PropertyValueSpecification\",\"valueRequired\":true,\"valueName\":\"search_term_string\"}}],\"inLanguage\":\"es\"},{\"@type\":\"Person\",\"@id\":\"https:\\\/\\\/quehacerpolitico.mx\\\/#\\\/schema\\\/person\\\/496d8ad2d1d3f8036101dca7ee39e585\",\"name\":\"Redacci\u00f3n QP\",\"image\":{\"@type\":\"ImageObject\",\"inLanguage\":\"es\",\"@id\":\"https:\\\/\\\/secure.gravatar.com\\\/avatar\\\/c7164ed6fdec453195284ad24a5ae5b6e1eed2b848477fa2a4787ba9adf39a41?s=96&d=mm&r=g\",\"url\":\"https:\\\/\\\/secure.gravatar.com\\\/avatar\\\/c7164ed6fdec453195284ad24a5ae5b6e1eed2b848477fa2a4787ba9adf39a41?s=96&d=mm&r=g\",\"contentUrl\":\"https:\\\/\\\/secure.gravatar.com\\\/avatar\\\/c7164ed6fdec453195284ad24a5ae5b6e1eed2b848477fa2a4787ba9adf39a41?s=96&d=mm&r=g\",\"caption\":\"Redacci\u00f3n QP\"},\"url\":\"https:\\\/\\\/quehacerpolitico.mx\\\/?author=2\"}]}<\/script>\n<!-- \/ Yoast SEO plugin. -->","yoast_head_json":{"title":"Naciones Unidas felicita a la SCJN por defender el derecho de las trabajadoras dom\u00e9sticas al IMSS -","robots":{"index":"index","follow":"follow","max-snippet":"max-snippet:-1","max-image-preview":"max-image-preview:large","max-video-preview":"max-video-preview:-1"},"canonical":"https:\/\/quehacerpolitico.mx\/?p=11152","og_locale":"es_MX","og_type":"article","og_title":"Naciones Unidas felicita a la SCJN por defender el derecho de las trabajadoras dom\u00e9sticas al IMSS -","og_description":"Naciones Unidas felicita a la SCJN por defender el derecho de las trabajadoras dom\u00e9sticas al IMSS Por Redacci\u00f3n QP","og_url":"https:\/\/quehacerpolitico.mx\/?p=11152","article_published_time":"2018-12-07T04:23:28+00:00","author":"Redacci\u00f3n QP","twitter_card":"summary_large_image","twitter_misc":{"Escrito por":"Redacci\u00f3n QP","Tiempo de lectura":"4 minutos"},"schema":{"@context":"https:\/\/schema.org","@graph":[{"@type":"Article","@id":"https:\/\/quehacerpolitico.mx\/?p=11152#article","isPartOf":{"@id":"https:\/\/quehacerpolitico.mx\/?p=11152"},"author":{"name":"Redacci\u00f3n QP","@id":"https:\/\/quehacerpolitico.mx\/#\/schema\/person\/496d8ad2d1d3f8036101dca7ee39e585"},"headline":"Naciones Unidas felicita a la SCJN por defender el derecho de las trabajadoras dom\u00e9sticas al IMSS","datePublished":"2018-12-07T04:23:28+00:00","mainEntityOfPage":{"@id":"https:\/\/quehacerpolitico.mx\/?p=11152"},"wordCount":751,"commentCount":0,"image":{"@id":"https:\/\/quehacerpolitico.mx\/?p=11152#primaryimage"},"thumbnailUrl":"","articleSection":["Noticias"],"inLanguage":"es","potentialAction":[{"@type":"CommentAction","name":"Comment","target":["https:\/\/quehacerpolitico.mx\/?p=11152#respond"]}]},{"@type":"WebPage","@id":"https:\/\/quehacerpolitico.mx\/?p=11152","url":"https:\/\/quehacerpolitico.mx\/?p=11152","name":"Naciones Unidas felicita a la SCJN por defender el derecho de las trabajadoras dom\u00e9sticas al IMSS -","isPartOf":{"@id":"https:\/\/quehacerpolitico.mx\/#website"},"primaryImageOfPage":{"@id":"https:\/\/quehacerpolitico.mx\/?p=11152#primaryimage"},"image":{"@id":"https:\/\/quehacerpolitico.mx\/?p=11152#primaryimage"},"thumbnailUrl":"","datePublished":"2018-12-07T04:23:28+00:00","author":{"@id":"https:\/\/quehacerpolitico.mx\/#\/schema\/person\/496d8ad2d1d3f8036101dca7ee39e585"},"breadcrumb":{"@id":"https:\/\/quehacerpolitico.mx\/?p=11152#breadcrumb"},"inLanguage":"es","potentialAction":[{"@type":"ReadAction","target":["https:\/\/quehacerpolitico.mx\/?p=11152"]}]},{"@type":"ImageObject","inLanguage":"es","@id":"https:\/\/quehacerpolitico.mx\/?p=11152#primaryimage","url":"","contentUrl":""},{"@type":"BreadcrumbList","@id":"https:\/\/quehacerpolitico.mx\/?p=11152#breadcrumb","itemListElement":[{"@type":"ListItem","position":1,"name":"Inicio","item":"https:\/\/quehacerpolitico.mx\/"},{"@type":"ListItem","position":2,"name":"Naciones Unidas felicita a la SCJN por defender el derecho de las trabajadoras dom\u00e9sticas al IMSS"}]},{"@type":"WebSite","@id":"https:\/\/quehacerpolitico.mx\/#website","url":"https:\/\/quehacerpolitico.mx\/","name":"","description":"","potentialAction":[{"@type":"SearchAction","target":{"@type":"EntryPoint","urlTemplate":"https:\/\/quehacerpolitico.mx\/?s={search_term_string}"},"query-input":{"@type":"PropertyValueSpecification","valueRequired":true,"valueName":"search_term_string"}}],"inLanguage":"es"},{"@type":"Person","@id":"https:\/\/quehacerpolitico.mx\/#\/schema\/person\/496d8ad2d1d3f8036101dca7ee39e585","name":"Redacci\u00f3n QP","image":{"@type":"ImageObject","inLanguage":"es","@id":"https:\/\/secure.gravatar.com\/avatar\/c7164ed6fdec453195284ad24a5ae5b6e1eed2b848477fa2a4787ba9adf39a41?s=96&d=mm&r=g","url":"https:\/\/secure.gravatar.com\/avatar\/c7164ed6fdec453195284ad24a5ae5b6e1eed2b848477fa2a4787ba9adf39a41?s=96&d=mm&r=g","contentUrl":"https:\/\/secure.gravatar.com\/avatar\/c7164ed6fdec453195284ad24a5ae5b6e1eed2b848477fa2a4787ba9adf39a41?s=96&d=mm&r=g","caption":"Redacci\u00f3n QP"},"url":"https:\/\/quehacerpolitico.mx\/?author=2"}]}},"featured_image_urls":{"full":"","thumbnail":"","medium":"","medium_large":"","large":"","1536x1536":"","2048x2048":"","covernews-featured":"","covernews-medium":""},"author_info":{"display_name":"Redacci\u00f3n QP","author_link":"https:\/\/quehacerpolitico.mx\/?author=2"},"category_info":"<a href=\"https:\/\/quehacerpolitico.mx\/?cat=2\" rel=\"category\">Noticias<\/a>","tag_info":"Noticias","comment_count":"0","_links":{"self":[{"href":"https:\/\/quehacerpolitico.mx\/index.php?rest_route=\/wp\/v2\/posts\/11152","targetHints":{"allow":["GET"]}}],"collection":[{"href":"https:\/\/quehacerpolitico.mx\/index.php?rest_route=\/wp\/v2\/posts"}],"about":[{"href":"https:\/\/quehacerpolitico.mx\/index.php?rest_route=\/wp\/v2\/types\/post"}],"author":[{"embeddable":true,"href":"https:\/\/quehacerpolitico.mx\/index.php?rest_route=\/wp\/v2\/users\/2"}],"replies":[{"embeddable":true,"href":"https:\/\/quehacerpolitico.mx\/index.php?rest_route=%2Fwp%2Fv2%2Fcomments&post=11152"}],"version-history":[{"count":0,"href":"https:\/\/quehacerpolitico.mx\/index.php?rest_route=\/wp\/v2\/posts\/11152\/revisions"}],"wp:featuredmedia":[{"embeddable":true,"href":"https:\/\/quehacerpolitico.mx\/index.php?rest_route=\/"}],"wp:attachment":[{"href":"https:\/\/quehacerpolitico.mx\/index.php?rest_route=%2Fwp%2Fv2%2Fmedia&parent=11152"}],"wp:term":[{"taxonomy":"category","embeddable":true,"href":"https:\/\/quehacerpolitico.mx\/index.php?rest_route=%2Fwp%2Fv2%2Fcategories&post=11152"},{"taxonomy":"post_tag","embeddable":true,"href":"https:\/\/quehacerpolitico.mx\/index.php?rest_route=%2Fwp%2Fv2%2Ftags&post=11152"}],"curies":[{"name":"wp","href":"https:\/\/api.w.org\/{rel}","templated":true}]}}