{"id":111511,"date":"2024-07-24T01:18:40","date_gmt":"2024-07-24T01:18:40","guid":{"rendered":"https:\/\/quehacerpolitico.mx\/?p=111511"},"modified":"2024-07-24T01:18:43","modified_gmt":"2024-07-24T01:18:43","slug":"la-presidenta-electa-claudia-sheinbaum-preve-300-mil-mdp-para-programas-sociales-trenes-y-otros-proyectos-en-2025","status":"publish","type":"post","link":"https:\/\/quehacerpolitico.mx\/?p=111511","title":{"rendered":"La presidenta electa Claudia Sheinbaum prev\u00e9 300 mil mdp para programas sociales, trenes y otros proyectos en 2025"},"content":{"rendered":"\n<p>Por Redacci\u00f3n QP<\/p>\n\n\n\n<p><strong>Claudia<\/strong>\u00a0<strong>Sheinbaum<\/strong>\u00a0Pardo, virtual presidenta electa, estuvo buena parte de la ma\u00f1ana de este martes en Palacio Nacional para revisar, junto con\u00a0<strong>Rogelio Ram\u00edrez de la O<\/strong>, secretario de Hacienda, el estado de las finanzas del pa\u00eds con miras al cambio de gobierno.<\/p>\n\n\n\n<p>De la O continuar\u00e1 en el puesto durante su\u00a0<strong>sexenio<\/strong>.<\/p>\n\n\n\n<p>En conferencia de prensa ofrecida en su\u00a0<strong>casa<\/strong> de <strong>transici\u00f3n<\/strong>, la pr\u00f3xima mandataria se mostr\u00f3 satisfecha con la informaci\u00f3n que recibi\u00f3 respecto del cierre de la actual\u00a0<strong>administraci\u00f3n<\/strong>.<\/p>\n\n\n\n<p>\u201cEst\u00e1n bien, est\u00e1n bien las&nbsp;<strong>finanzas<\/strong>&nbsp;del gobierno de M\u00e9xico y el pr\u00f3ximo a\u00f1o hay recurso para los&nbsp;<strong>programas<\/strong>&nbsp;<strong>sociales<\/strong>&nbsp;y las obras de inversi\u00f3n que estamos planteando. Hab\u00eda una visi\u00f3n en el pasado de que la austeridad republicana y el combate a la&nbsp;<strong>corrupci\u00f3n<\/strong>&nbsp;no generaban recursos y justamente el presidente ha demostrado que s\u00ed hay recursos y nosotros vamos a seguir con una pol\u00edtica similar\u201d, adelant\u00f3.<\/p>\n\n\n\n<figure class=\"wp-block-embed is-type-rich is-provider-twitter wp-block-embed-twitter\"><div class=\"wp-block-embed__wrapper\">\n<blockquote class=\"twitter-tweet\" data-width=\"550\" data-dnt=\"true\"><p lang=\"es\" dir=\"ltr\"><a href=\"https:\/\/twitter.com\/hashtag\/QPMX?src=hash&amp;ref_src=twsrc%5Etfw\">#QPMX<\/a> <a href=\"https:\/\/twitter.com\/hashtag\/QuehacerPolitico?src=hash&amp;ref_src=twsrc%5Etfw\">#QuehacerPolitico<\/a> <a href=\"https:\/\/twitter.com\/hashtag\/InquiriendoLaNoticia?src=hash&amp;ref_src=twsrc%5Etfw\">#InquiriendoLaNoticia<\/a> <br><br>La presidenta electa <a href=\"https:\/\/twitter.com\/Claudiashein?ref_src=twsrc%5Etfw\">@Claudiashein<\/a> prev\u00e9 300 mil mdp para programas sociales, trenes y otros proyectos en 2025. <br><br>Despu\u00e9s de su reuni\u00f3n con el secretario de <a href=\"https:\/\/twitter.com\/Hacienda_Mexico?ref_src=twsrc%5Etfw\">@Hacienda_Mexico<\/a> Rogelio Ram\u00edrez de la O, afirm\u00f3 recibir finanzas sanas. <a href=\"https:\/\/t.co\/AP1dzcUddg\">pic.twitter.com\/AP1dzcUddg<\/a><\/p>&mdash; Quehacer Pol\u00edtico (@QueHacerPolitic) <a href=\"https:\/\/twitter.com\/QueHacerPolitic\/status\/1815890629643362428?ref_src=twsrc%5Etfw\">July 23, 2024<\/a><\/blockquote><script async src=\"https:\/\/platform.twitter.com\/widgets.js\" charset=\"utf-8\"><\/script>\n<\/div><\/figure>\n\n\n\n<p>En este sentido, Sheinbaum adelant\u00f3 que habr\u00e1 m\u00e1s&nbsp;<strong>recortes<\/strong>&nbsp;al gasto en las&nbsp;<strong>dependencias<\/strong>&nbsp;del gobierno federal, pero sin afectar su operaci\u00f3n.<\/p>\n\n\n\n<p>\u201cTodav\u00eda hay espacios para reducir&nbsp;<strong>presupuesto<\/strong>&nbsp;de operaci\u00f3n sin afectar la operaci\u00f3n del propio gobierno y al mismo tiempo para los programas prioritarios que estamos planteando\u201d, asegur\u00f3.<\/p>\n\n\n\n<p>Sheinbaum Pardo precis\u00f3 que los programas prioritarios son el comienzo de la construcci\u00f3n de nuevas rutas de&nbsp;<strong>trenes de carga<\/strong>&nbsp;y&nbsp;<strong>pasajeros,<\/strong>&nbsp;adem\u00e1s de los programas sociales actuales y los nuevos que implementar\u00e1 en su gobierno por un monto de 300 mil millones de pesos.<\/p>\n\n\n\n<p>La virtual presidenta electa sostuvo que no habr\u00e1 una \u201c<strong>reforma<\/strong>&nbsp;<strong>fiscal<\/strong>&nbsp;profunda\u201d.<\/p>\n\n\n\n<p>\u201cSe est\u00e1n revisando algunas cuestiones de la propia miscel\u00e1nea fiscal, como normalmente se hace todos los a\u00f1os. Eso es lo que estamos revisando, pero no va a haber nuevos&nbsp;<strong>impuestos<\/strong>&nbsp;y el aumento en los impuestos va a ser en t\u00e9rmino reales, lo que corresponde a la&nbsp;<strong>inflaci\u00f3n<\/strong>, como se hace cada a\u00f1o\u201d, aclar\u00f3.<\/p>\n\n\n\n<p>Sheinbaum reconoci\u00f3 que en el presupuesto para 2025 plantear\u00e1n un&nbsp;<strong>d\u00e9ficit<\/strong>&nbsp;del 3%, cifra que minimiz\u00f3.<\/p>\n\n\n\n<p>\u201cTampoco estamos programando un&nbsp;<strong>endeudamiento<\/strong>&nbsp;importante. Es decir, m\u00e1s bien los propios vencimientos que vienen, las amortizaciones, etc\u00e9tera. Se est\u00e1 revisando esa parte de cu\u00e1nto podr\u00eda soportar el presupuesto en t\u00e9rminos de una relaci\u00f3n razonable con el PIB (<strong>producto interno bruto<\/strong>), pero por el momento sin considerar eso\u201d, afirm\u00f3.<\/p>\n\n\n\n<p>La ex jefa de Gobierno coment\u00f3 que en la reuni\u00f3n estuvo&nbsp;<strong>Octavio Romero Oropeza<\/strong>, director general de Petr\u00f3leos Mexicanos (<strong>Pemex<\/strong>).<\/p>\n\n\n\n<p>Rechaz\u00f3 que eso signifique necesariamente que ser\u00e1 ratificado en el&nbsp;<strong>cargo<\/strong>.<\/p>\n\n\n\n<p>\u201cNosotros, muy responsablemente, y adem\u00e1s con la autorizaci\u00f3n del&nbsp;<strong>presidente<\/strong>&nbsp;de la Rep\u00fablica, obviamente, estamos ya trabajando para el presupuesto 2025. Entonces, m\u00e1s all\u00e1 de la direcci\u00f3n de Pemex\u2026 Quien est\u00e1 hoy en Pemex tiene una visi\u00f3n de lo que hace falta para el pr\u00f3ximo a\u00f1o. Entonces estuvo ah\u00ed para platicar de esos temas\u201d, apunt\u00f3.<\/p>\n\n\n\n<p>Claudia Sheinbaum coment\u00f3 que el proyecto de&nbsp;<strong>presupuesto<\/strong>&nbsp;para 2025 ser\u00e1 entregado hasta noviembre y no en octubre, dado que la ley permite esa fecha por tratarse de un a\u00f1o de&nbsp;<strong>cambio<\/strong>&nbsp;<strong>de gobierno<\/strong>.<\/p>\n\n\n\n<p>Afirm\u00f3 en ning\u00fan momento el presidente<strong> Andr\u00e9s Manuel L\u00f3pez Obrador<\/strong>\u00a0estuvo en la reuni\u00f3n, pero s\u00ed\u00a0<strong>Altagracia<\/strong>\u00a0<strong>G\u00f3mez<\/strong>, coordinadora del grupo empresarial asesor que tendr\u00e1 la nueva administraci\u00f3n.<\/p>\n","protected":false},"excerpt":{"rendered":"<p>Por Redacci\u00f3n QP Claudia\u00a0Sheinbaum\u00a0Pardo, virtual presidenta electa, estuvo buena parte de la ma\u00f1ana de este&#8230;<\/p>\n","protected":false},"author":2,"featured_media":111512,"comment_status":"open","ping_status":"open","sticky":false,"template":"","format":"standard","meta":{"_monsterinsights_skip_tracking":false,"_monsterinsights_sitenote_active":false,"_monsterinsights_sitenote_note":"","_monsterinsights_sitenote_category":0,"footnotes":""},"categories":[2],"tags":[],"class_list":["post-111511","post","type-post","status-publish","format-standard","has-post-thumbnail","hentry","category-noticias"],"yoast_head":"<!-- This site is optimized with the Yoast SEO plugin v27.3 - https:\/\/yoast.com\/product\/yoast-seo-wordpress\/ -->\n<title>La presidenta electa Claudia Sheinbaum prev\u00e9 300 mil mdp para programas sociales, trenes y otros proyectos en 2025 -<\/title>\n<meta name=\"robots\" content=\"index, follow, max-snippet:-1, max-image-preview:large, max-video-preview:-1\" \/>\n<link rel=\"canonical\" href=\"https:\/\/quehacerpolitico.mx\/?p=111511\" \/>\n<meta property=\"og:locale\" content=\"es_MX\" \/>\n<meta property=\"og:type\" content=\"article\" \/>\n<meta property=\"og:title\" content=\"La presidenta electa Claudia Sheinbaum prev\u00e9 300 mil mdp para programas sociales, trenes y otros proyectos en 2025 -\" \/>\n<meta property=\"og:description\" content=\"Por Redacci\u00f3n QP Claudia\u00a0Sheinbaum\u00a0Pardo, virtual presidenta electa, estuvo buena parte de la ma\u00f1ana de este...\" \/>\n<meta property=\"og:url\" content=\"https:\/\/quehacerpolitico.mx\/?p=111511\" \/>\n<meta property=\"article:published_time\" content=\"2024-07-24T01:18:40+00:00\" \/>\n<meta property=\"article:modified_time\" content=\"2024-07-24T01:18:43+00:00\" \/>\n<meta property=\"og:image\" content=\"https:\/\/quehacerpolitico.mx\/wp-content\/uploads\/2024\/07\/IMG_6862.jpeg\" \/>\n\t<meta property=\"og:image:width\" content=\"2219\" \/>\n\t<meta property=\"og:image:height\" content=\"1284\" \/>\n\t<meta property=\"og:image:type\" content=\"image\/jpeg\" \/>\n<meta name=\"author\" content=\"Redacci\u00f3n QP\" \/>\n<meta name=\"twitter:card\" content=\"summary_large_image\" \/>\n<meta name=\"twitter:label1\" content=\"Escrito por\" \/>\n\t<meta name=\"twitter:data1\" content=\"Redacci\u00f3n QP\" \/>\n\t<meta name=\"twitter:label2\" content=\"Tiempo de lectura\" \/>\n\t<meta name=\"twitter:data2\" content=\"3 minutos\" \/>\n<script type=\"application\/ld+json\" class=\"yoast-schema-graph\">{\"@context\":\"https:\\\/\\\/schema.org\",\"@graph\":[{\"@type\":\"Article\",\"@id\":\"https:\\\/\\\/quehacerpolitico.mx\\\/?p=111511#article\",\"isPartOf\":{\"@id\":\"https:\\\/\\\/quehacerpolitico.mx\\\/?p=111511\"},\"author\":{\"name\":\"Redacci\u00f3n QP\",\"@id\":\"https:\\\/\\\/quehacerpolitico.mx\\\/#\\\/schema\\\/person\\\/496d8ad2d1d3f8036101dca7ee39e585\"},\"headline\":\"La presidenta electa Claudia Sheinbaum prev\u00e9 300 mil mdp para programas sociales, trenes y otros proyectos en 2025\",\"datePublished\":\"2024-07-24T01:18:40+00:00\",\"dateModified\":\"2024-07-24T01:18:43+00:00\",\"mainEntityOfPage\":{\"@id\":\"https:\\\/\\\/quehacerpolitico.mx\\\/?p=111511\"},\"wordCount\":637,\"commentCount\":0,\"image\":{\"@id\":\"https:\\\/\\\/quehacerpolitico.mx\\\/?p=111511#primaryimage\"},\"thumbnailUrl\":\"https:\\\/\\\/quehacerpolitico.mx\\\/wp-content\\\/uploads\\\/2024\\\/07\\\/IMG_6862.jpeg\",\"articleSection\":[\"Noticias\"],\"inLanguage\":\"es\",\"potentialAction\":[{\"@type\":\"CommentAction\",\"name\":\"Comment\",\"target\":[\"https:\\\/\\\/quehacerpolitico.mx\\\/?p=111511#respond\"]}]},{\"@type\":\"WebPage\",\"@id\":\"https:\\\/\\\/quehacerpolitico.mx\\\/?p=111511\",\"url\":\"https:\\\/\\\/quehacerpolitico.mx\\\/?p=111511\",\"name\":\"La presidenta electa Claudia Sheinbaum prev\u00e9 300 mil mdp para programas sociales, trenes y otros proyectos en 2025 -\",\"isPartOf\":{\"@id\":\"https:\\\/\\\/quehacerpolitico.mx\\\/#website\"},\"primaryImageOfPage\":{\"@id\":\"https:\\\/\\\/quehacerpolitico.mx\\\/?p=111511#primaryimage\"},\"image\":{\"@id\":\"https:\\\/\\\/quehacerpolitico.mx\\\/?p=111511#primaryimage\"},\"thumbnailUrl\":\"https:\\\/\\\/quehacerpolitico.mx\\\/wp-content\\\/uploads\\\/2024\\\/07\\\/IMG_6862.jpeg\",\"datePublished\":\"2024-07-24T01:18:40+00:00\",\"dateModified\":\"2024-07-24T01:18:43+00:00\",\"author\":{\"@id\":\"https:\\\/\\\/quehacerpolitico.mx\\\/#\\\/schema\\\/person\\\/496d8ad2d1d3f8036101dca7ee39e585\"},\"breadcrumb\":{\"@id\":\"https:\\\/\\\/quehacerpolitico.mx\\\/?p=111511#breadcrumb\"},\"inLanguage\":\"es\",\"potentialAction\":[{\"@type\":\"ReadAction\",\"target\":[\"https:\\\/\\\/quehacerpolitico.mx\\\/?p=111511\"]}]},{\"@type\":\"ImageObject\",\"inLanguage\":\"es\",\"@id\":\"https:\\\/\\\/quehacerpolitico.mx\\\/?p=111511#primaryimage\",\"url\":\"https:\\\/\\\/quehacerpolitico.mx\\\/wp-content\\\/uploads\\\/2024\\\/07\\\/IMG_6862.jpeg\",\"contentUrl\":\"https:\\\/\\\/quehacerpolitico.mx\\\/wp-content\\\/uploads\\\/2024\\\/07\\\/IMG_6862.jpeg\",\"width\":2219,\"height\":1284,\"caption\":\"Screenshot\"},{\"@type\":\"BreadcrumbList\",\"@id\":\"https:\\\/\\\/quehacerpolitico.mx\\\/?p=111511#breadcrumb\",\"itemListElement\":[{\"@type\":\"ListItem\",\"position\":1,\"name\":\"Inicio\",\"item\":\"https:\\\/\\\/quehacerpolitico.mx\\\/\"},{\"@type\":\"ListItem\",\"position\":2,\"name\":\"La presidenta electa Claudia Sheinbaum prev\u00e9 300 mil mdp para programas sociales, trenes y otros proyectos en 2025\"}]},{\"@type\":\"WebSite\",\"@id\":\"https:\\\/\\\/quehacerpolitico.mx\\\/#website\",\"url\":\"https:\\\/\\\/quehacerpolitico.mx\\\/\",\"name\":\"\",\"description\":\"\",\"potentialAction\":[{\"@type\":\"SearchAction\",\"target\":{\"@type\":\"EntryPoint\",\"urlTemplate\":\"https:\\\/\\\/quehacerpolitico.mx\\\/?s={search_term_string}\"},\"query-input\":{\"@type\":\"PropertyValueSpecification\",\"valueRequired\":true,\"valueName\":\"search_term_string\"}}],\"inLanguage\":\"es\"},{\"@type\":\"Person\",\"@id\":\"https:\\\/\\\/quehacerpolitico.mx\\\/#\\\/schema\\\/person\\\/496d8ad2d1d3f8036101dca7ee39e585\",\"name\":\"Redacci\u00f3n QP\",\"image\":{\"@type\":\"ImageObject\",\"inLanguage\":\"es\",\"@id\":\"https:\\\/\\\/secure.gravatar.com\\\/avatar\\\/c7164ed6fdec453195284ad24a5ae5b6e1eed2b848477fa2a4787ba9adf39a41?s=96&d=mm&r=g\",\"url\":\"https:\\\/\\\/secure.gravatar.com\\\/avatar\\\/c7164ed6fdec453195284ad24a5ae5b6e1eed2b848477fa2a4787ba9adf39a41?s=96&d=mm&r=g\",\"contentUrl\":\"https:\\\/\\\/secure.gravatar.com\\\/avatar\\\/c7164ed6fdec453195284ad24a5ae5b6e1eed2b848477fa2a4787ba9adf39a41?s=96&d=mm&r=g\",\"caption\":\"Redacci\u00f3n QP\"},\"url\":\"https:\\\/\\\/quehacerpolitico.mx\\\/?author=2\"}]}<\/script>\n<!-- \/ Yoast SEO plugin. -->","yoast_head_json":{"title":"La presidenta electa Claudia Sheinbaum prev\u00e9 300 mil mdp para programas sociales, trenes y otros proyectos en 2025 -","robots":{"index":"index","follow":"follow","max-snippet":"max-snippet:-1","max-image-preview":"max-image-preview:large","max-video-preview":"max-video-preview:-1"},"canonical":"https:\/\/quehacerpolitico.mx\/?p=111511","og_locale":"es_MX","og_type":"article","og_title":"La presidenta electa Claudia Sheinbaum prev\u00e9 300 mil mdp para programas sociales, trenes y otros proyectos en 2025 -","og_description":"Por Redacci\u00f3n QP Claudia\u00a0Sheinbaum\u00a0Pardo, virtual presidenta electa, estuvo buena parte de la ma\u00f1ana de este...","og_url":"https:\/\/quehacerpolitico.mx\/?p=111511","article_published_time":"2024-07-24T01:18:40+00:00","article_modified_time":"2024-07-24T01:18:43+00:00","og_image":[{"width":2219,"height":1284,"url":"https:\/\/quehacerpolitico.mx\/wp-content\/uploads\/2024\/07\/IMG_6862.jpeg","type":"image\/jpeg"}],"author":"Redacci\u00f3n QP","twitter_card":"summary_large_image","twitter_misc":{"Escrito por":"Redacci\u00f3n QP","Tiempo de lectura":"3 minutos"},"schema":{"@context":"https:\/\/schema.org","@graph":[{"@type":"Article","@id":"https:\/\/quehacerpolitico.mx\/?p=111511#article","isPartOf":{"@id":"https:\/\/quehacerpolitico.mx\/?p=111511"},"author":{"name":"Redacci\u00f3n QP","@id":"https:\/\/quehacerpolitico.mx\/#\/schema\/person\/496d8ad2d1d3f8036101dca7ee39e585"},"headline":"La presidenta electa Claudia Sheinbaum prev\u00e9 300 mil mdp para programas sociales, trenes y otros proyectos en 2025","datePublished":"2024-07-24T01:18:40+00:00","dateModified":"2024-07-24T01:18:43+00:00","mainEntityOfPage":{"@id":"https:\/\/quehacerpolitico.mx\/?p=111511"},"wordCount":637,"commentCount":0,"image":{"@id":"https:\/\/quehacerpolitico.mx\/?p=111511#primaryimage"},"thumbnailUrl":"https:\/\/quehacerpolitico.mx\/wp-content\/uploads\/2024\/07\/IMG_6862.jpeg","articleSection":["Noticias"],"inLanguage":"es","potentialAction":[{"@type":"CommentAction","name":"Comment","target":["https:\/\/quehacerpolitico.mx\/?p=111511#respond"]}]},{"@type":"WebPage","@id":"https:\/\/quehacerpolitico.mx\/?p=111511","url":"https:\/\/quehacerpolitico.mx\/?p=111511","name":"La presidenta electa Claudia Sheinbaum prev\u00e9 300 mil mdp para programas sociales, trenes y otros proyectos en 2025 -","isPartOf":{"@id":"https:\/\/quehacerpolitico.mx\/#website"},"primaryImageOfPage":{"@id":"https:\/\/quehacerpolitico.mx\/?p=111511#primaryimage"},"image":{"@id":"https:\/\/quehacerpolitico.mx\/?p=111511#primaryimage"},"thumbnailUrl":"https:\/\/quehacerpolitico.mx\/wp-content\/uploads\/2024\/07\/IMG_6862.jpeg","datePublished":"2024-07-24T01:18:40+00:00","dateModified":"2024-07-24T01:18:43+00:00","author":{"@id":"https:\/\/quehacerpolitico.mx\/#\/schema\/person\/496d8ad2d1d3f8036101dca7ee39e585"},"breadcrumb":{"@id":"https:\/\/quehacerpolitico.mx\/?p=111511#breadcrumb"},"inLanguage":"es","potentialAction":[{"@type":"ReadAction","target":["https:\/\/quehacerpolitico.mx\/?p=111511"]}]},{"@type":"ImageObject","inLanguage":"es","@id":"https:\/\/quehacerpolitico.mx\/?p=111511#primaryimage","url":"https:\/\/quehacerpolitico.mx\/wp-content\/uploads\/2024\/07\/IMG_6862.jpeg","contentUrl":"https:\/\/quehacerpolitico.mx\/wp-content\/uploads\/2024\/07\/IMG_6862.jpeg","width":2219,"height":1284,"caption":"Screenshot"},{"@type":"BreadcrumbList","@id":"https:\/\/quehacerpolitico.mx\/?p=111511#breadcrumb","itemListElement":[{"@type":"ListItem","position":1,"name":"Inicio","item":"https:\/\/quehacerpolitico.mx\/"},{"@type":"ListItem","position":2,"name":"La presidenta electa Claudia Sheinbaum prev\u00e9 300 mil mdp para programas sociales, trenes y otros proyectos en 2025"}]},{"@type":"WebSite","@id":"https:\/\/quehacerpolitico.mx\/#website","url":"https:\/\/quehacerpolitico.mx\/","name":"","description":"","potentialAction":[{"@type":"SearchAction","target":{"@type":"EntryPoint","urlTemplate":"https:\/\/quehacerpolitico.mx\/?s={search_term_string}"},"query-input":{"@type":"PropertyValueSpecification","valueRequired":true,"valueName":"search_term_string"}}],"inLanguage":"es"},{"@type":"Person","@id":"https:\/\/quehacerpolitico.mx\/#\/schema\/person\/496d8ad2d1d3f8036101dca7ee39e585","name":"Redacci\u00f3n QP","image":{"@type":"ImageObject","inLanguage":"es","@id":"https:\/\/secure.gravatar.com\/avatar\/c7164ed6fdec453195284ad24a5ae5b6e1eed2b848477fa2a4787ba9adf39a41?s=96&d=mm&r=g","url":"https:\/\/secure.gravatar.com\/avatar\/c7164ed6fdec453195284ad24a5ae5b6e1eed2b848477fa2a4787ba9adf39a41?s=96&d=mm&r=g","contentUrl":"https:\/\/secure.gravatar.com\/avatar\/c7164ed6fdec453195284ad24a5ae5b6e1eed2b848477fa2a4787ba9adf39a41?s=96&d=mm&r=g","caption":"Redacci\u00f3n QP"},"url":"https:\/\/quehacerpolitico.mx\/?author=2"}]}},"featured_image_urls":{"full":["https:\/\/quehacerpolitico.mx\/wp-content\/uploads\/2024\/07\/IMG_6862.jpeg",2219,1284,false],"thumbnail":["https:\/\/quehacerpolitico.mx\/wp-content\/uploads\/2024\/07\/IMG_6862-150x150.jpeg",150,150,true],"medium":["https:\/\/quehacerpolitico.mx\/wp-content\/uploads\/2024\/07\/IMG_6862-300x174.jpeg",300,174,true],"medium_large":["https:\/\/quehacerpolitico.mx\/wp-content\/uploads\/2024\/07\/IMG_6862-768x444.jpeg",640,370,true],"large":["https:\/\/quehacerpolitico.mx\/wp-content\/uploads\/2024\/07\/IMG_6862-1024x593.jpeg",640,371,true],"1536x1536":["https:\/\/quehacerpolitico.mx\/wp-content\/uploads\/2024\/07\/IMG_6862-1536x889.jpeg",1536,889,true],"2048x2048":["https:\/\/quehacerpolitico.mx\/wp-content\/uploads\/2024\/07\/IMG_6862-2048x1185.jpeg",2048,1185,true],"covernews-featured":["https:\/\/quehacerpolitico.mx\/wp-content\/uploads\/2024\/07\/IMG_6862.jpeg",1024,593,false],"covernews-medium":["https:\/\/quehacerpolitico.mx\/wp-content\/uploads\/2024\/07\/IMG_6862.jpeg",540,312,false]},"author_info":{"display_name":"Redacci\u00f3n QP","author_link":"https:\/\/quehacerpolitico.mx\/?author=2"},"category_info":"<a href=\"https:\/\/quehacerpolitico.mx\/?cat=2\" rel=\"category\">Noticias<\/a>","tag_info":"Noticias","comment_count":"0","_links":{"self":[{"href":"https:\/\/quehacerpolitico.mx\/index.php?rest_route=\/wp\/v2\/posts\/111511","targetHints":{"allow":["GET"]}}],"collection":[{"href":"https:\/\/quehacerpolitico.mx\/index.php?rest_route=\/wp\/v2\/posts"}],"about":[{"href":"https:\/\/quehacerpolitico.mx\/index.php?rest_route=\/wp\/v2\/types\/post"}],"author":[{"embeddable":true,"href":"https:\/\/quehacerpolitico.mx\/index.php?rest_route=\/wp\/v2\/users\/2"}],"replies":[{"embeddable":true,"href":"https:\/\/quehacerpolitico.mx\/index.php?rest_route=%2Fwp%2Fv2%2Fcomments&post=111511"}],"version-history":[{"count":1,"href":"https:\/\/quehacerpolitico.mx\/index.php?rest_route=\/wp\/v2\/posts\/111511\/revisions"}],"predecessor-version":[{"id":111513,"href":"https:\/\/quehacerpolitico.mx\/index.php?rest_route=\/wp\/v2\/posts\/111511\/revisions\/111513"}],"wp:featuredmedia":[{"embeddable":true,"href":"https:\/\/quehacerpolitico.mx\/index.php?rest_route=\/wp\/v2\/media\/111512"}],"wp:attachment":[{"href":"https:\/\/quehacerpolitico.mx\/index.php?rest_route=%2Fwp%2Fv2%2Fmedia&parent=111511"}],"wp:term":[{"taxonomy":"category","embeddable":true,"href":"https:\/\/quehacerpolitico.mx\/index.php?rest_route=%2Fwp%2Fv2%2Fcategories&post=111511"},{"taxonomy":"post_tag","embeddable":true,"href":"https:\/\/quehacerpolitico.mx\/index.php?rest_route=%2Fwp%2Fv2%2Ftags&post=111511"}],"curies":[{"name":"wp","href":"https:\/\/api.w.org\/{rel}","templated":true}]}}