{"id":11150,"date":"2018-12-07T04:16:30","date_gmt":"2018-12-07T04:16:30","guid":{"rendered":"http:\/\/quehacerpolitico.mx\/la-unicef-advierte-que-5-de-cada-10-ninos-en-mexico-son-pobres-y-en-la-poblacion-indigena-es-peor\/"},"modified":"2018-12-07T04:16:30","modified_gmt":"2018-12-07T04:16:30","slug":"la-unicef-advierte-que-5-de-cada-10-ninos-en-mexico-son-pobres-y-en-la-poblacion-indigena-es-peor","status":"publish","type":"post","link":"https:\/\/quehacerpolitico.mx\/?p=11150","title":{"rendered":"La Unicef advierte que 5 de cada 10 ni\u00f1os en M\u00e9xico son pobres, y en la poblaci\u00f3n ind\u00edgena es peor"},"content":{"rendered":"<h1>La Unicef advierte que 5 de cada 10 ni\u00f1os en M\u00e9xico son pobres, y en la poblaci\u00f3n ind\u00edgena es peor<\/h1>\n<p>Por Redacci\u00f3n QP<\/p>\n<p><strong>Cinco de cada 10 ni\u00f1os y adolescentes en M\u00e9xico<\/strong> vive en situaci\u00f3n de <strong>pobreza<\/strong> y el panorama es m\u00e1s complejo para la <strong>ni\u00f1ez ind\u00edgena<\/strong>, con cifras cercanas al 80 por ciento, destac\u00f3 un informe del <strong>Fondo de las Naciones Unidas para la Infancia<\/strong>\u00a0(Unicef).<\/p>\n<p>En el documento \u201cLos derechos de la infancia y la adolescencia en M\u00e9xico\u201d, la Unicef detall\u00f3 que en 2016, 52.3 por ciento de los ni\u00f1os y ni\u00f1as entre cero y 11 a\u00f1os viv\u00edan en situaci\u00f3n de pobreza, de estos 9.7 por ciento en pobreza extrema, mientras que 48.8 por ciento de los adolescentes (12 a 17 a\u00f1os) estaban en la misma situaci\u00f3n, de los cuales 7.8 en pobreza extrema.<\/p>\n<p>En total, 20.7 millones de ni\u00f1as, ni\u00f1os y adolescentes que viven en hogares mexicanos experimentan alg\u00fan tipo de pobreza. El panorama es m\u00e1s complejo para la ni\u00f1ez ind\u00edgena, con porcentajes de pobreza cercanos al 80 por ciento (78.6 para las ni\u00f1as y ni\u00f1os y 78.2 para las y los adolescentes).<\/p>\n<blockquote>\n<p>\u201cEsto evidencia las desventajas que enfrenta la poblaci\u00f3n ind\u00edgena para el ejercicio de sus derechos\u201d, mencion\u00f3 el informe de la Unicef. \u201cLa pobreza en la ni\u00f1ez genera da\u00f1os irreversibles, lo cual confiere a su atenci\u00f3n y reducci\u00f3n un sentido de urgencia: la probabilidad de que se vuelva permanente es m\u00e1s alta que en el caso de los adultos, al igual que la posibilidad de que se reproduzca intergeneracionalmente\u201d.<\/p>\n<\/blockquote>\n<p>En otras palabras, precis\u00f3 el informe, \u201cuno de cada dos ni\u00f1os o adolescentes (en 2014) carec\u00eda de las condiciones m\u00ednimas para ejercer al menos uno de sus derechos sociales, y sus hogares carec\u00edan de los recursos indispensables para satisfacer sus necesidades b\u00e1sicas\u201d.<\/p>\n<p>Adicionalmente, en 2014 la carencia de acceso a la alimentaci\u00f3n resulta particularmente preocupante, ya que 27.6 por ciento de las personas menores de 18 a\u00f1os reportaron experiencias de hambre o insuficiencia en la cantidad o calidad de alimentos consumidos, frente a 23.4 por ciento en el caso de la poblaci\u00f3n en general.<\/p>\n<p><strong>Vivir en una zona rural<\/strong> tambi\u00e9n incide en el acceso, permanencia y conclusi\u00f3n educativa, destac\u00f3 la Unicef. Mientras que 96.2 por ciento de los ni\u00f1os, ni\u00f1as y adolescentes de seis a 14 a\u00f1os asiste a la escuela, en el caso de los ind\u00edgenas \u2013quienes se concentran mayormente en las \u00e1reas rurales\u2013 el porcentaje es de 92.7 por ciento.<\/p>\n<blockquote>\n<p>Esta diferencia, mayor a\u00fan en el pasado, afecta tambi\u00e9n en los a\u00f1os de escolaridad. Por ejemplo, refiri\u00f3 el informe de la Unicef, \u201csi el promedio nacional es de 9.1 a\u00f1os de escolaridad, la poblaci\u00f3n hablante de alguna lengua ind\u00edgena no logra alcanzar los seis a\u00f1os de educaci\u00f3n primaria, lo cual representa un promedio de 5.7 a\u00f1os, y adem\u00e1s con un a\u00f1o de desventaja para las mujeres (6.2 a\u00f1os para los hombres, 5.1 a\u00f1os para las mujeres).<\/p>\n<p>Tambi\u00e9n se\u00f1al\u00f3 que el analfabetismo evidencia la misma inequidad: mientras que el promedio nacional de analfabetismo en mayores de 15 a\u00f1os es de 5.5 por ciento (4.4 por ciento hombres, 6.5 por ciento mujeres), la poblaci\u00f3n ind\u00edgena mayor de 15 a\u00f1os presenta un nivel de analfabetismo cuatro veces mayor (23 por ciento), con una fuerte brecha de g\u00e9nero (16 por ciento hombres, 29 por ciento mujeres).<\/p>\n<\/blockquote>\n","protected":false},"excerpt":{"rendered":"<p>La Unicef advierte que 5 de cada 10 ni\u00f1os en M\u00e9xico son pobres, y en la poblaci\u00f3n ind\u00edgena es peor<br \/>\nPor Redacci\u00f3n QP<\/p>\n","protected":false},"author":2,"featured_media":11149,"comment_status":"open","ping_status":"open","sticky":false,"template":"","format":"standard","meta":{"_monsterinsights_skip_tracking":false,"_monsterinsights_sitenote_active":false,"_monsterinsights_sitenote_note":"","_monsterinsights_sitenote_category":0,"footnotes":""},"categories":[2],"tags":[],"class_list":["post-11150","post","type-post","status-publish","format-standard","has-post-thumbnail","hentry","category-noticias"],"yoast_head":"<!-- This site is optimized with the Yoast SEO plugin v27.3 - https:\/\/yoast.com\/product\/yoast-seo-wordpress\/ -->\n<title>La Unicef advierte que 5 de cada 10 ni\u00f1os en M\u00e9xico son pobres, y en la poblaci\u00f3n ind\u00edgena es peor -<\/title>\n<meta name=\"robots\" content=\"index, follow, max-snippet:-1, max-image-preview:large, max-video-preview:-1\" \/>\n<link rel=\"canonical\" href=\"https:\/\/quehacerpolitico.mx\/?p=11150\" \/>\n<meta property=\"og:locale\" content=\"es_MX\" \/>\n<meta property=\"og:type\" content=\"article\" \/>\n<meta property=\"og:title\" content=\"La Unicef advierte que 5 de cada 10 ni\u00f1os en M\u00e9xico son pobres, y en la poblaci\u00f3n ind\u00edgena es peor -\" \/>\n<meta property=\"og:description\" content=\"La Unicef advierte que 5 de cada 10 ni\u00f1os en M\u00e9xico son pobres, y en la poblaci\u00f3n ind\u00edgena es peor Por Redacci\u00f3n QP\" \/>\n<meta property=\"og:url\" content=\"https:\/\/quehacerpolitico.mx\/?p=11150\" \/>\n<meta property=\"article:published_time\" content=\"2018-12-07T04:16:30+00:00\" \/>\n<meta name=\"author\" content=\"Redacci\u00f3n QP\" \/>\n<meta name=\"twitter:card\" content=\"summary_large_image\" \/>\n<meta name=\"twitter:label1\" content=\"Escrito por\" \/>\n\t<meta name=\"twitter:data1\" content=\"Redacci\u00f3n QP\" \/>\n\t<meta name=\"twitter:label2\" content=\"Tiempo de lectura\" \/>\n\t<meta name=\"twitter:data2\" content=\"3 minutos\" \/>\n<script type=\"application\/ld+json\" class=\"yoast-schema-graph\">{\"@context\":\"https:\\\/\\\/schema.org\",\"@graph\":[{\"@type\":\"Article\",\"@id\":\"https:\\\/\\\/quehacerpolitico.mx\\\/?p=11150#article\",\"isPartOf\":{\"@id\":\"https:\\\/\\\/quehacerpolitico.mx\\\/?p=11150\"},\"author\":{\"name\":\"Redacci\u00f3n QP\",\"@id\":\"https:\\\/\\\/quehacerpolitico.mx\\\/#\\\/schema\\\/person\\\/496d8ad2d1d3f8036101dca7ee39e585\"},\"headline\":\"La Unicef advierte que 5 de cada 10 ni\u00f1os en M\u00e9xico son pobres, y en la poblaci\u00f3n ind\u00edgena es peor\",\"datePublished\":\"2018-12-07T04:16:30+00:00\",\"mainEntityOfPage\":{\"@id\":\"https:\\\/\\\/quehacerpolitico.mx\\\/?p=11150\"},\"wordCount\":602,\"commentCount\":0,\"image\":{\"@id\":\"https:\\\/\\\/quehacerpolitico.mx\\\/?p=11150#primaryimage\"},\"thumbnailUrl\":\"\",\"articleSection\":[\"Noticias\"],\"inLanguage\":\"es\",\"potentialAction\":[{\"@type\":\"CommentAction\",\"name\":\"Comment\",\"target\":[\"https:\\\/\\\/quehacerpolitico.mx\\\/?p=11150#respond\"]}]},{\"@type\":\"WebPage\",\"@id\":\"https:\\\/\\\/quehacerpolitico.mx\\\/?p=11150\",\"url\":\"https:\\\/\\\/quehacerpolitico.mx\\\/?p=11150\",\"name\":\"La Unicef advierte que 5 de cada 10 ni\u00f1os en M\u00e9xico son pobres, y en la poblaci\u00f3n ind\u00edgena es peor -\",\"isPartOf\":{\"@id\":\"https:\\\/\\\/quehacerpolitico.mx\\\/#website\"},\"primaryImageOfPage\":{\"@id\":\"https:\\\/\\\/quehacerpolitico.mx\\\/?p=11150#primaryimage\"},\"image\":{\"@id\":\"https:\\\/\\\/quehacerpolitico.mx\\\/?p=11150#primaryimage\"},\"thumbnailUrl\":\"\",\"datePublished\":\"2018-12-07T04:16:30+00:00\",\"author\":{\"@id\":\"https:\\\/\\\/quehacerpolitico.mx\\\/#\\\/schema\\\/person\\\/496d8ad2d1d3f8036101dca7ee39e585\"},\"breadcrumb\":{\"@id\":\"https:\\\/\\\/quehacerpolitico.mx\\\/?p=11150#breadcrumb\"},\"inLanguage\":\"es\",\"potentialAction\":[{\"@type\":\"ReadAction\",\"target\":[\"https:\\\/\\\/quehacerpolitico.mx\\\/?p=11150\"]}]},{\"@type\":\"ImageObject\",\"inLanguage\":\"es\",\"@id\":\"https:\\\/\\\/quehacerpolitico.mx\\\/?p=11150#primaryimage\",\"url\":\"\",\"contentUrl\":\"\"},{\"@type\":\"BreadcrumbList\",\"@id\":\"https:\\\/\\\/quehacerpolitico.mx\\\/?p=11150#breadcrumb\",\"itemListElement\":[{\"@type\":\"ListItem\",\"position\":1,\"name\":\"Inicio\",\"item\":\"https:\\\/\\\/quehacerpolitico.mx\\\/\"},{\"@type\":\"ListItem\",\"position\":2,\"name\":\"La Unicef advierte que 5 de cada 10 ni\u00f1os en M\u00e9xico son pobres, y en la poblaci\u00f3n ind\u00edgena es peor\"}]},{\"@type\":\"WebSite\",\"@id\":\"https:\\\/\\\/quehacerpolitico.mx\\\/#website\",\"url\":\"https:\\\/\\\/quehacerpolitico.mx\\\/\",\"name\":\"\",\"description\":\"\",\"potentialAction\":[{\"@type\":\"SearchAction\",\"target\":{\"@type\":\"EntryPoint\",\"urlTemplate\":\"https:\\\/\\\/quehacerpolitico.mx\\\/?s={search_term_string}\"},\"query-input\":{\"@type\":\"PropertyValueSpecification\",\"valueRequired\":true,\"valueName\":\"search_term_string\"}}],\"inLanguage\":\"es\"},{\"@type\":\"Person\",\"@id\":\"https:\\\/\\\/quehacerpolitico.mx\\\/#\\\/schema\\\/person\\\/496d8ad2d1d3f8036101dca7ee39e585\",\"name\":\"Redacci\u00f3n QP\",\"image\":{\"@type\":\"ImageObject\",\"inLanguage\":\"es\",\"@id\":\"https:\\\/\\\/secure.gravatar.com\\\/avatar\\\/c7164ed6fdec453195284ad24a5ae5b6e1eed2b848477fa2a4787ba9adf39a41?s=96&d=mm&r=g\",\"url\":\"https:\\\/\\\/secure.gravatar.com\\\/avatar\\\/c7164ed6fdec453195284ad24a5ae5b6e1eed2b848477fa2a4787ba9adf39a41?s=96&d=mm&r=g\",\"contentUrl\":\"https:\\\/\\\/secure.gravatar.com\\\/avatar\\\/c7164ed6fdec453195284ad24a5ae5b6e1eed2b848477fa2a4787ba9adf39a41?s=96&d=mm&r=g\",\"caption\":\"Redacci\u00f3n QP\"},\"url\":\"https:\\\/\\\/quehacerpolitico.mx\\\/?author=2\"}]}<\/script>\n<!-- \/ Yoast SEO plugin. -->","yoast_head_json":{"title":"La Unicef advierte que 5 de cada 10 ni\u00f1os en M\u00e9xico son pobres, y en la poblaci\u00f3n ind\u00edgena es peor -","robots":{"index":"index","follow":"follow","max-snippet":"max-snippet:-1","max-image-preview":"max-image-preview:large","max-video-preview":"max-video-preview:-1"},"canonical":"https:\/\/quehacerpolitico.mx\/?p=11150","og_locale":"es_MX","og_type":"article","og_title":"La Unicef advierte que 5 de cada 10 ni\u00f1os en M\u00e9xico son pobres, y en la poblaci\u00f3n ind\u00edgena es peor -","og_description":"La Unicef advierte que 5 de cada 10 ni\u00f1os en M\u00e9xico son pobres, y en la poblaci\u00f3n ind\u00edgena es peor Por Redacci\u00f3n QP","og_url":"https:\/\/quehacerpolitico.mx\/?p=11150","article_published_time":"2018-12-07T04:16:30+00:00","author":"Redacci\u00f3n QP","twitter_card":"summary_large_image","twitter_misc":{"Escrito por":"Redacci\u00f3n QP","Tiempo de lectura":"3 minutos"},"schema":{"@context":"https:\/\/schema.org","@graph":[{"@type":"Article","@id":"https:\/\/quehacerpolitico.mx\/?p=11150#article","isPartOf":{"@id":"https:\/\/quehacerpolitico.mx\/?p=11150"},"author":{"name":"Redacci\u00f3n QP","@id":"https:\/\/quehacerpolitico.mx\/#\/schema\/person\/496d8ad2d1d3f8036101dca7ee39e585"},"headline":"La Unicef advierte que 5 de cada 10 ni\u00f1os en M\u00e9xico son pobres, y en la poblaci\u00f3n ind\u00edgena es peor","datePublished":"2018-12-07T04:16:30+00:00","mainEntityOfPage":{"@id":"https:\/\/quehacerpolitico.mx\/?p=11150"},"wordCount":602,"commentCount":0,"image":{"@id":"https:\/\/quehacerpolitico.mx\/?p=11150#primaryimage"},"thumbnailUrl":"","articleSection":["Noticias"],"inLanguage":"es","potentialAction":[{"@type":"CommentAction","name":"Comment","target":["https:\/\/quehacerpolitico.mx\/?p=11150#respond"]}]},{"@type":"WebPage","@id":"https:\/\/quehacerpolitico.mx\/?p=11150","url":"https:\/\/quehacerpolitico.mx\/?p=11150","name":"La Unicef advierte que 5 de cada 10 ni\u00f1os en M\u00e9xico son pobres, y en la poblaci\u00f3n ind\u00edgena es peor -","isPartOf":{"@id":"https:\/\/quehacerpolitico.mx\/#website"},"primaryImageOfPage":{"@id":"https:\/\/quehacerpolitico.mx\/?p=11150#primaryimage"},"image":{"@id":"https:\/\/quehacerpolitico.mx\/?p=11150#primaryimage"},"thumbnailUrl":"","datePublished":"2018-12-07T04:16:30+00:00","author":{"@id":"https:\/\/quehacerpolitico.mx\/#\/schema\/person\/496d8ad2d1d3f8036101dca7ee39e585"},"breadcrumb":{"@id":"https:\/\/quehacerpolitico.mx\/?p=11150#breadcrumb"},"inLanguage":"es","potentialAction":[{"@type":"ReadAction","target":["https:\/\/quehacerpolitico.mx\/?p=11150"]}]},{"@type":"ImageObject","inLanguage":"es","@id":"https:\/\/quehacerpolitico.mx\/?p=11150#primaryimage","url":"","contentUrl":""},{"@type":"BreadcrumbList","@id":"https:\/\/quehacerpolitico.mx\/?p=11150#breadcrumb","itemListElement":[{"@type":"ListItem","position":1,"name":"Inicio","item":"https:\/\/quehacerpolitico.mx\/"},{"@type":"ListItem","position":2,"name":"La Unicef advierte que 5 de cada 10 ni\u00f1os en M\u00e9xico son pobres, y en la poblaci\u00f3n ind\u00edgena es peor"}]},{"@type":"WebSite","@id":"https:\/\/quehacerpolitico.mx\/#website","url":"https:\/\/quehacerpolitico.mx\/","name":"","description":"","potentialAction":[{"@type":"SearchAction","target":{"@type":"EntryPoint","urlTemplate":"https:\/\/quehacerpolitico.mx\/?s={search_term_string}"},"query-input":{"@type":"PropertyValueSpecification","valueRequired":true,"valueName":"search_term_string"}}],"inLanguage":"es"},{"@type":"Person","@id":"https:\/\/quehacerpolitico.mx\/#\/schema\/person\/496d8ad2d1d3f8036101dca7ee39e585","name":"Redacci\u00f3n QP","image":{"@type":"ImageObject","inLanguage":"es","@id":"https:\/\/secure.gravatar.com\/avatar\/c7164ed6fdec453195284ad24a5ae5b6e1eed2b848477fa2a4787ba9adf39a41?s=96&d=mm&r=g","url":"https:\/\/secure.gravatar.com\/avatar\/c7164ed6fdec453195284ad24a5ae5b6e1eed2b848477fa2a4787ba9adf39a41?s=96&d=mm&r=g","contentUrl":"https:\/\/secure.gravatar.com\/avatar\/c7164ed6fdec453195284ad24a5ae5b6e1eed2b848477fa2a4787ba9adf39a41?s=96&d=mm&r=g","caption":"Redacci\u00f3n QP"},"url":"https:\/\/quehacerpolitico.mx\/?author=2"}]}},"featured_image_urls":{"full":"","thumbnail":"","medium":"","medium_large":"","large":"","1536x1536":"","2048x2048":"","covernews-featured":"","covernews-medium":""},"author_info":{"display_name":"Redacci\u00f3n QP","author_link":"https:\/\/quehacerpolitico.mx\/?author=2"},"category_info":"<a href=\"https:\/\/quehacerpolitico.mx\/?cat=2\" rel=\"category\">Noticias<\/a>","tag_info":"Noticias","comment_count":"0","_links":{"self":[{"href":"https:\/\/quehacerpolitico.mx\/index.php?rest_route=\/wp\/v2\/posts\/11150","targetHints":{"allow":["GET"]}}],"collection":[{"href":"https:\/\/quehacerpolitico.mx\/index.php?rest_route=\/wp\/v2\/posts"}],"about":[{"href":"https:\/\/quehacerpolitico.mx\/index.php?rest_route=\/wp\/v2\/types\/post"}],"author":[{"embeddable":true,"href":"https:\/\/quehacerpolitico.mx\/index.php?rest_route=\/wp\/v2\/users\/2"}],"replies":[{"embeddable":true,"href":"https:\/\/quehacerpolitico.mx\/index.php?rest_route=%2Fwp%2Fv2%2Fcomments&post=11150"}],"version-history":[{"count":0,"href":"https:\/\/quehacerpolitico.mx\/index.php?rest_route=\/wp\/v2\/posts\/11150\/revisions"}],"wp:featuredmedia":[{"embeddable":true,"href":"https:\/\/quehacerpolitico.mx\/index.php?rest_route=\/"}],"wp:attachment":[{"href":"https:\/\/quehacerpolitico.mx\/index.php?rest_route=%2Fwp%2Fv2%2Fmedia&parent=11150"}],"wp:term":[{"taxonomy":"category","embeddable":true,"href":"https:\/\/quehacerpolitico.mx\/index.php?rest_route=%2Fwp%2Fv2%2Fcategories&post=11150"},{"taxonomy":"post_tag","embeddable":true,"href":"https:\/\/quehacerpolitico.mx\/index.php?rest_route=%2Fwp%2Fv2%2Ftags&post=11150"}],"curies":[{"name":"wp","href":"https:\/\/api.w.org\/{rel}","templated":true}]}}