{"id":111490,"date":"2024-07-23T03:31:16","date_gmt":"2024-07-23T03:31:16","guid":{"rendered":"https:\/\/quehacerpolitico.mx\/?p=111490"},"modified":"2024-07-23T03:31:18","modified_gmt":"2024-07-23T03:31:18","slug":"los-restos-del-comisario-jefe-de-la-ssc-de-la-cdmx-milton-morales-figueroa-se-encuentran-ya-en-el-estado-de-aguascalientes-su-lugar-de-origen","status":"publish","type":"post","link":"https:\/\/quehacerpolitico.mx\/?p=111490","title":{"rendered":"Los restos del comisario jefe\u00a0de la SSC de la CDMX Milton Morales Figueroa se encuentran ya en el estado de\u00a0Aguascalientes, su lugar de origen"},"content":{"rendered":"\n<p>Por Redacci\u00f3n QP<\/p>\n\n\n\n<p>De acuerdo con reportes, Milton Morales ser\u00e1 velado en una funeraria al poniente de la capital hidroc\u00e1lida y que ma\u00f1ana martes se le realizar\u00e1 una misa en el templo de Guadalupe<\/p>\n\n\n\n<p>Los restos del comisario jefe&nbsp;<strong>Milton Morales Figueroa<\/strong>, coordinador general de la&nbsp;<strong>Unidad de Estrategia, T\u00e1ctica y Operaciones Especiales&nbsp;<\/strong>de la&nbsp;<strong>Secretar\u00eda de Seguridad Ciudadana<\/strong>&nbsp;(SSC) capitalina, se encuentran ya en el estado de&nbsp;<strong>Aguascalientes<\/strong>, su lugar de origen.<\/p>\n\n\n\n<p>Los restos llegaron al estado cerca de las 16:00 h, tras la ceremonia y despedida realizada en una funeraria del Estado de M\u00e9xico en la que participaron familiares, amigos, compa\u00f1eros y mandos de la SSC.<\/p>\n\n\n\n<p>Reportes se\u00f1alan que Milton Morales ser\u00e1 velado en una funeraria al poniente de la capital hidroc\u00e1lida y que ma\u00f1ana martes se le realizar\u00e1 una misa en el templo de Guadalupe.<\/p>\n\n\n\n<figure class=\"wp-block-embed is-type-rich is-provider-twitter wp-block-embed-twitter\"><div class=\"wp-block-embed__wrapper\">\n<blockquote class=\"twitter-tweet\" data-width=\"550\" data-dnt=\"true\"><p lang=\"es\" dir=\"ltr\">Familiares, amigos, mandos y personal de la <a href=\"https:\/\/twitter.com\/hashtag\/SSC?src=hash&amp;ref_src=twsrc%5Etfw\">#SSC<\/a>, despidieron al Comisiario Jefe Milton Morales Figueroa. <a href=\"https:\/\/t.co\/VXhH482TTJ\">https:\/\/t.co\/VXhH482TTJ<\/a> <a href=\"https:\/\/t.co\/ymaHy1eqVF\">pic.twitter.com\/ymaHy1eqVF<\/a><\/p>&mdash; SSC CDMX (@SSC_CDMX) <a href=\"https:\/\/twitter.com\/SSC_CDMX\/status\/1815508420486918258?ref_src=twsrc%5Etfw\">July 22, 2024<\/a><\/blockquote><script async src=\"https:\/\/platform.twitter.com\/widgets.js\" charset=\"utf-8\"><\/script>\n<\/div><\/figure>\n\n\n\n<p><strong>Morales Figueroa&nbsp;<\/strong>naci\u00f3 en&nbsp;<strong>Aguascalientes&nbsp;<\/strong>y era maestro en Derecho con m\u00e1s de 17 a\u00f1os de experiencia en temas de seguridad. Particip\u00f3 en la Polic\u00eda Federal, donde se desempe\u00f1\u00f3 como Director General Adjunto y posteriormente ocup\u00f3 ese mismo cargo en la&nbsp;<strong>Fiscal\u00eda General de la Rep\u00fablica&nbsp;<\/strong>(<strong>FGR<\/strong>).<\/p>\n\n\n\n<p>En la Ciudad de M\u00e9xico, el funcionario se desempe\u00f1\u00f3 como Director de la&nbsp;<strong>Fuerza Antisecuestro<\/strong>&nbsp;de la&nbsp;<strong>Fiscal\u00eda General de Justicia<\/strong>&nbsp;(FGJ) y posteriormente se uni\u00f3 a la Secretar\u00eda de Seguridad Ciudadana, donde ocup\u00f3 el cargo de coordinador general de la&nbsp;<strong>Unidad de Estrategia T\u00e1ctica y Operaciones Especiales<\/strong>.<\/p>\n\n\n\n<figure class=\"wp-block-embed is-type-rich is-provider-twitter wp-block-embed-twitter\"><div class=\"wp-block-embed__wrapper\">\n<blockquote class=\"twitter-tweet\" data-width=\"550\" data-dnt=\"true\"><p lang=\"es\" dir=\"ltr\">\u00a1Gracias Milton! Amado padre, esposo, hijo, amigo, funcionario de alto valor, completamente entregado y dedicado al cumplimiento de su deber, tu esp\u00edritu perdurar\u00e1 en las nuevas generaciones de polic\u00edas, tu legado se queda en <a href=\"https:\/\/twitter.com\/SSC_CDMX?ref_src=twsrc%5Etfw\">@SSC_CDMX<\/a>, tu memoria ser\u00e1 honrada por todos <a href=\"https:\/\/twitter.com\/hashtag\/SomosSSC?src=hash&amp;ref_src=twsrc%5Etfw\">#SomosSSC<\/a> <a href=\"https:\/\/t.co\/If5IBRsZpj\">pic.twitter.com\/If5IBRsZpj<\/a><\/p>&mdash; @ELPOLICIA (@ELPOLICIA8) <a href=\"https:\/\/twitter.com\/ELPOLICIA8\/status\/1815514921649459573?ref_src=twsrc%5Etfw\">July 22, 2024<\/a><\/blockquote><script async src=\"https:\/\/platform.twitter.com\/widgets.js\" charset=\"utf-8\"><\/script>\n<\/div><\/figure>\n\n\n\n<p>El mando policial logr\u00f3 detenciones importantes y particip\u00f3 en investigaciones como el atentado al periodista Ciro G\u00f3mez Leyva.<\/p>\n\n\n\n<p>Al t\u00e9rmino de la misa, las Bandas de Guerra de la Polic\u00eda Auxiliar, Bancaria e Industrial y del Agrupamiento Zorros de la SSC entonaron el toque de silencio, mientras que una aeronave de la Direcci\u00f3n General de Servicios A\u00e9reos C\u00f3ndores realiz\u00f3 un sobrevuelo y esparci\u00f3 p\u00e9talos de rosas.<\/p>\n","protected":false},"excerpt":{"rendered":"<p>Por Redacci\u00f3n QP De acuerdo con reportes, Milton Morales ser\u00e1 velado en una funeraria al&#8230;<\/p>\n","protected":false},"author":2,"featured_media":111491,"comment_status":"open","ping_status":"open","sticky":false,"template":"","format":"standard","meta":{"_monsterinsights_skip_tracking":false,"_monsterinsights_sitenote_active":false,"_monsterinsights_sitenote_note":"","_monsterinsights_sitenote_category":0,"footnotes":""},"categories":[55],"tags":[],"class_list":["post-111490","post","type-post","status-publish","format-standard","has-post-thumbnail","hentry","category-cdmx"],"yoast_head":"<!-- This site is optimized with the Yoast SEO plugin v27.3 - https:\/\/yoast.com\/product\/yoast-seo-wordpress\/ -->\n<title>Los restos del comisario jefe\u00a0de la SSC de la CDMX Milton Morales Figueroa se encuentran ya en el estado de\u00a0Aguascalientes, su lugar de origen -<\/title>\n<meta name=\"robots\" content=\"index, follow, max-snippet:-1, max-image-preview:large, max-video-preview:-1\" \/>\n<link rel=\"canonical\" href=\"https:\/\/quehacerpolitico.mx\/?p=111490\" \/>\n<meta property=\"og:locale\" content=\"es_MX\" \/>\n<meta property=\"og:type\" content=\"article\" \/>\n<meta property=\"og:title\" content=\"Los restos del comisario jefe\u00a0de la SSC de la CDMX Milton Morales Figueroa se encuentran ya en el estado de\u00a0Aguascalientes, su lugar de origen -\" \/>\n<meta property=\"og:description\" content=\"Por Redacci\u00f3n QP De acuerdo con reportes, Milton Morales ser\u00e1 velado en una funeraria al...\" \/>\n<meta property=\"og:url\" content=\"https:\/\/quehacerpolitico.mx\/?p=111490\" \/>\n<meta property=\"article:published_time\" content=\"2024-07-23T03:31:16+00:00\" \/>\n<meta property=\"article:modified_time\" content=\"2024-07-23T03:31:18+00:00\" \/>\n<meta property=\"og:image\" content=\"https:\/\/quehacerpolitico.mx\/wp-content\/uploads\/2024\/07\/IMG_6850.jpeg\" \/>\n\t<meta property=\"og:image:width\" content=\"1600\" \/>\n\t<meta property=\"og:image:height\" content=\"1506\" \/>\n\t<meta property=\"og:image:type\" content=\"image\/jpeg\" \/>\n<meta name=\"author\" content=\"Redacci\u00f3n QP\" \/>\n<meta name=\"twitter:card\" content=\"summary_large_image\" \/>\n<meta name=\"twitter:label1\" content=\"Escrito por\" \/>\n\t<meta name=\"twitter:data1\" content=\"Redacci\u00f3n QP\" \/>\n\t<meta name=\"twitter:label2\" content=\"Tiempo de lectura\" \/>\n\t<meta name=\"twitter:data2\" content=\"2 minutos\" \/>\n<script type=\"application\/ld+json\" class=\"yoast-schema-graph\">{\"@context\":\"https:\\\/\\\/schema.org\",\"@graph\":[{\"@type\":\"Article\",\"@id\":\"https:\\\/\\\/quehacerpolitico.mx\\\/?p=111490#article\",\"isPartOf\":{\"@id\":\"https:\\\/\\\/quehacerpolitico.mx\\\/?p=111490\"},\"author\":{\"name\":\"Redacci\u00f3n QP\",\"@id\":\"https:\\\/\\\/quehacerpolitico.mx\\\/#\\\/schema\\\/person\\\/496d8ad2d1d3f8036101dca7ee39e585\"},\"headline\":\"Los restos del comisario jefe\u00a0de la SSC de la CDMX Milton Morales Figueroa se encuentran ya en el estado de\u00a0Aguascalientes, su lugar de origen\",\"datePublished\":\"2024-07-23T03:31:16+00:00\",\"dateModified\":\"2024-07-23T03:31:18+00:00\",\"mainEntityOfPage\":{\"@id\":\"https:\\\/\\\/quehacerpolitico.mx\\\/?p=111490\"},\"wordCount\":388,\"commentCount\":0,\"image\":{\"@id\":\"https:\\\/\\\/quehacerpolitico.mx\\\/?p=111490#primaryimage\"},\"thumbnailUrl\":\"https:\\\/\\\/quehacerpolitico.mx\\\/wp-content\\\/uploads\\\/2024\\\/07\\\/IMG_6850.jpeg\",\"articleSection\":[\"CDMX\"],\"inLanguage\":\"es\",\"potentialAction\":[{\"@type\":\"CommentAction\",\"name\":\"Comment\",\"target\":[\"https:\\\/\\\/quehacerpolitico.mx\\\/?p=111490#respond\"]}]},{\"@type\":\"WebPage\",\"@id\":\"https:\\\/\\\/quehacerpolitico.mx\\\/?p=111490\",\"url\":\"https:\\\/\\\/quehacerpolitico.mx\\\/?p=111490\",\"name\":\"Los restos del comisario jefe\u00a0de la SSC de la CDMX Milton Morales Figueroa se encuentran ya en el estado de\u00a0Aguascalientes, su lugar de origen -\",\"isPartOf\":{\"@id\":\"https:\\\/\\\/quehacerpolitico.mx\\\/#website\"},\"primaryImageOfPage\":{\"@id\":\"https:\\\/\\\/quehacerpolitico.mx\\\/?p=111490#primaryimage\"},\"image\":{\"@id\":\"https:\\\/\\\/quehacerpolitico.mx\\\/?p=111490#primaryimage\"},\"thumbnailUrl\":\"https:\\\/\\\/quehacerpolitico.mx\\\/wp-content\\\/uploads\\\/2024\\\/07\\\/IMG_6850.jpeg\",\"datePublished\":\"2024-07-23T03:31:16+00:00\",\"dateModified\":\"2024-07-23T03:31:18+00:00\",\"author\":{\"@id\":\"https:\\\/\\\/quehacerpolitico.mx\\\/#\\\/schema\\\/person\\\/496d8ad2d1d3f8036101dca7ee39e585\"},\"breadcrumb\":{\"@id\":\"https:\\\/\\\/quehacerpolitico.mx\\\/?p=111490#breadcrumb\"},\"inLanguage\":\"es\",\"potentialAction\":[{\"@type\":\"ReadAction\",\"target\":[\"https:\\\/\\\/quehacerpolitico.mx\\\/?p=111490\"]}]},{\"@type\":\"ImageObject\",\"inLanguage\":\"es\",\"@id\":\"https:\\\/\\\/quehacerpolitico.mx\\\/?p=111490#primaryimage\",\"url\":\"https:\\\/\\\/quehacerpolitico.mx\\\/wp-content\\\/uploads\\\/2024\\\/07\\\/IMG_6850.jpeg\",\"contentUrl\":\"https:\\\/\\\/quehacerpolitico.mx\\\/wp-content\\\/uploads\\\/2024\\\/07\\\/IMG_6850.jpeg\",\"width\":1600,\"height\":1506},{\"@type\":\"BreadcrumbList\",\"@id\":\"https:\\\/\\\/quehacerpolitico.mx\\\/?p=111490#breadcrumb\",\"itemListElement\":[{\"@type\":\"ListItem\",\"position\":1,\"name\":\"Inicio\",\"item\":\"https:\\\/\\\/quehacerpolitico.mx\\\/\"},{\"@type\":\"ListItem\",\"position\":2,\"name\":\"Los restos del comisario jefe\u00a0de la SSC de la CDMX Milton Morales Figueroa se encuentran ya en el estado de\u00a0Aguascalientes, su lugar de origen\"}]},{\"@type\":\"WebSite\",\"@id\":\"https:\\\/\\\/quehacerpolitico.mx\\\/#website\",\"url\":\"https:\\\/\\\/quehacerpolitico.mx\\\/\",\"name\":\"\",\"description\":\"\",\"potentialAction\":[{\"@type\":\"SearchAction\",\"target\":{\"@type\":\"EntryPoint\",\"urlTemplate\":\"https:\\\/\\\/quehacerpolitico.mx\\\/?s={search_term_string}\"},\"query-input\":{\"@type\":\"PropertyValueSpecification\",\"valueRequired\":true,\"valueName\":\"search_term_string\"}}],\"inLanguage\":\"es\"},{\"@type\":\"Person\",\"@id\":\"https:\\\/\\\/quehacerpolitico.mx\\\/#\\\/schema\\\/person\\\/496d8ad2d1d3f8036101dca7ee39e585\",\"name\":\"Redacci\u00f3n QP\",\"image\":{\"@type\":\"ImageObject\",\"inLanguage\":\"es\",\"@id\":\"https:\\\/\\\/secure.gravatar.com\\\/avatar\\\/c7164ed6fdec453195284ad24a5ae5b6e1eed2b848477fa2a4787ba9adf39a41?s=96&d=mm&r=g\",\"url\":\"https:\\\/\\\/secure.gravatar.com\\\/avatar\\\/c7164ed6fdec453195284ad24a5ae5b6e1eed2b848477fa2a4787ba9adf39a41?s=96&d=mm&r=g\",\"contentUrl\":\"https:\\\/\\\/secure.gravatar.com\\\/avatar\\\/c7164ed6fdec453195284ad24a5ae5b6e1eed2b848477fa2a4787ba9adf39a41?s=96&d=mm&r=g\",\"caption\":\"Redacci\u00f3n QP\"},\"url\":\"https:\\\/\\\/quehacerpolitico.mx\\\/?author=2\"}]}<\/script>\n<!-- \/ Yoast SEO plugin. -->","yoast_head_json":{"title":"Los restos del comisario jefe\u00a0de la SSC de la CDMX Milton Morales Figueroa se encuentran ya en el estado de\u00a0Aguascalientes, su lugar de origen -","robots":{"index":"index","follow":"follow","max-snippet":"max-snippet:-1","max-image-preview":"max-image-preview:large","max-video-preview":"max-video-preview:-1"},"canonical":"https:\/\/quehacerpolitico.mx\/?p=111490","og_locale":"es_MX","og_type":"article","og_title":"Los restos del comisario jefe\u00a0de la SSC de la CDMX Milton Morales Figueroa se encuentran ya en el estado de\u00a0Aguascalientes, su lugar de origen -","og_description":"Por Redacci\u00f3n QP De acuerdo con reportes, Milton Morales ser\u00e1 velado en una funeraria al...","og_url":"https:\/\/quehacerpolitico.mx\/?p=111490","article_published_time":"2024-07-23T03:31:16+00:00","article_modified_time":"2024-07-23T03:31:18+00:00","og_image":[{"width":1600,"height":1506,"url":"https:\/\/quehacerpolitico.mx\/wp-content\/uploads\/2024\/07\/IMG_6850.jpeg","type":"image\/jpeg"}],"author":"Redacci\u00f3n QP","twitter_card":"summary_large_image","twitter_misc":{"Escrito por":"Redacci\u00f3n QP","Tiempo de lectura":"2 minutos"},"schema":{"@context":"https:\/\/schema.org","@graph":[{"@type":"Article","@id":"https:\/\/quehacerpolitico.mx\/?p=111490#article","isPartOf":{"@id":"https:\/\/quehacerpolitico.mx\/?p=111490"},"author":{"name":"Redacci\u00f3n QP","@id":"https:\/\/quehacerpolitico.mx\/#\/schema\/person\/496d8ad2d1d3f8036101dca7ee39e585"},"headline":"Los restos del comisario jefe\u00a0de la SSC de la CDMX Milton Morales Figueroa se encuentran ya en el estado de\u00a0Aguascalientes, su lugar de origen","datePublished":"2024-07-23T03:31:16+00:00","dateModified":"2024-07-23T03:31:18+00:00","mainEntityOfPage":{"@id":"https:\/\/quehacerpolitico.mx\/?p=111490"},"wordCount":388,"commentCount":0,"image":{"@id":"https:\/\/quehacerpolitico.mx\/?p=111490#primaryimage"},"thumbnailUrl":"https:\/\/quehacerpolitico.mx\/wp-content\/uploads\/2024\/07\/IMG_6850.jpeg","articleSection":["CDMX"],"inLanguage":"es","potentialAction":[{"@type":"CommentAction","name":"Comment","target":["https:\/\/quehacerpolitico.mx\/?p=111490#respond"]}]},{"@type":"WebPage","@id":"https:\/\/quehacerpolitico.mx\/?p=111490","url":"https:\/\/quehacerpolitico.mx\/?p=111490","name":"Los restos del comisario jefe\u00a0de la SSC de la CDMX Milton Morales Figueroa se encuentran ya en el estado de\u00a0Aguascalientes, su lugar de origen -","isPartOf":{"@id":"https:\/\/quehacerpolitico.mx\/#website"},"primaryImageOfPage":{"@id":"https:\/\/quehacerpolitico.mx\/?p=111490#primaryimage"},"image":{"@id":"https:\/\/quehacerpolitico.mx\/?p=111490#primaryimage"},"thumbnailUrl":"https:\/\/quehacerpolitico.mx\/wp-content\/uploads\/2024\/07\/IMG_6850.jpeg","datePublished":"2024-07-23T03:31:16+00:00","dateModified":"2024-07-23T03:31:18+00:00","author":{"@id":"https:\/\/quehacerpolitico.mx\/#\/schema\/person\/496d8ad2d1d3f8036101dca7ee39e585"},"breadcrumb":{"@id":"https:\/\/quehacerpolitico.mx\/?p=111490#breadcrumb"},"inLanguage":"es","potentialAction":[{"@type":"ReadAction","target":["https:\/\/quehacerpolitico.mx\/?p=111490"]}]},{"@type":"ImageObject","inLanguage":"es","@id":"https:\/\/quehacerpolitico.mx\/?p=111490#primaryimage","url":"https:\/\/quehacerpolitico.mx\/wp-content\/uploads\/2024\/07\/IMG_6850.jpeg","contentUrl":"https:\/\/quehacerpolitico.mx\/wp-content\/uploads\/2024\/07\/IMG_6850.jpeg","width":1600,"height":1506},{"@type":"BreadcrumbList","@id":"https:\/\/quehacerpolitico.mx\/?p=111490#breadcrumb","itemListElement":[{"@type":"ListItem","position":1,"name":"Inicio","item":"https:\/\/quehacerpolitico.mx\/"},{"@type":"ListItem","position":2,"name":"Los restos del comisario jefe\u00a0de la SSC de la CDMX Milton Morales Figueroa se encuentran ya en el estado de\u00a0Aguascalientes, su lugar de origen"}]},{"@type":"WebSite","@id":"https:\/\/quehacerpolitico.mx\/#website","url":"https:\/\/quehacerpolitico.mx\/","name":"","description":"","potentialAction":[{"@type":"SearchAction","target":{"@type":"EntryPoint","urlTemplate":"https:\/\/quehacerpolitico.mx\/?s={search_term_string}"},"query-input":{"@type":"PropertyValueSpecification","valueRequired":true,"valueName":"search_term_string"}}],"inLanguage":"es"},{"@type":"Person","@id":"https:\/\/quehacerpolitico.mx\/#\/schema\/person\/496d8ad2d1d3f8036101dca7ee39e585","name":"Redacci\u00f3n QP","image":{"@type":"ImageObject","inLanguage":"es","@id":"https:\/\/secure.gravatar.com\/avatar\/c7164ed6fdec453195284ad24a5ae5b6e1eed2b848477fa2a4787ba9adf39a41?s=96&d=mm&r=g","url":"https:\/\/secure.gravatar.com\/avatar\/c7164ed6fdec453195284ad24a5ae5b6e1eed2b848477fa2a4787ba9adf39a41?s=96&d=mm&r=g","contentUrl":"https:\/\/secure.gravatar.com\/avatar\/c7164ed6fdec453195284ad24a5ae5b6e1eed2b848477fa2a4787ba9adf39a41?s=96&d=mm&r=g","caption":"Redacci\u00f3n QP"},"url":"https:\/\/quehacerpolitico.mx\/?author=2"}]}},"featured_image_urls":{"full":["https:\/\/quehacerpolitico.mx\/wp-content\/uploads\/2024\/07\/IMG_6850.jpeg",1600,1506,false],"thumbnail":["https:\/\/quehacerpolitico.mx\/wp-content\/uploads\/2024\/07\/IMG_6850-150x150.jpeg",150,150,true],"medium":["https:\/\/quehacerpolitico.mx\/wp-content\/uploads\/2024\/07\/IMG_6850-300x282.jpeg",300,282,true],"medium_large":["https:\/\/quehacerpolitico.mx\/wp-content\/uploads\/2024\/07\/IMG_6850-768x723.jpeg",640,603,true],"large":["https:\/\/quehacerpolitico.mx\/wp-content\/uploads\/2024\/07\/IMG_6850-1024x964.jpeg",640,603,true],"1536x1536":["https:\/\/quehacerpolitico.mx\/wp-content\/uploads\/2024\/07\/IMG_6850-1536x1446.jpeg",1536,1446,true],"2048x2048":["https:\/\/quehacerpolitico.mx\/wp-content\/uploads\/2024\/07\/IMG_6850.jpeg",1600,1506,false],"covernews-featured":["https:\/\/quehacerpolitico.mx\/wp-content\/uploads\/2024\/07\/IMG_6850.jpeg",1024,964,false],"covernews-medium":["https:\/\/quehacerpolitico.mx\/wp-content\/uploads\/2024\/07\/IMG_6850.jpeg",361,340,false]},"author_info":{"display_name":"Redacci\u00f3n QP","author_link":"https:\/\/quehacerpolitico.mx\/?author=2"},"category_info":"<a href=\"https:\/\/quehacerpolitico.mx\/?cat=55\" rel=\"category\">CDMX<\/a>","tag_info":"CDMX","comment_count":"0","_links":{"self":[{"href":"https:\/\/quehacerpolitico.mx\/index.php?rest_route=\/wp\/v2\/posts\/111490","targetHints":{"allow":["GET"]}}],"collection":[{"href":"https:\/\/quehacerpolitico.mx\/index.php?rest_route=\/wp\/v2\/posts"}],"about":[{"href":"https:\/\/quehacerpolitico.mx\/index.php?rest_route=\/wp\/v2\/types\/post"}],"author":[{"embeddable":true,"href":"https:\/\/quehacerpolitico.mx\/index.php?rest_route=\/wp\/v2\/users\/2"}],"replies":[{"embeddable":true,"href":"https:\/\/quehacerpolitico.mx\/index.php?rest_route=%2Fwp%2Fv2%2Fcomments&post=111490"}],"version-history":[{"count":1,"href":"https:\/\/quehacerpolitico.mx\/index.php?rest_route=\/wp\/v2\/posts\/111490\/revisions"}],"predecessor-version":[{"id":111492,"href":"https:\/\/quehacerpolitico.mx\/index.php?rest_route=\/wp\/v2\/posts\/111490\/revisions\/111492"}],"wp:featuredmedia":[{"embeddable":true,"href":"https:\/\/quehacerpolitico.mx\/index.php?rest_route=\/wp\/v2\/media\/111491"}],"wp:attachment":[{"href":"https:\/\/quehacerpolitico.mx\/index.php?rest_route=%2Fwp%2Fv2%2Fmedia&parent=111490"}],"wp:term":[{"taxonomy":"category","embeddable":true,"href":"https:\/\/quehacerpolitico.mx\/index.php?rest_route=%2Fwp%2Fv2%2Fcategories&post=111490"},{"taxonomy":"post_tag","embeddable":true,"href":"https:\/\/quehacerpolitico.mx\/index.php?rest_route=%2Fwp%2Fv2%2Ftags&post=111490"}],"curies":[{"name":"wp","href":"https:\/\/api.w.org\/{rel}","templated":true}]}}