{"id":111483,"date":"2024-07-23T02:42:54","date_gmt":"2024-07-23T02:42:54","guid":{"rendered":"https:\/\/quehacerpolitico.mx\/?p=111483"},"modified":"2024-07-23T02:42:55","modified_gmt":"2024-07-23T02:42:55","slug":"alessandra-rojo-de-la-vega-alcaldesa-electa-acusa-que-intentaran-desestabilizar-su-gobierno-cuando-llegue-al-frente-de-la-alcaldia-cuauhtemoc","status":"publish","type":"post","link":"https:\/\/quehacerpolitico.mx\/?p=111483","title":{"rendered":"Alessandra Rojo de la Vega alcaldesa electa acusa que intentar\u00e1n desestabilizar su gobierno cuando llegue al frente de la alcald\u00eda Cuauht\u00e9moc"},"content":{"rendered":"\n<p>Por Redacci\u00f3n QP<\/p>\n\n\n\n<p>Hoy Alessandra Rojo estim\u00f3 que la familia Monreal o lo que ella califica como \u201cel Monrealato\u201d va a intentar desestabilizar su gobierno en la Cuauht\u00e9moc cuando asuma el cargo.<\/p>\n\n\n\n<p>\u201cNo crean que van a parar (los Monreal) el 1 de octubre que lleguemos a la alcald\u00eda.&nbsp;<\/p>\n\n\n\n<p>\u201cNo va a parar; este es un discurso que est\u00e1n construyendo para desestabilizar un gobierno\u201d, acus\u00f3 Rojo de la Vega, en conferencia de prensa.<\/p>\n\n\n\n<p>As\u00ed, consider\u00f3 que los Monreal van a usar todas las ma\u00f1as a su alcance para arrebatarle la Cuauht\u00e9moc, por el millonario negocio que por a\u00f1os le represent\u00f3 al Monrealato esa demarcaci\u00f3n.<\/p>\n\n\n\n<p>A pesar de esa amenaza pol\u00edtica que desde ya se cierne sobre su futura administraci\u00f3n, dijo que ella iniciar\u00e1 el proceso de transici\u00f3n toda vez que se han emitidos los lineamientos para realizar el cambio de gobierno.<\/p>\n\n\n\n<p>As\u00ed, Alessandra Rojo anunci\u00f3 que su jefe de campa\u00f1a Obdulio \u00c1vila ser\u00e1 el coordinador general de la transici\u00f3n para el gobierno de la Cuauht\u00e9moc y M\u00f3nica Pe\u00f1a ser\u00e1 la secretaria t\u00e9cnica.<\/p>\n\n\n\n<p>Tambi\u00e9n dijo que ya pidi\u00f3 formalmente al alcalde saliente instalar la mesa de la transici\u00f3n.<\/p>\n\n\n\n<figure class=\"wp-block-embed is-type-rich is-provider-twitter wp-block-embed-twitter\"><div class=\"wp-block-embed__wrapper\">\n<blockquote class=\"twitter-tweet\" data-width=\"550\" data-dnt=\"true\"><p lang=\"es\" dir=\"ltr\">\ud83d\udd34<a href=\"https:\/\/twitter.com\/hashtag\/EnVivo?src=hash&amp;ref_src=twsrc%5Etfw\">#EnVivo<\/a> <a href=\"https:\/\/twitter.com\/hashtag\/QPMX?src=hash&amp;ref_src=twsrc%5Etfw\">#QPMX<\/a> <a href=\"https:\/\/twitter.com\/hashtag\/QuehacerPolitico?src=hash&amp;ref_src=twsrc%5Etfw\">#QuehacerPolitico<\/a> <a href=\"https:\/\/twitter.com\/hashtag\/InquiriendoLaNoticia?src=hash&amp;ref_src=twsrc%5Etfw\">#InquiriendoLaNoticia<\/a><br>Conferencia de prensa de la Alcaldesa electa de la <a href=\"https:\/\/twitter.com\/AlcCuauhtemocMx?ref_src=twsrc%5Etfw\">@AlcCuauhtemocMx<\/a> <a href=\"https:\/\/twitter.com\/AlessandraRdlv?ref_src=twsrc%5Etfw\">@AlessandraRdlv<\/a> <a href=\"https:\/\/t.co\/tigiq4de1N\">https:\/\/t.co\/tigiq4de1N<\/a><\/p>&mdash; Quehacer Pol\u00edtico (@QueHacerPolitic) <a href=\"https:\/\/twitter.com\/QueHacerPolitic\/status\/1815408428346642726?ref_src=twsrc%5Etfw\">July 22, 2024<\/a><\/blockquote><script async src=\"https:\/\/platform.twitter.com\/widgets.js\" charset=\"utf-8\"><\/script>\n<\/div><\/figure>\n\n\n\n<h3 class=\"wp-block-heading\">TENDER LA MANO<\/h3>\n\n\n\n<p>Adem\u00e1s, expuso que le tend\u00eda la mano a la jefa de gobierno electa Clara Brugada, para dejar atr\u00e1s la disputa pol\u00edtico-electoral y trabajar por el bien de los habitantes de esa demarcaci\u00f3n.&nbsp;<\/p>\n\n\n\n<p>Destac\u00f3 que ella ya ha enviado mensajes a Brugada con ese prop\u00f3sito.<\/p>\n\n\n\n<p>\u201cLas campa\u00f1as ya acabaron. Para m\u00ed los pleitos partidistas, los colores quedaron atr\u00e1s\u201d, expres\u00f3 la alcaldesa electa, al considerar que los vecinos ya est\u00e1n hartos de la confrontaci\u00f3n y as\u00ed expuso:<\/p>\n\n\n\n<p>\u201cYo extiendo una mano a quien va a ser la jefa de gobierno para poder construir una agenda que beneficie a vecinas y vecinos y dejar a un lado el tema legal, pues mis abogados lo seguir\u00e1n atendiendo\u201d.<\/p>\n\n\n\n<h3 class=\"wp-block-heading\">EL CAMINO LEGAL<\/h3>\n\n\n\n<p>Sobre el tema legal habl\u00f3 Obdulio \u00c1vila, quien consider\u00f3 que en ese aspecto a\u00fan hay mucho camino por recorrer.<\/p>\n\n\n\n<p>Dijo que la candidata derrotada, en referencia a a Caty Monreal, tiene el derecho de agotar todas las instancias.<\/p>\n\n\n\n<p>Por ello es previsible que la abanderada de la 4T acuda a la Sala Superior del Tribunal Electoral del Poder Judicial de la Federaci\u00f3n (TEPJF) para insistir en su exigencia del recuento total de votos en la Cuauht\u00e9moc.<\/p>\n\n\n\n<p>\u201cYa que resuelva la Sala Superior, si es que decide aceptar el recurso, el recuento se decidir\u00eda ah\u00ed en definitiva\u201d, explic\u00f3 \u00c1vila.<\/p>\n\n\n\n<p>Insisti\u00f3 en sus cr\u00edticas respecto al actuar del presidente del Tribunal Electoral capitalino Armando Ambriz, pues dijo, pues en dos ocasiones inclin\u00f3 la balanza para un recuento total con su voto de calidad, lo que la Sala Regional del TEPJF le desech\u00f3 igual n\u00famero de veces al considerar que no hab\u00eda elementos.<\/p>\n\n\n\n<p>\u201cEsperemos que no sea la oriundez porque ambos (Monreal y Ambriz) son de Zacatecas\u201d, dijo \u00c1vila, al advertir que se analizar\u00e1 el comportamiento del magistrado capitalino y si es el caso se presentar\u00e1 la queja correspondiente.<\/p>\n\n\n\n<h3 class=\"wp-block-heading\">EJES DE GOBIERNO&nbsp;<\/h3>\n\n\n\n<p>Durante la conferencia Alessandra Rojo present\u00f3 los 5 ejes de gobierno para la alcald\u00eda Cuauht\u00e9moc y a tres personalidades de la sociedad civil que colaborar\u00e1n en algunos de ellos.<\/p>\n\n\n\n<p>Los cinco ejes son Mujeres al frente; Cuauht\u00e9moc construye paz; Cuauht\u00e9moc Verde; Gobierno c\u00e1lido y confiable y Prosperidad para todas y todos.<\/p>\n\n\n\n<figure class=\"wp-block-image size-large\"><img loading=\"lazy\" decoding=\"async\" width=\"1024\" height=\"574\" src=\"https:\/\/quehacerpolitico.mx\/wp-content\/uploads\/2024\/07\/image-29-1024x574.jpeg\" alt=\"\" class=\"wp-image-111486\" srcset=\"https:\/\/quehacerpolitico.mx\/wp-content\/uploads\/2024\/07\/image-29-1024x574.jpeg 1024w, https:\/\/quehacerpolitico.mx\/wp-content\/uploads\/2024\/07\/image-29-300x168.jpeg 300w, https:\/\/quehacerpolitico.mx\/wp-content\/uploads\/2024\/07\/image-29-768x431.jpeg 768w, https:\/\/quehacerpolitico.mx\/wp-content\/uploads\/2024\/07\/image-29-260x146.jpeg 260w, https:\/\/quehacerpolitico.mx\/wp-content\/uploads\/2024\/07\/image-29-50x28.jpeg 50w, https:\/\/quehacerpolitico.mx\/wp-content\/uploads\/2024\/07\/image-29-134x75.jpeg 134w, https:\/\/quehacerpolitico.mx\/wp-content\/uploads\/2024\/07\/image-29.jpeg 1280w\" sizes=\"auto, (max-width: 1024px) 100vw, 1024px\" \/><\/figure>\n\n\n\n<p>Del eje Cuauht\u00e9moc Construye Paz estar\u00e1 a cargo Paola Zavala, quien es presidenta de la organizaci\u00f3n Ocupa<\/p>\n\n\n\n<figure class=\"wp-block-image size-large\"><img loading=\"lazy\" decoding=\"async\" width=\"683\" height=\"1024\" src=\"https:\/\/quehacerpolitico.mx\/wp-content\/uploads\/2024\/07\/image-31-683x1024.jpeg\" alt=\"\" class=\"wp-image-111488\" srcset=\"https:\/\/quehacerpolitico.mx\/wp-content\/uploads\/2024\/07\/image-31-683x1024.jpeg 683w, https:\/\/quehacerpolitico.mx\/wp-content\/uploads\/2024\/07\/image-31-200x300.jpeg 200w, https:\/\/quehacerpolitico.mx\/wp-content\/uploads\/2024\/07\/image-31-768x1152.jpeg 768w, https:\/\/quehacerpolitico.mx\/wp-content\/uploads\/2024\/07\/image-31-1024x1536.jpeg 1024w, https:\/\/quehacerpolitico.mx\/wp-content\/uploads\/2024\/07\/image-31-97x146.jpeg 97w, https:\/\/quehacerpolitico.mx\/wp-content\/uploads\/2024\/07\/image-31-33x50.jpeg 33w, https:\/\/quehacerpolitico.mx\/wp-content\/uploads\/2024\/07\/image-31-50x75.jpeg 50w, https:\/\/quehacerpolitico.mx\/wp-content\/uploads\/2024\/07\/image-31.jpeg 1280w\" sizes=\"auto, (max-width: 683px) 100vw, 683px\" \/><\/figure>\n\n\n\n<figure class=\"wp-block-image size-large\"><img loading=\"lazy\" decoding=\"async\" width=\"1024\" height=\"683\" src=\"https:\/\/quehacerpolitico.mx\/wp-content\/uploads\/2024\/07\/image-30-1024x683.jpeg\" alt=\"\" class=\"wp-image-111487\" srcset=\"https:\/\/quehacerpolitico.mx\/wp-content\/uploads\/2024\/07\/image-30-1024x683.jpeg 1024w, https:\/\/quehacerpolitico.mx\/wp-content\/uploads\/2024\/07\/image-30-300x200.jpeg 300w, https:\/\/quehacerpolitico.mx\/wp-content\/uploads\/2024\/07\/image-30-768x512.jpeg 768w, https:\/\/quehacerpolitico.mx\/wp-content\/uploads\/2024\/07\/image-30-1536x1024.jpeg 1536w, https:\/\/quehacerpolitico.mx\/wp-content\/uploads\/2024\/07\/image-30-219x146.jpeg 219w, https:\/\/quehacerpolitico.mx\/wp-content\/uploads\/2024\/07\/image-30-50x33.jpeg 50w, https:\/\/quehacerpolitico.mx\/wp-content\/uploads\/2024\/07\/image-30-113x75.jpeg 113w, https:\/\/quehacerpolitico.mx\/wp-content\/uploads\/2024\/07\/image-30.jpeg 1920w\" sizes=\"auto, (max-width: 1024px) 100vw, 1024px\" \/><\/figure>\n\n\n\n<p>El eje Cuauht\u00e9moc Verde lo tendr\u00e1 Gema Santa Anna, mientras que el eje de derechos para todes ser\u00e1 responsabilidad de Kenia Cuevas Fuentes, fundadora de la asociaci\u00f3n Casa de las Mu\u00f1ecas y amiga de Paula Buenrostro quien fue v\u00edctima&nbsp;&nbsp;&nbsp;de transfeminicidio.<\/p>\n\n\n\n<p>Con informaci\u00f3n de Capital CDMX<\/p>\n","protected":false},"excerpt":{"rendered":"<p>Por Redacci\u00f3n QP Hoy Alessandra Rojo estim\u00f3 que la familia Monreal o lo que ella&#8230;<\/p>\n","protected":false},"author":2,"featured_media":111484,"comment_status":"open","ping_status":"open","sticky":false,"template":"","format":"standard","meta":{"_monsterinsights_skip_tracking":false,"_monsterinsights_sitenote_active":false,"_monsterinsights_sitenote_note":"","_monsterinsights_sitenote_category":0,"footnotes":""},"categories":[55],"tags":[],"class_list":["post-111483","post","type-post","status-publish","format-standard","has-post-thumbnail","hentry","category-cdmx"],"yoast_head":"<!-- This site is optimized with the Yoast SEO plugin v27.3 - https:\/\/yoast.com\/product\/yoast-seo-wordpress\/ -->\n<title>Alessandra Rojo de la Vega alcaldesa electa acusa que intentar\u00e1n desestabilizar su gobierno cuando llegue al frente de la alcald\u00eda Cuauht\u00e9moc -<\/title>\n<meta name=\"robots\" content=\"index, follow, max-snippet:-1, max-image-preview:large, max-video-preview:-1\" \/>\n<link rel=\"canonical\" href=\"https:\/\/quehacerpolitico.mx\/?p=111483\" \/>\n<meta property=\"og:locale\" content=\"es_MX\" \/>\n<meta property=\"og:type\" content=\"article\" \/>\n<meta property=\"og:title\" content=\"Alessandra Rojo de la Vega alcaldesa electa acusa que intentar\u00e1n desestabilizar su gobierno cuando llegue al frente de la alcald\u00eda Cuauht\u00e9moc -\" \/>\n<meta property=\"og:description\" content=\"Por Redacci\u00f3n QP Hoy Alessandra Rojo estim\u00f3 que la familia Monreal o lo que ella...\" \/>\n<meta property=\"og:url\" content=\"https:\/\/quehacerpolitico.mx\/?p=111483\" \/>\n<meta property=\"article:published_time\" content=\"2024-07-23T02:42:54+00:00\" \/>\n<meta property=\"article:modified_time\" content=\"2024-07-23T02:42:55+00:00\" \/>\n<meta property=\"og:image\" content=\"https:\/\/quehacerpolitico.mx\/wp-content\/uploads\/2024\/07\/IMG_6846.jpeg\" \/>\n\t<meta property=\"og:image:width\" content=\"1920\" \/>\n\t<meta property=\"og:image:height\" content=\"1280\" \/>\n\t<meta property=\"og:image:type\" content=\"image\/jpeg\" \/>\n<meta name=\"author\" content=\"Redacci\u00f3n QP\" \/>\n<meta name=\"twitter:card\" content=\"summary_large_image\" \/>\n<meta name=\"twitter:label1\" content=\"Escrito por\" \/>\n\t<meta name=\"twitter:data1\" content=\"Redacci\u00f3n QP\" \/>\n\t<meta name=\"twitter:label2\" content=\"Tiempo de lectura\" \/>\n\t<meta name=\"twitter:data2\" content=\"3 minutos\" \/>\n<script type=\"application\/ld+json\" class=\"yoast-schema-graph\">{\"@context\":\"https:\\\/\\\/schema.org\",\"@graph\":[{\"@type\":\"Article\",\"@id\":\"https:\\\/\\\/quehacerpolitico.mx\\\/?p=111483#article\",\"isPartOf\":{\"@id\":\"https:\\\/\\\/quehacerpolitico.mx\\\/?p=111483\"},\"author\":{\"name\":\"Redacci\u00f3n QP\",\"@id\":\"https:\\\/\\\/quehacerpolitico.mx\\\/#\\\/schema\\\/person\\\/496d8ad2d1d3f8036101dca7ee39e585\"},\"headline\":\"Alessandra Rojo de la Vega alcaldesa electa acusa que intentar\u00e1n desestabilizar su gobierno cuando llegue al frente de la alcald\u00eda Cuauht\u00e9moc\",\"datePublished\":\"2024-07-23T02:42:54+00:00\",\"dateModified\":\"2024-07-23T02:42:55+00:00\",\"mainEntityOfPage\":{\"@id\":\"https:\\\/\\\/quehacerpolitico.mx\\\/?p=111483\"},\"wordCount\":698,\"commentCount\":0,\"image\":{\"@id\":\"https:\\\/\\\/quehacerpolitico.mx\\\/?p=111483#primaryimage\"},\"thumbnailUrl\":\"https:\\\/\\\/quehacerpolitico.mx\\\/wp-content\\\/uploads\\\/2024\\\/07\\\/IMG_6846.jpeg\",\"articleSection\":[\"CDMX\"],\"inLanguage\":\"es\",\"potentialAction\":[{\"@type\":\"CommentAction\",\"name\":\"Comment\",\"target\":[\"https:\\\/\\\/quehacerpolitico.mx\\\/?p=111483#respond\"]}]},{\"@type\":\"WebPage\",\"@id\":\"https:\\\/\\\/quehacerpolitico.mx\\\/?p=111483\",\"url\":\"https:\\\/\\\/quehacerpolitico.mx\\\/?p=111483\",\"name\":\"Alessandra Rojo de la Vega alcaldesa electa acusa que intentar\u00e1n desestabilizar su gobierno cuando llegue al frente de la alcald\u00eda Cuauht\u00e9moc -\",\"isPartOf\":{\"@id\":\"https:\\\/\\\/quehacerpolitico.mx\\\/#website\"},\"primaryImageOfPage\":{\"@id\":\"https:\\\/\\\/quehacerpolitico.mx\\\/?p=111483#primaryimage\"},\"image\":{\"@id\":\"https:\\\/\\\/quehacerpolitico.mx\\\/?p=111483#primaryimage\"},\"thumbnailUrl\":\"https:\\\/\\\/quehacerpolitico.mx\\\/wp-content\\\/uploads\\\/2024\\\/07\\\/IMG_6846.jpeg\",\"datePublished\":\"2024-07-23T02:42:54+00:00\",\"dateModified\":\"2024-07-23T02:42:55+00:00\",\"author\":{\"@id\":\"https:\\\/\\\/quehacerpolitico.mx\\\/#\\\/schema\\\/person\\\/496d8ad2d1d3f8036101dca7ee39e585\"},\"breadcrumb\":{\"@id\":\"https:\\\/\\\/quehacerpolitico.mx\\\/?p=111483#breadcrumb\"},\"inLanguage\":\"es\",\"potentialAction\":[{\"@type\":\"ReadAction\",\"target\":[\"https:\\\/\\\/quehacerpolitico.mx\\\/?p=111483\"]}]},{\"@type\":\"ImageObject\",\"inLanguage\":\"es\",\"@id\":\"https:\\\/\\\/quehacerpolitico.mx\\\/?p=111483#primaryimage\",\"url\":\"https:\\\/\\\/quehacerpolitico.mx\\\/wp-content\\\/uploads\\\/2024\\\/07\\\/IMG_6846.jpeg\",\"contentUrl\":\"https:\\\/\\\/quehacerpolitico.mx\\\/wp-content\\\/uploads\\\/2024\\\/07\\\/IMG_6846.jpeg\",\"width\":1920,\"height\":1280},{\"@type\":\"BreadcrumbList\",\"@id\":\"https:\\\/\\\/quehacerpolitico.mx\\\/?p=111483#breadcrumb\",\"itemListElement\":[{\"@type\":\"ListItem\",\"position\":1,\"name\":\"Inicio\",\"item\":\"https:\\\/\\\/quehacerpolitico.mx\\\/\"},{\"@type\":\"ListItem\",\"position\":2,\"name\":\"Alessandra Rojo de la Vega alcaldesa electa acusa que intentar\u00e1n desestabilizar su gobierno cuando llegue al frente de la alcald\u00eda Cuauht\u00e9moc\"}]},{\"@type\":\"WebSite\",\"@id\":\"https:\\\/\\\/quehacerpolitico.mx\\\/#website\",\"url\":\"https:\\\/\\\/quehacerpolitico.mx\\\/\",\"name\":\"\",\"description\":\"\",\"potentialAction\":[{\"@type\":\"SearchAction\",\"target\":{\"@type\":\"EntryPoint\",\"urlTemplate\":\"https:\\\/\\\/quehacerpolitico.mx\\\/?s={search_term_string}\"},\"query-input\":{\"@type\":\"PropertyValueSpecification\",\"valueRequired\":true,\"valueName\":\"search_term_string\"}}],\"inLanguage\":\"es\"},{\"@type\":\"Person\",\"@id\":\"https:\\\/\\\/quehacerpolitico.mx\\\/#\\\/schema\\\/person\\\/496d8ad2d1d3f8036101dca7ee39e585\",\"name\":\"Redacci\u00f3n QP\",\"image\":{\"@type\":\"ImageObject\",\"inLanguage\":\"es\",\"@id\":\"https:\\\/\\\/secure.gravatar.com\\\/avatar\\\/c7164ed6fdec453195284ad24a5ae5b6e1eed2b848477fa2a4787ba9adf39a41?s=96&d=mm&r=g\",\"url\":\"https:\\\/\\\/secure.gravatar.com\\\/avatar\\\/c7164ed6fdec453195284ad24a5ae5b6e1eed2b848477fa2a4787ba9adf39a41?s=96&d=mm&r=g\",\"contentUrl\":\"https:\\\/\\\/secure.gravatar.com\\\/avatar\\\/c7164ed6fdec453195284ad24a5ae5b6e1eed2b848477fa2a4787ba9adf39a41?s=96&d=mm&r=g\",\"caption\":\"Redacci\u00f3n QP\"},\"url\":\"https:\\\/\\\/quehacerpolitico.mx\\\/?author=2\"}]}<\/script>\n<!-- \/ Yoast SEO plugin. -->","yoast_head_json":{"title":"Alessandra Rojo de la Vega alcaldesa electa acusa que intentar\u00e1n desestabilizar su gobierno cuando llegue al frente de la alcald\u00eda Cuauht\u00e9moc -","robots":{"index":"index","follow":"follow","max-snippet":"max-snippet:-1","max-image-preview":"max-image-preview:large","max-video-preview":"max-video-preview:-1"},"canonical":"https:\/\/quehacerpolitico.mx\/?p=111483","og_locale":"es_MX","og_type":"article","og_title":"Alessandra Rojo de la Vega alcaldesa electa acusa que intentar\u00e1n desestabilizar su gobierno cuando llegue al frente de la alcald\u00eda Cuauht\u00e9moc -","og_description":"Por Redacci\u00f3n QP Hoy Alessandra Rojo estim\u00f3 que la familia Monreal o lo que ella...","og_url":"https:\/\/quehacerpolitico.mx\/?p=111483","article_published_time":"2024-07-23T02:42:54+00:00","article_modified_time":"2024-07-23T02:42:55+00:00","og_image":[{"width":1920,"height":1280,"url":"https:\/\/quehacerpolitico.mx\/wp-content\/uploads\/2024\/07\/IMG_6846.jpeg","type":"image\/jpeg"}],"author":"Redacci\u00f3n QP","twitter_card":"summary_large_image","twitter_misc":{"Escrito por":"Redacci\u00f3n QP","Tiempo de lectura":"3 minutos"},"schema":{"@context":"https:\/\/schema.org","@graph":[{"@type":"Article","@id":"https:\/\/quehacerpolitico.mx\/?p=111483#article","isPartOf":{"@id":"https:\/\/quehacerpolitico.mx\/?p=111483"},"author":{"name":"Redacci\u00f3n QP","@id":"https:\/\/quehacerpolitico.mx\/#\/schema\/person\/496d8ad2d1d3f8036101dca7ee39e585"},"headline":"Alessandra Rojo de la Vega alcaldesa electa acusa que intentar\u00e1n desestabilizar su gobierno cuando llegue al frente de la alcald\u00eda Cuauht\u00e9moc","datePublished":"2024-07-23T02:42:54+00:00","dateModified":"2024-07-23T02:42:55+00:00","mainEntityOfPage":{"@id":"https:\/\/quehacerpolitico.mx\/?p=111483"},"wordCount":698,"commentCount":0,"image":{"@id":"https:\/\/quehacerpolitico.mx\/?p=111483#primaryimage"},"thumbnailUrl":"https:\/\/quehacerpolitico.mx\/wp-content\/uploads\/2024\/07\/IMG_6846.jpeg","articleSection":["CDMX"],"inLanguage":"es","potentialAction":[{"@type":"CommentAction","name":"Comment","target":["https:\/\/quehacerpolitico.mx\/?p=111483#respond"]}]},{"@type":"WebPage","@id":"https:\/\/quehacerpolitico.mx\/?p=111483","url":"https:\/\/quehacerpolitico.mx\/?p=111483","name":"Alessandra Rojo de la Vega alcaldesa electa acusa que intentar\u00e1n desestabilizar su gobierno cuando llegue al frente de la alcald\u00eda Cuauht\u00e9moc -","isPartOf":{"@id":"https:\/\/quehacerpolitico.mx\/#website"},"primaryImageOfPage":{"@id":"https:\/\/quehacerpolitico.mx\/?p=111483#primaryimage"},"image":{"@id":"https:\/\/quehacerpolitico.mx\/?p=111483#primaryimage"},"thumbnailUrl":"https:\/\/quehacerpolitico.mx\/wp-content\/uploads\/2024\/07\/IMG_6846.jpeg","datePublished":"2024-07-23T02:42:54+00:00","dateModified":"2024-07-23T02:42:55+00:00","author":{"@id":"https:\/\/quehacerpolitico.mx\/#\/schema\/person\/496d8ad2d1d3f8036101dca7ee39e585"},"breadcrumb":{"@id":"https:\/\/quehacerpolitico.mx\/?p=111483#breadcrumb"},"inLanguage":"es","potentialAction":[{"@type":"ReadAction","target":["https:\/\/quehacerpolitico.mx\/?p=111483"]}]},{"@type":"ImageObject","inLanguage":"es","@id":"https:\/\/quehacerpolitico.mx\/?p=111483#primaryimage","url":"https:\/\/quehacerpolitico.mx\/wp-content\/uploads\/2024\/07\/IMG_6846.jpeg","contentUrl":"https:\/\/quehacerpolitico.mx\/wp-content\/uploads\/2024\/07\/IMG_6846.jpeg","width":1920,"height":1280},{"@type":"BreadcrumbList","@id":"https:\/\/quehacerpolitico.mx\/?p=111483#breadcrumb","itemListElement":[{"@type":"ListItem","position":1,"name":"Inicio","item":"https:\/\/quehacerpolitico.mx\/"},{"@type":"ListItem","position":2,"name":"Alessandra Rojo de la Vega alcaldesa electa acusa que intentar\u00e1n desestabilizar su gobierno cuando llegue al frente de la alcald\u00eda Cuauht\u00e9moc"}]},{"@type":"WebSite","@id":"https:\/\/quehacerpolitico.mx\/#website","url":"https:\/\/quehacerpolitico.mx\/","name":"","description":"","potentialAction":[{"@type":"SearchAction","target":{"@type":"EntryPoint","urlTemplate":"https:\/\/quehacerpolitico.mx\/?s={search_term_string}"},"query-input":{"@type":"PropertyValueSpecification","valueRequired":true,"valueName":"search_term_string"}}],"inLanguage":"es"},{"@type":"Person","@id":"https:\/\/quehacerpolitico.mx\/#\/schema\/person\/496d8ad2d1d3f8036101dca7ee39e585","name":"Redacci\u00f3n QP","image":{"@type":"ImageObject","inLanguage":"es","@id":"https:\/\/secure.gravatar.com\/avatar\/c7164ed6fdec453195284ad24a5ae5b6e1eed2b848477fa2a4787ba9adf39a41?s=96&d=mm&r=g","url":"https:\/\/secure.gravatar.com\/avatar\/c7164ed6fdec453195284ad24a5ae5b6e1eed2b848477fa2a4787ba9adf39a41?s=96&d=mm&r=g","contentUrl":"https:\/\/secure.gravatar.com\/avatar\/c7164ed6fdec453195284ad24a5ae5b6e1eed2b848477fa2a4787ba9adf39a41?s=96&d=mm&r=g","caption":"Redacci\u00f3n QP"},"url":"https:\/\/quehacerpolitico.mx\/?author=2"}]}},"featured_image_urls":{"full":["https:\/\/quehacerpolitico.mx\/wp-content\/uploads\/2024\/07\/IMG_6846.jpeg",1920,1280,false],"thumbnail":["https:\/\/quehacerpolitico.mx\/wp-content\/uploads\/2024\/07\/IMG_6846-150x150.jpeg",150,150,true],"medium":["https:\/\/quehacerpolitico.mx\/wp-content\/uploads\/2024\/07\/IMG_6846-300x200.jpeg",300,200,true],"medium_large":["https:\/\/quehacerpolitico.mx\/wp-content\/uploads\/2024\/07\/IMG_6846-768x512.jpeg",640,427,true],"large":["https:\/\/quehacerpolitico.mx\/wp-content\/uploads\/2024\/07\/IMG_6846-1024x683.jpeg",640,427,true],"1536x1536":["https:\/\/quehacerpolitico.mx\/wp-content\/uploads\/2024\/07\/IMG_6846-1536x1024.jpeg",1536,1024,true],"2048x2048":["https:\/\/quehacerpolitico.mx\/wp-content\/uploads\/2024\/07\/IMG_6846.jpeg",1920,1280,false],"covernews-featured":["https:\/\/quehacerpolitico.mx\/wp-content\/uploads\/2024\/07\/IMG_6846.jpeg",1024,683,false],"covernews-medium":["https:\/\/quehacerpolitico.mx\/wp-content\/uploads\/2024\/07\/IMG_6846.jpeg",510,340,false]},"author_info":{"display_name":"Redacci\u00f3n QP","author_link":"https:\/\/quehacerpolitico.mx\/?author=2"},"category_info":"<a href=\"https:\/\/quehacerpolitico.mx\/?cat=55\" rel=\"category\">CDMX<\/a>","tag_info":"CDMX","comment_count":"0","_links":{"self":[{"href":"https:\/\/quehacerpolitico.mx\/index.php?rest_route=\/wp\/v2\/posts\/111483","targetHints":{"allow":["GET"]}}],"collection":[{"href":"https:\/\/quehacerpolitico.mx\/index.php?rest_route=\/wp\/v2\/posts"}],"about":[{"href":"https:\/\/quehacerpolitico.mx\/index.php?rest_route=\/wp\/v2\/types\/post"}],"author":[{"embeddable":true,"href":"https:\/\/quehacerpolitico.mx\/index.php?rest_route=\/wp\/v2\/users\/2"}],"replies":[{"embeddable":true,"href":"https:\/\/quehacerpolitico.mx\/index.php?rest_route=%2Fwp%2Fv2%2Fcomments&post=111483"}],"version-history":[{"count":1,"href":"https:\/\/quehacerpolitico.mx\/index.php?rest_route=\/wp\/v2\/posts\/111483\/revisions"}],"predecessor-version":[{"id":111489,"href":"https:\/\/quehacerpolitico.mx\/index.php?rest_route=\/wp\/v2\/posts\/111483\/revisions\/111489"}],"wp:featuredmedia":[{"embeddable":true,"href":"https:\/\/quehacerpolitico.mx\/index.php?rest_route=\/wp\/v2\/media\/111484"}],"wp:attachment":[{"href":"https:\/\/quehacerpolitico.mx\/index.php?rest_route=%2Fwp%2Fv2%2Fmedia&parent=111483"}],"wp:term":[{"taxonomy":"category","embeddable":true,"href":"https:\/\/quehacerpolitico.mx\/index.php?rest_route=%2Fwp%2Fv2%2Fcategories&post=111483"},{"taxonomy":"post_tag","embeddable":true,"href":"https:\/\/quehacerpolitico.mx\/index.php?rest_route=%2Fwp%2Fv2%2Ftags&post=111483"}],"curies":[{"name":"wp","href":"https:\/\/api.w.org\/{rel}","templated":true}]}}