{"id":11148,"date":"2018-12-07T04:10:42","date_gmt":"2018-12-07T04:10:42","guid":{"rendered":"http:\/\/quehacerpolitico.mx\/dos-tiroteos-dejan-cinco-muertos-y-un-herido-en-calles-de-la-alcaldia-de-gustavo-a-madero-en-cdmx\/"},"modified":"2018-12-07T04:10:42","modified_gmt":"2018-12-07T04:10:42","slug":"dos-tiroteos-dejan-cinco-muertos-y-un-herido-en-calles-de-la-alcaldia-de-gustavo-a-madero-en-cdmx","status":"publish","type":"post","link":"https:\/\/quehacerpolitico.mx\/?p=11148","title":{"rendered":"Dos tiroteos dejan cinco muertos y un herido en calles de la Alcald\u00eda de Gustavo A. Madero, en CdMx"},"content":{"rendered":"<h1>Dos tiroteos dejan cinco muertos y un herido en calles de la Alcald\u00eda de Gustavo A. Madero, en CdMx<\/h1>\n<p>Por Redacci\u00f3n QP<\/p>\n<p>Al menos <strong>cinco personas murieron<\/strong> durante dos tiroteos que se registraron hoy en la <strong>Alcald\u00eda de\u00a0Gustavo A. Madero<\/strong>, en la <strong>Ciudad de M\u00e9xico<\/strong>.<\/p>\n<blockquote>\n<p>De acuerdo con informaci\u00f3n de <strong>medios nacionales<\/strong>, el primer ataque ocurri\u00f3 a las 15:00 horas, en la <strong>colonia Cuautepec de Madero<\/strong>. Dos hombres murieron en el lugar.<\/p>\n<\/blockquote>\n<p>El segundo evento se desarroll\u00f3 una hora despu\u00e9s, en la colonia Zona Escolar, donde cuatro personas fueron atacadas a balazos. Una de las v\u00edctimas fue trasladada hasta un hospital, las otras tres perdieron la vida.<\/p>\n<blockquote>\n<p>Autoridades de la Ciudad de M\u00e9xico investigan si hay alguna relaci\u00f3n entre ambos ataques.<\/p>\n<\/blockquote>\n<p>La Jefa de Gobierno de la Ciudad de M\u00e9xico, <strong>Claudia Sheinbaum<\/strong>, ofreci\u00f3 esta ma\u00f1ana su<strong>primera conferencia de prensa<\/strong> donde inform\u00f3 que durante el primer d\u00eda de su <strong>Gobierno<\/strong>, ayer, se registraron <strong>seis homicidios<\/strong>, y que durante la madrugada de este jueves se cometieron otros <strong>cuatro<\/strong> m\u00e1s.<\/p>\n<p>Dijo que esta es una situaci\u00f3n muy preocupante porque en 2012, la capital del pa\u00eds ten\u00eda una media de dos homicidios diarios.<\/p>\n<p>Luego de reunirse esta ma\u00f1ana con su Gabinete de Seguridad, Sheinbaum detall\u00f3 que se registr\u00f3 un caso en Venustiano Carranza, de homicidio por golpes en una ri\u00f1a, el cual ya se est\u00e1 investigando; otro por arma blanca en una casa en la Gustavo A. Madero; otro homicidio en Santa Fe, en un estacionamiento, donde est\u00e1 involucrado un ciudadano canadiense; y otro por disparo de arma de fuego en la GAM y otro en Tlatelolco.<\/p>\n<blockquote class=\"twitter-tweet\" data-width=\"550\" data-dnt=\"true\">\n<p lang=\"es\" dir=\"ltr\">Hoy, muy temprano en la ma\u00f1ana encabezamos la primera audiencia p\u00fablica e instalamos el gabinete de Gobierno, Seguridad y Justicia. <a href=\"https:\/\/t.co\/JRBkPiPlk7\">pic.twitter.com\/JRBkPiPlk7<\/a><\/p>\n<p>&mdash; Claudia Sheinbaum Pardo (@Claudiashein) <a href=\"https:\/\/twitter.com\/Claudiashein\/status\/1070701461472833536?ref_src=twsrc%5Etfw\">December 6, 2018<\/a><\/p><\/blockquote>\n<p><script async src=\"https:\/\/platform.twitter.com\/widgets.js\" charset=\"utf-8\"><\/script><\/p>\n<p>Dijo que en el caso que involucra al ciudadano canadiense, ya habl\u00f3 con la Embajada para que se ponga en contacto con la Procuradora. Sin embargo no dio m\u00e1s detalles.<\/p>\n<blockquote>\n<p>\u201cEsto es sumamente grave, ustedes saben que en 2012 el n\u00famero de homicidios promedio era de dos diarios. Recibimos ayer seis homicidios, y cuatro que se sumar\u00e1n a los que se contabilicen el d\u00eda de hoy porque ocurrieron en la madrugada\u201d, inform\u00f3.<\/p>\n<p>La mandataria capitalina dijo que a diferencia de a nivel federal, en la Ciudad de M\u00e9xico tanto la Procuradur\u00eda como la Secretar\u00eda de Seguridad P\u00fablica tienen informaci\u00f3n sobre los asesinatos diarios, sin embargo dijo que hace falta un sistema que junte a ambas dependencias y de detalles sobre c\u00f3mo sucedieron los homicidios.<\/p>\n<p>\u201cEn este caso, la procuradur\u00eda tiene informaci\u00f3n, no estamos digamos como a nivel como en el caso nacional, donde no hay informaci\u00f3n diaria. La Procuradur\u00eda tiene informaci\u00f3n; la Secretar\u00eda de Seguridad P\u00fablica tiene informaci\u00f3n, pero no hay un s\u00f3lo sistema automatizado en donde podamos ver todos los d\u00edas y que est\u00e9n en coordinaci\u00f3n Procuradur\u00eda y Seguridad P\u00fablica, donde podamos ver todos los d\u00edas los casos, modus operandi, c\u00f3mo est\u00e1n ocurriendo\u201d, se\u00f1al\u00f3.<\/p>\n<\/blockquote>\n","protected":false},"excerpt":{"rendered":"<p>Dos tiroteos dejan cinco muertos y un herido en calles de la Alcald\u00eda de Gustavo A. Madero, en CdMx<br \/>\nPor Redacci\u00f3n QP<\/p>\n","protected":false},"author":2,"featured_media":11147,"comment_status":"open","ping_status":"open","sticky":false,"template":"","format":"standard","meta":{"_monsterinsights_skip_tracking":false,"_monsterinsights_sitenote_active":false,"_monsterinsights_sitenote_note":"","_monsterinsights_sitenote_category":0,"footnotes":""},"categories":[55],"tags":[],"class_list":["post-11148","post","type-post","status-publish","format-standard","has-post-thumbnail","hentry","category-cdmx"],"yoast_head":"<!-- This site is optimized with the Yoast SEO plugin v27.3 - https:\/\/yoast.com\/product\/yoast-seo-wordpress\/ -->\n<title>Dos tiroteos dejan cinco muertos y un herido en calles de la Alcald\u00eda de Gustavo A. Madero, en CdMx -<\/title>\n<meta name=\"robots\" content=\"index, follow, max-snippet:-1, max-image-preview:large, max-video-preview:-1\" \/>\n<link rel=\"canonical\" href=\"https:\/\/quehacerpolitico.mx\/?p=11148\" \/>\n<meta property=\"og:locale\" content=\"es_MX\" \/>\n<meta property=\"og:type\" content=\"article\" \/>\n<meta property=\"og:title\" content=\"Dos tiroteos dejan cinco muertos y un herido en calles de la Alcald\u00eda de Gustavo A. Madero, en CdMx -\" \/>\n<meta property=\"og:description\" content=\"Dos tiroteos dejan cinco muertos y un herido en calles de la Alcald\u00eda de Gustavo A. Madero, en CdMx Por Redacci\u00f3n QP\" \/>\n<meta property=\"og:url\" content=\"https:\/\/quehacerpolitico.mx\/?p=11148\" \/>\n<meta property=\"article:published_time\" content=\"2018-12-07T04:10:42+00:00\" \/>\n<meta name=\"author\" content=\"Redacci\u00f3n QP\" \/>\n<meta name=\"twitter:card\" content=\"summary_large_image\" \/>\n<meta name=\"twitter:label1\" content=\"Escrito por\" \/>\n\t<meta name=\"twitter:data1\" content=\"Redacci\u00f3n QP\" \/>\n\t<meta name=\"twitter:label2\" content=\"Tiempo de lectura\" \/>\n\t<meta name=\"twitter:data2\" content=\"3 minutos\" \/>\n<script type=\"application\/ld+json\" class=\"yoast-schema-graph\">{\"@context\":\"https:\\\/\\\/schema.org\",\"@graph\":[{\"@type\":\"Article\",\"@id\":\"https:\\\/\\\/quehacerpolitico.mx\\\/?p=11148#article\",\"isPartOf\":{\"@id\":\"https:\\\/\\\/quehacerpolitico.mx\\\/?p=11148\"},\"author\":{\"name\":\"Redacci\u00f3n QP\",\"@id\":\"https:\\\/\\\/quehacerpolitico.mx\\\/#\\\/schema\\\/person\\\/496d8ad2d1d3f8036101dca7ee39e585\"},\"headline\":\"Dos tiroteos dejan cinco muertos y un herido en calles de la Alcald\u00eda de Gustavo A. Madero, en CdMx\",\"datePublished\":\"2018-12-07T04:10:42+00:00\",\"mainEntityOfPage\":{\"@id\":\"https:\\\/\\\/quehacerpolitico.mx\\\/?p=11148\"},\"wordCount\":528,\"commentCount\":0,\"image\":{\"@id\":\"https:\\\/\\\/quehacerpolitico.mx\\\/?p=11148#primaryimage\"},\"thumbnailUrl\":\"\",\"articleSection\":[\"CDMX\"],\"inLanguage\":\"es\",\"potentialAction\":[{\"@type\":\"CommentAction\",\"name\":\"Comment\",\"target\":[\"https:\\\/\\\/quehacerpolitico.mx\\\/?p=11148#respond\"]}]},{\"@type\":\"WebPage\",\"@id\":\"https:\\\/\\\/quehacerpolitico.mx\\\/?p=11148\",\"url\":\"https:\\\/\\\/quehacerpolitico.mx\\\/?p=11148\",\"name\":\"Dos tiroteos dejan cinco muertos y un herido en calles de la Alcald\u00eda de Gustavo A. Madero, en CdMx -\",\"isPartOf\":{\"@id\":\"https:\\\/\\\/quehacerpolitico.mx\\\/#website\"},\"primaryImageOfPage\":{\"@id\":\"https:\\\/\\\/quehacerpolitico.mx\\\/?p=11148#primaryimage\"},\"image\":{\"@id\":\"https:\\\/\\\/quehacerpolitico.mx\\\/?p=11148#primaryimage\"},\"thumbnailUrl\":\"\",\"datePublished\":\"2018-12-07T04:10:42+00:00\",\"author\":{\"@id\":\"https:\\\/\\\/quehacerpolitico.mx\\\/#\\\/schema\\\/person\\\/496d8ad2d1d3f8036101dca7ee39e585\"},\"breadcrumb\":{\"@id\":\"https:\\\/\\\/quehacerpolitico.mx\\\/?p=11148#breadcrumb\"},\"inLanguage\":\"es\",\"potentialAction\":[{\"@type\":\"ReadAction\",\"target\":[\"https:\\\/\\\/quehacerpolitico.mx\\\/?p=11148\"]}]},{\"@type\":\"ImageObject\",\"inLanguage\":\"es\",\"@id\":\"https:\\\/\\\/quehacerpolitico.mx\\\/?p=11148#primaryimage\",\"url\":\"\",\"contentUrl\":\"\"},{\"@type\":\"BreadcrumbList\",\"@id\":\"https:\\\/\\\/quehacerpolitico.mx\\\/?p=11148#breadcrumb\",\"itemListElement\":[{\"@type\":\"ListItem\",\"position\":1,\"name\":\"Inicio\",\"item\":\"https:\\\/\\\/quehacerpolitico.mx\\\/\"},{\"@type\":\"ListItem\",\"position\":2,\"name\":\"Dos tiroteos dejan cinco muertos y un herido en calles de la Alcald\u00eda de Gustavo A. Madero, en CdMx\"}]},{\"@type\":\"WebSite\",\"@id\":\"https:\\\/\\\/quehacerpolitico.mx\\\/#website\",\"url\":\"https:\\\/\\\/quehacerpolitico.mx\\\/\",\"name\":\"\",\"description\":\"\",\"potentialAction\":[{\"@type\":\"SearchAction\",\"target\":{\"@type\":\"EntryPoint\",\"urlTemplate\":\"https:\\\/\\\/quehacerpolitico.mx\\\/?s={search_term_string}\"},\"query-input\":{\"@type\":\"PropertyValueSpecification\",\"valueRequired\":true,\"valueName\":\"search_term_string\"}}],\"inLanguage\":\"es\"},{\"@type\":\"Person\",\"@id\":\"https:\\\/\\\/quehacerpolitico.mx\\\/#\\\/schema\\\/person\\\/496d8ad2d1d3f8036101dca7ee39e585\",\"name\":\"Redacci\u00f3n QP\",\"image\":{\"@type\":\"ImageObject\",\"inLanguage\":\"es\",\"@id\":\"https:\\\/\\\/secure.gravatar.com\\\/avatar\\\/c7164ed6fdec453195284ad24a5ae5b6e1eed2b848477fa2a4787ba9adf39a41?s=96&d=mm&r=g\",\"url\":\"https:\\\/\\\/secure.gravatar.com\\\/avatar\\\/c7164ed6fdec453195284ad24a5ae5b6e1eed2b848477fa2a4787ba9adf39a41?s=96&d=mm&r=g\",\"contentUrl\":\"https:\\\/\\\/secure.gravatar.com\\\/avatar\\\/c7164ed6fdec453195284ad24a5ae5b6e1eed2b848477fa2a4787ba9adf39a41?s=96&d=mm&r=g\",\"caption\":\"Redacci\u00f3n QP\"},\"url\":\"https:\\\/\\\/quehacerpolitico.mx\\\/?author=2\"}]}<\/script>\n<!-- \/ Yoast SEO plugin. -->","yoast_head_json":{"title":"Dos tiroteos dejan cinco muertos y un herido en calles de la Alcald\u00eda de Gustavo A. Madero, en CdMx -","robots":{"index":"index","follow":"follow","max-snippet":"max-snippet:-1","max-image-preview":"max-image-preview:large","max-video-preview":"max-video-preview:-1"},"canonical":"https:\/\/quehacerpolitico.mx\/?p=11148","og_locale":"es_MX","og_type":"article","og_title":"Dos tiroteos dejan cinco muertos y un herido en calles de la Alcald\u00eda de Gustavo A. Madero, en CdMx -","og_description":"Dos tiroteos dejan cinco muertos y un herido en calles de la Alcald\u00eda de Gustavo A. Madero, en CdMx Por Redacci\u00f3n QP","og_url":"https:\/\/quehacerpolitico.mx\/?p=11148","article_published_time":"2018-12-07T04:10:42+00:00","author":"Redacci\u00f3n QP","twitter_card":"summary_large_image","twitter_misc":{"Escrito por":"Redacci\u00f3n QP","Tiempo de lectura":"3 minutos"},"schema":{"@context":"https:\/\/schema.org","@graph":[{"@type":"Article","@id":"https:\/\/quehacerpolitico.mx\/?p=11148#article","isPartOf":{"@id":"https:\/\/quehacerpolitico.mx\/?p=11148"},"author":{"name":"Redacci\u00f3n QP","@id":"https:\/\/quehacerpolitico.mx\/#\/schema\/person\/496d8ad2d1d3f8036101dca7ee39e585"},"headline":"Dos tiroteos dejan cinco muertos y un herido en calles de la Alcald\u00eda de Gustavo A. Madero, en CdMx","datePublished":"2018-12-07T04:10:42+00:00","mainEntityOfPage":{"@id":"https:\/\/quehacerpolitico.mx\/?p=11148"},"wordCount":528,"commentCount":0,"image":{"@id":"https:\/\/quehacerpolitico.mx\/?p=11148#primaryimage"},"thumbnailUrl":"","articleSection":["CDMX"],"inLanguage":"es","potentialAction":[{"@type":"CommentAction","name":"Comment","target":["https:\/\/quehacerpolitico.mx\/?p=11148#respond"]}]},{"@type":"WebPage","@id":"https:\/\/quehacerpolitico.mx\/?p=11148","url":"https:\/\/quehacerpolitico.mx\/?p=11148","name":"Dos tiroteos dejan cinco muertos y un herido en calles de la Alcald\u00eda de Gustavo A. Madero, en CdMx -","isPartOf":{"@id":"https:\/\/quehacerpolitico.mx\/#website"},"primaryImageOfPage":{"@id":"https:\/\/quehacerpolitico.mx\/?p=11148#primaryimage"},"image":{"@id":"https:\/\/quehacerpolitico.mx\/?p=11148#primaryimage"},"thumbnailUrl":"","datePublished":"2018-12-07T04:10:42+00:00","author":{"@id":"https:\/\/quehacerpolitico.mx\/#\/schema\/person\/496d8ad2d1d3f8036101dca7ee39e585"},"breadcrumb":{"@id":"https:\/\/quehacerpolitico.mx\/?p=11148#breadcrumb"},"inLanguage":"es","potentialAction":[{"@type":"ReadAction","target":["https:\/\/quehacerpolitico.mx\/?p=11148"]}]},{"@type":"ImageObject","inLanguage":"es","@id":"https:\/\/quehacerpolitico.mx\/?p=11148#primaryimage","url":"","contentUrl":""},{"@type":"BreadcrumbList","@id":"https:\/\/quehacerpolitico.mx\/?p=11148#breadcrumb","itemListElement":[{"@type":"ListItem","position":1,"name":"Inicio","item":"https:\/\/quehacerpolitico.mx\/"},{"@type":"ListItem","position":2,"name":"Dos tiroteos dejan cinco muertos y un herido en calles de la Alcald\u00eda de Gustavo A. Madero, en CdMx"}]},{"@type":"WebSite","@id":"https:\/\/quehacerpolitico.mx\/#website","url":"https:\/\/quehacerpolitico.mx\/","name":"","description":"","potentialAction":[{"@type":"SearchAction","target":{"@type":"EntryPoint","urlTemplate":"https:\/\/quehacerpolitico.mx\/?s={search_term_string}"},"query-input":{"@type":"PropertyValueSpecification","valueRequired":true,"valueName":"search_term_string"}}],"inLanguage":"es"},{"@type":"Person","@id":"https:\/\/quehacerpolitico.mx\/#\/schema\/person\/496d8ad2d1d3f8036101dca7ee39e585","name":"Redacci\u00f3n QP","image":{"@type":"ImageObject","inLanguage":"es","@id":"https:\/\/secure.gravatar.com\/avatar\/c7164ed6fdec453195284ad24a5ae5b6e1eed2b848477fa2a4787ba9adf39a41?s=96&d=mm&r=g","url":"https:\/\/secure.gravatar.com\/avatar\/c7164ed6fdec453195284ad24a5ae5b6e1eed2b848477fa2a4787ba9adf39a41?s=96&d=mm&r=g","contentUrl":"https:\/\/secure.gravatar.com\/avatar\/c7164ed6fdec453195284ad24a5ae5b6e1eed2b848477fa2a4787ba9adf39a41?s=96&d=mm&r=g","caption":"Redacci\u00f3n QP"},"url":"https:\/\/quehacerpolitico.mx\/?author=2"}]}},"featured_image_urls":{"full":"","thumbnail":"","medium":"","medium_large":"","large":"","1536x1536":"","2048x2048":"","covernews-featured":"","covernews-medium":""},"author_info":{"display_name":"Redacci\u00f3n QP","author_link":"https:\/\/quehacerpolitico.mx\/?author=2"},"category_info":"<a href=\"https:\/\/quehacerpolitico.mx\/?cat=55\" rel=\"category\">CDMX<\/a>","tag_info":"CDMX","comment_count":"0","_links":{"self":[{"href":"https:\/\/quehacerpolitico.mx\/index.php?rest_route=\/wp\/v2\/posts\/11148","targetHints":{"allow":["GET"]}}],"collection":[{"href":"https:\/\/quehacerpolitico.mx\/index.php?rest_route=\/wp\/v2\/posts"}],"about":[{"href":"https:\/\/quehacerpolitico.mx\/index.php?rest_route=\/wp\/v2\/types\/post"}],"author":[{"embeddable":true,"href":"https:\/\/quehacerpolitico.mx\/index.php?rest_route=\/wp\/v2\/users\/2"}],"replies":[{"embeddable":true,"href":"https:\/\/quehacerpolitico.mx\/index.php?rest_route=%2Fwp%2Fv2%2Fcomments&post=11148"}],"version-history":[{"count":0,"href":"https:\/\/quehacerpolitico.mx\/index.php?rest_route=\/wp\/v2\/posts\/11148\/revisions"}],"wp:featuredmedia":[{"embeddable":true,"href":"https:\/\/quehacerpolitico.mx\/index.php?rest_route=\/"}],"wp:attachment":[{"href":"https:\/\/quehacerpolitico.mx\/index.php?rest_route=%2Fwp%2Fv2%2Fmedia&parent=11148"}],"wp:term":[{"taxonomy":"category","embeddable":true,"href":"https:\/\/quehacerpolitico.mx\/index.php?rest_route=%2Fwp%2Fv2%2Fcategories&post=11148"},{"taxonomy":"post_tag","embeddable":true,"href":"https:\/\/quehacerpolitico.mx\/index.php?rest_route=%2Fwp%2Fv2%2Ftags&post=11148"}],"curies":[{"name":"wp","href":"https:\/\/api.w.org\/{rel}","templated":true}]}}